{"id":1006,"date":"2023-02-08T11:54:49","date_gmt":"2023-02-08T10:54:49","guid":{"rendered":"https:\/\/snalc.org\/snalc2023\/?p=1006"},"modified":"2023-02-08T11:54:52","modified_gmt":"2023-02-08T10:54:52","slug":"leducation-mobilisee-pour-le-retrait-de-la-reforme-des-retraites-communique-intersyndical","status":"publish","type":"post","link":"https:\/\/snalc.org\/snalc2023\/?p=1006","title":{"rendered":"L\u2019\u00e9ducation mobilis\u00e9e pour le retrait de la r\u00e9forme des retraites (communiqu\u00e9 intersyndical)"},"content":{"rendered":"\n<img loading=\"lazy\" decoding=\"async\" src=\"https:\/\/snalc.fr\/wp-content\/uploads\/manif_SNALC_Strasbourg.png\" class=\"attachment-full size-full\" alt=\"\" loading=\"lazy\" srcset=\"https:\/\/snalc.fr\/wp-content\/uploads\/manif_SNALC_Strasbourg.png 942w, https:\/\/snalc.fr\/wp-content\/uploads\/manif_SNALC_Strasbourg-300x218.png 300w, https:\/\/snalc.fr\/wp-content\/uploads\/manif_SNALC_Strasbourg-768x559.png 768w\" sizes=\"auto, (max-width: 942px) 100vw, 942px\" width=\"942\" height=\"686\">\t\t\t\t\t\t\t\t\t\t\t<figcaption class=\"widget-image-caption wp-caption-text\">\u00a9 SNALC Strasbourg<\/figcaption>\n\t\t\t\t\t\t\t\t\t\t<\/figure>\n\t\t\t\t\t\t\t\t\t<\/div>\n\t\t\t\t<\/div>\n\t\t\t\t<div class=\"elementor-element elementor-element-2987e2d0 elementor-widget elementor-widget-theme-post-content\" data-id=\"2987e2d0\" data-element_type=\"widget\" data-widget_type=\"theme-post-content.default\">\n\t\t\t\t<div class=\"elementor-widget-container\">\n\t\t\t\t\t<div data-elementor-type=\"wp-post\" data-elementor-id=\"24191\" class=\"elementor elementor-24191\">\n\t\t\t\t\t\t\t\t\t<section class=\"elementor-section elementor-top-section elementor-element elementor-element-c7092ee elementor-section-boxed elementor-section-height-default elementor-section-height-default\" data-id=\"c7092ee\" data-element_type=\"section\">\n\t\t\t\t\t\t<div class=\"elementor-container elementor-column-gap-default\">\n\t\t\t\t\t<div class=\"elementor-column elementor-col-100 elementor-top-column elementor-element elementor-element-02bb042\" data-id=\"02bb042\" data-element_type=\"column\">\n\t\t\t<div class=\"elementor-widget-wrap elementor-element-populated\">\n\t\t\t\t\t\t\t\t<div class=\"elementor-element elementor-element-abf416d elementor-widget elementor-widget-image\" data-id=\"abf416d\" data-element_type=\"widget\" data-widget_type=\"image.default\">\n\t\t\t\t<div class=\"elementor-widget-container\">\n\t\t\t\t\t\t\t\t\t\t\t\t\t\t\t<img loading=\"lazy\" decoding=\"async\" src=\"https:\/\/snalc.fr\/wp-content\/uploads\/bandeau_IS_20230202-1024x186.jpg\" class=\"attachment-large size-large\" alt=\"\" loading=\"lazy\" srcset=\"https:\/\/snalc.fr\/wp-content\/uploads\/bandeau_IS_20230202-1024x186.jpg 1024w, https:\/\/snalc.fr\/wp-content\/uploads\/bandeau_IS_20230202-300x54.jpg 300w, https:\/\/snalc.fr\/wp-content\/uploads\/bandeau_IS_20230202-768x139.jpg 768w, https:\/\/snalc.fr\/wp-content\/uploads\/bandeau_IS_20230202-1536x279.jpg 1536w, https:\/\/snalc.fr\/wp-content\/uploads\/bandeau_IS_20230202.jpg 1824w\" sizes=\"auto, (max-width: 800px) 100vw, 800px\" width=\"800\" height=\"145\">\t\t\t\t\t\t\t\t\t\t\t\t\t\t\t<\/div>\n\t\t\t\t<\/div>\n\t\t\t\t<div class=\"elementor-element elementor-element-17b7c46 elementor-widget elementor-widget-text-editor\" data-id=\"17b7c46\" data-element_type=\"widget\" data-widget_type=\"text-editor.default\">\n\t\t\t\t<div class=\"elementor-widget-container\">\n\t\t\t\t\t\t\t<p>\u00c0 l\u2019appel de l\u2019ensemble des organisations syndicales, le 31 janvier a confirm\u00e9 la tr\u00e8s forte d\u00e9termination \u00e0 refuser le projet de r\u00e9forme des retraites pr\u00e9sent\u00e9e par le gouvernement.<\/p><p>Plus de 2,5 millions travailleurs et travailleuses, du public comme du priv\u00e9, jeunes et retrait\u00e9s, se sont mobilis\u00e9s, par la gr\u00e8ve et\/ou ont manifest\u00e9 sur l\u2019ensemble du territoire. Cette mobilisation d\u2019ampleur fait suite \u00e0 celle du 19 janvier qui avait rassembl\u00e9 pr\u00e8s de 2 millions de personnes.<\/p><p>Dans notre secteur, la gr\u00e8ve a \u00e9t\u00e9 \u00e0 nouveau majoritaire et l\u2019\u00e9ducation \u00e9tait pr\u00e9sente en nombre dans les cort\u00e8ges. Les personnels de l\u2019\u00e9ducation, comme l\u2019ensemble du monde du travail, rejettent le projet de r\u00e9forme des retraites du gouvernement et posent aussi des questions de fond sur la reconnaissance, le sens et le contenu du travail, ils d\u00e9noncent aussi dans ce mouvement la d\u00e9gradation des conditions de travail et de r\u00e9mun\u00e9ration.<\/p><p>La jeunesse s\u2019est aussi mobilis\u00e9e pour refuser la pr\u00e9carit\u00e9 grandissante que promet le gouvernement.<\/p><p>La population soutient les revendications des organisations syndicales qui s\u2019opposent au recul de l\u2019\u00e2ge l\u00e9gal de d\u00e9part \u00e0 64 ans et \u00e0 l\u2019allongement de la dur\u00e9e de cotisations. 9 travailleurs sur 10 rejettent la r\u00e9forme, 2\/3 de la population soutiennent les mobilisations.<\/p><p>Personne ne s\u2019est laiss\u00e9 tromper par la propagande du gouvernement.<\/p><p>Les organisations syndicales d\u00e9noncent ainsi le mail du ministre de la Transformation et de la Fonction publiques, envoy\u00e9 tant \u00e0 des agents publics qu\u2019\u00e0 des salari\u00e9s de droit priv\u00e9, pr\u00e9sentant une liste d\u2019arguments en faveur de la r\u00e9forme des retraites.<\/p><p>Les organisations syndicales n\u2019acceptent pas les propos tenus par la Premi\u00e8re ministre indiquant que, selon elle, \u00ab l\u2019\u00e2ge de d\u00e9part \u00e0 64 ans n\u2019est plus n\u00e9gociable \u00bb. Pour les organisations syndicales le recul de l\u2019\u00e2ge de d\u00e9part n\u2019a jamais \u00e9t\u00e9 n\u00e9gociable ! Les propositions alternatives formul\u00e9es par elles sont toutes rest\u00e9es lettre morte ! Cela d\u00e9montre le jusqu\u2019au-boutisme du gouvernement, sourd au rejet exprim\u00e9 par la totalit\u00e9 des organisations syndicales et l\u2019immense majorit\u00e9 des citoyens.<\/p><p>Rien ne justifie une r\u00e9forme aussi injuste et brutale. Le gouvernement doit entendre le rejet massif de ce projet et le retirer.<\/p><p>Durant la p\u00e9riode des vacances zon\u00e9es, les organisations de l\u2019\u00e9ducation appellent les coll\u00e8gues \u00e0 poursuivre leur participation aux mobilisations o\u00f9 qu\u2019ils se trouvent.<\/p><p>Les organisations de l\u2019\u00e9ducation relaient l\u2019appel de l\u2019intersyndicale interprofessionnelle \u00e0 se mobiliser par la gr\u00e8ve et la manifestation encore plus massivement le mardi 7 f\u00e9vrier puis le samedi 11 f\u00e9vrier pour dire non \u00e0 cette r\u00e9forme. Elles appellent, d\u2019ici l\u00e0, \u00e0 multiplier les actions, initiatives, r\u00e9unions ou assembl\u00e9es g\u00e9n\u00e9rales partout sur le territoire, dans les entreprises et services, dans les lieux d\u2019\u00e9tude, y compris par la gr\u00e8ve.<\/p><p>La victoire est \u00e0 notre port\u00e9e : nous allons obliger le gouvernement \u00e0 retirer sa r\u00e9forme !<\/p>\t\t\t\t\t\t<\/div>\n\t\t\t\t<\/div>\n\t\t\t\t\t<\/div>\n\t\t<\/div>\n\t\t\t\t\t\t\t<\/div>\n\t\t<\/section>\n\t\t\t\t<section class=\"elementor-section elementor-top-section elementor-element elementor-element-74ccb5c elementor-section-boxed elementor-section-height-default elementor-section-height-default\" data-id=\"74ccb5c\" data-element_type=\"section\">\n\t\t\t\t\t\t<div class=\"elementor-container elementor-column-gap-default\">\n\t\t\t\t\t<div class=\"elementor-column elementor-col-100 elementor-top-column elementor-element elementor-element-47a481f\" data-id=\"47a481f\" data-element_type=\"column\">\n\t\t\t<div class=\"elementor-widget-wrap elementor-element-populated\">\n\t\t\t\t\t\t\t\t<div class=\"elementor-element elementor-element-7626ecf elementor-align-center elementor-widget elementor-widget-button\" data-id=\"7626ecf\" data-element_type=\"widget\" data-widget_type=\"button.default\">\n\t\t\t\t<div class=\"elementor-widget-container\">\n\t\t\t\t\t<div class=\"elementor-button-wrapper\">\n\t\t\t<a href=\"https:\/\/snalc.fr\/wp-content\/uploads\/20230202_compresse_IS_manif7fev.pdf\" class=\"elementor-button-link elementor-button elementor-size-sm\" role=\"button\">\n\t\t\t\t\t\t<span class=\"elementor-button-content-wrapper\">\n\t\t\t\t\t\t\t<span class=\"elementor-button-icon elementor-align-icon-left\">\n\t\t\t\t<i aria-hidden=\"true\" class=\"fas fa-file-download\"><\/i>\t\t\t<\/span>\n\t\t\t\t\t\t<span class=\"elementor-button-text\">T\u00e9l\u00e9charger<\/span>\n","protected":false},"excerpt":{"rendered":"<p>\u00a9 SNALC Strasbourg \u00c0 l\u2019appel de l\u2019ensemble des organisations syndicales, le 31 janvier a confirm\u00e9 la tr\u00e8s forte d\u00e9termination \u00e0 refuser le projet de r\u00e9forme des retraites pr\u00e9sent\u00e9e par le [&hellip;]<\/p>\n","protected":false},"author":1,"featured_media":0,"comment_status":"closed","ping_status":"closed","sticky":false,"template":"","format":"standard","meta":{"_lmt_disableupdate":"","_lmt_disable":"","site-sidebar-layout":"default","site-content-layout":"","ast-site-content-layout":"default","site-content-style":"default","site-sidebar-style":"default","ast-global-header-display":"","ast-banner-title-visibility":"","ast-main-header-display":"","ast-hfb-above-header-display":"","ast-hfb-below-header-display":"","ast-hfb-mobile-header-display":"","site-post-title":"","ast-breadcrumbs-content":"","ast-featured-img":"","footer-sml-layout":"","ast-disable-related-posts":"","theme-transparent-header-meta":"","adv-header-id-meta":"","stick-header-meta":"","header-above-stick-meta":"","header-main-stick-meta":"","header-below-stick-meta":"","astra-migrate-meta-layouts":"default","ast-page-background-enabled":"default","ast-page-background-meta":{"desktop":{"background-color":"var(--ast-global-color-4)","background-image":"","background-repeat":"repeat","background-position":"center center","background-size":"auto","background-attachment":"scroll","background-type":"","background-media":"","overlay-type":"","overlay-color":"","overlay-opacity":"","overlay-gradient":""},"tablet":{"background-color":"","background-image":"","background-repeat":"repeat","background-position":"center center","background-size":"auto","background-attachment":"scroll","background-type":"","background-media":"","overlay-type":"","overlay-color":"","overlay-opacity":"","overlay-gradient":""},"mobile":{"background-color":"","background-image":"","background-repeat":"repeat","background-position":"center center","background-size":"auto","background-attachment":"scroll","background-type":"","background-media":"","overlay-type":"","overlay-color":"","overlay-opacity":"","overlay-gradient":""}},"ast-content-background-meta":{"desktop":{"background-color":"var(--ast-global-color-5)","background-image":"","background-repeat":"repeat","background-position":"center center","background-size":"auto","background-attachment":"scroll","background-type":"","background-media":"","overlay-type":"","overlay-color":"","overlay-opacity":"","overlay-gradient":""},"tablet":{"background-color":"var(--ast-global-color-5)","background-image":"","background-repeat":"repeat","background-position":"center center","background-size":"auto","background-attachment":"scroll","background-type":"","background-media":"","overlay-type":"","overlay-color":"","overlay-opacity":"","overlay-gradient":""},"mobile":{"background-color":"var(--ast-global-color-5)","background-image":"","background-repeat":"repeat","background-position":"center center","background-size":"auto","background-attachment":"scroll","background-type":"","background-media":"","overlay-type":"","overlay-color":"","overlay-opacity":"","overlay-gradient":""}},"footnotes":""},"categories":[31],"tags":[],"class_list":["post-1006","post","type-post","status-publish","format-standard","hentry","category-actualites-2022-2023"],"modified_by":"slecourtier","_links":{"self":[{"href":"https:\/\/snalc.org\/snalc2023\/index.php?rest_route=\/wp\/v2\/posts\/1006","targetHints":{"allow":["GET"]}}],"collection":[{"href":"https:\/\/snalc.org\/snalc2023\/index.php?rest_route=\/wp\/v2\/posts"}],"about":[{"href":"https:\/\/snalc.org\/snalc2023\/index.php?rest_route=\/wp\/v2\/types\/post"}],"author":[{"embeddable":true,"href":"https:\/\/snalc.org\/snalc2023\/index.php?rest_route=\/wp\/v2\/users\/1"}],"replies":[{"embeddable":true,"href":"https:\/\/snalc.org\/snalc2023\/index.php?rest_route=%2Fwp%2Fv2%2Fcomments&post=1006"}],"version-history":[{"count":1,"href":"https:\/\/snalc.org\/snalc2023\/index.php?rest_route=\/wp\/v2\/posts\/1006\/revisions"}],"predecessor-version":[{"id":1007,"href":"https:\/\/snalc.org\/snalc2023\/index.php?rest_route=\/wp\/v2\/posts\/1006\/revisions\/1007"}],"wp:attachment":[{"href":"https:\/\/snalc.org\/snalc2023\/index.php?rest_route=%2Fwp%2Fv2%2Fmedia&parent=1006"}],"wp:term":[{"taxonomy":"category","embeddable":true,"href":"https:\/\/snalc.org\/snalc2023\/index.php?rest_route=%2Fwp%2Fv2%2Fcategories&post=1006"},{"taxonomy":"post_tag","embeddable":true,"href":"https:\/\/snalc.org\/snalc2023\/index.php?rest_route=%2Fwp%2Fv2%2Ftags&post=1006"}],"curies":[{"name":"wp","href":"https:\/\/api.w.org\/{rel}","templated":true}]}}