{"id":1008,"date":"2023-02-08T11:57:48","date_gmt":"2023-02-08T10:57:48","guid":{"rendered":"https:\/\/snalc.org\/snalc2023\/?p=1008"},"modified":"2023-02-08T11:57:51","modified_gmt":"2023-02-08T10:57:51","slug":"aesh-que-faire-et-ne-pas-faire-en-cas-de-greve","status":"publish","type":"post","link":"https:\/\/snalc.org\/snalc2023\/?p=1008","title":{"rendered":"AESH\u00a0: Que faire et ne pas faire en cas de gr\u00e8ve\u00a0?"},"content":{"rendered":"\n<img loading=\"lazy\" decoding=\"async\" src=\"https:\/\/snalc.fr\/wp-content\/uploads\/AED_AESH_greve_SNALC_pixabay_2743550.jpg\" class=\"attachment-full size-full\" alt=\"\" loading=\"lazy\" srcset=\"https:\/\/snalc.fr\/wp-content\/uploads\/AED_AESH_greve_SNALC_pixabay_2743550.jpg 1006w, https:\/\/snalc.fr\/wp-content\/uploads\/AED_AESH_greve_SNALC_pixabay_2743550-300x208.jpg 300w, https:\/\/snalc.fr\/wp-content\/uploads\/AED_AESH_greve_SNALC_pixabay_2743550-768x532.jpg 768w\" sizes=\"auto, (max-width: 1006px) 100vw, 1006px\" width=\"1006\" height=\"697\">\t\t\t\t\t\t\t\t\t\t\t<figcaption class=\"widget-image-caption wp-caption-text\">\u00a9 AED_AESH_greve_SNALC_pixabay_2743550<\/figcaption>\n\t\t\t\t\t\t\t\t\t\t<\/figure>\n\t\t\t\t\t\t\t\t\t<\/div>\n\t\t\t\t<\/div>\n\t\t\t\t<div class=\"elementor-element elementor-element-2987e2d0 elementor-widget elementor-widget-theme-post-content\" data-id=\"2987e2d0\" data-element_type=\"widget\" data-widget_type=\"theme-post-content.default\">\n\t\t\t\t<div class=\"elementor-widget-container\">\n\t\t\t\t\t<div data-elementor-type=\"wp-post\" data-elementor-id=\"8728\" class=\"elementor elementor-8728\">\n\t\t\t\t\t\t\t\t\t<section class=\"elementor-section elementor-top-section elementor-element elementor-element-5c1054f elementor-section-boxed elementor-section-height-default elementor-section-height-default\" data-id=\"5c1054f\" data-element_type=\"section\">\n\t\t\t\t\t\t<div class=\"elementor-container elementor-column-gap-default\">\n\t\t\t\t\t<div class=\"elementor-column elementor-col-100 elementor-top-column elementor-element elementor-element-9c560a6\" data-id=\"9c560a6\" data-element_type=\"column\">\n\t\t\t<div class=\"elementor-widget-wrap elementor-element-populated\">\n\t\t\t\t\t\t\t\t<div class=\"elementor-element elementor-element-73e5cb6 elementor-widget elementor-widget-text-editor\" data-id=\"73e5cb6\" data-element_type=\"widget\" data-widget_type=\"text-editor.default\">\n\t\t\t\t<div class=\"elementor-widget-container\">\n\t\t\t\t\t\t\t<p>D\u00e8s qu\u2019une organisation syndicale d\u00e9pose un <strong>pr\u00e9avis<\/strong> de gr\u00e8ve, ce dernier couvre <strong>tous les personnels<\/strong> qui souhaitent faire gr\u00e8ve, et pas seulement les syndiqu\u00e9s de l\u2019organisation ayant d\u00e9pos\u00e9 le pr\u00e9avis.<\/p><p>&nbsp;<\/p><p><span style=\"color: #ff6600;\"><strong>Vous avez l\u2019intention de faire gr\u00e8ve, que devez-vous faire&nbsp;?<\/strong><\/span><\/p><p>&nbsp;<\/p><p>Dans le <strong>second degr\u00e9<\/strong>, comme dans le <strong>premier degr\u00e9<\/strong>, les <strong>AESH n\u2019exer\u00e7ant pas des fonctions d\u2019enseignement, vous n\u2019avez pas \u00e0 vous d\u00e9clarer gr\u00e9viste ou non gr\u00e9viste \u00e0 l\u2019avance<\/strong> (ni \u00e0 l\u2019\u00e9crit, ni \u00e0 l\u2019oral)<sup>1<\/sup>.<\/p><p>C\u2019est \u00e0 l\u2019employeur de faire la preuve de votre absence.<\/p><p>Si vous \u00eates gr\u00e9viste, en g\u00e9n\u00e9ral, on vous remettra un document pour \u00ab&nbsp;constat de service non fait&nbsp;\u00bb. Conservez ce document.<\/p><p><strong>&nbsp;<\/strong><\/p><p>Toutefois, si vous le souhaitez, vous pouvez pr\u00e9venir vos coll\u00e8gues (enseignants concern\u00e9s par votre absence, par exemple) de votre participation \u00e0 une journ\u00e9e de gr\u00e8ve.<\/p><p>&nbsp;<\/p><p><span style=\"color: #ff6600;\"><strong>Vous n\u2019\u00eates pas gr\u00e9viste, quelle conduite devez-vous adopter le jour de la gr\u00e8ve&nbsp;?<\/strong><\/span><\/p><p>&nbsp;<\/p><p><span style=\"color: #000080;\"><strong>\u2013&gt; L\u2019\u00e9cole ou l\u2019\u00e9tablissement est ouvert<\/strong><\/span><\/p><p><strong>&nbsp;<\/strong><\/p><p>L\u2019AESH se rend sur son lieu de travail et \u00e0 ses horaires habituels.<\/p><p><strong><span style=\"color: #008080;\">L\u2019enseignant est pr\u00e9sent<\/span>&nbsp;<\/strong>; l\u2019AESH s\u2019occupe du ou des \u00e9l\u00e8ves accompagn\u00e9s habituellement, si ce ou ces derniers sont pr\u00e9sents, et rien ne change.<\/p><p><strong><span style=\"color: #008080;\">L\u2019enseignant est gr\u00e9viste<\/span>&nbsp;<\/strong>; \u00e0 l\u2019initiative du directeur d\u2019\u00e9cole ou du chef d\u2019\u00e9tablissement ou du coordonnateur du PIAL, l\u2019AESH accompagne son ou ses \u00e9l\u00e8ves dans la classe d\u2019accueil (si le ou les \u00e9l\u00e8ves sont accueillis dans une autre classe)<sup>2<\/sup>.<\/p><p><strong><span style=\"color: #008080;\">L\u2019enseignant est gr\u00e9viste et l\u2019\u00e9l\u00e8ve ou les \u00e9l\u00e8ves en situation de handicap sont absents<\/span>&nbsp;<\/strong>; l\u2019AESH reste \u00e0 la disposition de l\u2019\u00e9cole ou de l\u2019\u00e9tablissement, pour intervenir aupr\u00e8s d\u2019autres \u00e9l\u00e8ves en situation de handicap \u00e0 la demande du directeur d\u2019\u00e9cole ou du chef d\u2019\u00e9tablissement ou du coordonnateur du PIAL.<\/p><p>Le SNALC vous conseille vivement de toujours demander une <strong>trace \u00e9crite<\/strong> de toute modification de votre emploi du temps (pour cela, un simple mail suffit).<\/p><p>Si l\u2019une de ces deux \u00e9ventualit\u00e9s n\u2019est pas envisageable, vous pouvez exercer des&nbsp; activit\u00e9s compl\u00e9mentaires et connexes \u00e0 la r\u00e9alisation de vos fonctions au sein de l\u2019\u00e9tablissement (exemple&nbsp;: autoformation sur m@gist\u00e8re ou sur CAP \u00e9cole inclusive).<\/p><p>Par contre, l\u2019AESH doit refuser des t\u00e2ches qui ne rel\u00e8vent pas de ses missions (Cf. <a href=\"https:\/\/www.education.gouv.fr\/bo\/17\/Hebdo18\/MENE1712905C.htm\">circulaire 2017-084 du 3 mai 2017<\/a>).<\/p><p>Par ailleurs, il est hors de question de mobiliser des AESH pour remplacer des enseignants ou\/et des AED, ou\/et d\u2019autres personnels gr\u00e9vistes&nbsp;!<\/p><p>En ce qui concerne le remplacement d\u2019AESH gr\u00e9vistes, si rien ne l\u2019interdit, c\u2019est pour le SNALC \u00e9thiquement insupportable (un autre effet pervers des PIAL et de la mutualisation des moyens&nbsp;!).<\/p><p>Si une telle demande vous est adress\u00e9e, pr\u00e9venez imm\u00e9diatement <a href=\"https:\/\/snalc.fr\/contact\/\">la section acad\u00e9mique du SNALC<\/a>.<\/p><p><strong>Plus largement, <\/strong>si vous rencontrez des difficult\u00e9s pour exercer votre droit de gr\u00e8ve,<strong> signalez au SNALC toutes les requ\u00eates, r\u00e9flexions, pressions, <\/strong>tentatives de <strong>dissuasion<\/strong> de faire gr\u00e8ve, <strong>r\u00e9quisitions <\/strong>pour effectuer des t\u00e2ches qui ne rel\u00e8vent pas de vos missions<strong> \u2026 dont vous pourriez \u00eatre l\u2019objet, avant, pendant et apr\u00e8s une journ\u00e9e de gr\u00e8ve.<\/strong><\/p><p>Le droit de gr\u00e8ve est <strong>fondamental<\/strong> pour tous les AESH. Il permet la d\u00e9fense de vos revendications et souvent m\u00eame de vos droits.<\/p><p><strong>Attention&nbsp;:<\/strong> L\u2019AESH n\u2019a pas \u00e0 accompagner l\u2019\u00e9l\u00e8ve (ou les \u00e9l\u00e8ves) en situation de handicap dans le cadre d<strong>\u2019un service minimum d\u2019accueil (SMA) mis en place par la municipalit\u00e9<\/strong><sup>3<\/sup>.<\/p><p>Remarque&nbsp;: L\u2019AESH peut accompagner l\u2019\u00e9l\u00e8ve ou les \u00e9l\u00e8ves en situation de handicap dans le cadre d\u2019un SMA, si et seulement si elle ou il a un cumul d\u2019activit\u00e9s avec la collectivit\u00e9 territoriale (mais pas dans le cadre de son contrat d\u2019AESH).<\/p><p>&nbsp;<\/p><p><span style=\"color: #333399;\"><strong>\u2013&gt; L\u2019\u00e9cole ou l\u2019\u00e9tablissement est ferm\u00e9<\/strong><\/span><\/p><p>&nbsp;<\/p><p>Le coordonnateur du PIAL affecte l\u2019AESH dans un autre \u00e9tablissement proche de l\u2019\u00e9cole ou l\u2019\u00e9tablissement d\u2019exercice habituel du p\u00f4le. Si tous les \u00e9tablissements rattach\u00e9s au PIAL sont ferm\u00e9s, l\u2019agent reste \u00e0 son domicile. Il b\u00e9n\u00e9ficie d\u2019une autorisation d\u2019absence r\u00e9mun\u00e9r\u00e9e et ne donnant pas lieu \u00e0 r\u00e9cup\u00e9ration sur une p\u00e9riode ult\u00e9rieure.<\/p><p>Il n\u2019y aura <strong>pas retenue sur salaire<\/strong> puisqu\u2019il s\u2019agit d\u2019une <strong>fermeture administrative<\/strong>.<\/p><p><strong>&nbsp;<\/strong><\/p><p><span style=\"color: #ff6600;\"><strong>Vous \u00eates gr\u00e9viste, quelle sera la retenue sur salaire&nbsp;?<\/strong><\/span><\/p><p>&nbsp;<\/p><p>Toute journ\u00e9e de gr\u00e8ve, <strong>quelle que soit la dur\u00e9e du service non fait<\/strong>, donne lieu \u00e0 une retenue de<strong> 1\/30\u00e8me <\/strong>de la r\u00e9mun\u00e9ration mensuelle pour les agents de l\u2019\u00c9tat apr\u00e8s v\u00e9rification que vous avez effectivement fait gr\u00e8ve.<\/p><p>Si vous travaillez sur plusieurs \u00e9tablissements, la retenue ne s\u2019appliquera qu\u2019une seule fois.<\/p><p>Dans le cas d\u2019une <strong>gr\u00e8ve reconductible<\/strong>, les jours d\u00e9compt\u00e9s vont th\u00e9oriquement du premier au dernier jour de gr\u00e8ve inclus. Les jours f\u00e9ri\u00e9s, les samedis, les dimanches et les jours o\u00f9 l\u2019AESH ne travaille pas sont \u00e9galement retir\u00e9s.<\/p><p>Ainsi, si vous faites gr\u00e8ve le vendredi et le lundi suivant, l\u2019administration peut vous retirer 4\/30<sup>\u00e8me<\/sup>&nbsp;de votre r\u00e9mun\u00e9ration &nbsp;(d\u00e9cision du conseil d\u2019\u00c9tat du 7 juillet 1978, arr\u00eat Omont). Toutefois, ce n\u2019est pas automatique.&nbsp;<\/p><p>Par contre, si vous \u00eates gr\u00e9viste le lundi et que vous reprenez votre service le lundi suivant, les jours du week-end ne peuvent pas vous \u00eatre retir\u00e9s.<\/p><p>La <a href=\"https:\/\/www.legifrance.gouv.fr\/affichTexte.do?cidTexte=JORFTEXT000000414601&amp;categorieLien=id\">circulaire du 30 juillet 2003<\/a> relative \u00e0 la mise en \u0153uvre des retenues sur la r\u00e9mun\u00e9ration des agents publics de l\u2019\u00c9tat en cas de gr\u00e8ve rappelle les modalit\u00e9s d\u2019application de ces retenues.<\/p><p>&nbsp;<\/p><p><span style=\"color: #ff6600;\"><strong>Enfin, vous ne faites pas gr\u00e8ve mais vous \u00eates bloqu\u00e9(e) par la gr\u00e8ve des transports<\/strong>.<\/span><\/p><p>Vous devez pr\u00e9venir votre \u00e9cole ou \u00e9tablissement, votre coordonnateur PIAL et votre employeur, d\u00e8s que possible lorsque vous constatez votre emp\u00eachement. Faites-le par t\u00e9l\u00e9phone, pour pr\u00e9venir, puis par courriel, pour laisser une trace \u00e9crite.<\/p><p>Vous devez fournir, si on vous le demande, une preuve de cette impossibilit\u00e9&nbsp;: copie d\u2019\u00e9cran ou photo du site de transports, de la gare ferm\u00e9e, un certificat de la SNCF ou de la RATP, s\u2019il existe. Votre absence ne peut pas \u00eatre consid\u00e9r\u00e9e comme une faute&nbsp;; cependant l\u2019administration, en l\u2019absence de service fait, n\u2019est pas tenue de vous payer. Le directeur de l\u2019\u00e9cole ou le chef d\u2019\u00e9tablissement ou le coordonnateur du PIAL peut vous demander un rattrapage des heures non effectu\u00e9es pour ne pas perdre de journ\u00e9e de traitement. Il peut aussi ne pas le faire.<\/p><p>&nbsp;<\/p><p>&nbsp;<\/p><p>&nbsp;<\/p><hr><p><em>(1) Depuis 2008, toute personne exer\u00e7ant des <strong>fonctions d\u2019enseignement<\/strong> dans une \u00e9cole maternelle ou \u00e9l\u00e9mentaire publique est dans l\u2019obligation de d\u00e9poser une d\u00e9claration d\u2019intention de participation \u00e0 la gr\u00e8ve. Cette d\u00e9claration doit \u00eatre effectu\u00e9e <strong>48 heures<\/strong> avant la date pr\u00e9vue du mouvement, comprenant au moins un jour ouvr\u00e9 (conform\u00e9ment \u00e0 <a href=\"https:\/\/www.legifrance.gouv.fr\/affichCodeArticle.do?cidTexte=LEGITEXT000006071191&amp;idArticle=LEGIARTI000019345420&amp;dateTexte=&amp;categorieLien=cid\">l\u2019article L.133-4 du code de l\u2019\u00e9ducation<\/a>).<\/em><\/p><p><em>(2) S\u2019il y a moins de 25% de gr\u00e9vistes dans une \u00e9cole, les coll\u00e8gues non-gr\u00e9vistes doivent accueillir tous les \u00e9l\u00e8ves qui se pr\u00e9sentent.<\/em><\/p><p><em>(3) S\u2019il y a 25% ou plus d\u2019enseignants gr\u00e9vistes dans une \u00e9cole, le service est assur\u00e9 par la commune avec la mise en place du Service Minimum d\u2019Accueil (SMA). Les \u00e9l\u00e8ves des enseignants gr\u00e9vistes ne doivent donc pas \u00eatre accueillis \u00e0 l\u2019\u00e9cole par les enseignants non-gr\u00e9vistes.<\/em><\/p><p>&nbsp;<\/p>\n","protected":false},"excerpt":{"rendered":"<p>\u00a9 AED_AESH_greve_SNALC_pixabay_2743550 D\u00e8s qu\u2019une organisation syndicale d\u00e9pose un pr\u00e9avis de gr\u00e8ve, ce dernier couvre tous les personnels qui souhaitent faire gr\u00e8ve, et pas seulement les syndiqu\u00e9s de l\u2019organisation ayant d\u00e9pos\u00e9 [&hellip;]<\/p>\n","protected":false},"author":1,"featured_media":0,"comment_status":"closed","ping_status":"closed","sticky":false,"template":"","format":"standard","meta":{"_lmt_disableupdate":"","_lmt_disable":"","site-sidebar-layout":"default","site-content-layout":"","ast-site-content-layout":"default","site-content-style":"default","site-sidebar-style":"default","ast-global-header-display":"","ast-banner-title-visibility":"","ast-main-header-display":"","ast-hfb-above-header-display":"","ast-hfb-below-header-display":"","ast-hfb-mobile-header-display":"","site-post-title":"","ast-breadcrumbs-content":"","ast-featured-img":"","footer-sml-layout":"","ast-disable-related-posts":"","theme-transparent-header-meta":"","adv-header-id-meta":"","stick-header-meta":"","header-above-stick-meta":"","header-main-stick-meta":"","header-below-stick-meta":"","astra-migrate-meta-layouts":"default","ast-page-background-enabled":"default","ast-page-background-meta":{"desktop":{"background-color":"var(--ast-global-color-4)","background-image":"","background-repeat":"repeat","background-position":"center center","background-size":"auto","background-attachment":"scroll","background-type":"","background-media":"","overlay-type":"","overlay-color":"","overlay-opacity":"","overlay-gradient":""},"tablet":{"background-color":"","background-image":"","background-repeat":"repeat","background-position":"center center","background-size":"auto","background-attachment":"scroll","background-type":"","background-media":"","overlay-type":"","overlay-color":"","overlay-opacity":"","overlay-gradient":""},"mobile":{"background-color":"","background-image":"","background-repeat":"repeat","background-position":"center center","background-size":"auto","background-attachment":"scroll","background-type":"","background-media":"","overlay-type":"","overlay-color":"","overlay-opacity":"","overlay-gradient":""}},"ast-content-background-meta":{"desktop":{"background-color":"var(--ast-global-color-5)","background-image":"","background-repeat":"repeat","background-position":"center center","background-size":"auto","background-attachment":"scroll","background-type":"","background-media":"","overlay-type":"","overlay-color":"","overlay-opacity":"","overlay-gradient":""},"tablet":{"background-color":"var(--ast-global-color-5)","background-image":"","background-repeat":"repeat","background-position":"center center","background-size":"auto","background-attachment":"scroll","background-type":"","background-media":"","overlay-type":"","overlay-color":"","overlay-opacity":"","overlay-gradient":""},"mobile":{"background-color":"var(--ast-global-color-5)","background-image":"","background-repeat":"repeat","background-position":"center center","background-size":"auto","background-attachment":"scroll","background-type":"","background-media":"","overlay-type":"","overlay-color":"","overlay-opacity":"","overlay-gradient":""}},"footnotes":""},"categories":[31,13],"tags":[],"class_list":["post-1008","post","type-post","status-publish","format-standard","hentry","category-actualites-2022-2023","category-aesh"],"modified_by":"slecourtier","_links":{"self":[{"href":"https:\/\/snalc.org\/snalc2023\/index.php?rest_route=\/wp\/v2\/posts\/1008","targetHints":{"allow":["GET"]}}],"collection":[{"href":"https:\/\/snalc.org\/snalc2023\/index.php?rest_route=\/wp\/v2\/posts"}],"about":[{"href":"https:\/\/snalc.org\/snalc2023\/index.php?rest_route=\/wp\/v2\/types\/post"}],"author":[{"embeddable":true,"href":"https:\/\/snalc.org\/snalc2023\/index.php?rest_route=\/wp\/v2\/users\/1"}],"replies":[{"embeddable":true,"href":"https:\/\/snalc.org\/snalc2023\/index.php?rest_route=%2Fwp%2Fv2%2Fcomments&post=1008"}],"version-history":[{"count":1,"href":"https:\/\/snalc.org\/snalc2023\/index.php?rest_route=\/wp\/v2\/posts\/1008\/revisions"}],"predecessor-version":[{"id":1009,"href":"https:\/\/snalc.org\/snalc2023\/index.php?rest_route=\/wp\/v2\/posts\/1008\/revisions\/1009"}],"wp:attachment":[{"href":"https:\/\/snalc.org\/snalc2023\/index.php?rest_route=%2Fwp%2Fv2%2Fmedia&parent=1008"}],"wp:term":[{"taxonomy":"category","embeddable":true,"href":"https:\/\/snalc.org\/snalc2023\/index.php?rest_route=%2Fwp%2Fv2%2Fcategories&post=1008"},{"taxonomy":"post_tag","embeddable":true,"href":"https:\/\/snalc.org\/snalc2023\/index.php?rest_route=%2Fwp%2Fv2%2Ftags&post=1008"}],"curies":[{"name":"wp","href":"https:\/\/api.w.org\/{rel}","templated":true}]}}