{"id":1010,"date":"2023-02-08T11:59:52","date_gmt":"2023-02-08T10:59:52","guid":{"rendered":"https:\/\/snalc.org\/snalc2023\/?p=1010"},"modified":"2023-02-08T11:59:55","modified_gmt":"2023-02-08T10:59:55","slug":"infos-snalc-aed-aesh-janvier-2023","status":"publish","type":"post","link":"https:\/\/snalc.org\/snalc2023\/?p=1010","title":{"rendered":"INFOS SNALC AED AESH \u2013 janvier 2023"},"content":{"rendered":"\n<img loading=\"lazy\" decoding=\"async\" src=\"https:\/\/snalc.fr\/wp-content\/uploads\/Capture-decran-2022-08-28-a-16.39.34.jpg\" class=\"attachment-full size-full\" alt=\"\" loading=\"lazy\" srcset=\"https:\/\/snalc.fr\/wp-content\/uploads\/Capture-decran-2022-08-28-a-16.39.34.jpg 1024w, https:\/\/snalc.fr\/wp-content\/uploads\/Capture-decran-2022-08-28-a-16.39.34-300x82.jpg 300w, https:\/\/snalc.fr\/wp-content\/uploads\/Capture-decran-2022-08-28-a-16.39.34-768x210.jpg 768w\" sizes=\"auto, (max-width: 1024px) 100vw, 1024px\" width=\"1024\" height=\"280\">\t\t\t\t\t\t\t\t\t\t\t<figcaption class=\"widget-image-caption wp-caption-text\"><\/figcaption>\n\t\t\t\t\t\t\t\t\t\t<\/figure>\n\t\t\t\t\t\t\t\t\t<\/div>\n\t\t\t\t<\/div>\n\t\t\t\t<div class=\"elementor-element elementor-element-2987e2d0 elementor-widget elementor-widget-theme-post-content\" data-id=\"2987e2d0\" data-element_type=\"widget\" data-widget_type=\"theme-post-content.default\">\n\t\t\t\t<div class=\"elementor-widget-container\">\n\t\t\t\t\t<div data-elementor-type=\"wp-post\" data-elementor-id=\"24067\" class=\"elementor elementor-24067\">\n\t\t\t\t\t\t\t\t\t<section class=\"elementor-section elementor-top-section elementor-element elementor-element-028c4cb elementor-section-boxed elementor-section-height-default elementor-section-height-default\" data-id=\"028c4cb\" data-element_type=\"section\">\n\t\t\t\t\t\t<div class=\"elementor-container elementor-column-gap-default\">\n\t\t\t\t\t<div class=\"elementor-column elementor-col-100 elementor-top-column elementor-element elementor-element-84b6120\" data-id=\"84b6120\" data-element_type=\"column\">\n\t\t\t<div class=\"elementor-widget-wrap elementor-element-populated\">\n\t\t\t\t\t\t\t\t<div class=\"elementor-element elementor-element-d9e3c8c elementor-widget elementor-widget-text-editor\" data-id=\"d9e3c8c\" data-element_type=\"widget\" data-widget_type=\"text-editor.default\">\n\t\t\t\t<div class=\"elementor-widget-container\">\n\t\t\t\t\t\t\t<h2><span style=\"color: #ff6600;\"><strong>Le cumul d\u2019activit\u00e9 est \u00e9tendu<\/strong><\/span><\/h2><p><strong>&nbsp;<\/strong>La r\u00e9mun\u00e9ration des AED et AESH est faible et il est souvent n\u00e9cessaire pour ces personnels de compl\u00e9ter leurs revenus. Or, les AED et AESH sont soumis comme tout agent public aux r\u00e8gles de <a href=\"https:\/\/snalc.fr\/cumul-dactivite-les-regles-a-connaitre\/#:~:text=Si%20la%20quotit%C3%A9%20de%20travail,s)%20lucrative(s).\">cumul d\u2019activit\u00e9s<\/a> qui sont contraignantes et les emp\u00eachent parfois d\u2019exercer un second emploi. N\u00e9anmoins, le minist\u00e8re vient <a href=\"https:\/\/www.legifrance.gouv.fr\/jorf\/id\/JORFTEXT000046830070\">d\u2019\u00e9largir ce dispositif<\/a> en autorisant le cumul des fonctions d\u2019AED ou d\u2019AESH avec des fonctions de conducteur ou de conductrice d\u2019un v\u00e9hicule de transport scolaire ou de transports \u00e0 la demande organis\u00e9s en faveur des \u00e9l\u00e8ves et \u00e9tudiants en situation de handicap.<\/p><p>En effet, tout comme il est difficile de recruter des AED, AESH et des enseignants du fait des salaires et\/ou des conditions de travail, les soci\u00e9t\u00e9s de transports font face \u00e0 des difficult\u00e9s de recrutement et la d\u00e9cision a \u00e9t\u00e9 prise par le gouvernement de permettre aux agents publics d\u2019exercer cette profession. Cette autorisation de cumul d\u2019activit\u00e9 est ouverte pour l\u2019instant pour une dur\u00e9e de 3 ans.<\/p><p>Pour le SNALC, si cette possibilit\u00e9 permettra peut-\u00eatre \u00e0 certains AED et AESH de mettre un peu de beurre dans les \u00e9pinards, ce syst\u00e8me pr\u00e9carise en r\u00e9alit\u00e9 encore davantage ces personnels (second emploi en CDD, difficilement compatible avec le fonctionnement du PIAL et les r\u00e9unions impos\u00e9es aux AESH, r\u00e9mun\u00e9rations tr\u00e8s basses\u2026).<\/p><p>Il serait plus constructif, entre autres, que celles et ceux qui le souhaitent puissent acc\u00e9der \u00e0 des contrats \u00e0 temps complet, accompagn\u00e9s de r\u00e9mun\u00e9rations d\u00e9centes !<\/p><h2>&nbsp;<\/h2><h2><span style=\"color: #ff6600;\"><strong>Cong\u00e9 de proche aidant&nbsp;\u00e9largi&nbsp;: ce qui change<\/strong><\/span><\/h2><p>Le <a href=\"https:\/\/syndicat-snalc.net\/AWURTSJ67\/888CB9040C2848E7AB6C02EB541BC9AB.php\">cong\u00e9 de proche aidant<\/a>&nbsp;est un dispositif qui permet aux AED et AESH, depuis le 8 d\u00e9cembre 2020, de s\u2019occuper d\u2019un proche en&nbsp;<strong>situation de handicap&nbsp;<\/strong>ou en perte d\u2019autonomie.<\/p><p>Le cong\u00e9 de proche aidant peut \u00eatre pris pour une p\u00e9riode d\u00e9termin\u00e9e, de fa\u00e7on fractionn\u00e9e d\u2019au moins une journ\u00e9e ou sous la forme d\u2019un temps partiel. La demande doit en \u00eatre faite au moins un mois \u00e0 l\u2019avance, mais en cas d\u2019aggravation soudaine de l\u2019\u00e9tat de sant\u00e9 de la personne aid\u00e9e, le d\u00e9lai peut \u00eatre r\u00e9duit.<\/p><p>D\u00e9sormais, pour b\u00e9n\u00e9ficier de ce cong\u00e9 il n\u2019est plus n\u00e9cessaire que le proche aid\u00e9 soit en situation de perte d\u2019autonomie tr\u00e8s \u00e9lev\u00e9e comme c\u2019\u00e9tait le cas avant le 1<sup>er<\/sup> juillet 2022.<\/p><p>D\u00e9sormais, il suffit que le proche soit b\u00e9n\u00e9ficiaire de l\u2019APA (Allocation Personnalis\u00e9e d\u2019Autonomie) pour pouvoir demander un cong\u00e9 de proche aidant&nbsp;; les personnes en perte d\u2019autonomie class\u00e9es dans les <a href=\"https:\/\/www.service-public.fr\/particuliers\/vosdroits\/F1229\">groupes GIR<\/a> 1, 2, 3 et 4 peuvent donc \u00eatre accompagn\u00e9es par un aidant.<\/p><p>Attention, ce cong\u00e9 n\u2019est pas r\u00e9mun\u00e9r\u00e9. Cependant, vous pouvez faire une demande&nbsp;<a href=\"https:\/\/www.caf.fr\/allocataires\/droits-et-prestations\/s-informer-sur-les-aides\/solidarite-et-insertion\/l-allocation-journaliere-du-proche-aidant-ajpa\">d\u2019allocation journali\u00e8re du proche aidant<\/a>&nbsp;(AJPA) aupr\u00e8s de la CAF.<\/p><p>D\u2019ailleurs, les d\u00e9marches pour obtenir cette allocation aupr\u00e8s de la CAF ont \u00e9t\u00e9 simplifi\u00e9es pour l\u2019agent demandeur.<\/p><h2>&nbsp;<\/h2><h2><span style=\"color: #ff6600;\"><strong>Sortie scolaire comptabilis\u00e9e en heures connexes&nbsp;pour les AESH ? C\u2019est NON<\/strong><\/span><\/h2><p>La circulaire \u00ab&nbsp;Cadre de gestion des personnels AESH&nbsp;\u00bb a instaur\u00e9 en juin 2019 le principe des heures connexes. Ces fameuses heures, particuli\u00e8rement importantes pour les AESH, sont mal connues et rarement utilis\u00e9es \u00e0 bon escient.<\/p><p>Ainsi, il n\u2019est pas rare qu\u2019on demande aux AESH de faire des heures d\u2019accompagnement suppl\u00e9mentaires, notamment dans le cadre de sorties scolaires, sous couvert des heures connexes. On a m\u00eame vu fleurir localement cette disposition sur certains contrats&nbsp;!<\/p><p>Or, <a href=\"https:\/\/www.google.com\/url?sa=t&amp;rct=j&amp;q=&amp;esrc=s&amp;source=web&amp;cd=&amp;cad=rja&amp;uact=8&amp;ved=2ahUKEwi7nomw9d_8AhWzQaQEHblACN0QFnoECA4QAQ&amp;url=https%3A%2F%2Fwww.education.gouv.fr%2Fbo%2F19%2FHebdo23%2FMENH1915158C.htm&amp;usg=AOvVaw3Uem8VgHhXh3TQBr1diES8\">la circulaire<\/a> \u00ab&nbsp;Cadre de gestion des personnels exer\u00e7ant des missions d\u2019AESH&nbsp;\u00bb pr\u00e9cise&nbsp;:<\/p><p>\u00ab&nbsp;<em>Le temps de service inclut l\u2019ensemble des activit\u00e9s r\u00e9alis\u00e9es par l\u2019AESH au titre du plein exercice de ses missions&nbsp;:<\/em><\/p><p><em>\u2013 l\u2019accompagnement du ou des \u00e9l\u00e8ves&nbsp;;<\/em><\/p><p><em>\u2013 les activit\u00e9s pr\u00e9paratoires connexes pendant ou hors la p\u00e9riode scolaire&nbsp;;<\/em><\/p><p><em>\u2013 les r\u00e9unions et formations suivies pendant et&nbsp; hors temps scolaire.<\/em>&nbsp;\u00bb<\/p><p>Le rectorat de Clermont-Ferrand, interrog\u00e9 sur le sujet a r\u00e9pondu que les \u00ab&nbsp;<em>activit\u00e9s connexes ou compl\u00e9mentaires sont r\u00e9alis\u00e9es hors accompagnement de l\u2019\u00e9l\u00e8ve<strong>. Par cons\u00e9quent, un accompagnement effectu\u00e9 sur le temps scolaire \u00e0 l\u2019occasion d\u2019une sortie p\u00e9dagogique par exemple, n\u2019est pas appr\u00e9ci\u00e9 comme une activit\u00e9 connexe mais bien comme du temps r\u00e9el d\u2019accompagnement.<\/strong><\/em><\/p><p><em>Il a \u00e9t\u00e9&nbsp;demand\u00e9 au service acad\u00e9mique de l\u2019\u00e9cole inclusive de se rapprocher des quatre services d\u00e9partementaux de l\u2019\u00e9cole inclusive afin qu\u2019une clarification soit effectu\u00e9e aupr\u00e8s des pilotes et coordonnateurs de Pial.&nbsp;\u00bb<\/em><\/p><p>Cette r\u00e9ponse officielle vient conforter la position du SNALC sur le sujet. Si l\u2019on vous demande de faire des heures suppl\u00e9mentaires pour accompagner une sortie, sans r\u00e9cup\u00e9ration et sous couvert des heures connexes, faites valoir vos droits. Si besoin, <a href=\"https:\/\/snalc.fr\/contact\/\">contactez le SNALC<\/a>.<\/p><p>Pour en savoir davantage sur les heures connexes (calcul, vos obligations, vos droits\u2026), consultez l\u2019article \u00ab&nbsp;<a href=\"https:\/\/snalc.fr\/du-bon-usage-des-heures-connexes\/\">Du bon usage des heures connexes<\/a>&nbsp;\u00bb. Article dans lequel le SNALC d\u00e9crypte pour vous leur cadre d\u2019application.<\/p>\n","protected":false},"excerpt":{"rendered":"<p>Le cumul d\u2019activit\u00e9 est \u00e9tendu &nbsp;La r\u00e9mun\u00e9ration des AED et AESH est faible et il est souvent n\u00e9cessaire pour ces personnels de compl\u00e9ter leurs revenus. Or, les AED et AESH [&hellip;]<\/p>\n","protected":false},"author":1,"featured_media":0,"comment_status":"closed","ping_status":"closed","sticky":false,"template":"","format":"standard","meta":{"_lmt_disableupdate":"","_lmt_disable":"","site-sidebar-layout":"default","site-content-layout":"","ast-site-content-layout":"default","site-content-style":"default","site-sidebar-style":"default","ast-global-header-display":"","ast-banner-title-visibility":"","ast-main-header-display":"","ast-hfb-above-header-display":"","ast-hfb-below-header-display":"","ast-hfb-mobile-header-display":"","site-post-title":"","ast-breadcrumbs-content":"","ast-featured-img":"","footer-sml-layout":"","ast-disable-related-posts":"","theme-transparent-header-meta":"","adv-header-id-meta":"","stick-header-meta":"","header-above-stick-meta":"","header-main-stick-meta":"","header-below-stick-meta":"","astra-migrate-meta-layouts":"default","ast-page-background-enabled":"default","ast-page-background-meta":{"desktop":{"background-color":"var(--ast-global-color-4)","background-image":"","background-repeat":"repeat","background-position":"center center","background-size":"auto","background-attachment":"scroll","background-type":"","background-media":"","overlay-type":"","overlay-color":"","overlay-opacity":"","overlay-gradient":""},"tablet":{"background-color":"","background-image":"","background-repeat":"repeat","background-position":"center center","background-size":"auto","background-attachment":"scroll","background-type":"","background-media":"","overlay-type":"","overlay-color":"","overlay-opacity":"","overlay-gradient":""},"mobile":{"background-color":"","background-image":"","background-repeat":"repeat","background-position":"center center","background-size":"auto","background-attachment":"scroll","background-type":"","background-media":"","overlay-type":"","overlay-color":"","overlay-opacity":"","overlay-gradient":""}},"ast-content-background-meta":{"desktop":{"background-color":"var(--ast-global-color-5)","background-image":"","background-repeat":"repeat","background-position":"center center","background-size":"auto","background-attachment":"scroll","background-type":"","background-media":"","overlay-type":"","overlay-color":"","overlay-opacity":"","overlay-gradient":""},"tablet":{"background-color":"var(--ast-global-color-5)","background-image":"","background-repeat":"repeat","background-position":"center center","background-size":"auto","background-attachment":"scroll","background-type":"","background-media":"","overlay-type":"","overlay-color":"","overlay-opacity":"","overlay-gradient":""},"mobile":{"background-color":"var(--ast-global-color-5)","background-image":"","background-repeat":"repeat","background-position":"center center","background-size":"auto","background-attachment":"scroll","background-type":"","background-media":"","overlay-type":"","overlay-color":"","overlay-opacity":"","overlay-gradient":""}},"footnotes":""},"categories":[31,14,13],"tags":[],"class_list":["post-1010","post","type-post","status-publish","format-standard","hentry","category-actualites-2022-2023","category-aed-cpe-vie-scolaire","category-aesh"],"modified_by":"slecourtier","_links":{"self":[{"href":"https:\/\/snalc.org\/snalc2023\/index.php?rest_route=\/wp\/v2\/posts\/1010","targetHints":{"allow":["GET"]}}],"collection":[{"href":"https:\/\/snalc.org\/snalc2023\/index.php?rest_route=\/wp\/v2\/posts"}],"about":[{"href":"https:\/\/snalc.org\/snalc2023\/index.php?rest_route=\/wp\/v2\/types\/post"}],"author":[{"embeddable":true,"href":"https:\/\/snalc.org\/snalc2023\/index.php?rest_route=\/wp\/v2\/users\/1"}],"replies":[{"embeddable":true,"href":"https:\/\/snalc.org\/snalc2023\/index.php?rest_route=%2Fwp%2Fv2%2Fcomments&post=1010"}],"version-history":[{"count":1,"href":"https:\/\/snalc.org\/snalc2023\/index.php?rest_route=\/wp\/v2\/posts\/1010\/revisions"}],"predecessor-version":[{"id":1011,"href":"https:\/\/snalc.org\/snalc2023\/index.php?rest_route=\/wp\/v2\/posts\/1010\/revisions\/1011"}],"wp:attachment":[{"href":"https:\/\/snalc.org\/snalc2023\/index.php?rest_route=%2Fwp%2Fv2%2Fmedia&parent=1010"}],"wp:term":[{"taxonomy":"category","embeddable":true,"href":"https:\/\/snalc.org\/snalc2023\/index.php?rest_route=%2Fwp%2Fv2%2Fcategories&post=1010"},{"taxonomy":"post_tag","embeddable":true,"href":"https:\/\/snalc.org\/snalc2023\/index.php?rest_route=%2Fwp%2Fv2%2Ftags&post=1010"}],"curies":[{"name":"wp","href":"https:\/\/api.w.org\/{rel}","templated":true}]}}