{"id":1020,"date":"2023-02-08T12:08:30","date_gmt":"2023-02-08T11:08:30","guid":{"rendered":"https:\/\/snalc.org\/snalc2023\/?p=1020"},"modified":"2023-02-08T12:08:35","modified_gmt":"2023-02-08T11:08:35","slug":"primes-rep-et-rep-cold-case-ou-dossier-brulant","status":"publish","type":"post","link":"https:\/\/snalc.org\/snalc2023\/?p=1020","title":{"rendered":"Primes REP et REP+ : cold case ou dossier br\u00fblant ?"},"content":{"rendered":"\n<img loading=\"lazy\" decoding=\"async\" src=\"https:\/\/snalc.fr\/wp-content\/uploads\/firefighter-g2d4e4007d_640.jpg\" class=\"attachment-full size-full\" alt=\"\" loading=\"lazy\" srcset=\"https:\/\/snalc.fr\/wp-content\/uploads\/firefighter-g2d4e4007d_640.jpg 640w, https:\/\/snalc.fr\/wp-content\/uploads\/firefighter-g2d4e4007d_640-300x300.jpg 300w, https:\/\/snalc.fr\/wp-content\/uploads\/firefighter-g2d4e4007d_640-150x150.jpg 150w\" sizes=\"auto, (max-width: 640px) 100vw, 640px\" width=\"640\" height=\"640\">\t\t\t\t\t\t\t\t\t\t\t<figcaption class=\"widget-image-caption wp-caption-text\">\u00a9 Peggy und Marco Lachmann-Anke de Pixabay<\/figcaption>\n\t\t\t\t\t\t\t\t\t\t<\/figure>\n\t\t\t\t\t\t\t\t\t<\/div>\n\t\t\t\t<\/div>\n\t\t\t\t<div class=\"elementor-element elementor-element-2987e2d0 elementor-widget elementor-widget-theme-post-content\" data-id=\"2987e2d0\" data-element_type=\"widget\" data-widget_type=\"theme-post-content.default\">\n\t\t\t\t<div class=\"elementor-widget-container\">\n\t\t\t\t\t<div data-elementor-type=\"wp-post\" data-elementor-id=\"24026\" class=\"elementor elementor-24026\">\n\t\t\t\t\t\t\t\t\t<section class=\"elementor-section elementor-top-section elementor-element elementor-element-524fbab elementor-section-boxed elementor-section-height-default elementor-section-height-default\" data-id=\"524fbab\" data-element_type=\"section\">\n\t\t\t\t\t\t<div class=\"elementor-container elementor-column-gap-default\">\n\t\t\t\t\t<div class=\"elementor-column elementor-col-100 elementor-top-column elementor-element elementor-element-dec1c46\" data-id=\"dec1c46\" data-element_type=\"column\">\n\t\t\t<div class=\"elementor-widget-wrap elementor-element-populated\">\n\t\t\t\t\t\t\t\t<div class=\"elementor-element elementor-element-bd5d8d5 elementor-widget elementor-widget-text-editor\" data-id=\"bd5d8d5\" data-element_type=\"widget\" data-widget_type=\"text-editor.default\">\n\t\t\t\t<div class=\"elementor-widget-container\">\n\t\t\t\t\t\t\t<p>Comme indiqu\u00e9 pr\u00e9c\u00e9demment dans notre article intitul\u00e9 \u00ab&nbsp;<a href=\"https:\/\/snalc.fr\/des-primes-rep-et-rep-au-rabais-pour-les-aed-et-les-aesh\/\">Des primes REP et REP+ au rabais pour les AED et les AESH&nbsp;<\/a>\u00bb, depuis janvier 2023, les AED et les AESH exer\u00e7ant en \u00e9ducation prioritaire per\u00e7oivent les primes REP et REP+.<\/p><p>Le <a href=\"https:\/\/www.legifrance.gouv.fr\/loda\/id\/JORFTEXT000031113279\/\">d\u00e9cret 2015-1087 du 28 ao\u00fbt 2015<\/a>, a \u00e9t\u00e9 modifi\u00e9 par le <a href=\"https:\/\/www.legifrance.gouv.fr\/jorf\/id\/JORFTEXT000046711260\">d\u00e9cret 2022-1534 du 8 d\u00e9cembre 2022<\/a>, portant r\u00e9gime indemnitaire sp\u00e9cifique en faveur des personnels exer\u00e7ant dans les \u00e9coles ou \u00e9tablissements relevant des programmes \u00ab R\u00e9seau d\u2019\u00e9ducation prioritaire renforc\u00e9 \u00bb et \u00ab R\u00e9seau d\u2019\u00e9ducation prioritaire \u00bb<\/p><p>Apr\u00e8s l\u2019incompr\u00e9hension concernant les montants bruts de ces primes REP et REP + inf\u00e9rieurs de 36,2% pour les AED et AESH \u00e0 ceux attribu\u00e9es aux autres personnels, on apprend que la date du versement est repouss\u00e9e sur la paye d\u2019avril 2023 (avec effet r\u00e9troactif au 01\/01\/2023).<\/p><p>L\u2019<a href=\"https:\/\/www.legifrance.gouv.fr\/loda\/id\/JORFTEXT000031113410\">arr\u00eat\u00e9 du 28 ao\u00fbt 2015<\/a>, modifi\u00e9 par l\u2019arr\u00eat\u00e9 du 8 d\u00e9cembre 2022, fixe les taux annuels en application du d\u00e9cret n\u00b0 2015-1087 du 28 ao\u00fbt 2015 portant r\u00e9gime indemnitaire sp\u00e9cifique en faveur des personnels exer\u00e7ant dans les \u00e9coles ou \u00e9tablissements relevant des programmes REP et REP renforc\u00e9.<\/p>\t\t\t\t\t\t<\/div>\n\t\t\t\t<\/div>\n\t\t\t\t\t<\/div>\n\t\t<\/div>\n\t\t\t\t\t\t\t<\/div>\n\t\t<\/section>\n\t\t\t\t<section class=\"elementor-section elementor-top-section elementor-element elementor-element-1361461 elementor-section-boxed elementor-section-height-default elementor-section-height-default\" data-id=\"1361461\" data-element_type=\"section\">\n\t\t\t\t\t\t<div class=\"elementor-container elementor-column-gap-default\">\n\t\t\t\t\t<div class=\"elementor-column elementor-col-100 elementor-top-column elementor-element elementor-element-5e32a4b\" data-id=\"5e32a4b\" data-element_type=\"column\">\n\t\t\t<div class=\"elementor-widget-wrap elementor-element-populated\">\n\t\t\t\t\t\t\t\t<div class=\"elementor-element elementor-element-16c62cb elementor-widget elementor-widget-heading\" data-id=\"16c62cb\" data-element_type=\"widget\" data-widget_type=\"heading.default\">\n\t\t\t\t<div class=\"elementor-widget-container\">\n\t\t\t<h5 class=\"elementor-heading-title elementor-size-default\">Primes REP et REP+ vers\u00e9es aux AED et AESH en fonction de la quotit\u00e9 travaill\u00e9e<\/h5>\t\t<\/div>\n\t\t\t\t<\/div>\n\t\t\t\t\t<\/div>\n\t\t<\/div>\n\t\t\t\t\t\t\t<\/div>\n\t\t<\/section>\n\t\t\t\t<section class=\"elementor-section elementor-top-section elementor-element elementor-element-7e2297b elementor-section-boxed elementor-section-height-default elementor-section-height-default\" data-id=\"7e2297b\" data-element_type=\"section\">\n\t\t\t\t\t\t<div class=\"elementor-container elementor-column-gap-default\">\n\t\t\t\t\t<div class=\"elementor-column elementor-col-100 elementor-top-column elementor-element elementor-element-beb2dea\" data-id=\"beb2dea\" data-element_type=\"column\">\n\t\t\t<div class=\"elementor-widget-wrap elementor-element-populated\">\n\t\t\t\t\t\t\t\t<div class=\"elementor-element elementor-element-7b4d4f1 elementor-widget elementor-widget-image\" data-id=\"7b4d4f1\" data-element_type=\"widget\" data-widget_type=\"image.default\">\n\t\t\t\t<div class=\"elementor-widget-container\">\n\t\t\t\t\t\t\t\t\t\t\t\t\t\t\t<img loading=\"lazy\" decoding=\"async\" src=\"https:\/\/snalc.fr\/wp-content\/uploads\/Capture-de\u0301cran-2023-02-01-a\u0300-09.15.13-1024x154.png\" class=\"attachment-large size-large\" alt=\"\" loading=\"lazy\" srcset=\"https:\/\/snalc.fr\/wp-content\/uploads\/Capture-de\u0301cran-2023-02-01-a\u0300-09.15.13-1024x154.png 1024w, https:\/\/snalc.fr\/wp-content\/uploads\/Capture-de\u0301cran-2023-02-01-a\u0300-09.15.13-300x45.png 300w, https:\/\/snalc.fr\/wp-content\/uploads\/Capture-de\u0301cran-2023-02-01-a\u0300-09.15.13-768x116.png 768w, https:\/\/snalc.fr\/wp-content\/uploads\/Capture-de\u0301cran-2023-02-01-a\u0300-09.15.13.png 1134w\" sizes=\"auto, (max-width: 800px) 100vw, 800px\" width=\"800\" height=\"120\">\t\t\t\t\t\t\t\t\t\t\t\t\t\t\t<\/div>\n\t\t\t\t<\/div>\n\t\t\t\t\t<\/div>\n\t\t<\/div>\n\t\t\t\t\t\t\t<\/div>\n\t\t<\/section>\n\t\t\t\t<section class=\"elementor-section elementor-top-section elementor-element elementor-element-a8d22dd elementor-section-boxed elementor-section-height-default elementor-section-height-default\" data-id=\"a8d22dd\" data-element_type=\"section\">\n\t\t\t\t\t\t<div class=\"elementor-container elementor-column-gap-default\">\n\t\t\t\t\t<div class=\"elementor-column elementor-col-100 elementor-top-column elementor-element elementor-element-66fdef0\" data-id=\"66fdef0\" data-element_type=\"column\">\n\t\t\t<div class=\"elementor-widget-wrap elementor-element-populated\">\n\t\t\t\t\t\t\t\t<div class=\"elementor-element elementor-element-1c30b39 elementor-widget elementor-widget-text-editor\" data-id=\"1c30b39\" data-element_type=\"widget\" data-widget_type=\"text-editor.default\">\n\t\t\t\t<div class=\"elementor-widget-container\">\n\t\t\t\t\t\t\t<p>Malgr\u00e9 ces deux mauvaises nouvelles et si le d\u00e9cret de 2015 ne dispose d\u2019une entr\u00e9e en vigueur qu\u2019\u00e0 partir de janvier 2023, une d\u00e9cision du tribunal administratif (TA) de Paris du 14 d\u00e9cembre dernier laisse penser que la question de la non-r\u00e9troactivit\u00e9 depuis 2015 n\u2019est peut-\u00eatre pas d\u00e9finitivement tranch\u00e9e.<\/p><p>En effet, suite au recours d\u2019un AESH devant cette juridiction, le TA de Paris a condamn\u00e9 le recteur de Paris \u00e0 verser les sommes dues au coll\u00e8gue depuis qu\u2019il exerce ses fonctions d\u2019AESH en \u00e9ducation prioritaire.<\/p><p>On peut raisonnablement penser que le rectorat de Paris fera appel de ce jugement devant la cour administrative d\u2019appel (CCA), mais une d\u00e9cision de CCA, voire du conseil d\u2019\u00c9tat, pourrait \u00e0 l\u2019avenir faire jurisprudence quant \u00e0 la r\u00e9troactivit\u00e9 du versement de ces primes d\u00e8s 2015.<\/p>\t\t\t\t\t\t<\/div>\n\t\t\t\t<\/div>\n\t\t\t\t\t<\/div>\n\t\t<\/div>\n\t\t\t\t\t\t\t<\/div>\n\t\t<\/section>\n\t\t\t\t\t\t\t<\/div>\n\t\t\t\t<\/div>\n\t\t\t\t<\/div>\n\t\t\t\t<div class=\"elementor-element elementor-element-2e2c48d7 elementor-grid-mobile-1 elementor-share-buttons--view-icon elementor-share-buttons--shape-circle elementor-share-buttons--align-right elementor-share-buttons--skin-gradient elementor-grid-0 elementor-share-buttons--color-official elementor-widget elementor-widget-share-buttons\" data-id=\"2e2c48d7\" data-element_type=\"widget\" data-settings=\"{&quot;motion_fx_motion_fx_mouse&quot;:&quot;yes&quot;}\" data-widget_type=\"share-buttons.default\">\n\t\t\t\t<div class=\"elementor-widget-container\">\n\t\t\t\t\t<div class=\"elementor-grid\">\n\t\t\t\t\t\t\t\t<div class=\"elementor-grid-item\">\n\t\t\t\t\t\t<div class=\"elementor-share-btn elementor-share-btn_facebook\" tabindex=\"0\" aria-label=\"Partager sur facebook\">\n\t\t\t\t\t\t\t\t\t\t\t\t\t\t\t<span class=\"elementor-share-btn__icon\">\n\t\t\t\t\t\t\t\t<i class=\"fab fa-facebook\" aria-hidden=\"true\">\n","protected":false},"excerpt":{"rendered":"<p>\u00a9 Peggy und Marco Lachmann-Anke de Pixabay Comme indiqu\u00e9 pr\u00e9c\u00e9demment dans notre article intitul\u00e9 \u00ab&nbsp;Des primes REP et REP+ au rabais pour les AED et les AESH&nbsp;\u00bb, depuis janvier 2023, [&hellip;]<\/p>\n","protected":false},"author":1,"featured_media":0,"comment_status":"closed","ping_status":"closed","sticky":false,"template":"","format":"standard","meta":{"_lmt_disableupdate":"","_lmt_disable":"","site-sidebar-layout":"default","site-content-layout":"","ast-site-content-layout":"default","site-content-style":"default","site-sidebar-style":"default","ast-global-header-display":"","ast-banner-title-visibility":"","ast-main-header-display":"","ast-hfb-above-header-display":"","ast-hfb-below-header-display":"","ast-hfb-mobile-header-display":"","site-post-title":"","ast-breadcrumbs-content":"","ast-featured-img":"","footer-sml-layout":"","ast-disable-related-posts":"","theme-transparent-header-meta":"","adv-header-id-meta":"","stick-header-meta":"","header-above-stick-meta":"","header-main-stick-meta":"","header-below-stick-meta":"","astra-migrate-meta-layouts":"default","ast-page-background-enabled":"default","ast-page-background-meta":{"desktop":{"background-color":"var(--ast-global-color-4)","background-image":"","background-repeat":"repeat","background-position":"center center","background-size":"auto","background-attachment":"scroll","background-type":"","background-media":"","overlay-type":"","overlay-color":"","overlay-opacity":"","overlay-gradient":""},"tablet":{"background-color":"","background-image":"","background-repeat":"repeat","background-position":"center center","background-size":"auto","background-attachment":"scroll","background-type":"","background-media":"","overlay-type":"","overlay-color":"","overlay-opacity":"","overlay-gradient":""},"mobile":{"background-color":"","background-image":"","background-repeat":"repeat","background-position":"center center","background-size":"auto","background-attachment":"scroll","background-type":"","background-media":"","overlay-type":"","overlay-color":"","overlay-opacity":"","overlay-gradient":""}},"ast-content-background-meta":{"desktop":{"background-color":"var(--ast-global-color-5)","background-image":"","background-repeat":"repeat","background-position":"center center","background-size":"auto","background-attachment":"scroll","background-type":"","background-media":"","overlay-type":"","overlay-color":"","overlay-opacity":"","overlay-gradient":""},"tablet":{"background-color":"var(--ast-global-color-5)","background-image":"","background-repeat":"repeat","background-position":"center center","background-size":"auto","background-attachment":"scroll","background-type":"","background-media":"","overlay-type":"","overlay-color":"","overlay-opacity":"","overlay-gradient":""},"mobile":{"background-color":"var(--ast-global-color-5)","background-image":"","background-repeat":"repeat","background-position":"center center","background-size":"auto","background-attachment":"scroll","background-type":"","background-media":"","overlay-type":"","overlay-color":"","overlay-opacity":"","overlay-gradient":""}},"footnotes":""},"categories":[31,14,13,25],"tags":[],"class_list":["post-1020","post","type-post","status-publish","format-standard","hentry","category-actualites-2022-2023","category-aed-cpe-vie-scolaire","category-aesh","category-remuneration"],"modified_by":"slecourtier","_links":{"self":[{"href":"https:\/\/snalc.org\/snalc2023\/index.php?rest_route=\/wp\/v2\/posts\/1020","targetHints":{"allow":["GET"]}}],"collection":[{"href":"https:\/\/snalc.org\/snalc2023\/index.php?rest_route=\/wp\/v2\/posts"}],"about":[{"href":"https:\/\/snalc.org\/snalc2023\/index.php?rest_route=\/wp\/v2\/types\/post"}],"author":[{"embeddable":true,"href":"https:\/\/snalc.org\/snalc2023\/index.php?rest_route=\/wp\/v2\/users\/1"}],"replies":[{"embeddable":true,"href":"https:\/\/snalc.org\/snalc2023\/index.php?rest_route=%2Fwp%2Fv2%2Fcomments&post=1020"}],"version-history":[{"count":1,"href":"https:\/\/snalc.org\/snalc2023\/index.php?rest_route=\/wp\/v2\/posts\/1020\/revisions"}],"predecessor-version":[{"id":1021,"href":"https:\/\/snalc.org\/snalc2023\/index.php?rest_route=\/wp\/v2\/posts\/1020\/revisions\/1021"}],"wp:attachment":[{"href":"https:\/\/snalc.org\/snalc2023\/index.php?rest_route=%2Fwp%2Fv2%2Fmedia&parent=1020"}],"wp:term":[{"taxonomy":"category","embeddable":true,"href":"https:\/\/snalc.org\/snalc2023\/index.php?rest_route=%2Fwp%2Fv2%2Fcategories&post=1020"},{"taxonomy":"post_tag","embeddable":true,"href":"https:\/\/snalc.org\/snalc2023\/index.php?rest_route=%2Fwp%2Fv2%2Ftags&post=1020"}],"curies":[{"name":"wp","href":"https:\/\/api.w.org\/{rel}","templated":true}]}}