{"id":1026,"date":"2023-02-10T07:00:42","date_gmt":"2023-02-10T06:00:42","guid":{"rendered":"https:\/\/snalc.org\/snalc2023\/?p=1026"},"modified":"2023-02-10T07:00:44","modified_gmt":"2023-02-10T06:00:44","slug":"csa-ministeriel-du-9-fevrier-2023-declaration-du-snalc","status":"publish","type":"post","link":"https:\/\/snalc.org\/snalc2023\/?p=1026","title":{"rendered":"CSA minist\u00e9riel du 9 f\u00e9vrier 2023 : d\u00e9claration du SNALC"},"content":{"rendered":"\n\t\t\t\t\t\t\t\t\t\t\t<figcaption class=\"widget-image-caption wp-caption-text\">\u00a9 istock_piranka-1207360622<\/figcaption>\n\t\t\t\t\t\t\t\t\t\t<\/figure>\n\t\t\t\t\t\t\t\t\t<\/div>\n\t\t\t\t<\/div>\n\t\t\t\t<div class=\"elementor-element elementor-element-2987e2d0 elementor-widget elementor-widget-theme-post-content\" data-id=\"2987e2d0\" data-element_type=\"widget\" data-widget_type=\"theme-post-content.default\">\n\t\t\t\t<div class=\"elementor-widget-container\">\n\t\t\t\t\t<div data-elementor-type=\"wp-post\" data-elementor-id=\"24238\" class=\"elementor elementor-24238\">\n\t\t\t\t\t\t\t\t\t<section class=\"elementor-section elementor-top-section elementor-element elementor-element-c8d57b0 elementor-section-boxed elementor-section-height-default elementor-section-height-default\" data-id=\"c8d57b0\" data-element_type=\"section\">\n\t\t\t\t\t\t<div class=\"elementor-container elementor-column-gap-default\">\n\t\t\t\t\t<div class=\"elementor-column elementor-col-100 elementor-top-column elementor-element elementor-element-d468313\" data-id=\"d468313\" data-element_type=\"column\">\n\t\t\t<div class=\"elementor-widget-wrap elementor-element-populated\">\n\t\t\t\t\t\t\t\t<div class=\"elementor-element elementor-element-2386947 elementor-widget elementor-widget-text-editor\" data-id=\"2386947\" data-element_type=\"widget\" data-widget_type=\"text-editor.default\">\n\t\t\t\t<div class=\"elementor-widget-container\">\n\t\t\t\t\t\t\t<p>Monsieur le Ministre, Mesdames et messieurs les membres \u00e9lus du comit\u00e9, Mesdames et Messieurs les repr\u00e9sentants de l\u2019administration,<\/p><p>Alors que s\u2019ouvre la premi\u00e8re s\u00e9ance de ce nouveau comit\u00e9 social d\u2019administration minist\u00e9riel, le SNALC tient \u00e0 faire le point sur plusieurs actualit\u00e9s qui concernent les personnels que nous repr\u00e9sentons, en esp\u00e9rant que vous partagerez nos analyses, Monsieur le Ministre.<\/p><p>Monsieur le Ministre, vous devriez rapidement arr\u00eater de tromper les m\u00e9dias et la repr\u00e9sentation nationale. Vous ne devriez plus utiliser le mot \u00ab&nbsp;revalorisation&nbsp;\u00bb quand vous parlez du projet de pacte, qui n\u2019est pas une revalorisation, mais une r\u00e9mun\u00e9ration en \u00e9change d\u2019un travail suppl\u00e9mentaire demand\u00e9 \u00e0 des personnels qui sont d\u00e9j\u00e0 au bout du rouleau, donn\u00e9es de votre propre minist\u00e8re \u00e0 l\u2019appui. De m\u00eame, vous devriez arr\u00eater d\u2019essayer de nous vendre le chiffre de 10&nbsp;%, ou de 10&nbsp;% \u00ab&nbsp;en moyenne&nbsp;\u00bb pour la partie dite \u00ab&nbsp;socle&nbsp;\u00bb. En effet, pour arriver \u00e0 cette moyenne de 10&nbsp;%, il faut additionner&nbsp;:<\/p><ul><li>la fameuse prime qui commencera en septembre 2023 (et non en janvier, comme pourtant garanti par Emmanuel Macron),<\/li><li>le d\u00e9gel (nettement inf\u00e9rieur \u00e0 l\u2019inflation) du point d\u2019indice de l\u2019\u00e9t\u00e9 dernier, qui concerne tous les fonctionnaires,<\/li><li>les deux anciennes tranches de \u00ab&nbsp;prime d\u2019attractivit\u00e9&nbsp;\u00bb Blanquer,<\/li><li>la prime informatique (mais si, souvenez-vous, les 150\u20ac par an d\u2019il y a 3 ans).<\/li><\/ul><p>&nbsp;<\/p><p>Actuellement, vous survendez une seconde fois le produit frelat\u00e9 qu\u2019on nous avait d\u00e9j\u00e0 survendu par le pass\u00e9, puisque votre pr\u00e9d\u00e9cesseur avait m\u00eame os\u00e9 le mot \u00ab historique \u00bb.<\/p><p>Monsieur le Ministre, vous pourriez \u00e9galement, dans le cadre de votre participation au gouvernement, faire passer l\u2019id\u00e9e que l\u2019on nous ment aussi sur la r\u00e9forme des retraites. Cette r\u00e9forme n\u2019apporte certainement pas plus de justice, qui plus est dans un minist\u00e8re o\u00f9 les d\u00e9parts avec d\u00e9cote sont d\u00e9j\u00e0 tr\u00e8s nombreux \u00e0 l\u2019heure actuelle. Et un personnel AESH ne touchera \u00e9videmment pas 1200\u20ac de retraite par mois, quand sa r\u00e9mun\u00e9ration actuelle est un SMIC en temps partiel impos\u00e9.<\/p><p>Monsieur le Ministre, vous auriez int\u00e9r\u00eat sur un plan \u00e9thique \u00e0 pr\u00e9senter avec transparence et objectivit\u00e9 les mesures que vous prenez sur l\u2019\u00e9cole primaire et le coll\u00e8ge. Avoir communiqu\u00e9 d\u00e9but janvier sur l\u2019heure de fran\u00e7ais ou de math\u00e9matiques en sixi\u00e8me en \u00ab&nbsp;oubliant&nbsp;\u00bb de mentionner dans le m\u00eame temps la suppression de la technologie sur ce m\u00eame niveau ne vous fait pas honneur. Laisser vos cadres gloser sur le \u00ab&nbsp;renforcement&nbsp;\u00bb de la technologie \u00e0 partir de la classe de cinqui\u00e8me pour tenter de faire passer la pilule est digne d\u2019Orwell.<\/p><p>Enfin, Monsieur le Ministre, vous sortiriez grandi en \u00e9changeant avec votre coll\u00e8gue de la voie professionnelle afin de garantir que le groupe de travail mis en place sur la pr\u00e9c\u00e9dente r\u00e9forme donne lieu, pour une fois, \u00e0 un bilan honn\u00eate, qui permettra d\u2019\u00e9viter de se lancer dans un nouveau n\u2019importe quoi qui aggraverait la situation des personnels exer\u00e7ant en lyc\u00e9e professionnel. Par-l\u00e0 m\u00eame, vous pourriez lancer un bilan honn\u00eate de la pr\u00e9c\u00e9dente r\u00e9forme du lyc\u00e9e g\u00e9n\u00e9ral et technologique, qui pose de graves probl\u00e8mes \u00e0 l\u2019heure actuelle.<\/p><p>Je vous remercie.<\/p>\t\t\t\t\t\t<\/div>\n\t\t\t\t<\/div>\n\t\t\t\t\t<\/div>\n\t\t<\/div>\n\t\t\t\t\t\t\t<\/div>\n\t\t<\/section>\n\t\t\t\t<section class=\"elementor-section elementor-top-section elementor-element elementor-element-00ed0dc elementor-section-boxed elementor-section-height-default elementor-section-height-default\" data-id=\"00ed0dc\" data-element_type=\"section\">\n\t\t\t\t\t\t<div class=\"elementor-container elementor-column-gap-default\">\n\t\t\t\t\t<div class=\"elementor-column elementor-col-100 elementor-top-column elementor-element elementor-element-86fb735\" data-id=\"86fb735\" data-element_type=\"column\">\n\t\t\t<div class=\"elementor-widget-wrap elementor-element-populated\">\n\t\t\t\t\t\t\t\t<div class=\"elementor-element elementor-element-c914ea4 elementor-align-center elementor-widget elementor-widget-button\" data-id=\"c914ea4\" data-element_type=\"widget\" data-widget_type=\"button.default\">\n\t\t\t\t<div class=\"elementor-widget-container\">\n\t\t\t\t\t<div class=\"elementor-button-wrapper\">\n\t\t\t<a href=\"https:\/\/snalc.fr\/wp-content\/uploads\/CSAM_decla_SNALC_20230209.pdf\" class=\"elementor-button-link elementor-button elementor-size-sm\" role=\"button\">\n\t\t\t\t\t\t<span class=\"elementor-button-content-wrapper\">\n\t\t\t\t\t\t\t<span class=\"elementor-button-icon elementor-align-icon-left\">\n\t\t\t\t<i aria-hidden=\"true\" class=\"fas fa-file-download\"><\/i>\t\t\t<\/span>\n\t\t\t\t\t\t<span class=\"elementor-button-text\">T\u00e9l\u00e9charger<\/span>\n\t\t<\/span>\n\t\t\t\t\t<\/a>\n\t\t<\/div>\n\t\t\t\t<\/div>\n\t\t\t\t<\/div>\n\t\t\t\t\t<\/div>\n\t\t<\/div>\n\t\t\t\t\t\t\t<\/div>\n\t\t<\/section>\n\t\t\t\t\t\t\t<\/div>\n\t\t\t\t<\/div>\n\t\t\t\t<\/div>\n\t\t\t\t<div class=\"elementor-element elementor-element-2e2c48d7 elementor-grid-mobile-1 elementor-share-buttons--view-icon elementor-share-buttons--shape-circle elementor-share-buttons--align-right elementor-share-buttons--skin-gradient elementor-grid-0 elementor-share-buttons--color-official elementor-widget elementor-widget-share-buttons\" data-id=\"2e2c48d7\" data-element_type=\"widget\" data-settings=\"{&quot;motion_fx_motion_fx_mouse&quot;:&quot;yes&quot;}\" data-widget_type=\"share-buttons.default\">\n\t\t\t\t<div class=\"elementor-widget-container\">\n\t\t\t\t\t<div class=\"elementor-grid\">\n\t\t\t\t\t\t\t\t<div class=\"elementor-grid-item\">\n\t\t\t\t\t\t<div class=\"elementor-share-btn elementor-share-btn_facebook\" tabindex=\"0\" aria-label=\"Partager sur facebook\">\n\t\t\t\t\t\t\t\t\t\t\t\t\t\t\t<span class=\"elementor-share-btn__icon\">\n\t\t\t\t\t\t\t\t<i class=\"fab fa-facebook\" aria-hidden=\"true\">\n","protected":false},"excerpt":{"rendered":"<p>\u00a9 istock_piranka-1207360622 Monsieur le Ministre, Mesdames et messieurs les membres \u00e9lus du comit\u00e9, Mesdames et Messieurs les repr\u00e9sentants de l\u2019administration, Alors que s\u2019ouvre la premi\u00e8re s\u00e9ance de ce nouveau comit\u00e9 [&hellip;]<\/p>\n","protected":false},"author":1,"featured_media":0,"comment_status":"closed","ping_status":"closed","sticky":false,"template":"","format":"standard","meta":{"_lmt_disableupdate":"","_lmt_disable":"","site-sidebar-layout":"default","site-content-layout":"","ast-site-content-layout":"default","site-content-style":"default","site-sidebar-style":"default","ast-global-header-display":"","ast-banner-title-visibility":"","ast-main-header-display":"","ast-hfb-above-header-display":"","ast-hfb-below-header-display":"","ast-hfb-mobile-header-display":"","site-post-title":"","ast-breadcrumbs-content":"","ast-featured-img":"","footer-sml-layout":"","ast-disable-related-posts":"","theme-transparent-header-meta":"","adv-header-id-meta":"","stick-header-meta":"","header-above-stick-meta":"","header-main-stick-meta":"","header-below-stick-meta":"","astra-migrate-meta-layouts":"default","ast-page-background-enabled":"default","ast-page-background-meta":{"desktop":{"background-color":"var(--ast-global-color-4)","background-image":"","background-repeat":"repeat","background-position":"center center","background-size":"auto","background-attachment":"scroll","background-type":"","background-media":"","overlay-type":"","overlay-color":"","overlay-opacity":"","overlay-gradient":""},"tablet":{"background-color":"","background-image":"","background-repeat":"repeat","background-position":"center center","background-size":"auto","background-attachment":"scroll","background-type":"","background-media":"","overlay-type":"","overlay-color":"","overlay-opacity":"","overlay-gradient":""},"mobile":{"background-color":"","background-image":"","background-repeat":"repeat","background-position":"center center","background-size":"auto","background-attachment":"scroll","background-type":"","background-media":"","overlay-type":"","overlay-color":"","overlay-opacity":"","overlay-gradient":""}},"ast-content-background-meta":{"desktop":{"background-color":"var(--ast-global-color-5)","background-image":"","background-repeat":"repeat","background-position":"center center","background-size":"auto","background-attachment":"scroll","background-type":"","background-media":"","overlay-type":"","overlay-color":"","overlay-opacity":"","overlay-gradient":""},"tablet":{"background-color":"var(--ast-global-color-5)","background-image":"","background-repeat":"repeat","background-position":"center center","background-size":"auto","background-attachment":"scroll","background-type":"","background-media":"","overlay-type":"","overlay-color":"","overlay-opacity":"","overlay-gradient":""},"mobile":{"background-color":"var(--ast-global-color-5)","background-image":"","background-repeat":"repeat","background-position":"center center","background-size":"auto","background-attachment":"scroll","background-type":"","background-media":"","overlay-type":"","overlay-color":"","overlay-opacity":"","overlay-gradient":""}},"footnotes":""},"categories":[31],"tags":[],"class_list":["post-1026","post","type-post","status-publish","format-standard","hentry","category-actualites-2022-2023"],"modified_by":"slecourtier","_links":{"self":[{"href":"https:\/\/snalc.org\/snalc2023\/index.php?rest_route=\/wp\/v2\/posts\/1026","targetHints":{"allow":["GET"]}}],"collection":[{"href":"https:\/\/snalc.org\/snalc2023\/index.php?rest_route=\/wp\/v2\/posts"}],"about":[{"href":"https:\/\/snalc.org\/snalc2023\/index.php?rest_route=\/wp\/v2\/types\/post"}],"author":[{"embeddable":true,"href":"https:\/\/snalc.org\/snalc2023\/index.php?rest_route=\/wp\/v2\/users\/1"}],"replies":[{"embeddable":true,"href":"https:\/\/snalc.org\/snalc2023\/index.php?rest_route=%2Fwp%2Fv2%2Fcomments&post=1026"}],"version-history":[{"count":1,"href":"https:\/\/snalc.org\/snalc2023\/index.php?rest_route=\/wp\/v2\/posts\/1026\/revisions"}],"predecessor-version":[{"id":1027,"href":"https:\/\/snalc.org\/snalc2023\/index.php?rest_route=\/wp\/v2\/posts\/1026\/revisions\/1027"}],"wp:attachment":[{"href":"https:\/\/snalc.org\/snalc2023\/index.php?rest_route=%2Fwp%2Fv2%2Fmedia&parent=1026"}],"wp:term":[{"taxonomy":"category","embeddable":true,"href":"https:\/\/snalc.org\/snalc2023\/index.php?rest_route=%2Fwp%2Fv2%2Fcategories&post=1026"},{"taxonomy":"post_tag","embeddable":true,"href":"https:\/\/snalc.org\/snalc2023\/index.php?rest_route=%2Fwp%2Fv2%2Ftags&post=1026"}],"curies":[{"name":"wp","href":"https:\/\/api.w.org\/{rel}","templated":true}]}}