{"id":1032,"date":"2023-02-16T10:45:52","date_gmt":"2023-02-16T09:45:52","guid":{"rendered":"https:\/\/snalc.org\/snalc2023\/?p=1032"},"modified":"2023-02-16T10:45:59","modified_gmt":"2023-02-16T09:45:59","slug":"le-7-mars-ecoles-etablissements-et-services-a-larret-intersyndicale","status":"publish","type":"post","link":"https:\/\/snalc.org\/snalc2023\/?p=1032","title":{"rendered":"Le 7 mars : \u00e9coles, \u00e9tablissements et services \u00e0 l\u2019arr\u00eat ! (Intersyndicale)"},"content":{"rendered":"\n<img loading=\"lazy\" decoding=\"async\" src=\"https:\/\/snalc.fr\/wp-content\/uploads\/SNALC_Montpellier_2023.jpg\" class=\"attachment-full size-full\" alt=\"\" loading=\"lazy\" srcset=\"https:\/\/snalc.fr\/wp-content\/uploads\/SNALC_Montpellier_2023.jpg 600w, https:\/\/snalc.fr\/wp-content\/uploads\/SNALC_Montpellier_2023-300x225.jpg 300w\" sizes=\"auto, (max-width: 600px) 100vw, 600px\" width=\"600\" height=\"450\">\t\t\t\t\t\t\t\t\t\t\t<figcaption class=\"widget-image-caption wp-caption-text\">\u00a9 SNALC_Montpellier_2023<\/figcaption>\n\t\t\t\t\t\t\t\t\t\t<\/figure>\n\t\t\t\t\t\t\t\t\t<\/div>\n\t\t\t\t<\/div>\n\t\t\t\t<div class=\"elementor-element elementor-element-2987e2d0 elementor-widget elementor-widget-theme-post-content\" data-id=\"2987e2d0\" data-element_type=\"widget\" data-widget_type=\"theme-post-content.default\">\n\t\t\t\t<div class=\"elementor-widget-container\">\n\t\t\t\t\t<div data-elementor-type=\"wp-post\" data-elementor-id=\"24320\" class=\"elementor elementor-24320\">\n\t\t\t\t\t\t\t\t\t<section class=\"elementor-section elementor-top-section elementor-element elementor-element-c7092ee elementor-section-boxed elementor-section-height-default elementor-section-height-default\" data-id=\"c7092ee\" data-element_type=\"section\">\n\t\t\t\t\t\t<div class=\"elementor-container elementor-column-gap-default\">\n\t\t\t\t\t<div class=\"elementor-column elementor-col-100 elementor-top-column elementor-element elementor-element-02bb042\" data-id=\"02bb042\" data-element_type=\"column\">\n\t\t\t<div class=\"elementor-widget-wrap elementor-element-populated\">\n\t\t\t\t\t\t\t\t<div class=\"elementor-element elementor-element-abf416d elementor-widget elementor-widget-image\" data-id=\"abf416d\" data-element_type=\"widget\" data-widget_type=\"image.default\">\n\t\t\t\t<div class=\"elementor-widget-container\">\n\t\t\t\t\t\t\t\t\t\t\t\t\t\t\t<img loading=\"lazy\" decoding=\"async\" src=\"https:\/\/snalc.fr\/wp-content\/uploads\/bandeau_IS_20230202-1024x186.jpg\" class=\"attachment-large size-large\" alt=\"\" loading=\"lazy\" srcset=\"https:\/\/snalc.fr\/wp-content\/uploads\/bandeau_IS_20230202-1024x186.jpg 1024w, https:\/\/snalc.fr\/wp-content\/uploads\/bandeau_IS_20230202-300x54.jpg 300w, https:\/\/snalc.fr\/wp-content\/uploads\/bandeau_IS_20230202-768x139.jpg 768w, https:\/\/snalc.fr\/wp-content\/uploads\/bandeau_IS_20230202-1536x279.jpg 1536w, https:\/\/snalc.fr\/wp-content\/uploads\/bandeau_IS_20230202.jpg 1824w\" sizes=\"auto, (max-width: 800px) 100vw, 800px\" width=\"800\" height=\"145\">\t\t\t\t\t\t\t\t\t\t\t\t\t\t\t<\/div>\n\t\t\t\t<\/div>\n\t\t\t\t<div class=\"elementor-element elementor-element-f2e9520 elementor-widget elementor-widget-heading\" data-id=\"f2e9520\" data-element_type=\"widget\" data-widget_type=\"heading.default\">\n\t\t\t\t<div class=\"elementor-widget-container\">\n\t\t\t<h5 class=\"elementor-heading-title elementor-size-default\">L\u2019intersyndicale est pr\u00eate \u00e0 durcir le mouvement dans l\u2019\u00e9ducation :\nle 7 mars, mettons les \u00e9coles, \u00e9tablissements et services \u00e0 l\u2019arr\u00eat ! \n<\/h5>\t\t<\/div>\n\t\t\t\t<\/div>\n\t\t\t\t<div class=\"elementor-element elementor-element-17b7c46 elementor-widget elementor-widget-text-editor\" data-id=\"17b7c46\" data-element_type=\"widget\" data-widget_type=\"text-editor.default\">\n\t\t\t\t<div class=\"elementor-widget-container\">\n\t\t\t\t\t\t\t<p>Depuis le 19 janvier dernier, la population ne cesse de d\u00e9montrer sa tr\u00e8s forte d\u00e9termination \u00e0 refuser le projet de r\u00e9forme des retraites du gouvernement \u00e0 travers les gr\u00e8ves, les manifestations mais aussi la p\u00e9tition en ligne qui a atteint un million de signatures.<\/p><p>Au fil des semaines, les sondages d\u00e9montrent \u00e9galement une hausse de ce rejet massif puisque dor\u00e9navant, plus de 7 fran\u00e7ais sur 10 et 9 travailleurs et travailleuses sur 10 se disent oppos\u00e9s au projet de r\u00e9forme.<\/p><p>Ce mouvement social in\u00e9dit par son ampleur est donc d\u00e9sormais ancr\u00e9 dans le paysage social. Le gouvernement, comme les parlementaires, ne peuvent y rester sourds.<\/p><p>Durant la poursuite des d\u00e9bats parlementaires, les organisations syndicales professionnelles et de jeunesse vont poursuivre la mobilisation et l\u2019amplifier.<\/p><p>L\u2019intersyndicale de l\u2019\u00e9ducation se f\u00e9licite de la mobilisation de la jeunesse qui refuse la pr\u00e9carit\u00e9 grandissante que lui promet le gouvernement et qui rejoint massivement les cort\u00e8ges interprofessionnels pour le retrait de la r\u00e9forme Macron-Borne.&nbsp;<\/p><p>Ainsi, elles appellent \u00e0 une journ\u00e9e d\u2019actions interprofessionnelles sur l\u2019ensemble du territoire le 16 f\u00e9vrier.<\/p><p>Par ailleurs, les parlementaires appel\u00e9s \u00e0 se prononcer sur ce projet de r\u00e9forme doivent entendre comme le gouvernement, le m\u00e9contentement de la population, et rejeter massivement ce texte. Il en va de leur responsabilit\u00e9. C\u2019est dans ce cadre que l\u2019ensemble des secr\u00e9taires g\u00e9n\u00e9raux et pr\u00e9sidents \u00e9criront \u00e0 chaque parlementaire de l\u2019arc r\u00e9publicain pour r\u00e9affirmer notre opposition et celle de la population. Parall\u00e8lement, nous appellerons nos structures locales \u00e0 interpeler d\u00e9put\u00e9s et s\u00e9nateurs dans leurs circonscriptions.<\/p><p>Dans un tel contexte, les projets minist\u00e9riels d\u2019imposer un \u00ab&nbsp;pacte&nbsp;\u00bb qui revient \u00e0 imposer du travail suppl\u00e9mentaire \u00e0 une profession dont les conditions de travail sont pourtant d\u00e9j\u00e0 d\u00e9grad\u00e9es, \u00e0 aggraver les in\u00e9galit\u00e9s salariales femmes\/hommes, \u00e0 attaquer le statut et \u00e0 d\u00e9sorganiser les \u00e9coles et \u00e9tablissements sont particuli\u00e8rement inacceptables et irresponsables.<\/p><p>Si malgr\u00e9 tout le gouvernement et les parlementaires restaient sourds \u00e0 la contestation populaire, dans le cadre de l\u2019appel interprofessionnel \u00e0 durcir le mouvement et \u00e0 mettre la France \u00e0 l\u2019arr\u00eat dans tous les secteurs le 7 mars prochain, l\u2019intersyndicale de l\u2019\u00e9ducation appelle \u00e0 ce que les gr\u00e8ves massives permettent de fermer totalement les \u00e9coles, coll\u00e8ges, lyc\u00e9es et services.<\/p><p>Elle invite les personnels \u00e0 se r\u00e9unir afin de discuter de la mani\u00e8re dont on peut r\u00e9ussir \u00e0 faire fl\u00e9chir ce gouvernement.<\/p><p>L\u2019intersyndicale appelle les personnels \u00e0 se mobiliser le 8 mars, journ\u00e9e internationale de luttes pour les droits des femmes pour d\u00e9noncer l\u2019injustice sociale majeure de cette r\u00e9forme des retraites envers les femmes.<\/p><p>En effet, les in\u00e9galit\u00e9s salariales entre les hommes et les femmes persistent de mani\u00e8re alarmante dans l\u2019EN. Les causes pourtant identifi\u00e9es : part variable de r\u00e9mun\u00e9ration, temps partiel, s\u00e9gr\u00e9gation professionnelle, plafond de verre\u2026 ne b\u00e9n\u00e9ficient pas d\u2019une politique volontariste ni de financement suffisant pour les \u00e9radiquer. Ces in\u00e9galit\u00e9s sont encore renforc\u00e9es au moment de la retraite.<\/p><p>L\u2019intersyndicale appelle le gouvernement \u00e0 retirer son projet de loi et les parlementaires \u00e0 prendre leurs responsabilit\u00e9s face au rejet massif de la population face \u00e0 ce projet injuste et brutal.<\/p>\t\t\t\t\t\t<\/div>\n\t\t\t\t<\/div>\n\t\t\t\t\t<\/div>\n\t\t<\/div>\n\t\t\t\t\t\t\t<\/div>\n\t\t<\/section>\n\t\t\t\t<section class=\"elementor-section elementor-top-section elementor-element elementor-element-74ccb5c elementor-section-boxed elementor-section-height-default elementor-section-height-default\" data-id=\"74ccb5c\" data-element_type=\"section\">\n\t\t\t\t\t\t<div class=\"elementor-container elementor-column-gap-default\">\n\t\t\t\t\t<div class=\"elementor-column elementor-col-100 elementor-top-column elementor-element elementor-element-47a481f\" data-id=\"47a481f\" data-element_type=\"column\">\n\t\t\t<div class=\"elementor-widget-wrap elementor-element-populated\">\n\t\t\t\t\t\t\t\t<div class=\"elementor-element elementor-element-7626ecf elementor-align-center elementor-widget elementor-widget-button\" data-id=\"7626ecf\" data-element_type=\"widget\" data-widget_type=\"button.default\">\n\t\t\t\t<div class=\"elementor-widget-container\">\n\t\t\t\t\t<div class=\"elementor-button-wrapper\">\n\t\t\t<a href=\"https:\/\/snalc.fr\/wp-content\/uploads\/20230214_compresse_IS_greve_7mars23.pdf\" class=\"elementor-button-link elementor-button elementor-size-sm\" role=\"button\">\n\t\t\t\t\t\t<span class=\"elementor-button-content-wrapper\">\n\t\t\t\t\t\t\t<span class=\"elementor-button-icon elementor-align-icon-left\">\n\t\t\t\t<i aria-hidden=\"true\" class=\"fas fa-file-download\"><\/i>\t\t\t<\/span>\n\t\t\t\t\t\t<span class=\"elementor-button-text\">T\u00e9l\u00e9charger<\/span>\n","protected":false},"excerpt":{"rendered":"<p>\u00a9 SNALC_Montpellier_2023 L\u2019intersyndicale est pr\u00eate \u00e0 durcir le mouvement dans l\u2019\u00e9ducation : le 7 mars, mettons les \u00e9coles, \u00e9tablissements et services \u00e0 l\u2019arr\u00eat ! Depuis le 19 janvier dernier, la [&hellip;]<\/p>\n","protected":false},"author":1,"featured_media":0,"comment_status":"closed","ping_status":"closed","sticky":false,"template":"","format":"standard","meta":{"_lmt_disableupdate":"","_lmt_disable":"","site-sidebar-layout":"default","site-content-layout":"","ast-site-content-layout":"default","site-content-style":"default","site-sidebar-style":"default","ast-global-header-display":"","ast-banner-title-visibility":"","ast-main-header-display":"","ast-hfb-above-header-display":"","ast-hfb-below-header-display":"","ast-hfb-mobile-header-display":"","site-post-title":"","ast-breadcrumbs-content":"","ast-featured-img":"","footer-sml-layout":"","ast-disable-related-posts":"","theme-transparent-header-meta":"","adv-header-id-meta":"","stick-header-meta":"","header-above-stick-meta":"","header-main-stick-meta":"","header-below-stick-meta":"","astra-migrate-meta-layouts":"default","ast-page-background-enabled":"default","ast-page-background-meta":{"desktop":{"background-color":"var(--ast-global-color-4)","background-image":"","background-repeat":"repeat","background-position":"center center","background-size":"auto","background-attachment":"scroll","background-type":"","background-media":"","overlay-type":"","overlay-color":"","overlay-opacity":"","overlay-gradient":""},"tablet":{"background-color":"","background-image":"","background-repeat":"repeat","background-position":"center center","background-size":"auto","background-attachment":"scroll","background-type":"","background-media":"","overlay-type":"","overlay-color":"","overlay-opacity":"","overlay-gradient":""},"mobile":{"background-color":"","background-image":"","background-repeat":"repeat","background-position":"center center","background-size":"auto","background-attachment":"scroll","background-type":"","background-media":"","overlay-type":"","overlay-color":"","overlay-opacity":"","overlay-gradient":""}},"ast-content-background-meta":{"desktop":{"background-color":"var(--ast-global-color-5)","background-image":"","background-repeat":"repeat","background-position":"center center","background-size":"auto","background-attachment":"scroll","background-type":"","background-media":"","overlay-type":"","overlay-color":"","overlay-opacity":"","overlay-gradient":""},"tablet":{"background-color":"var(--ast-global-color-5)","background-image":"","background-repeat":"repeat","background-position":"center center","background-size":"auto","background-attachment":"scroll","background-type":"","background-media":"","overlay-type":"","overlay-color":"","overlay-opacity":"","overlay-gradient":""},"mobile":{"background-color":"var(--ast-global-color-5)","background-image":"","background-repeat":"repeat","background-position":"center center","background-size":"auto","background-attachment":"scroll","background-type":"","background-media":"","overlay-type":"","overlay-color":"","overlay-opacity":"","overlay-gradient":""}},"footnotes":""},"categories":[31],"tags":[],"class_list":["post-1032","post","type-post","status-publish","format-standard","hentry","category-actualites-2022-2023"],"modified_by":"slecourtier","_links":{"self":[{"href":"https:\/\/snalc.org\/snalc2023\/index.php?rest_route=\/wp\/v2\/posts\/1032","targetHints":{"allow":["GET"]}}],"collection":[{"href":"https:\/\/snalc.org\/snalc2023\/index.php?rest_route=\/wp\/v2\/posts"}],"about":[{"href":"https:\/\/snalc.org\/snalc2023\/index.php?rest_route=\/wp\/v2\/types\/post"}],"author":[{"embeddable":true,"href":"https:\/\/snalc.org\/snalc2023\/index.php?rest_route=\/wp\/v2\/users\/1"}],"replies":[{"embeddable":true,"href":"https:\/\/snalc.org\/snalc2023\/index.php?rest_route=%2Fwp%2Fv2%2Fcomments&post=1032"}],"version-history":[{"count":1,"href":"https:\/\/snalc.org\/snalc2023\/index.php?rest_route=\/wp\/v2\/posts\/1032\/revisions"}],"predecessor-version":[{"id":1033,"href":"https:\/\/snalc.org\/snalc2023\/index.php?rest_route=\/wp\/v2\/posts\/1032\/revisions\/1033"}],"wp:attachment":[{"href":"https:\/\/snalc.org\/snalc2023\/index.php?rest_route=%2Fwp%2Fv2%2Fmedia&parent=1032"}],"wp:term":[{"taxonomy":"category","embeddable":true,"href":"https:\/\/snalc.org\/snalc2023\/index.php?rest_route=%2Fwp%2Fv2%2Fcategories&post=1032"},{"taxonomy":"post_tag","embeddable":true,"href":"https:\/\/snalc.org\/snalc2023\/index.php?rest_route=%2Fwp%2Fv2%2Ftags&post=1032"}],"curies":[{"name":"wp","href":"https:\/\/api.w.org\/{rel}","templated":true}]}}