{"id":1036,"date":"2023-02-16T10:52:59","date_gmt":"2023-02-16T09:52:59","guid":{"rendered":"https:\/\/snalc.org\/snalc2023\/?p=1036"},"modified":"2023-02-16T10:53:02","modified_gmt":"2023-02-16T09:53:02","slug":"14-fevrier-instance-de-concertation-sur-la-gestion-du-risque-covid-19-en-milieu-scolaire","status":"publish","type":"post","link":"https:\/\/snalc.org\/snalc2023\/?p=1036","title":{"rendered":"14 f\u00e9vrier : instance de concertation sur la gestion du risque Covid 19 en milieu scolaire"},"content":{"rendered":"\n\t\t\t\t<\/span>\n\t\t\t\t\t<\/span>\n\t\t\t\t\t\t\t\t<\/li>\n\t\t\t\t<\/ul>\n\t\t\t\t<\/div>\n\t\t\t\t<\/div>\n\t\t\t\t<div class=\"elementor-element elementor-element-57213923 elementor-widget elementor-widget-theme-post-featured-image elementor-widget-image\" data-id=\"57213923\" data-element_type=\"widget\" data-widget_type=\"theme-post-featured-image.default\">\n\t\t\t\t<div class=\"elementor-widget-container\">\n\t\t\t\t\t\t\t\t\t\t\t\t<figure class=\"wp-caption\">\n\t\t\t\t\t\t\t\t\t\t<img loading=\"lazy\" decoding=\"async\" src=\"https:\/\/snalc.fr\/wp-content\/uploads\/covid_istock_mixetto-252096710.jpg\" class=\"attachment-full size-full\" alt=\"\" loading=\"lazy\" srcset=\"https:\/\/snalc.fr\/wp-content\/uploads\/covid_istock_mixetto-252096710.jpg 2104w, https:\/\/snalc.fr\/wp-content\/uploads\/covid_istock_mixetto-252096710-300x220.jpg 300w, https:\/\/snalc.fr\/wp-content\/uploads\/covid_istock_mixetto-252096710-1024x751.jpg 1024w, https:\/\/snalc.fr\/wp-content\/uploads\/covid_istock_mixetto-252096710-768x563.jpg 768w, https:\/\/snalc.fr\/wp-content\/uploads\/covid_istock_mixetto-252096710-1536x1126.jpg 1536w, https:\/\/snalc.fr\/wp-content\/uploads\/covid_istock_mixetto-252096710-2048x1502.jpg 2048w\" sizes=\"auto, (max-width: 2104px) 100vw, 2104px\" width=\"2104\" height=\"1543\">\t\t\t\t\t\t\t\t\t\t\t<figcaption class=\"widget-image-caption wp-caption-text\">\u00a9 istock_mixetto-252096710<\/figcaption>\n\t\t\t\t\t\t\t\t\t\t<\/figure>\n\t\t\t\t\t\t\t\t\t<\/div>\n\t\t\t\t<\/div>\n\t\t\t\t<div class=\"elementor-element elementor-element-2987e2d0 elementor-widget elementor-widget-theme-post-content\" data-id=\"2987e2d0\" data-element_type=\"widget\" data-widget_type=\"theme-post-content.default\">\n\t\t\t\t<div class=\"elementor-widget-container\">\n\t\t\t\t\t<div data-elementor-type=\"wp-post\" data-elementor-id=\"24411\" class=\"elementor elementor-24411\">\n\t\t\t\t\t\t\t\t\t<section class=\"elementor-section elementor-top-section elementor-element elementor-element-2a845d0 elementor-section-boxed elementor-section-height-default elementor-section-height-default\" data-id=\"2a845d0\" data-element_type=\"section\">\n\t\t\t\t\t\t<div class=\"elementor-container elementor-column-gap-default\">\n\t\t\t\t\t<div class=\"elementor-column elementor-col-100 elementor-top-column elementor-element elementor-element-0d26a28\" data-id=\"0d26a28\" data-element_type=\"column\">\n\t\t\t<div class=\"elementor-widget-wrap elementor-element-populated\">\n\t\t\t\t\t\t\t\t<div class=\"elementor-element elementor-element-3d82fc3 elementor-widget elementor-widget-heading\" data-id=\"3d82fc3\" data-element_type=\"widget\" data-widget_type=\"heading.default\">\n\t\t\t\t<div class=\"elementor-widget-container\">\n\t\t\t<h4 class=\"elementor-heading-title elementor-size-default\">Compte rendu de la r\u00e9union du 14 f\u00e9vrier 2023<\/h4>\t\t<\/div>\n\t\t\t\t<\/div>\n\t\t\t\t<div class=\"elementor-element elementor-element-44c3a50 elementor-widget elementor-widget-spacer\" data-id=\"44c3a50\" data-element_type=\"widget\" data-widget_type=\"spacer.default\">\n\t\t\t\t<div class=\"elementor-widget-container\">\n\t\t\t\t\t<div class=\"elementor-spacer\">\n\t\t\t<div class=\"elementor-spacer-inner\"><\/div>\n\t\t<\/div>\n\t\t\t\t<\/div>\n\t\t\t\t<\/div>\n\t\t\t\t\t<\/div>\n\t\t<\/div>\n\t\t\t\t\t\t\t<\/div>\n\t\t<\/section>\n\t\t\t\t<section class=\"elementor-section elementor-top-section elementor-element elementor-element-3430735 elementor-section-boxed elementor-section-height-default elementor-section-height-default\" data-id=\"3430735\" data-element_type=\"section\">\n\t\t\t\t\t\t<div class=\"elementor-container elementor-column-gap-default\">\n\t\t\t\t\t<div class=\"elementor-column elementor-col-100 elementor-top-column elementor-element elementor-element-219f0f6\" data-id=\"219f0f6\" data-element_type=\"column\">\n\t\t\t<div class=\"elementor-widget-wrap elementor-element-populated\">\n\t\t\t\t\t\t\t\t<div class=\"elementor-element elementor-element-bee7195 elementor-widget elementor-widget-text-editor\" data-id=\"bee7195\" data-element_type=\"widget\" data-widget_type=\"text-editor.default\">\n\t\t\t\t<div class=\"elementor-widget-container\">\n\t\t\t\t\t\t\t<p><em><strong>Instance partenariale nationale de concertation sur la gestion du risque Covid 19 en milieu scolaire<\/strong><\/em><\/p>\t\t\t\t\t\t<\/div>\n\t\t\t\t<\/div>\n\t\t\t\t\t<\/div>\n\t\t<\/div>\n\t\t\t\t\t\t\t<\/div>\n\t\t<\/section>\n\t\t\t\t<section class=\"elementor-section elementor-top-section elementor-element elementor-element-ae62507 elementor-section-boxed elementor-section-height-default elementor-section-height-default\" data-id=\"ae62507\" data-element_type=\"section\">\n\t\t\t\t\t\t<div class=\"elementor-container elementor-column-gap-default\">\n\t\t\t\t\t<div class=\"elementor-column elementor-col-100 elementor-top-column elementor-element elementor-element-28ebcdc\" data-id=\"28ebcdc\" data-element_type=\"column\">\n\t\t\t<div class=\"elementor-widget-wrap elementor-element-populated\">\n\t\t\t\t\t\t\t\t<div class=\"elementor-element elementor-element-aa4e025 elementor-toc--minimized-on-tablet elementor-widget elementor-widget-table-of-contents\" data-id=\"aa4e025\" data-element_type=\"widget\" data-settings=\"{&quot;headings_by_tags&quot;:[&quot;h5&quot;],&quot;exclude_headings_by_selector&quot;:[],&quot;marker_view&quot;:&quot;bullets&quot;,&quot;icon&quot;:{&quot;value&quot;:&quot;fas fa-circle&quot;,&quot;library&quot;:&quot;fa-solid&quot;},&quot;minimize_box&quot;:&quot;yes&quot;,&quot;minimized_on&quot;:&quot;tablet&quot;,&quot;hierarchical_view&quot;:&quot;yes&quot;,&quot;min_height&quot;:{&quot;unit&quot;:&quot;px&quot;,&quot;size&quot;:&quot;&quot;,&quot;sizes&quot;:[]},&quot;min_height_tablet&quot;:{&quot;unit&quot;:&quot;px&quot;,&quot;size&quot;:&quot;&quot;,&quot;sizes&quot;:[]},&quot;min_height_mobile&quot;:{&quot;unit&quot;:&quot;px&quot;,&quot;size&quot;:&quot;&quot;,&quot;sizes&quot;:[]}}\" data-widget_type=\"table-of-contents.default\">\n\t\t\t\t<div class=\"elementor-widget-container\">\n\t\t\t\t\t<div class=\"elementor-toc__header\">\n\t\t\t<h4 class=\"elementor-toc__header-title\">\n\t\t\t\tAu sommaire\t\t\t<\/h4>\n\t\t\t\t\t\t\t<div class=\"elementor-toc__toggle-button elementor-toc__toggle-button--expand\"><i class=\"fas fa-chevron-down\"><\/i><\/div>\n\t\t\t\t<div class=\"elementor-toc__toggle-button elementor-toc__toggle-button--collapse\"><i class=\"fas fa-chevron-up\"><\/i><\/div>\n\t\t\t\t\t<\/div>\n\t\t<div class=\"elementor-toc__body\"><ul class=\"elementor-toc__list-wrapper\"><li class=\"elementor-toc__list-item\"><div class=\"elementor-toc__list-item-text-wrapper\"><i class=\"fas fa-circle\"><\/i><a href=\"#elementor-toc__heading-anchor-0\" class=\"elementor-toc__list-item-text elementor-toc__top-level\">Situation \u00e9pid\u00e9miologique <\/a><\/div><\/li><li class=\"elementor-toc__list-item\"><div class=\"elementor-toc__list-item-text-wrapper\"><i class=\"fas fa-circle\"><\/i><a href=\"#elementor-toc__heading-anchor-1\" class=\"elementor-toc__list-item-text elementor-toc__top-level\">Avis du Haut Conseil de la Sant\u00e9 Publique (HCSP) <\/a><\/div><\/li><li class=\"elementor-toc__list-item\"><div class=\"elementor-toc__list-item-text-wrapper\"><i class=\"fas fa-circle\"><\/i><a href=\"#elementor-toc__heading-anchor-2\" class=\"elementor-toc__list-item-text elementor-toc__top-level\">Intervention du Minist\u00e8re de l\u2019\u00c9ducation nationale<\/a><\/div><\/li><li class=\"elementor-toc__list-item\"><div class=\"elementor-toc__list-item-text-wrapper\"><i class=\"fas fa-circle\"><\/i><a href=\"#elementor-toc__heading-anchor-3\" class=\"elementor-toc__list-item-text elementor-toc__top-level\">L\u2019intervention du SNALC<\/a><\/div><\/li><li class=\"elementor-toc__list-item\"><div class=\"elementor-toc__list-item-text-wrapper\"><i class=\"fas fa-circle\"><\/i><a href=\"#elementor-toc__heading-anchor-4\" class=\"elementor-toc__list-item-text elementor-toc__top-level elementor-item-active\">\u00c9l\u00e9ments de r\u00e9ponses de l\u2019administration<\/a><\/div><\/li><\/ul><\/div>\n\t\t\t\t<\/div>\n\t\t\t\t<\/div>\n\t\t\t\t<div class=\"elementor-element elementor-element-4daa4d4 elementor-widget elementor-widget-spacer\" data-id=\"4daa4d4\" data-element_type=\"widget\" data-widget_type=\"spacer.default\">\n\t\t\t\t<div class=\"elementor-widget-container\">\n\t\t\t\t\t<div class=\"elementor-spacer\">\n\t\t\t<div class=\"elementor-spacer-inner\"><\/div>\n\t\t<\/div>\n\t\t\t\t<\/div>\n\t\t\t\t<\/div>\n\t\t\t\t\t<\/div>\n\t\t<\/div>\n\t\t\t\t\t\t\t<\/div>\n\t\t<\/section>\n\t\t\t\t<section class=\"elementor-section elementor-top-section elementor-element elementor-element-7d18b59 elementor-section-boxed elementor-section-height-default elementor-section-height-default\" data-id=\"7d18b59\" data-element_type=\"section\">\n\t\t\t\t\t\t<div class=\"elementor-container elementor-column-gap-default\">\n\t\t\t\t\t<div class=\"elementor-column elementor-col-100 elementor-top-column elementor-element elementor-element-8910c17\" data-id=\"8910c17\" data-element_type=\"column\">\n\t\t\t<div class=\"elementor-widget-wrap elementor-element-populated\">\n\t\t\t\t\t\t\t\t<div class=\"elementor-element elementor-element-10a24dc elementor-widget elementor-widget-heading\" data-id=\"10a24dc\" data-element_type=\"widget\" data-widget_type=\"heading.default\">\n\t\t\t\t<div class=\"elementor-widget-container\">\n\t\t\t<span id=\"elementor-toc__heading-anchor-0\" class=\"elementor-menu-anchor \"><\/span><h5 class=\"elementor-heading-title elementor-size-default\">Situation \u00e9pid\u00e9miologique <\/h5>\t\t<\/div>\n\t\t\t\t<\/div>\n\t\t\t\t<div class=\"elementor-element elementor-element-0c347f2 elementor-widget elementor-widget-text-editor\" data-id=\"0c347f2\" data-element_type=\"widget\" data-widget_type=\"text-editor.default\">\n\t\t\t\t<div class=\"elementor-widget-container\">\n\t\t\t\t\t\t\t<p><em>Minist\u00e8re des Solidarit\u00e9s et sant\u00e9, repr\u00e9sent\u00e9 par le Dr Cl\u00e9ment Lazarus<\/em><\/p><p>La situation est pr\u00e9sent\u00e9e \u00e0 partir de diff\u00e9rentes donn\u00e9es r\u00e9centes (essentiellement au 7 f\u00e9vrier). Au niveau national, tous les indicateurs \u00e9pid\u00e9miologiques restent \u00e0 des niveaux bas et \u00e9voquent une circulation virale r\u00e9duite&nbsp;(ex&nbsp;: le taux d\u2019incidence de 32,5 (-14,7%). Il en va de m\u00eame pour le nombre d\u2019hospitalisations ( -15% \u00e0 propos des admissions hospitali\u00e8res sur 7 jours).<\/p><p>La circulation virale atteint des niveaux \u00abtr\u00e8s bas<strong>\u00bb <\/strong>chez les classes d\u2019\u00e2ge scolaires, de 17 ans et moins ( taux d\u2019incidence inf\u00e9rieurs \u00e0 20 pour 100&nbsp;000)<\/p><p>Ce tableau, tr\u00e8s rassurant, est toutefois \u00e0 relativiser car le recours au d\u00e9pistage est plus faible.<\/p><p>La surveillance de l\u2019\u00e9pid\u00e9mie de Covid-19 est d\u00e9sormais int\u00e9gr\u00e9e \u00e0 celle des IRA\/GEA (infections respiratoires aigu\u00ebs et de gastro-ent\u00e9rites aigu\u00ebs) (grippes, gastro\u2026)<\/p>\t\t\t\t\t\t<\/div>\n\t\t\t\t<\/div>\n\t\t\t\t<div class=\"elementor-element elementor-element-8d46fbb elementor-widget elementor-widget-spacer\" data-id=\"8d46fbb\" data-element_type=\"widget\" data-widget_type=\"spacer.default\">\n\t\t\t\t<div class=\"elementor-widget-container\">\n\t\t\t\t\t<div class=\"elementor-spacer\">\n\t\t\t<div class=\"elementor-spacer-inner\"><\/div>\n\t\t<\/div>\n\t\t\t\t<\/div>\n\t\t\t\t<\/div>\n\t\t\t\t\t<\/div>\n\t\t<\/div>\n\t\t\t\t\t\t\t<\/div>\n\t\t<\/section>\n\t\t\t\t<section class=\"elementor-section elementor-top-section elementor-element elementor-element-8fc43af elementor-section-boxed elementor-section-height-default elementor-section-height-default\" data-id=\"8fc43af\" data-element_type=\"section\">\n\t\t\t\t\t\t<div class=\"elementor-container elementor-column-gap-default\">\n\t\t\t\t\t<div class=\"elementor-column elementor-col-100 elementor-top-column elementor-element elementor-element-158be7a\" data-id=\"158be7a\" data-element_type=\"column\">\n\t\t\t<div class=\"elementor-widget-wrap elementor-element-populated\">\n\t\t\t\t\t\t\t\t<div class=\"elementor-element elementor-element-f4fa4e0 elementor-widget elementor-widget-heading\" data-id=\"f4fa4e0\" data-element_type=\"widget\" data-widget_type=\"heading.default\">\n\t\t\t\t<div class=\"elementor-widget-container\">\n\t\t\t<span id=\"elementor-toc__heading-anchor-1\" class=\"elementor-menu-anchor \"><\/span><h5 class=\"elementor-heading-title elementor-size-default\">Avis du Haut Conseil de la Sant\u00e9 Publique (HCSP) <\/h5>\t\t<\/div>\n\t\t\t\t<\/div>\n\t\t\t\t<div class=\"elementor-element elementor-element-7dad17c elementor-widget elementor-widget-text-editor\" data-id=\"7dad17c\" data-element_type=\"widget\" data-widget_type=\"text-editor.default\">\n\t\t\t\t<div class=\"elementor-widget-container\">\n\t\t\t\t\t\t\t<p><em>Pr Didier Lepelletier, pr\u00e9sident du HCSP<\/em><\/p><p><strong>R\u00e9flexions bas\u00e9es sur les deux avis du HCSP du 15 juin 2022 et 26 janvier 2023<\/strong><\/p><p>Il est d\u00e9sormais souhaitable&nbsp;:<\/p><ul><li>de promouvoir dans la population g\u00e9n\u00e9rale de nouvelles r\u00e8gles \u00ab universelles d\u2019hygi\u00e8ne respiratoire \u00bb post-Covid-19<\/li><li>de maintenir l\u2019application de l\u2019ensemble des mesures barri\u00e8res chez les personnes pr\u00e9sentant des sympt\u00f4mes d\u2019infection respiratoire aigu\u00eb et dans la population g\u00e9n\u00e9rale dans les lieux confin\u00e9s et clos avec une forte densit\u00e9 de personnes<\/li><\/ul><p>Les strat\u00e9gies adopt\u00e9es en population g\u00e9n\u00e9rale peuvent \u00eatre appliqu\u00e9es en milieu scolaire.<\/p><p><strong>Le HCSP travaille actuellement sur un guide de mesures universelles d\u2019hygi\u00e8ne<\/strong><\/p>\t\t\t\t\t\t<\/div>\n\t\t\t\t<\/div>\n\t\t\t\t<div class=\"elementor-element elementor-element-f1a2f70 elementor-widget elementor-widget-spacer\" data-id=\"f1a2f70\" data-element_type=\"widget\" data-widget_type=\"spacer.default\">\n\t\t\t\t<div class=\"elementor-widget-container\">\n\t\t\t\t\t<div class=\"elementor-spacer\">\n\t\t\t<div class=\"elementor-spacer-inner\"><\/div>\n\t\t<\/div>\n\t\t\t\t<\/div>\n\t\t\t\t<\/div>\n\t\t\t\t\t<\/div>\n\t\t<\/div>\n\t\t\t\t\t\t\t<\/div>\n\t\t<\/section>\n\t\t\t\t<section class=\"elementor-section elementor-top-section elementor-element elementor-element-eb3509c elementor-section-boxed elementor-section-height-default elementor-section-height-default\" data-id=\"eb3509c\" data-element_type=\"section\">\n\t\t\t\t\t\t<div class=\"elementor-container elementor-column-gap-default\">\n\t\t\t\t\t<div class=\"elementor-column elementor-col-100 elementor-top-column elementor-element elementor-element-df5a999\" data-id=\"df5a999\" data-element_type=\"column\">\n\t\t\t<div class=\"elementor-widget-wrap elementor-element-populated\">\n\t\t\t\t\t\t\t\t<div class=\"elementor-element elementor-element-d0716dc elementor-widget elementor-widget-heading\" data-id=\"d0716dc\" data-element_type=\"widget\" data-widget_type=\"heading.default\">\n\t\t\t\t<div class=\"elementor-widget-container\">\n\t\t\t<span id=\"elementor-toc__heading-anchor-2\" class=\"elementor-menu-anchor \"><\/span><h5 class=\"elementor-heading-title elementor-size-default\">Intervention du Minist\u00e8re de l\u2019\u00c9ducation nationale<\/h5>\t\t<\/div>\n\t\t\t\t<\/div>\n\t\t\t\t<div class=\"elementor-element elementor-element-b4e6177 elementor-widget elementor-widget-text-editor\" data-id=\"b4e6177\" data-element_type=\"widget\" data-widget_type=\"text-editor.default\">\n\t\t\t\t<div class=\"elementor-widget-container\">\n\t\t\t\t\t\t\t<ul><li>Rappel de la note de service du 3 f\u00e9vrier 2023 relative \u00e0 la situation des personnels au regard de l\u2019\u00e9volution de l\u2019\u00e9pid\u00e9mie \u00e0 SARS-CoV2 (applicable au 1<sup>er<\/sup> f\u00e9vrier).<\/li><li style=\"text-align: left;\"><em>Publication au bulletin officiel n\u00b06 du 9 f\u00e9vrier 2023 : <\/em><a href=\"https:\/\/www.education.gouv.fr\/bo\/23\/Hebdo6\/MENH2303637N.htm\">https:\/\/www.education.gouv.fr\/bo\/23\/Hebdo6\/MENH2303637N.htm<\/a><\/li><\/ul><ul><li>Suspension du cadre sanitaire pour l\u2019ann\u00e9e scolaire 2022-2023 (peut \u00eatre r\u00e9activ\u00e9 si besoin)<\/li><li>Mise en \u0153uvre des recommandations g\u00e9n\u00e9rales d\u00e9finies par le minist\u00e8re charg\u00e9 de la sant\u00e9 (lavage des mains, a\u00e9ration r\u00e9guli\u00e8re, etc\u2026)<\/li><\/ul>\t\t\t\t\t\t<\/div>\n\t\t\t\t<\/div>\n\t\t\t\t<div class=\"elementor-element elementor-element-c9e9188 elementor-widget elementor-widget-spacer\" data-id=\"c9e9188\" data-element_type=\"widget\" data-widget_type=\"spacer.default\">\n\t\t\t\t<div class=\"elementor-widget-container\">\n\t\t\t\t\t<div class=\"elementor-spacer\">\n\t\t\t<div class=\"elementor-spacer-inner\"><\/div>\n\t\t<\/div>\n\t\t\t\t<\/div>\n\t\t\t\t<\/div>\n\t\t\t\t\t<\/div>\n\t\t<\/div>\n\t\t\t\t\t\t\t<\/div>\n\t\t<\/section>\n\t\t\t\t<section class=\"elementor-section elementor-top-section elementor-element elementor-element-be4d85e elementor-section-boxed elementor-section-height-default elementor-section-height-default\" data-id=\"be4d85e\" data-element_type=\"section\">\n\t\t\t\t\t\t<div class=\"elementor-container elementor-column-gap-default\">\n\t\t\t\t\t<div class=\"elementor-column elementor-col-100 elementor-top-column elementor-element elementor-element-45ed428\" data-id=\"45ed428\" data-element_type=\"column\">\n\t\t\t<div class=\"elementor-widget-wrap elementor-element-populated\">\n\t\t\t\t\t\t\t\t<div class=\"elementor-element elementor-element-13f341d elementor-widget elementor-widget-heading\" data-id=\"13f341d\" data-element_type=\"widget\" data-widget_type=\"heading.default\">\n\t\t\t\t<div class=\"elementor-widget-container\">\n\t\t\t<span id=\"elementor-toc__heading-anchor-3\" class=\"elementor-menu-anchor \"><\/span><h5 class=\"elementor-heading-title elementor-size-default\">L\u2019intervention du SNALC<\/h5>\t\t<\/div>\n\t\t\t\t<\/div>\n\t\t\t\t<div class=\"elementor-element elementor-element-74b37a4 elementor-widget elementor-widget-text-editor\" data-id=\"74b37a4\" data-element_type=\"widget\" data-widget_type=\"text-editor.default\">\n\t\t\t\t<div class=\"elementor-widget-container\">\n\t\t\t\t\t\t\t<p>Le SNALC, par la voix de son pr\u00e9sident, remercie tout d\u2019abord l\u2019administration pour la qualit\u00e9 de la transmission de l\u2019information.<\/p><p>Le SNALC insiste ensuite sur la question de la r\u00e9int\u00e9gration des personnels vuln\u00e9rables. Il est \u00e9vident qu\u2019il faut faire quelque chose au niveau RH, avec des consignes g\u00e9n\u00e9rales adress\u00e9es \u00e0 chaque rectorat.<\/p><p>Le SNALC \u00e9voque ensuite la suspension des Psy-EN&nbsp;ayant refus\u00e9s la vaccination obligatoire., rappelant que les psychologues de l\u2019\u00e9ducation nationale ne fonctionnent pas comme les autres personnels de sant\u00e9 et qu\u2019il aurait vraiment bien de prendre en consid\u00e9ration ces diff\u00e9rences<\/p><p>Le SNALC aborde apr\u00e8s la question de l\u2019a\u00e9ration des locaux scolaires, d\u00e9plorant le ping-pong incessant entre l\u2019Etat et les collectivit\u00e9s (capteurs par exemple). La question de l\u2019a\u00e9ration d\u00e9passe la probl\u00e9matique du Covid. Il faut se donner les moyens et une v\u00e9ritable politique en la mati\u00e8re.<\/p><p>Enfin, le SNALC termine par un mot sur les masques. Hors \u00e9v\u00e9nement exceptionnel, il appara\u00eet tr\u00e8s difficile de retourner un jour \u00e0 une doctrine \u00ab&nbsp;masques&nbsp;\u00bb de fa\u00e7on collective. Nous y sommes d\u00e9favorables, vu les difficult\u00e9s engendr\u00e9es.<\/p>\t\t\t\t\t\t<\/div>\n\t\t\t\t<\/div>\n\t\t\t\t<div class=\"elementor-element elementor-element-c8190a2 elementor-widget elementor-widget-spacer\" data-id=\"c8190a2\" data-element_type=\"widget\" data-widget_type=\"spacer.default\">\n\t\t\t\t<div class=\"elementor-widget-container\">\n\t\t\t\t\t<div class=\"elementor-spacer\">\n\t\t\t<div class=\"elementor-spacer-inner\"><\/div>\n\t\t<\/div>\n\t\t\t\t<\/div>\n\t\t\t\t<\/div>\n\t\t\t\t\t<\/div>\n\t\t<\/div>\n\t\t\t\t\t\t\t<\/div>\n\t\t<\/section>\n\t\t\t\t<section class=\"elementor-section elementor-top-section elementor-element elementor-element-c799a44 elementor-section-boxed elementor-section-height-default elementor-section-height-default\" data-id=\"c799a44\" data-element_type=\"section\">\n\t\t\t\t\t\t<div class=\"elementor-container elementor-column-gap-default\">\n\t\t\t\t\t<div class=\"elementor-column elementor-col-100 elementor-top-column elementor-element elementor-element-4f9e3b6\" data-id=\"4f9e3b6\" data-element_type=\"column\">\n\t\t\t<div class=\"elementor-widget-wrap elementor-element-populated\">\n\t\t\t\t\t\t\t\t<div class=\"elementor-element elementor-element-e06decd elementor-widget elementor-widget-heading\" data-id=\"e06decd\" data-element_type=\"widget\" data-widget_type=\"heading.default\">\n\t\t\t\t<div class=\"elementor-widget-container\">\n\t\t\t<span id=\"elementor-toc__heading-anchor-4\" class=\"elementor-menu-anchor \"><\/span><h5 class=\"elementor-heading-title elementor-size-default\">\u00c9l\u00e9ments de r\u00e9ponses de l\u2019administration<\/h5>\t\t<\/div>\n\t\t\t\t<\/div>\n\t\t\t\t<div class=\"elementor-element elementor-element-8f27f84 elementor-widget elementor-widget-text-editor\" data-id=\"8f27f84\" data-element_type=\"widget\" data-widget_type=\"text-editor.default\">\n\t\t\t\t<div class=\"elementor-widget-container\">\n\t\t\t\t\t\t\t<ul><li>Insiste sur l\u2019importance du guide en cours d\u2019\u00e9laboration.<\/li><li>Il est n\u00e9cessaire d\u2019accompagner les personnels vuln\u00e9rables plac\u00e9s en ASA (entre 800 et 1000 fin janvier) pour un retour sur poste ou une demande de r\u00e9orientation professionnelle. Une attention particuli\u00e8re au niveau RH sera de mise.<\/li><li>Les personnels pourront continuer \u00e0 recevoir des masques de la part de l\u2019employeur (dont FFP2 pour les personnels vuln\u00e9rables)<\/li><li>Les personnels vuln\u00e9rables sont incit\u00e9s \u00e0 prendre RDV avec le m\u00e9decin de pr\u00e9vention pour d\u2019\u00e9ventuels am\u00e9nagements.<\/li><li>Pas d\u2019\u00e9l\u00e9ments de r\u00e9ponse par rapport \u00e0 la situation des Psy-EN<\/li><li>D\u2019accord avec le SNALC sur la question de l\u2019a\u00e9ration.<\/li><\/ul>\t\t\t\t\t\t<\/div>\n\t\t\t\t<\/div>\n\t\t\t\t<div class=\"elementor-element elementor-element-7cdbf87 elementor-widget elementor-widget-spacer\" data-id=\"7cdbf87\" data-element_type=\"widget\" data-widget_type=\"spacer.default\">\n\t\t\t\t<div class=\"elementor-widget-container\">\n\t\t\t\t\t<div class=\"elementor-spacer\">\n\t\t\t<div class=\"elementor-spacer-inner\">\n","protected":false},"excerpt":{"rendered":"<p>\u00a9 istock_mixetto-252096710 Compte rendu de la r\u00e9union du 14 f\u00e9vrier 2023 Instance partenariale nationale de concertation sur la gestion du risque Covid 19 en milieu scolaire Au sommaire Situation \u00e9pid\u00e9miologique [&hellip;]<\/p>\n","protected":false},"author":1,"featured_media":0,"comment_status":"closed","ping_status":"closed","sticky":false,"template":"","format":"standard","meta":{"_lmt_disableupdate":"","_lmt_disable":"","site-sidebar-layout":"default","site-content-layout":"","ast-site-content-layout":"default","site-content-style":"default","site-sidebar-style":"default","ast-global-header-display":"","ast-banner-title-visibility":"","ast-main-header-display":"","ast-hfb-above-header-display":"","ast-hfb-below-header-display":"","ast-hfb-mobile-header-display":"","site-post-title":"","ast-breadcrumbs-content":"","ast-featured-img":"","footer-sml-layout":"","ast-disable-related-posts":"","theme-transparent-header-meta":"","adv-header-id-meta":"","stick-header-meta":"","header-above-stick-meta":"","header-main-stick-meta":"","header-below-stick-meta":"","astra-migrate-meta-layouts":"default","ast-page-background-enabled":"default","ast-page-background-meta":{"desktop":{"background-color":"var(--ast-global-color-4)","background-image":"","background-repeat":"repeat","background-position":"center center","background-size":"auto","background-attachment":"scroll","background-type":"","background-media":"","overlay-type":"","overlay-color":"","overlay-opacity":"","overlay-gradient":""},"tablet":{"background-color":"","background-image":"","background-repeat":"repeat","background-position":"center center","background-size":"auto","background-attachment":"scroll","background-type":"","background-media":"","overlay-type":"","overlay-color":"","overlay-opacity":"","overlay-gradient":""},"mobile":{"background-color":"","background-image":"","background-repeat":"repeat","background-position":"center center","background-size":"auto","background-attachment":"scroll","background-type":"","background-media":"","overlay-type":"","overlay-color":"","overlay-opacity":"","overlay-gradient":""}},"ast-content-background-meta":{"desktop":{"background-color":"var(--ast-global-color-5)","background-image":"","background-repeat":"repeat","background-position":"center center","background-size":"auto","background-attachment":"scroll","background-type":"","background-media":"","overlay-type":"","overlay-color":"","overlay-opacity":"","overlay-gradient":""},"tablet":{"background-color":"var(--ast-global-color-5)","background-image":"","background-repeat":"repeat","background-position":"center center","background-size":"auto","background-attachment":"scroll","background-type":"","background-media":"","overlay-type":"","overlay-color":"","overlay-opacity":"","overlay-gradient":""},"mobile":{"background-color":"var(--ast-global-color-5)","background-image":"","background-repeat":"repeat","background-position":"center center","background-size":"auto","background-attachment":"scroll","background-type":"","background-media":"","overlay-type":"","overlay-color":"","overlay-opacity":"","overlay-gradient":""}},"footnotes":""},"categories":[31,26],"tags":[],"class_list":["post-1036","post","type-post","status-publish","format-standard","hentry","category-actualites-2022-2023","category-conditions-de-travail-sante"],"modified_by":"slecourtier","_links":{"self":[{"href":"https:\/\/snalc.org\/snalc2023\/index.php?rest_route=\/wp\/v2\/posts\/1036","targetHints":{"allow":["GET"]}}],"collection":[{"href":"https:\/\/snalc.org\/snalc2023\/index.php?rest_route=\/wp\/v2\/posts"}],"about":[{"href":"https:\/\/snalc.org\/snalc2023\/index.php?rest_route=\/wp\/v2\/types\/post"}],"author":[{"embeddable":true,"href":"https:\/\/snalc.org\/snalc2023\/index.php?rest_route=\/wp\/v2\/users\/1"}],"replies":[{"embeddable":true,"href":"https:\/\/snalc.org\/snalc2023\/index.php?rest_route=%2Fwp%2Fv2%2Fcomments&post=1036"}],"version-history":[{"count":1,"href":"https:\/\/snalc.org\/snalc2023\/index.php?rest_route=\/wp\/v2\/posts\/1036\/revisions"}],"predecessor-version":[{"id":1037,"href":"https:\/\/snalc.org\/snalc2023\/index.php?rest_route=\/wp\/v2\/posts\/1036\/revisions\/1037"}],"wp:attachment":[{"href":"https:\/\/snalc.org\/snalc2023\/index.php?rest_route=%2Fwp%2Fv2%2Fmedia&parent=1036"}],"wp:term":[{"taxonomy":"category","embeddable":true,"href":"https:\/\/snalc.org\/snalc2023\/index.php?rest_route=%2Fwp%2Fv2%2Fcategories&post=1036"},{"taxonomy":"post_tag","embeddable":true,"href":"https:\/\/snalc.org\/snalc2023\/index.php?rest_route=%2Fwp%2Fv2%2Ftags&post=1036"}],"curies":[{"name":"wp","href":"https:\/\/api.w.org\/{rel}","templated":true}]}}