{"id":1081,"date":"2023-02-18T17:49:58","date_gmt":"2023-02-18T16:49:58","guid":{"rendered":"https:\/\/snalc.org\/snalc2023\/?p=1081"},"modified":"2023-02-18T21:55:39","modified_gmt":"2023-02-18T20:55:39","slug":"aesh-le-snalc-sadresse-aux-parlementaires","status":"publish","type":"post","link":"https:\/\/snalc.org\/snalc2023\/?p=1081","title":{"rendered":"AESH : le SNALC s\u2019adresse aux parlementaires"},"content":{"rendered":"\n<\/span>\n\t\t\t\t\t<\/span>\n\t\t\t\t\t\t\t\t<\/li>\n\t\t\t\t<\/ul>\n\t\t\t\t<\/div>\n\t\t\t\t<\/div>\n\t\t\t\t<div class=\"elementor-element elementor-element-57213923 elementor-widget elementor-widget-theme-post-featured-image elementor-widget-image\" data-id=\"57213923\" data-element_type=\"widget\" data-widget_type=\"theme-post-featured-image.default\">\n\t\t\t\t<div class=\"elementor-widget-container\">\n\t\t\t\t\t\t\t\t\t\t\t\t<figure class=\"wp-caption\">\n\t\t\t\t\t\t\t\t\t\t<img loading=\"lazy\" decoding=\"async\" src=\"https:\/\/snalc.fr\/wp-content\/uploads\/assembleenationale_orphea.jpg\" class=\"attachment-full size-full\" alt=\"\" loading=\"lazy\" srcset=\"https:\/\/snalc.fr\/wp-content\/uploads\/assembleenationale_orphea.jpg 640w, https:\/\/snalc.fr\/wp-content\/uploads\/assembleenationale_orphea-300x210.jpg 300w\" sizes=\"auto, (max-width: 640px) 100vw, 640px\" width=\"640\" height=\"448\">\t\t\t\t\t\t\t\t\t\t\t<figcaption class=\"widget-image-caption wp-caption-text\">\u00a9 Palais Bourbon<\/figcaption>\n\t\t\t\t\t\t\t\t\t\t<\/figure>\n\t\t\t\t\t\t\t\t\t<\/div>\n\t\t\t\t<\/div>\n\t\t\t\t<div class=\"elementor-element elementor-element-2987e2d0 elementor-widget elementor-widget-theme-post-content\" data-id=\"2987e2d0\" data-element_type=\"widget\" data-widget_type=\"theme-post-content.default\">\n\t\t\t\t<div class=\"elementor-widget-container\">\n\t\t\t\t\t<div data-elementor-type=\"wp-post\" data-elementor-id=\"24472\" class=\"elementor elementor-24472\">\n\t\t\t\t\t\t\t\t\t<section class=\"elementor-section elementor-top-section elementor-element elementor-element-cfa4d11 elementor-section-boxed elementor-section-height-default elementor-section-height-default\" data-id=\"cfa4d11\" data-element_type=\"section\">\n\t\t\t\t\t\t<div class=\"elementor-container elementor-column-gap-default\">\n\t\t\t\t\t<div class=\"elementor-column elementor-col-100 elementor-top-column elementor-element elementor-element-4d97f09\" data-id=\"4d97f09\" data-element_type=\"column\">\n\t\t\t<div class=\"elementor-widget-wrap elementor-element-populated\">\n\t\t\t\t\t\t\t\t<div class=\"elementor-element elementor-element-749753f elementor-widget elementor-widget-text-editor\" data-id=\"749753f\" data-element_type=\"widget\" data-widget_type=\"text-editor.default\">\n\t\t\t\t<div class=\"elementor-widget-container\">\n\t\t\t\t\t\t\t<p><em>Courrier du SNALC adress\u00e9 le 15 f\u00e9vrier 2023 au s\u00e9nateurs et d\u00e9put\u00e9s fran\u00e7ais<\/em><\/p>\t\t\t\t\t\t<\/div>\n\t\t\t\t<\/div>\n\t\t\t\t\t<\/div>\n\t\t<\/div>\n\t\t\t\t\t\t\t<\/div>\n\t\t<\/section>\n\t\t\t\t<section class=\"elementor-section elementor-top-section elementor-element elementor-element-86fabce elementor-section-boxed elementor-section-height-default elementor-section-height-default\" data-id=\"86fabce\" data-element_type=\"section\">\n\t\t\t\t\t\t<div class=\"elementor-container elementor-column-gap-default\">\n\t\t\t\t\t<div class=\"elementor-column elementor-col-100 elementor-top-column elementor-element elementor-element-6a846cd\" data-id=\"6a846cd\" data-element_type=\"column\">\n\t\t\t<div class=\"elementor-widget-wrap elementor-element-populated\">\n\t\t\t\t\t\t\t\t<div class=\"elementor-element elementor-element-a46537a elementor-widget elementor-widget-text-editor\" data-id=\"a46537a\" data-element_type=\"widget\" data-widget_type=\"text-editor.default\">\n\t\t\t\t<div class=\"elementor-widget-container\">\n\t\t\t\t\t\t\t<p>Mesdames et Messieurs les d\u00e9put\u00e9s,<\/p><p>Mesdames et Messieurs les s\u00e9nateurs,<\/p><p>&nbsp;<\/p><p>Si le temps parlementaire est \u00e0 l\u2019\u00e9tude du projet de r\u00e9forme des retraites, le SNALC souhaite vous interpeller sur la situation des AESH, notamment financi\u00e8re, qui aurait par ailleurs des impacts extr\u00eamement dommageables sur le montant de leurs pensions de retraite si ce projet venait \u00e0 \u00eatre adopt\u00e9.<\/p><p>Entr\u00e9e en application le 1<sup>er<\/sup> septembre 2021, la grille indiciaire des AESH est devenue totalement obsol\u00e8te en moins d\u2019un an. Actuellement, seulement 2 points d\u2019indice s\u00e9parent une ou un AESH en CDI dans sa 9<sup>\u00e8me<\/sup>&nbsp;ann\u00e9e d\u2019exercice d\u2019une ou d\u2019un AESH dans sa 1<sup>\u00e8re<\/sup>&nbsp;ann\u00e9e de CDD, alors qu\u2019\u00e0 l\u2019entr\u00e9e en vigueur de la grille cet \u00e9cart \u00e9tait de 20 points. Les deux premiers \u00e9chelons (indice major\u00e9 353 depuis le 1<sup>er<\/sup> janvier 2023) correspondent aujourd\u2019hui au traitement minimum dans la Fonction publique.<\/p><p>Par cons\u00e9quent, dans le contexte tr\u00e8s inflationniste actuel, les AESH sont plong\u00e9s dans une grande pauvret\u00e9. Le tassement de la grille supprime&nbsp;toute r\u00e9\u00e9valuation et la reconnaissance de l\u2019exp\u00e9rience professionnelle pour ces personnels.<\/p><p>Pour le SNALC, bien que revendiquant \u00e0 terme pour les AESH, un statut de fonctionnaire de cat\u00e9gorie B, l\u2019urgence est autant \u00e0 la r\u00e9forme des retraites qu\u2019\u00e0 une refonte de leur grille de r\u00e9mun\u00e9ration pour vivre d\u00e9cemment de leur travail.<\/p><p>De plus, le temps incomplet \u2013 par d\u00e9finition impos\u00e9 aux AESH par des choix acad\u00e9miques \u2013 signifie salaire incomplet, et pour la grande majorit\u00e9, SMIC incomplet. Cela doit cesser d\u2019\u00eatre la norme.<\/p><p>Ces temps incomplets diminuent d\u2019autant plus les montants des primes REP et REP+, qui sont d\u00e9j\u00e0 injustement minor\u00e9s de 36,2% par rapport \u00e0 ceux des autres cat\u00e9gories de personnels.<\/p><p>Par ailleurs, le SNALC d\u00e9plore que les droits des AESH soient bafou\u00e9s par certains employeurs, qui sont soit des \u00e9tablissements, soit des DSDEN, mais sous l\u2019autorit\u00e9 des rectorats et <em>in fine<\/em> du ministre de l\u2019Education nationale.<\/p><p>Ainsi, les dispositions de la circulaire 2019-090 du 5&nbsp;juin 2019 d\u00e9finissant le cadre de gestion des AESH, notamment celle relative au calcul de la quotit\u00e9 de service (paragraphe 3.4 de ladite circulaire), ne sont toujours pas appliqu\u00e9es dans les acad\u00e9mies de Versailles, Reims, Besan\u00e7on, et Nice&nbsp;: nombre d\u2019AESH sont r\u00e9mun\u00e9r\u00e9s pour une quotit\u00e9 inf\u00e9rieure \u00e0 celle correspondant \u00e0 leur temps de travail.<\/p><p>Par ailleurs, pr\u00e9vues \u00e0 l\u2019article 1er du d\u00e9cret n\u00b0 84-972 du 26 octobre 1984, les heures de fractionnement ne sont pas accord\u00e9es aux AESH dans toutes les acad\u00e9mies.<\/p><p>Pour le SNALC, les droits des AESH doivent \u00eatre respect\u00e9s sur tout le territoire et les in\u00e9galit\u00e9s de traitement d\u2019une acad\u00e9mie \u00e0 l\u2019autre, voire d\u2019un d\u00e9partement \u00e0 l\u2019autre, doivent cesser.<\/p><p>Enfin, les PIAL n\u2019ont fait que d\u00e9grader les conditions de travail de ces agents, au point de devenir quasi insoutenables, engendrant une grande souffrance au travail, pouvant aller jusqu\u2019au burn-out, \u00e0 la perte d\u2019un second emploi \u2013 pourtant si essentiel financi\u00e8rement \u2013 voire parfois jusqu\u2019\u00e0 la d\u00e9mission.<\/p><p>Le manque de formations initiale et continue, alors que les accompagnements sont de plus en plus compliqu\u00e9s, faute de places dans les structures sp\u00e9cialis\u00e9es pour \u00e9l\u00e8ves en situation de handicap aggrave leur mal-\u00eatre, voire leur d\u00e9tresse au travail.&nbsp;<\/p><p>Or, les AESH sont indispensables \u00e0 la r\u00e9ussite de la scolarisation des \u00e9l\u00e8ves en situation de handicap. Sans AESH, il n\u2019y aurait pas d\u2019\u00e9cole inclusive&nbsp;!<\/p><p>Les conditions d\u2019emploi et de travail des AESH sont inacceptables. Le SNALC vous remercie d\u2019interpeller le ministre de l\u2019Education nationale sur l\u2019urgence \u00e0 am\u00e9liorer sensiblement la situation professionnelle des AESH, et reste \u00e0 votre disposition pour r\u00e9pondre \u00e0 vos interrogations.<\/p><p>Dans l\u2019attente d\u2019un accueil favorable \u00e0 notre requ\u00eate, le SNALC vous prie de bien vouloir agr\u00e9er, mesdames, messieurs, membres du Parlement, l\u2019expression de son attachement sinc\u00e8re \u00e0 la d\u00e9fense des AESH.<\/p>\t\t\t\t\t\t<\/div>\n\t\t\t\t<\/div>\n\t\t\t\t\t<\/div>\n\t\t<\/div>\n\t\t\t\t\t\t\t<\/div>\n\t\t<\/section>\n\t\t\t\t<section class=\"elementor-section elementor-top-section elementor-element elementor-element-65f020d elementor-section-boxed elementor-section-height-default elementor-section-height-default\" data-id=\"65f020d\" data-element_type=\"section\">\n\t\t\t\t\t\t<div class=\"elementor-container elementor-column-gap-default\">\n\t\t\t\t\t<div class=\"elementor-column elementor-col-100 elementor-top-column elementor-element elementor-element-873ff31\" data-id=\"873ff31\" data-element_type=\"column\">\n\t\t\t<div class=\"elementor-widget-wrap elementor-element-populated\">\n\t\t\t\t\t\t\t\t<div class=\"elementor-element elementor-element-79ecd7b elementor-align-center elementor-widget elementor-widget-button\" data-id=\"79ecd7b\" data-element_type=\"widget\" data-widget_type=\"button.default\">\n\t\t\t\t<div class=\"elementor-widget-container\">\n\t\t\t\t\t<div class=\"elementor-button-wrapper\">\n\t\t\t<a href=\"https:\/\/snalc.fr\/wp-content\/uploads\/AESH_lettre_parlement_20230216.pdf\" class=\"elementor-button-link elementor-button elementor-size-sm\" role=\"button\">\n\t\t\t\t\t\t<span class=\"elementor-button-content-wrapper\">\n\t\t\t\t\t\t\t<span class=\"elementor-button-icon elementor-align-icon-left\">\n\t\t\t\t<i aria-hidden=\"true\" class=\"fas fa-file-download\"><\/i>\t\t\t<\/span>\n\t\t\t\t\t\t<span class=\"elementor-button-text\">T\u00e9l\u00e9charger<\/span>\n","protected":false},"excerpt":{"rendered":"<p>\u00a9 Palais Bourbon Courrier du SNALC adress\u00e9 le 15 f\u00e9vrier 2023 au s\u00e9nateurs et d\u00e9put\u00e9s fran\u00e7ais Mesdames et Messieurs les d\u00e9put\u00e9s, Mesdames et Messieurs les s\u00e9nateurs, &nbsp; Si le temps [&hellip;]<\/p>\n","protected":false},"author":1,"featured_media":0,"comment_status":"closed","ping_status":"closed","sticky":false,"template":"","format":"standard","meta":{"_lmt_disableupdate":"","_lmt_disable":"","site-sidebar-layout":"default","site-content-layout":"","ast-site-content-layout":"default","site-content-style":"default","site-sidebar-style":"default","ast-global-header-display":"","ast-banner-title-visibility":"","ast-main-header-display":"","ast-hfb-above-header-display":"","ast-hfb-below-header-display":"","ast-hfb-mobile-header-display":"","site-post-title":"","ast-breadcrumbs-content":"","ast-featured-img":"","footer-sml-layout":"","ast-disable-related-posts":"","theme-transparent-header-meta":"","adv-header-id-meta":"","stick-header-meta":"","header-above-stick-meta":"","header-main-stick-meta":"","header-below-stick-meta":"","astra-migrate-meta-layouts":"default","ast-page-background-enabled":"default","ast-page-background-meta":{"desktop":{"background-color":"var(--ast-global-color-4)","background-image":"","background-repeat":"repeat","background-position":"center center","background-size":"auto","background-attachment":"scroll","background-type":"","background-media":"","overlay-type":"","overlay-color":"","overlay-opacity":"","overlay-gradient":""},"tablet":{"background-color":"","background-image":"","background-repeat":"repeat","background-position":"center center","background-size":"auto","background-attachment":"scroll","background-type":"","background-media":"","overlay-type":"","overlay-color":"","overlay-opacity":"","overlay-gradient":""},"mobile":{"background-color":"","background-image":"","background-repeat":"repeat","background-position":"center center","background-size":"auto","background-attachment":"scroll","background-type":"","background-media":"","overlay-type":"","overlay-color":"","overlay-opacity":"","overlay-gradient":""}},"ast-content-background-meta":{"desktop":{"background-color":"var(--ast-global-color-5)","background-image":"","background-repeat":"repeat","background-position":"center center","background-size":"auto","background-attachment":"scroll","background-type":"","background-media":"","overlay-type":"","overlay-color":"","overlay-opacity":"","overlay-gradient":""},"tablet":{"background-color":"var(--ast-global-color-5)","background-image":"","background-repeat":"repeat","background-position":"center center","background-size":"auto","background-attachment":"scroll","background-type":"","background-media":"","overlay-type":"","overlay-color":"","overlay-opacity":"","overlay-gradient":""},"mobile":{"background-color":"var(--ast-global-color-5)","background-image":"","background-repeat":"repeat","background-position":"center center","background-size":"auto","background-attachment":"scroll","background-type":"","background-media":"","overlay-type":"","overlay-color":"","overlay-opacity":"","overlay-gradient":""}},"footnotes":""},"categories":[31,13],"tags":[],"class_list":["post-1081","post","type-post","status-publish","format-standard","hentry","category-actualites-2022-2023","category-aesh"],"modified_by":"slecourtier","_links":{"self":[{"href":"https:\/\/snalc.org\/snalc2023\/index.php?rest_route=\/wp\/v2\/posts\/1081","targetHints":{"allow":["GET"]}}],"collection":[{"href":"https:\/\/snalc.org\/snalc2023\/index.php?rest_route=\/wp\/v2\/posts"}],"about":[{"href":"https:\/\/snalc.org\/snalc2023\/index.php?rest_route=\/wp\/v2\/types\/post"}],"author":[{"embeddable":true,"href":"https:\/\/snalc.org\/snalc2023\/index.php?rest_route=\/wp\/v2\/users\/1"}],"replies":[{"embeddable":true,"href":"https:\/\/snalc.org\/snalc2023\/index.php?rest_route=%2Fwp%2Fv2%2Fcomments&post=1081"}],"version-history":[{"count":2,"href":"https:\/\/snalc.org\/snalc2023\/index.php?rest_route=\/wp\/v2\/posts\/1081\/revisions"}],"predecessor-version":[{"id":1097,"href":"https:\/\/snalc.org\/snalc2023\/index.php?rest_route=\/wp\/v2\/posts\/1081\/revisions\/1097"}],"wp:attachment":[{"href":"https:\/\/snalc.org\/snalc2023\/index.php?rest_route=%2Fwp%2Fv2%2Fmedia&parent=1081"}],"wp:term":[{"taxonomy":"category","embeddable":true,"href":"https:\/\/snalc.org\/snalc2023\/index.php?rest_route=%2Fwp%2Fv2%2Fcategories&post=1081"},{"taxonomy":"post_tag","embeddable":true,"href":"https:\/\/snalc.org\/snalc2023\/index.php?rest_route=%2Fwp%2Fv2%2Ftags&post=1081"}],"curies":[{"name":"wp","href":"https:\/\/api.w.org\/{rel}","templated":true}]}}