{"id":1126,"date":"2023-03-02T21:18:54","date_gmt":"2023-03-02T20:18:54","guid":{"rendered":"https:\/\/snalc.org\/snalc2023\/?p=1126"},"modified":"2023-03-02T21:18:56","modified_gmt":"2023-03-02T20:18:56","slug":"congres-national-du-snalc-a-strasbourg-du-22-au-26-mai-2023-2","status":"publish","type":"post","link":"https:\/\/snalc.org\/snalc2023\/?p=1126","title":{"rendered":"Congr\u00e8s national du SNALC \u00e0 Strasbourg du 22 au 26 mai 2023"},"content":{"rendered":"\n<p><\/p>\n\n\n\n<figure class=\"wp-block-image\"><img decoding=\"async\" src=\"https:\/\/snalc.fr\/wp-content\/uploads\/Congres_SNALC_Strasbourg.jpg\" alt=\"\"\/><figcaption class=\"wp-element-caption\">\u00a9 SNALC Strasbourg<\/figcaption><\/figure>\n\n\n\n<h4 class=\"wp-block-heading\"><strong>CONGR\u00c8S NATIONAL D\u2019\u00c9LECTIONS DU SNALC<\/strong><\/h4>\n\n\n\n<p><strong>STRASBOURG \u2013 lyc\u00e9e Kl\u00e9ber \u2013 Amphith\u00e9\u00e2tre<\/strong><\/p>\n\n\n\n<p><strong>du lundi 22 mai au vendredi 26 mai 2023<\/strong><\/p>\n\n\n\n<p><strong>Ouvert aux adh\u00e9rents \u00e0 jour de cotisation<\/strong><\/p>\n\n\n\n<h5 class=\"wp-block-heading\"><em><a href=\"https:\/\/snalc.fr\/congres-national-strasbourg-mai-2023\/#programme\">PROGRAMME<\/a> \u2013 <a href=\"https:\/\/snalc.fr\/congres-national-strasbourg-mai-2023\/#candidatures\">POSTES \u00c0 POURVOIR<\/a> \u2013 <a href=\"https:\/\/snalc.fr\/congres-national-strasbourg-mai-2023\/#inscription\">FORMULAIRE D\u2019INSCRIPTION<\/a><\/em><\/h5>\n\n\n\n<h5 class=\"wp-block-heading\">PROGRAMME<\/h5>\n\n\n\n<p><strong>Lundi 22 mai<\/strong><br>9h-14h : accueil des congressistes<br>14h-17h30 : ouverture du congr\u00e8s \u2013 \u00c9lections Bureau national<\/p>\n\n\n\n<p><strong>Mardi 23 mai<\/strong><br>9h-12h et 14h-17h30&nbsp;: \u00c9lections Bureau national et Commissions<\/p>\n\n\n\n<p><strong>Mercredi 24 mai<\/strong><br>9h-12h et 14h-16h : \u00c9lections Bureau national et Commissions<br>16h-17h : Installation du nouveau Bureau national<br>19h&nbsp;: Repas du congr\u00e8s (centre-ville)<\/p>\n\n\n\n<p><strong>Jeudi 25 mai<\/strong><br>9h30-12h : R\u00e9flexion sur l\u2019Ecole<br>14h-17h30 : Commission administrative pour les membres du Bureau national et les repr\u00e9sentants mandat\u00e9s par les sections acad\u00e9miques (apr\u00e8s-midi lib\u00e9r\u00e9e pour les autres congressistes)<\/p>\n\n\n\n<p><strong>Vendredi 26 mai<\/strong><br>9h30-12h&nbsp;: Cl\u00f4ture du congr\u00e8s<\/p>\n\n\n\n<h5 class=\"wp-block-heading\">POSTES \u00c0 POURVOIR ET D\u00c9CLARATIONS DE CANDIDATURE<\/h5>\n\n\n\n<p><strong>BUREAU NATIONAL <\/strong>(21 postes)&nbsp;:<\/p>\n\n\n\n<ul class=\"wp-block-list\">\n<li>Pr\u00e9sident national<\/li>\n\n\n\n<li>3 vice-pr\u00e9sidents nationaux<\/li>\n\n\n\n<li>Tr\u00e9sorier national<\/li>\n\n\n\n<li>Administrateur g\u00e9n\u00e9ral<\/li>\n\n\n\n<li>9 secr\u00e9taires nationaux : P\u00e9dagogie ; Gestion des personnels d\u2019enseignement et d\u2019\u00e9ducation (GESPER) ; Premier degr\u00e9 ; Communication et d\u00e9veloppement ; Enseignement professionnel ; Personnels administratifs, techniciens, de sant\u00e9 et sociaux (ATSS) ; EPS ; Conditions de travail et climat scolaire ; Contractuels<\/li>\n\n\n\n<li>6 simples membres<\/li>\n<\/ul>\n\n\n\n<p><strong>COMMISSIONS&nbsp;<\/strong>:<\/p>\n\n\n\n<ul class=\"wp-block-list\">\n<li>D\u00e9charges (3 postes),<\/li>\n\n\n\n<li>V\u00e9rification des comptes (3 titulaires et 3 suppl\u00e9ants),<\/li>\n\n\n\n<li>Litiges (3 titulaires, 3 suppl\u00e9ants et 1 m\u00e9diateur)<\/li>\n<\/ul>\n\n\n\n<p>Les candidatures au<strong> Bureau national<\/strong> doivent \u00eatre adress\u00e9es entre le<strong> 23 mars <\/strong>et le<strong> 22 avril 2023 <\/strong>inclus&nbsp;; celles pour les <strong>commissions <\/strong>avant le<strong> 14 mai <\/strong>inclus<strong>&nbsp;:<\/strong><\/p>\n\n\n\n<ul class=\"wp-block-list\">\n<li><strong>par courriel<\/strong>, c\u2019est le plus simple, \u00e0 <a href=\"mailto:snalc.admgeneral@gmail.com\">snalc.admgeneral@gmail.com<\/a> (accus\u00e9 de r\u00e9ception en retour)&nbsp;;<\/li>\n\n\n\n<li>ou <strong>par voie postale<\/strong> \u00e0 SNALC, BP 629, 4 rue de Tr\u00e9vise, 75421 PARIS cedex 09 en lettre recommand\u00e9e avec A.R.<\/li>\n<\/ul>\n\n\n\n<h5 class=\"wp-block-heading\">INSCRIPTIONS POUR ASSISTER AU CONGR\u00c8S<\/h5>\n\n\n\n<p><strong>Nombre de places limit\u00e9.<\/strong><\/p>\n\n\n\n<p><strong>Les inscriptions au congr\u00e8s se font obligatoirement par le formulaire ci-dessous<\/strong><br><em>ou \u00e0 l\u2019adresse <a href=\"https:\/\/oxiforms.com\/?UCtOi\" target=\"_blank\" rel=\"noreferrer noopener\">https:\/\/oxiforms.com\/?UCtOi&nbsp;<\/a><\/em><\/p>\n\n\n\n<p><a href=\"https:\/\/oxiforms.com\/?UCtOi\">https:\/\/oxiforms.com\/?UCtOi<\/a><\/p>\n\n\n\n<p><a rel=\"noreferrer noopener\" href=\"https:\/\/snalc.fr\/contact\/\" target=\"_blank\">Nous \u00e9crire<\/a><\/p>\n","protected":false},"excerpt":{"rendered":"<p>CONGR\u00c8S NATIONAL D\u2019\u00c9LECTIONS DU SNALC STRASBOURG \u2013 lyc\u00e9e Kl\u00e9ber \u2013 Amphith\u00e9\u00e2tre du lundi 22 mai au vendredi 26 mai 2023 Ouvert aux adh\u00e9rents \u00e0 jour de cotisation PROGRAMME \u2013 POSTES [&hellip;]<\/p>\n","protected":false},"author":1,"featured_media":0,"comment_status":"closed","ping_status":"closed","sticky":false,"template":"","format":"standard","meta":{"_lmt_disableupdate":"","_lmt_disable":"","site-sidebar-layout":"default","site-content-layout":"","ast-site-content-layout":"default","site-content-style":"default","site-sidebar-style":"default","ast-global-header-display":"","ast-banner-title-visibility":"","ast-main-header-display":"","ast-hfb-above-header-display":"","ast-hfb-below-header-display":"","ast-hfb-mobile-header-display":"","site-post-title":"","ast-breadcrumbs-content":"","ast-featured-img":"","footer-sml-layout":"","ast-disable-related-posts":"","theme-transparent-header-meta":"","adv-header-id-meta":"","stick-header-meta":"","header-above-stick-meta":"","header-main-stick-meta":"","header-below-stick-meta":"","astra-migrate-meta-layouts":"default","ast-page-background-enabled":"default","ast-page-background-meta":{"desktop":{"background-color":"var(--ast-global-color-4)","background-image":"","background-repeat":"repeat","background-position":"center center","background-size":"auto","background-attachment":"scroll","background-type":"","background-media":"","overlay-type":"","overlay-color":"","overlay-opacity":"","overlay-gradient":""},"tablet":{"background-color":"","background-image":"","background-repeat":"repeat","background-position":"center center","background-size":"auto","background-attachment":"scroll","background-type":"","background-media":"","overlay-type":"","overlay-color":"","overlay-opacity":"","overlay-gradient":""},"mobile":{"background-color":"","background-image":"","background-repeat":"repeat","background-position":"center center","background-size":"auto","background-attachment":"scroll","background-type":"","background-media":"","overlay-type":"","overlay-color":"","overlay-opacity":"","overlay-gradient":""}},"ast-content-background-meta":{"desktop":{"background-color":"var(--ast-global-color-5)","background-image":"","background-repeat":"repeat","background-position":"center center","background-size":"auto","background-attachment":"scroll","background-type":"","background-media":"","overlay-type":"","overlay-color":"","overlay-opacity":"","overlay-gradient":""},"tablet":{"background-color":"var(--ast-global-color-5)","background-image":"","background-repeat":"repeat","background-position":"center center","background-size":"auto","background-attachment":"scroll","background-type":"","background-media":"","overlay-type":"","overlay-color":"","overlay-opacity":"","overlay-gradient":""},"mobile":{"background-color":"var(--ast-global-color-5)","background-image":"","background-repeat":"repeat","background-position":"center center","background-size":"auto","background-attachment":"scroll","background-type":"","background-media":"","overlay-type":"","overlay-color":"","overlay-opacity":"","overlay-gradient":""}},"footnotes":""},"categories":[31],"tags":[],"class_list":["post-1126","post","type-post","status-publish","format-standard","hentry","category-actualites-2022-2023"],"modified_by":"slecourtier","_links":{"self":[{"href":"https:\/\/snalc.org\/snalc2023\/index.php?rest_route=\/wp\/v2\/posts\/1126","targetHints":{"allow":["GET"]}}],"collection":[{"href":"https:\/\/snalc.org\/snalc2023\/index.php?rest_route=\/wp\/v2\/posts"}],"about":[{"href":"https:\/\/snalc.org\/snalc2023\/index.php?rest_route=\/wp\/v2\/types\/post"}],"author":[{"embeddable":true,"href":"https:\/\/snalc.org\/snalc2023\/index.php?rest_route=\/wp\/v2\/users\/1"}],"replies":[{"embeddable":true,"href":"https:\/\/snalc.org\/snalc2023\/index.php?rest_route=%2Fwp%2Fv2%2Fcomments&post=1126"}],"version-history":[{"count":1,"href":"https:\/\/snalc.org\/snalc2023\/index.php?rest_route=\/wp\/v2\/posts\/1126\/revisions"}],"predecessor-version":[{"id":1127,"href":"https:\/\/snalc.org\/snalc2023\/index.php?rest_route=\/wp\/v2\/posts\/1126\/revisions\/1127"}],"wp:attachment":[{"href":"https:\/\/snalc.org\/snalc2023\/index.php?rest_route=%2Fwp%2Fv2%2Fmedia&parent=1126"}],"wp:term":[{"taxonomy":"category","embeddable":true,"href":"https:\/\/snalc.org\/snalc2023\/index.php?rest_route=%2Fwp%2Fv2%2Fcategories&post=1126"},{"taxonomy":"post_tag","embeddable":true,"href":"https:\/\/snalc.org\/snalc2023\/index.php?rest_route=%2Fwp%2Fv2%2Ftags&post=1126"}],"curies":[{"name":"wp","href":"https:\/\/api.w.org\/{rel}","templated":true}]}}