{"id":1157,"date":"2023-03-05T17:43:33","date_gmt":"2023-03-05T16:43:33","guid":{"rendered":"https:\/\/snalc.org\/snalc2023\/?p=1157"},"modified":"2023-03-05T17:43:35","modified_gmt":"2023-03-05T16:43:35","slug":"la-lettre-dinfo-de-snalc-1er-degre-projet-de-reforme-des-retraites-vis-ma-vie-de-pe-et-on-en-reparle","status":"publish","type":"post","link":"https:\/\/snalc.org\/snalc2023\/?p=1157","title":{"rendered":"La lettre d&rsquo;info de SNALC 1er degr\u00e9 : projet de r\u00e9forme des retraites, vis ma vie de PE et on en reparle&#8230;"},"content":{"rendered":"\n<figure class=\"wp-block-image\"><img decoding=\"async\" src=\"https:\/\/www.snalc06-ecoles.info\/images\/mails\/logoaixmarseille2.jpg\" alt=\"\"\/><\/figure>\n\n\n\n<p>Acad\u00e9mie d&rsquo;Aix Marseille<\/p>\n\n\n\n<p><strong>La lettre d&rsquo;info du SNALC 1er degr\u00e9<\/strong><\/p>\n\n\n\n<p>GR\u00c8VE CONTRE LA R\u00c9FORME DES RETRAITES<\/p>\n\n\n\n<p>Le 7 mars, on stoppe tout !<\/p>\n\n\n\n<p>Ce gouvernement est vraiment dur de la feuille ! Les manifestations monstres de ces derni\u00e8res semaines, les diff\u00e9rentes actions men\u00e9es, les sondages&#8230; pour faire comprendre \u00e0 nos gouvernants que leur r\u00e9forme des retraites INJUSTE et IRRESPONSABLE on en veut pas, semblent rester lettres mortes. Ils ne reculent devant rien avec toujours autant de m\u00e9pris et de satisfaction d&rsquo;eux-m\u00eames ! Et si nous comptions sur nos d\u00e9put\u00e9s pour les faire reculer, nous sommes semble-t-il tr\u00e8s mal barr\u00e9 comme on dit. Impossible de se mettre d\u2019accord pour voter un amendement r\u00e9f\u00e9rendaire qui m\u00e8nerait le peuple \u00e0 trancher dans les urnes, querelles de clochers pu\u00e9riles et st\u00e9riles,\u2026 il est grand temps qu\u2019on se charge nous-m\u00eames de faire comprendre \u00e0 l\u2019ensemble de la classe politique qu&rsquo;\u00ab \u00e0 ment donn\u00e9 faut arr\u00eater ! \u00bb et de leur rappeler \u00e0 leurs obligations et leur engagement dict\u00e9 par la maxime r\u00e9publicaine : \u00ab gouvernement du peuple, PAR LE PEUPLE et POUR LE PEUPLE ! \u00bb qu\u2019ils semblent tous avoir oubli\u00e9s.<\/p>\n\n\n\n<p>C&rsquo;est pas faute d&rsquo;avoir essay\u00e9 de leur avoir dit gentiment mais fermement. Mais apparemment ce gouvernement appelle \u00e0 une relative radicalisation du mouvement pour peut \u00eatre enfin comprendre face aux actes et non plus seulement par la parole que sa r\u00e9forme des retraites ON EN VEUT PAS !<\/p>\n\n\n\n<p><a href=\"https:\/\/snalc.fr\/le-7-mars-ecoles-etablissements-et-services-a-larret-intersyndicale\/\" target=\"_blank\" rel=\"noreferrer noopener\">Retrouvez le mot d\u2019ordre de l\u2019intersyndicale en cliquant ICI !<\/a><\/p>\n\n\n\n<p><strong>Guillaume Tournel, d\u00e9l\u00e9gu\u00e9 SNALC Ecole Aix Marseille<\/strong><\/p>\n\n\n\n<p>PROJET DE R\u00c9FORME DES RETRAITES<\/p>\n\n\n\n<p>Vis ma vie de PE et on en reparle !<\/p>\n\n\n\n<p>Apr\u00e8s le projet Delevoye et la retraite \u00e0 points, le probl\u00e8me des retraites des PE n\u2019est toujours pas consid\u00e9r\u00e9 comme il se doit dans ce nouveau projet.<\/p>\n\n\n\n<p>Le SNALC ose le dire : enseigner aujourd\u2019hui n\u2019a plus rien \u00e0 voir avec enseigner il y a 40, 30, voire m\u00eame 20 ans. Les \u00e9l\u00e8ves ne sont plus les m\u00eames, les attentes de l\u2019institution non plus, et la d\u00e9consid\u00e9ration de notre profession est un fait. Enseigner ne fait plus r\u00eaver : la faiblesse de nos r\u00e9mun\u00e9rations contribue au probl\u00e8me de l\u2019attractivit\u00e9 et le recul de l\u2019\u00e2ge l\u00e9gal rebutera davantage de candidats au professorat.<\/p>\n\n\n\n<p>Une d\u00e9cote assur\u00e9e<\/p>\n\n\n\n<p>Le nombre d\u2019annuit\u00e9s requises pour une retraite \u00e0 taux plein passerait de 42 \u00e0 43 pour ceux n\u00e9s \u00e0 partir de 1965, alors que cela ne concernait que ceux n\u00e9s \u00e0 partir de 1973. Cependant, en ayant commenc\u00e9 \u00e0 enseigner vers 25 ans, il faudra atteindre 68\/69 ans pour avoir tous ses trimestres. Donc le maintien \u00e0 67 ans de l\u2019\u00e2ge limite est une pure hypocrisie.<\/p>\n\n\n\n<p>Et quand on lit que l\u2019on pourra travailler jusqu\u2019\u00e0 70 ans pour combler le manque de trimestres, on se croirait dans une dimension parall\u00e8le !<\/p>\n\n\n\n<p>A l\u2019heure actuelle, beaucoup de nos coll\u00e8gues partent sans avoir tous leurs trimestres requis car ils n\u2019en peuvent plus. La d\u00e9cote se g\u00e9n\u00e9ralise dans notre corps de m\u00e9tier : \u00e0 62 ans, beaucoup sont contraints, physiquement et psychologiquement, de s\u2019arr\u00eater. Alors imaginez \u00e0 64, 68, 70 ans !<\/p>\n\n\n\n<p>En ce qui concerne la cat\u00e9gorie active (les ex-instituteurs ou instituteurs), l\u00e0 aussi le nombre de trimestres requis est difficile \u00e0 atteindre et nos coll\u00e8gues n\u2019attendent pas l\u2019\u00e2ge limite des instituteurs (62 ans) pour partir. Ils envisagent leur d\u00e9part d\u00e8s 57 ans et ceux qui repoussent leur d\u00e9part font des calculs pour avoir une d\u00e9cote la plus petite possible.<\/p>\n\n\n\n<p>Le droit enfin accord\u00e9 de partir \u00e0 l\u2019\u00e2ge l\u00e9gal, m\u00eame en cours d\u2019ann\u00e9e scolaire ?<\/p>\n\n\n\n<p>Jusqu\u2019\u00e0 pr\u00e9sent, un PE qui atteint l\u2019\u00e2ge l\u00e9gal de 62 ans en cours d\u2019ann\u00e9e scolaire ne peut toucher sa pension que le 1er septembre suivant et doit donc travailler jusqu\u2019\u00e0 la fin l\u2019ann\u00e9e scolaire. Ou, il peut r\u00e9clamer sa pension avec paiement diff\u00e9r\u00e9, ne pas reprendre la classe le 1er septembre, mais ne per\u00e7oit RIEN jusqu\u2019\u00e0 ces 62 ans d\u2019\u00e2ge l\u00e9gal. Autant dire que ce choix est tr\u00e8s rarement fait, que l\u2019on parte en cat\u00e9gorie active ou en cat\u00e9gorie s\u00e9dentaire.<\/p>\n\n\n\n<p>Voici la justification de ce pur scandale, maintes fois d\u00e9nonc\u00e9 \u00e0 l\u2019Assembl\u00e9e nationale : le l\u00e9gislateur consid\u00e8re que le maintien en activit\u00e9 des enseignants du premier degr\u00e9 jusqu&rsquo;au terme de l&rsquo;ann\u00e9e scolaire va dans<em>\u00ab l&rsquo;int\u00e9r\u00eat du service et des \u00e9l\u00e8ves \u00bb, ce dispositif visant \u00e0 \u00ab assurer une continuit\u00e9 p\u00e9dagogique au b\u00e9n\u00e9fice des \u00e9l\u00e8ves du premier degr\u00e9, compte tenu de leur jeune \u00e2ge, et la dispense des cours par un m\u00eame enseignant tout au long de l&rsquo;ann\u00e9e \u00bb<\/em>.<\/p>\n\n\n\n<p>A l\u2019heure de la contractualisation d\u00e9complex\u00e9e du m\u00e9tier, cet argument ne tient plus la route.<\/p>\n\n\n\n<p>Le projet de r\u00e9forme des retraites s\u2019accompagne donc de la r\u00e9paration de cette injustice qui touche uniquement les professeurs du premier degr\u00e9 : l\u2019impossibilit\u00e9 de partir \u00e0 la retraite \u00e0 l\u2019\u00e2ge l\u00e9gal sans avoir termin\u00e9 l\u2019ann\u00e9e scolaire entam\u00e9e, en application de l&rsquo;article L. 921-4 du code de l&rsquo;\u00e9ducation. Mais pour cela, il faut que la loi soit vot\u00e9e. Pour faire passer la pilule du recul de l\u2019\u00e2ge l\u00e9gal aux PE ?<\/p>\n\n\n\n<p>Des ann\u00e9es d\u2019\u00e9tudes r\u00e9mun\u00e9r\u00e9es qui ne comptent pour rien<\/p>\n\n\n\n<p>La non prise en compte dans le calcul des retraites des allocations pr\u00e9paratoires et allocations de premi\u00e8re ann\u00e9e allou\u00e9es lors de la cr\u00e9ation des IUFM, pour une histoire de d\u00e9cret d\u2019application non publi\u00e9, est inadmissible mais pour autant toujours pas consid\u00e9r\u00e9e.<\/p>\n\n\n\n<p>L&rsquo;article 14 de la loi n\u00b0 91-715 du 26 juillet 1991 portant diverses dispositions relatives \u00e0 la fonction publique indiquait que<em>\u00ab les p\u00e9riodes pendant lesquelles ont \u00e9t\u00e9 per\u00e7ues des allocations d&rsquo;enseignement cr\u00e9\u00e9es par le d\u00e9cret n\u00b0 89-608 du 1er septembre 1989 portant cr\u00e9ation d&rsquo;allocations d&rsquo;enseignement, ainsi que la premi\u00e8re ann\u00e9e pass\u00e9e en institut universitaire de formation des ma\u00eetres en qualit\u00e9 d&rsquo;allocataire, sont prises en compte pour la constitution et la liquidation du droit \u00e0 pension de retraite, sous r\u00e9serve de la titularisation dans un corps d&rsquo;enseignements et dans des conditions fix\u00e9es par d\u00e9cret en Conseil d&rsquo;\u00c9tat \u00bb.<\/em>A ce jour, et l\u00e0 aussi apr\u00e8s plusieurs questions de s\u00e9nateurs, il serait temps d\u2019y rem\u00e9dier. Pourtant, ce point n\u2019apparait nulle part dans le projet de loi.<\/p>\n\n\n\n<p>P\u00e9nibilit\u00e9 et usure professionnelle refus\u00e9es<\/p>\n\n\n\n<p>Le SNALC ne cesse de d\u00e9noncer les risques psycho-sociaux exponentiels auxquels est soumise notre profession : le bruit ; la fatigue intellectuelle ; la gestion de plus de 25 \u00e9l\u00e8ves 24 heures par semaine, avec toute la diff\u00e9renciation, l\u2019individualisation et les responsabilit\u00e9s que cela suppose, sans compter les heures de r\u00e9unions et de rendez-vous avec les parents, les agressions verbales et physiques, les \u00e9l\u00e8ves perturbateurs, les formations obligatoires toutes plus obligatoires les unes que les autres, les 44 heures de travail r\u00e9el par semaine, etc. Mais tout cela, on pr\u00e9f\u00e8re le cacher sous le tapis.<\/p>\n\n\n\n<p>Aucun gouvernement n\u2019a jamais voulu prendre en compte la p\u00e9nibilit\u00e9 de notre profession. Et la cr\u00e9ation du corps de PE a d\u2019ailleurs mis fin \u00e0 la cat\u00e9gorie active pour les nouvelles recrues, sous pr\u00e9texte d\u2019une meilleure r\u00e9mun\u00e9ration.<\/p>\n\n\n\n<p>Le projet de r\u00e9forme pr\u00e9voit pour les m\u00e9tiers \u00ab \u00ab p\u00e9nibles \u00bb et \u00ab usants \u00bb un suivi m\u00e9dical renforc\u00e9, qui permettra d\u2019identifier les situations permettant un d\u00e9part anticip\u00e9 en retraite. Enseigner est devenu un m\u00e9tier usant mais nous ne sommes pas concern\u00e9s. Un suivi m\u00e9dical r\u00e9gulier n\u2019existe d\u00e9j\u00e0 pas dans notre m\u00e9tier, alors pas la peine d\u2019esp\u00e9rer un suivi m\u00e9dical renforc\u00e9. Et pour cause : il ne reste plus que 839 m\u00e9decins scolaires pour toute la France. En 2015, il en restait 1200 !<\/p>\n\n\n\n<p>Alors l\u00e0 aussi, pour nous faire passer la pilule du recul de l\u2019\u00e2ge l\u00e9gal, on nous octroierait le droit de travailler \u00e0 temps partiel avec la retraite progressive \u00e0 partir de 62 ans.<\/p>\n\n\n\n<p>Le toll\u00e9 autour d\u2019une retraite \u00e0 points ou calcul\u00e9e sur les 25 meilleures ann\u00e9es a fait revenir notre gouvernement sur ce projet inacceptable. Aujourd\u2019hui, eu \u00e9gard la faiblesse des revenus des PE (et le refus de nous payer \u00e0 hauteur de ce que l\u2019on nous doit), dans ce nouveau projet nous conserverions une pension calcul\u00e9e sur l\u2019indice d\u00e9tenu les 6 derniers mois. Par contre, le recul de l\u2019\u00e2ge l\u00e9gal n\u2019arrangera pas le montant de notre pension. D\u2019autant plus que la surcote (majoration de la pension pour trimestres cotis\u00e9s en plus) n\u2019est accessible qu\u2019\u00e0 ceux qui remplissent les deux conditions suivantes : \u00e2ge l\u00e9gal atteint ET nombre de trimestres requis atteint. Autant dire que si la retraite devient un lointain concept, la surcote elle, ne concernera plus aucun professeur.<\/p>\n\n\n\n<p>Pour le SNALC, refuser de prendre en compte tous les param\u00e8tres et la particularit\u00e9 de notre corps de m\u00e9tier est v\u00e9cu comme une nouvelle marque de m\u00e9pris.<\/p>\n\n\n\n<p>Pour plus d\u2019informations, consultez notre dossier en ligne :<\/p>\n\n\n\n<p><a href=\"https:\/\/snalc.fr\/reforme-des-retraites-le-snalc-fait-le-point\/\" target=\"_blank\" rel=\"noreferrer noopener\">R\u00e9forme des retraites : le SNALC fait le point<\/a><\/p>\n\n\n\n<p><strong>V\u00e9ronique MOUHOT, SNALC premier degr\u00e9<br>et Fr\u00e9d\u00e9ric ELEUCHE, Secr\u00e9taire national du SNALC, charg\u00e9 des personnels ATSS<\/strong><\/p>\n\n\n\n<p>CALENDRIER DE R\u00c8GLEMENT DES PAIES 2023<\/p>\n\n\n\n<p>Nouvelle ann\u00e9e, nouveau calendrier \u2026 et toujours aussi impatients d\u2019\u00eatre r\u00e9mun\u00e9r\u00e9s sans beaucoup de bonnes surprises \u00e0 l\u2019arriv\u00e9e ! Le SNALC vous informe des dates de r\u00e8glements pour l\u2019ann\u00e9e 2023 :<\/p>\n\n\n\n<p>Vendredi 27 janvier 2023<br>Vendredi 24 f\u00e9vrier 2023<br>Mercredi 29 mars 2023<br>Mercredi 26 avril 2023<br>Lundi 29 mai 2023<br>Mercredi 28 juin 2023<br>Jeudi 27 juillet 2023<br>Mardi 29 ao\u00fbt 2023<br>Mercredi 27 septembre 2023<br>Vendredi 27 octobre 2023<br>Mardi 28 novembre 2023<br>Mercredi 20 d\u00e9cembre 2023<\/p>\n\n\n\n<p><a>BULLETIN DEPARTEMENTAL<br>Derni\u00e8res infos !<\/a><\/p>\n\n\n\n<p><a>Retrouvez d\u00e8s lors les derni\u00e8res informations, formations, demandes \u00e0 formuler \u00e0 l\u2019administration dans cette nouvelle rubrique !<\/a><a><br>En ce moment :URGENT : Demande de bonification au titre du handicap Mouvement intra-d\u00e9partemental 2023<\/a><\/p>\n\n\n\n<p><a>Dans le cadre du mouvement intra-d\u00e9partemental 2023,<strong>les enseignants du 1er degr\u00e9 b\u00e9n\u00e9ficiaires d\u2019une RQTH<\/strong>(reconnaissance en qualit\u00e9 de travailleur handicap\u00e9) doivent, d\u00e8s \u00e0 pr\u00e9sent, adresser leur<strong>demande de bonification<\/strong>d\u00fbment compl\u00e9t\u00e9e accompagn\u00e9e d\u2019un courrier expliquant le lien entre les v\u0153ux qui seront \u00e9mis et la situation m\u00e9dicale. Cette disposition est \u00e9galement valable pour les enseignants du 1er degr\u00e9 dont le conjoint est, lui-m\u00eame, b\u00e9n\u00e9ficiaire d\u2019une RQTH ou pour les enseignants du 1er degr\u00e9 parents d\u2019un enfant reconnu handicap\u00e9 ou souffrant d\u2019une grave maladie.<br><br>Le<strong>formulaire de demande<\/strong>(annexe jointe) de bonification m\u00e9dicale et la notification RQTH sont \u00e0 envoyer par courriel<strong>\u00e0<\/strong><\/a><strong><a href=\"mailto:ce.dpe13-mouvement@ac-aix-marseille.fr\">ce.dpe13-mouvement@ac-aix-marseille.fr<\/a>avant le VENDREDI 3 MARS 2023.<\/strong><\/p>\n\n\n\n<p>Ces documents permettront d\u2019enregistrer la demande, et d\u2019en assurer le suivi.<strong>Le dossier m\u00e9dical devra \u00eatre adress\u00e9 au m\u00e9decin de pr\u00e9vention sous pli confidentiel par voie postale (adresse en annexe) avant le VENDREDI 3 MARS 2023.<\/strong>Aucune demande ne sera recevable apr\u00e8s cette date, le cachet de la poste faisant foi.<\/p>\n\n\n\n<p><a href=\"https:\/\/buldep13.ac-aix-marseille.fr\/uploads\/BD13\/BD212\/CIRCULAIRE%20demande%20de%20priorit%C3%A9%20m%C3%A9dicale%20RS%202023%20PUBLICATION%20BD.pdf?ts=1675805836\" target=\"_blank\" rel=\"noreferrer noopener\">Retrouvez la circulaire en cliquant ICI<\/a><\/p>\n\n\n\n<p><a href=\"https:\/\/buldep13.ac-aix-marseille.fr\/uploads\/BD13\/BD212\/FORMULAIRE%20demande%20de%20priorit%C3%A9%20m%C3%A9dicale%20RS%202023%20PUBLICATION%20BD.pdf?ts=1675805836\" target=\"_blank\" rel=\"noreferrer noopener\">et le formulaire de demande : L\u00e0 !<\/a><\/p>\n\n\n\n<p>POUR UN VERITABLE PLURALISME SYNDICAL DANS L\u2019ACADEMIE<\/p>\n\n\n\n<p>SOUTENEZ L\u2019IMPLANTATION DU SNALC<\/p>\n\n\n\n<p>Nous proposons une v\u00e9ritable alternative syndicale \u00e0 l&rsquo;ensemble des enseignants du premier degr\u00e9. Nous allons \u00e0 votre rencontre dans les \u00e9coles.<\/p>\n\n\n\n<p>Vous pouvez nous retrouver sur Facebook avec la page SNALC ECOLE Aix Marseille. Nous sommes joignables par mail et par t\u00e9l\u00e9phone pour vous aider au quotidien. Vous trouverez nos coordonn\u00e9es en fin de message.<\/p>\n\n\n\n<p>PROFESSEURS DES \u00c9COLES<\/p>\n\n\n\n<p>Vous aussi vous avez droit au SNALC<\/p>\n\n\n\n<p>Le SNALC est un syndicat v\u00e9ritablement ind\u00e9pendant, libre, autonome et surtout non subventionn\u00e9. N\u2019\u00e9tant soumis \u00e0 aucune ob\u00e9dience et n\u2019ob\u00e9issant \u00e0 aucun parti politique, le SNALC ne sert que les int\u00e9r\u00eats de l\u2019Ecole et des professeurs des \u00e9coles.<\/p>\n\n\n\n<p><a href=\"https:\/\/snalc.fr\/adherer-choix-du-mode-de-paiement\/\" target=\"_blank\" rel=\"noreferrer noopener\"><strong>Adh\u00e9rer au SNAL<\/strong>C<\/a><\/p>\n\n\n\n<p><strong>D\u00e8s votre adh\u00e9sion :<br><br>&#8211; vous recevrez tous les mois notre revue syndicale,<br><br>&#8211; vous b\u00e9n\u00e9ficierez de l&rsquo;assistance juridique de la GMF dans le cadre de vos activit\u00e9s professionnelles,<br><br>&#8211; vous pourrez acc\u00e9der \u00e0 notre comit\u00e9 d&rsquo;entreprise,<br><br>&#8211; vous pourrez b\u00e9n\u00e9ficier de 10 s\u00e9ances de sophrologie en visio,<br><br>&#8211; vous pourrez contacter notre plateforme de reconversion \u00a0\u00bb MOBI-SNALC\u00a0\u00bb.<\/strong><\/p>\n\n\n\n<p>Le SNALC est le syndicat le moins cher pour les PE<\/p>\n\n\n\n<p>90 euros sans augmentation.<\/p>\n\n\n\n<p>Cr\u00e9dit d\u2019imp\u00f4ts (re\u00e7u fiscal). Vous d\u00e9duisez 66% du montant de votre cotisation de vos imp\u00f4ts ou \u00eates cr\u00e9dit\u00e9s de ces 66% si vous n\u2019\u00eates pas imposables. Co\u00fbt r\u00e9el apr\u00e8s imp\u00f4ts : 30,60\u20ac \u2013 35\u20ac (assurance professionnelle prise en charge par l\u2019adh\u00e9sion)<\/p>\n\n\n\n<p>= l\u2019adh\u00e9sion au SNALC ne vous co\u00fbte RIEN.<\/p>\n\n\n\n<p>POUR SUIVRE L&rsquo;ACTUALIT\u00c9 LOCALE ET NATIONALE<\/p>\n\n\n\n<p>Et b\u00e9n\u00e9ficier de notre suivi<\/p>\n\n\n\n<p>Pour nous joindre :<\/p>\n\n\n\n<p><a href=\"mailto:snalc.ecole13@gmail.com\" target=\"_blank\" rel=\"noreferrer noopener\">snalc.ecole13@gmail.com<\/a><\/p>\n\n\n\n<p><strong>D\u00e9l\u00e9gu\u00e9 SNALC Guillaume Tournel : 06 61 83 27 81<\/strong><\/p>\n\n\n\n<p>Facebook<\/p>\n\n\n\n<p>Retrouvez toutes nos informations et l\u2019actualit\u00e9 d\u00e8s qu\u2019elles tombent et abonnez-vous \u00e0 la page :<\/p>\n\n\n\n<p><strong>SNALC Ecoles Aix-Marseille<\/strong><\/p>\n\n\n\n<p>Site national :<\/p>\n\n\n\n<p><a href=\"https:\/\/snalc.fr\/\" target=\"_blank\" rel=\"noreferrer noopener\"><strong>snalc.fr<\/strong><\/a><\/p>\n\n\n\n<p>Site acad\u00e9mique 1er degr\u00e9 :<\/p>\n\n\n\n<p><a href=\"https:\/\/snalcnice-ecoles.fr\/\" target=\"_blank\" rel=\"noreferrer noopener\"><strong>snalc-ecoles.info\/<\/strong><\/a><\/p>\n\n\n\n<p>LE BUREAU DU DIRECTEUR<\/p>\n\n\n\n<p>Deni\u00e8re mise \u00e0 jour le 4 janvier 2023.<\/p>\n\n\n\n<p><a href=\"https:\/\/dirlo.org\/\">Des infos et les textes \u00e0 porter de clic<\/a><\/p>\n\n\n\n<figure class=\"wp-block-image\"><img decoding=\"async\" src=\"https:\/\/www.snalc06-ecoles.info\/images\/mails\/bureau-directeur.jpg\" alt=\"\"\/><\/figure>\n\n\n\n<p>Pour adh\u00e9rer ou r\u00e9adh\u00e9rer<\/p>\n\n\n\n<p><a href=\"https:\/\/snalc.fr\/adherer-choix-du-mode-de-paiement\/\" target=\"_blank\" rel=\"noreferrer noopener\">Choisir son mode de paiement<\/a><\/p>\n\n\n\n<p><em>Le SNALC est un syndicat apolitique, ind\u00e9pendant, autonome, repr\u00e9sentatif et \u00e0 votre \u00e9coute. Les cotisations de nos adh\u00e9rents sont notre unique ressource financi\u00e8re.<\/em><\/p>\n","protected":false},"excerpt":{"rendered":"<p>Acad\u00e9mie d&rsquo;Aix Marseille La lettre d&rsquo;info du SNALC 1er degr\u00e9 GR\u00c8VE CONTRE LA R\u00c9FORME DES RETRAITES Le 7 mars, on stoppe tout ! Ce gouvernement est vraiment dur de la [&hellip;]<\/p>\n","protected":false},"author":1,"featured_media":0,"comment_status":"closed","ping_status":"closed","sticky":false,"template":"","format":"standard","meta":{"_lmt_disableupdate":"","_lmt_disable":"","site-sidebar-layout":"default","site-content-layout":"","ast-site-content-layout":"default","site-content-style":"default","site-sidebar-style":"default","ast-global-header-display":"","ast-banner-title-visibility":"","ast-main-header-display":"","ast-hfb-above-header-display":"","ast-hfb-below-header-display":"","ast-hfb-mobile-header-display":"","site-post-title":"","ast-breadcrumbs-content":"","ast-featured-img":"","footer-sml-layout":"","ast-disable-related-posts":"","theme-transparent-header-meta":"","adv-header-id-meta":"","stick-header-meta":"","header-above-stick-meta":"","header-main-stick-meta":"","header-below-stick-meta":"","astra-migrate-meta-layouts":"default","ast-page-background-enabled":"default","ast-page-background-meta":{"desktop":{"background-color":"var(--ast-global-color-4)","background-image":"","background-repeat":"repeat","background-position":"center center","background-size":"auto","background-attachment":"scroll","background-type":"","background-media":"","overlay-type":"","overlay-color":"","overlay-opacity":"","overlay-gradient":""},"tablet":{"background-color":"","background-image":"","background-repeat":"repeat","background-position":"center center","background-size":"auto","background-attachment":"scroll","background-type":"","background-media":"","overlay-type":"","overlay-color":"","overlay-opacity":"","overlay-gradient":""},"mobile":{"background-color":"","background-image":"","background-repeat":"repeat","background-position":"center center","background-size":"auto","background-attachment":"scroll","background-type":"","background-media":"","overlay-type":"","overlay-color":"","overlay-opacity":"","overlay-gradient":""}},"ast-content-background-meta":{"desktop":{"background-color":"var(--ast-global-color-5)","background-image":"","background-repeat":"repeat","background-position":"center center","background-size":"auto","background-attachment":"scroll","background-type":"","background-media":"","overlay-type":"","overlay-color":"","overlay-opacity":"","overlay-gradient":""},"tablet":{"background-color":"var(--ast-global-color-5)","background-image":"","background-repeat":"repeat","background-position":"center center","background-size":"auto","background-attachment":"scroll","background-type":"","background-media":"","overlay-type":"","overlay-color":"","overlay-opacity":"","overlay-gradient":""},"mobile":{"background-color":"var(--ast-global-color-5)","background-image":"","background-repeat":"repeat","background-position":"center center","background-size":"auto","background-attachment":"scroll","background-type":"","background-media":"","overlay-type":"","overlay-color":"","overlay-opacity":"","overlay-gradient":""}},"footnotes":""},"categories":[31],"tags":[],"class_list":["post-1157","post","type-post","status-publish","format-standard","hentry","category-actualites-2022-2023"],"modified_by":"slecourtier","_links":{"self":[{"href":"https:\/\/snalc.org\/snalc2023\/index.php?rest_route=\/wp\/v2\/posts\/1157","targetHints":{"allow":["GET"]}}],"collection":[{"href":"https:\/\/snalc.org\/snalc2023\/index.php?rest_route=\/wp\/v2\/posts"}],"about":[{"href":"https:\/\/snalc.org\/snalc2023\/index.php?rest_route=\/wp\/v2\/types\/post"}],"author":[{"embeddable":true,"href":"https:\/\/snalc.org\/snalc2023\/index.php?rest_route=\/wp\/v2\/users\/1"}],"replies":[{"embeddable":true,"href":"https:\/\/snalc.org\/snalc2023\/index.php?rest_route=%2Fwp%2Fv2%2Fcomments&post=1157"}],"version-history":[{"count":1,"href":"https:\/\/snalc.org\/snalc2023\/index.php?rest_route=\/wp\/v2\/posts\/1157\/revisions"}],"predecessor-version":[{"id":1158,"href":"https:\/\/snalc.org\/snalc2023\/index.php?rest_route=\/wp\/v2\/posts\/1157\/revisions\/1158"}],"wp:attachment":[{"href":"https:\/\/snalc.org\/snalc2023\/index.php?rest_route=%2Fwp%2Fv2%2Fmedia&parent=1157"}],"wp:term":[{"taxonomy":"category","embeddable":true,"href":"https:\/\/snalc.org\/snalc2023\/index.php?rest_route=%2Fwp%2Fv2%2Fcategories&post=1157"},{"taxonomy":"post_tag","embeddable":true,"href":"https:\/\/snalc.org\/snalc2023\/index.php?rest_route=%2Fwp%2Fv2%2Ftags&post=1157"}],"curies":[{"name":"wp","href":"https:\/\/api.w.org\/{rel}","templated":true}]}}