{"id":1159,"date":"2023-03-05T17:45:03","date_gmt":"2023-03-05T16:45:03","guid":{"rendered":"https:\/\/snalc.org\/snalc2023\/?p=1159"},"modified":"2023-03-05T17:45:07","modified_gmt":"2023-03-05T16:45:07","slug":"7-mars-toutes-et-tous-en-greve-et-prets-pour-la-suite","status":"publish","type":"post","link":"https:\/\/snalc.org\/snalc2023\/?p=1159","title":{"rendered":"7 mars : toutes et tous en gr\u00e8ve et pr\u00eats pour la suite"},"content":{"rendered":"\n<figure class=\"wp-block-image\"><img decoding=\"async\" src=\"https:\/\/snalc.fr\/wp-content\/uploads\/Capture-decran-2023-03-05-a-17.04.03.png\" alt=\"\"\/><\/figure>\n\n\n\n<p>Depuis le 19 janvier, les travailleurs des secteurs publics comme priv\u00e9s, la jeunesse, les \u00e9tudiants, les lyc\u00e9ens, les ch\u00f4meurs, soutenus par une \u00e9norme majorit\u00e9 de la population, ont fait la d\u00e9monstration d\u2019un rejet massif du projet de r\u00e9forme des retraites.<\/p>\n\n\n\n<p>Les personnels de l\u2019\u00e9ducation ne s\u2019y sont pas tromp\u00e9s. En effet, les personnels des \u00e9coles, \u00e9tablissements et services ont \u00e9t\u00e9 fortement mobilis\u00e9s ces derni\u00e8res semaines, montrant la force collective qui structure nos professions sur tout le territoire. Nos m\u00e9tiers, exerc\u00e9s majoritairement par des femmes et dans des conditions qui ne cessent de se d\u00e9grader, rendent cette r\u00e9forme d\u2019autant plus inacceptable.<\/p>\n\n\n\n<p>C\u2019est pourquoi nous serons en gr\u00e8ve le 7 mars et encore dans l\u2019action le 8 mars, journ\u00e9e internationale de luttes pour les droits des femmes. Tr\u00e8s peu d\u2019entre nous pourront partir en retraite avec une pension compl\u00e8te \u00e0 moins de travailler jusqu\u2019\u00e0 un \u00e2ge impensable. Enseigner jusqu\u2019\u00e0 67 ans n\u2019est souhaitable ni pour les personnels, ni pour les \u00e9l\u00e8ves ! Celles et ceux qui le pensent ne connaissent pas les r\u00e9alit\u00e9s de nos professions. Travailler toujours plus longtemps, dans des conditions toujours plus mauvaises et avec un salaire toujours plus faible\u2026 Ce n\u2019est pas acceptable !<\/p>\n\n\n\n<p>Dans le m\u00eame temps, le gouvernement multiplie les provocations \u00e0 l\u2019\u00e9gard des personnels de l\u2019\u00e9ducation : revalorisations insuffisantes dans le cadre du \u201csocle\u201d, missions suppl\u00e9mentaires inacceptables dans le cadre du \u201cpacte\u201d, suppressions de postes qui auront d\u00e8s la rentr\u00e9e 2023 des cons\u00e9quences scandaleuses.<\/p>\n\n\n\n<p><strong>Le gouvernement Macron-Borne persiste dans le maintien de sa r\u00e9forme. L\u2019heure est \u00e0 l\u2019organisation du blocage du pays, partout et \u00e0 tous les niveaux. Les organisations CGT \u00e9duc\u2019action, SGEN-CFDT, FNEC-FP-FO, FSU, SNALC, SUD \u00e9ducation, UNSA-\u00c9ducation appellent :<\/strong><\/p>\n\n\n\n<p><strong>\u2022 \u00e0 faire gr\u00e8ve massivement le 7 mars<\/strong><br><strong>\u2022 \u00e0 se mobiliser massivement notamment par la gr\u00e8ve le 8 mars journ\u00e9e internationale de lutte pour les droits des femmes<\/strong><br><strong>\u2022 \u00e0 d\u00e9cider en Assembl\u00e9e g\u00e9n\u00e9rale des suites \u00e0 donner \u00e0 la mobilisation, y compris la reconduction de la gr\u00e8ve<\/strong><br><strong>\u2022 \u00e0 participer aux mobilisations pr\u00e9vues le 9 mars par les organisations de jeunesse<\/strong><\/p>\n\n\n\n<p><strong>Nos organisations de l\u2019\u00e9ducation se r\u00e9uniront pour relayer et d\u00e9cliner dans nos lieux de travail les positions adopt\u00e9es par l\u2019intersyndicale interprofessionnelle \u00e0 la suite du 7 mars.<\/strong><\/p>\n\n\n\n<p><strong>Elles soutiennent d\u2019ores et d\u00e9j\u00e0 les \u00e9coles et \u00e9tablissements qui d\u00e9cideraient de poursuivre la gr\u00e8ve apr\u00e8s le 7 mars.<\/strong><\/p>\n\n\n\n<p><a href=\"https:\/\/snalc.fr\/wp-content\/uploads\/Communique-retraites-03032023.pdf\">T\u00e9l\u00e9charger<\/a><\/p>\n","protected":false},"excerpt":{"rendered":"<p>Depuis le 19 janvier, les travailleurs des secteurs publics comme priv\u00e9s, la jeunesse, les \u00e9tudiants, les lyc\u00e9ens, les ch\u00f4meurs, soutenus par une \u00e9norme majorit\u00e9 de la population, ont fait la [&hellip;]<\/p>\n","protected":false},"author":1,"featured_media":0,"comment_status":"closed","ping_status":"closed","sticky":false,"template":"","format":"standard","meta":{"_lmt_disableupdate":"","_lmt_disable":"","site-sidebar-layout":"default","site-content-layout":"","ast-site-content-layout":"default","site-content-style":"default","site-sidebar-style":"default","ast-global-header-display":"","ast-banner-title-visibility":"","ast-main-header-display":"","ast-hfb-above-header-display":"","ast-hfb-below-header-display":"","ast-hfb-mobile-header-display":"","site-post-title":"","ast-breadcrumbs-content":"","ast-featured-img":"","footer-sml-layout":"","ast-disable-related-posts":"","theme-transparent-header-meta":"","adv-header-id-meta":"","stick-header-meta":"","header-above-stick-meta":"","header-main-stick-meta":"","header-below-stick-meta":"","astra-migrate-meta-layouts":"default","ast-page-background-enabled":"default","ast-page-background-meta":{"desktop":{"background-color":"var(--ast-global-color-4)","background-image":"","background-repeat":"repeat","background-position":"center center","background-size":"auto","background-attachment":"scroll","background-type":"","background-media":"","overlay-type":"","overlay-color":"","overlay-opacity":"","overlay-gradient":""},"tablet":{"background-color":"","background-image":"","background-repeat":"repeat","background-position":"center center","background-size":"auto","background-attachment":"scroll","background-type":"","background-media":"","overlay-type":"","overlay-color":"","overlay-opacity":"","overlay-gradient":""},"mobile":{"background-color":"","background-image":"","background-repeat":"repeat","background-position":"center center","background-size":"auto","background-attachment":"scroll","background-type":"","background-media":"","overlay-type":"","overlay-color":"","overlay-opacity":"","overlay-gradient":""}},"ast-content-background-meta":{"desktop":{"background-color":"var(--ast-global-color-5)","background-image":"","background-repeat":"repeat","background-position":"center center","background-size":"auto","background-attachment":"scroll","background-type":"","background-media":"","overlay-type":"","overlay-color":"","overlay-opacity":"","overlay-gradient":""},"tablet":{"background-color":"var(--ast-global-color-5)","background-image":"","background-repeat":"repeat","background-position":"center center","background-size":"auto","background-attachment":"scroll","background-type":"","background-media":"","overlay-type":"","overlay-color":"","overlay-opacity":"","overlay-gradient":""},"mobile":{"background-color":"var(--ast-global-color-5)","background-image":"","background-repeat":"repeat","background-position":"center center","background-size":"auto","background-attachment":"scroll","background-type":"","background-media":"","overlay-type":"","overlay-color":"","overlay-opacity":"","overlay-gradient":""}},"footnotes":""},"categories":[31],"tags":[],"class_list":["post-1159","post","type-post","status-publish","format-standard","hentry","category-actualites-2022-2023"],"modified_by":"slecourtier","_links":{"self":[{"href":"https:\/\/snalc.org\/snalc2023\/index.php?rest_route=\/wp\/v2\/posts\/1159","targetHints":{"allow":["GET"]}}],"collection":[{"href":"https:\/\/snalc.org\/snalc2023\/index.php?rest_route=\/wp\/v2\/posts"}],"about":[{"href":"https:\/\/snalc.org\/snalc2023\/index.php?rest_route=\/wp\/v2\/types\/post"}],"author":[{"embeddable":true,"href":"https:\/\/snalc.org\/snalc2023\/index.php?rest_route=\/wp\/v2\/users\/1"}],"replies":[{"embeddable":true,"href":"https:\/\/snalc.org\/snalc2023\/index.php?rest_route=%2Fwp%2Fv2%2Fcomments&post=1159"}],"version-history":[{"count":1,"href":"https:\/\/snalc.org\/snalc2023\/index.php?rest_route=\/wp\/v2\/posts\/1159\/revisions"}],"predecessor-version":[{"id":1160,"href":"https:\/\/snalc.org\/snalc2023\/index.php?rest_route=\/wp\/v2\/posts\/1159\/revisions\/1160"}],"wp:attachment":[{"href":"https:\/\/snalc.org\/snalc2023\/index.php?rest_route=%2Fwp%2Fv2%2Fmedia&parent=1159"}],"wp:term":[{"taxonomy":"category","embeddable":true,"href":"https:\/\/snalc.org\/snalc2023\/index.php?rest_route=%2Fwp%2Fv2%2Fcategories&post=1159"},{"taxonomy":"post_tag","embeddable":true,"href":"https:\/\/snalc.org\/snalc2023\/index.php?rest_route=%2Fwp%2Fv2%2Ftags&post=1159"}],"curies":[{"name":"wp","href":"https:\/\/api.w.org\/{rel}","templated":true}]}}