{"id":1191,"date":"2023-03-07T14:13:40","date_gmt":"2023-03-07T13:13:40","guid":{"rendered":"https:\/\/snalc.org\/snalc2023\/?p=1191"},"modified":"2023-03-07T14:13:43","modified_gmt":"2023-03-07T13:13:43","slug":"revalorisation-des-enseignants-cpe-psy-en","status":"publish","type":"post","link":"https:\/\/snalc.org\/snalc2023\/?p=1191","title":{"rendered":"REVALORISATION DES ENSEIGNANTS, CPE, PSY-EN"},"content":{"rendered":"\n<p>Concertation 2023<\/p>\n\n\n\n<p>Le SNALC rejette le pacte et claque la porte<\/p>\n\n\n\n<figure class=\"wp-block-table\"><table><tbody><tr><td>REVALORISATION DES ENSEIGNANTS, CPE, PSY-EN<br>Concertation 2023Le SNALC rejette le pacte et claque la porte<br><\/td><\/tr><\/tbody><\/table><\/figure>\n\n\n\n<figure class=\"wp-block-table\"><table><tbody><tr><td><img decoding=\"async\" src=\"https:\/\/snalc.fr\/wp-content\/uploads\/salaire4_istock_fullempty.jpg\" alt=\"\"><\/td><\/tr><\/tbody><\/table><\/figure>\n\n\n\n<figure class=\"wp-block-table\"><table><tbody><tr><td><strong>R\u00c9UNION DU 6 MARS 2023<\/strong><br>En tant qu\u2019organisation syndicale repr\u00e9sentative, le SNALC participe aux r\u00e9unions de \u201cconcertation\u201d 2022-2023 sur la revalorisation des enseignants, CPE, Psy-EN et publie r\u00e9guli\u00e8rement sur son site les <a href=\"https:\/\/snalc.fr\/revalorisation-des-enseignants-concertation-2023\/\" target=\"_blank\" rel=\"noreferrer noopener\">comptes rendus<\/a> de chaque r\u00e9union, en toute transparence.<\/td><\/tr><\/tbody><\/table><\/figure>\n\n\n\n<figure class=\"wp-block-table\"><table><tbody><tr><td><img decoding=\"async\" src=\"https:\/\/snalc.fr\/wp-content\/uploads\/cible_istock_alashi-1223085307.jpg\" alt=\"\">LE TH\u00c8ME<\/td><\/tr><\/tbody><\/table><\/figure>\n\n\n\n<figure class=\"wp-block-table\"><table><tbody><tr><td>Pacte enseignant (2<sup>e<\/sup> r\u00e9union)<\/td><\/tr><\/tbody><\/table><\/figure>\n\n\n\n<figure class=\"wp-block-table\"><table><tbody><tr><td><\/td><\/tr><\/tbody><\/table><\/figure>\n\n\n\n<figure class=\"wp-block-table\"><table><tbody><tr><td><img decoding=\"async\" src=\"https:\/\/snalc.fr\/wp-content\/uploads\/tableau_istock_alashi-455594451.jpg\" alt=\"\">L&rsquo;ESSENTIEL<\/td><\/tr><\/tbody><\/table><\/figure>\n\n\n\n<figure class=\"wp-block-table\"><table><tbody><tr><td><em>T\u00e9l\u00e9charger le <a href=\"https:\/\/snalc.fr\/wp-content\/uploads\/SNALC_REVALORISATION_CONCERTATION_CR_20230306_document.pdf\" target=\"_blank\" rel=\"noreferrer noopener\">document de travail<\/a> du minist\u00e8re<\/em><br>Une d\u00e9claration de toutes les organisations syndicales pr\u00e9sentes sur l\u2019\u00e9tat du projet et sur les r\u00e9ponses concr\u00e8tes \u00e0 apporter sur le fonctionnement, les missions, l\u2019architecture, les in\u00e9galit\u00e9s, le budget.Un document de travail (provisoire) distribu\u00e9 en d\u00e9but de s\u00e9ance.Une fois de plus, on n\u2019a pas fait les calculs pour les agr\u00e9g\u00e9s sur les documents &#8211; et le SNALC comprend bien pourquoi&nbsp;: on aboutit \u00e0 une perte d\u2019argent par rapport aux HSE.Dans le premier degr\u00e9, le directeur d\u2019\u00e9cole se voit imposer une charge de travail d\u00e9lirante pour faire fonctionner cette usine \u00e0 gaz. Dans le second degr\u00e9, c\u2019est la f\u00eate de la r\u00e9unionite.Les professeurs documentalistes, les CPE, les psy-EN ne sont visiblement pas une priorit\u00e9, car le document ne s\u2019applique clairement pas \u00e0 eux.\u00c0 la rentr\u00e9e 2023, le pacte vient en plus des IMP et des HSE. Apr\u00e8s, \u00e7a d\u00e9pend. \u00ab&nbsp;Une partie des dispositifs a vocation \u00e0 y entrer&nbsp;\u00bb. Question sur la fiscalit\u00e9 et sur le champ ou non de la d\u00e9fiscalisation. Certaines missions actuelles pourraient donc \u00eatre conditionn\u00e9es \u00e0 la signature d\u2019un pacte (et donc \u00e0 l\u2019obligation de faire des remplacements de courte dur\u00e9e \/ des heures de soutien en sixi\u00e8me).Apr\u00e8s la pr\u00e9sentation et une interruption de s\u00e9ance, le SNALC et l\u2019ensemble des organisations pr\u00e9sentes ont quitt\u00e9 la r\u00e9union&nbsp;: lire le <a href=\"https:\/\/snalc.fr\/lintersyndicale-quitte-la-reunion-sur-le-pacte\/\" target=\"_blank\" rel=\"noreferrer noopener\">communiqu\u00e9 de presse<\/a> intersyndical<\/td><\/tr><\/tbody><\/table><\/figure>\n\n\n\n<figure class=\"wp-block-table\"><table><tbody><tr><td><a href=\"https:\/\/snalc.fr\/lintersyndicale-quitte-la-reunion-sur-le-pacte\/\" target=\"_blank\" rel=\"noreferrer noopener\"><\/a><\/td><\/tr><\/tbody><\/table><\/figure>\n\n\n\n<figure class=\"wp-block-table\"><table><tbody><tr><td><img decoding=\"async\" src=\"https:\/\/snalc.fr\/wp-content\/uploads\/avis_istock_alashi-470918324.jpg\" alt=\"\">L&rsquo;AVIS DU SNALC<\/td><\/tr><\/tbody><\/table><\/figure>\n\n\n\n<figure class=\"wp-block-table\"><table><tbody><tr><td>Le SNALC est toujours oppos\u00e9 \u00e0 ce pacte qui revient pour le professeur \u00e0 n\u00e9gocier les cha\u00eenes avec lesquelles on l\u2019attache. Le fonctionnement qui nous a \u00e9t\u00e9 pr\u00e9sent\u00e9 est \u00e0 l\u2019oppos\u00e9 de ce que nous d\u00e9fendons pour l\u2019\u00c9cole et compl\u00e8tement \u00e0 c\u00f4t\u00e9 de la plaque face \u00e0 la crise des recrutements actuelle.<br>Le SNALC sait que la paup\u00e9risation poussera certains coll\u00e8gues \u00e0 signer un pacte&nbsp;: c\u2019est une m\u00e9thode de management d\u00e9testable.<\/td><\/tr><\/tbody><\/table><\/figure>\n\n\n\n<figure class=\"wp-block-table\"><table><tbody><tr><td><a href=\"https:\/\/snalc.fr\/wp-content\/uploads\/SNALC_REVALORISATION_CONCERTATION_CR_20230306.pdf\" target=\"_blank\" rel=\"noreferrer noopener\">T\u00e9l\u00e9charger ce compte rendu (PDF)<\/a><a href=\"https:\/\/snalc.fr\/revalorisation-des-enseignants-concertation-2023\/\" target=\"_blank\" rel=\"noreferrer noopener\">Comptes rendus pr\u00e9c\u00e9dents<\/a><\/td><\/tr><\/tbody><\/table><\/figure>\n\n\n\n<figure class=\"wp-block-table\"><table><tbody><tr><td><img decoding=\"async\" src=\"https:\/\/syndicat-snalc.net\/AWURTSJ67\/editedimg_4bb7885070.png\" alt=\"\"><\/td><\/tr><\/tbody><\/table><\/figure>\n\n\n\n<figure class=\"wp-block-table\"><table><tbody><tr><td><\/td><\/tr><\/tbody><\/table><\/figure>\n\n\n\n<figure class=\"wp-block-table\"><table><tbody><tr><td>\u00c0 LIRE AUSSI&#8230;<\/td><\/tr><\/tbody><\/table><\/figure>\n\n\n\n<figure class=\"wp-block-table\"><table><tbody><tr><td><a href=\"https:\/\/snalc.fr\/ecoeures\/\" target=\"_blank\" rel=\"noreferrer noopener\"><\/a>\u00ab&nbsp;\u00c9c\u0153ur\u00e9s&nbsp;\u00bb<a href=\"https:\/\/snalc.fr\/menteurs\/\" target=\"_blank\" rel=\"noreferrer noopener\"><\/a>Menteurs&nbsp;!<a href=\"https:\/\/snalc.fr\/resister\/\" target=\"_blank\" rel=\"noreferrer noopener\"><\/a>R\u00e9sister<\/td><\/tr><\/tbody><\/table><\/figure>\n\n\n\n<figure class=\"wp-block-table\"><table><tbody><tr><td><a href=\"https:\/\/snalc.fr\/pacte-une-insulte-faite-aux-professeurs\/\" target=\"_blank\" rel=\"noreferrer noopener\"><\/a>Pacte&nbsp;: une insulte faite aux professeurs<a href=\"https:\/\/snalc.fr\/najoutez-pas-linsulte\/\" target=\"_blank\" rel=\"noreferrer noopener\"><\/a>N\u2019ajoutez pas l\u2019insulte<a href=\"https:\/\/snalc.fr\/remunerations-on-descend-a-reculons\/\" target=\"_blank\" rel=\"noreferrer noopener\"><\/a>R\u00e9mun\u00e9rations&nbsp;: on descend \u00e0 reculons<\/td><\/tr><\/tbody><\/table><\/figure>\n\n\n\n<figure class=\"wp-block-table\"><table><tbody><tr><td><a href=\"https:\/\/snalc.fr\/reforme-des-retraites-le-snalc-fait-le-point\/\" target=\"_blank\" rel=\"noreferrer noopener\"><\/a>R\u00e9forme des retraites&nbsp;: le SNALC fait le point<a href=\"https:\/\/snalc.fr\/7-mars-toutes-et-tous-en-greve-et-prets-pour-la-suite\/\" target=\"_blank\" rel=\"noreferrer noopener\"><\/a>7 mars&nbsp;: toutes et tous en gr\u00e8ve et pr\u00eats pour la suite<\/td><\/tr><\/tbody><\/table><\/figure>\n\n\n\n<figure class=\"wp-block-table\"><table><tbody><tr><td><\/td><\/tr><\/tbody><\/table><\/figure>\n\n\n\n<figure class=\"wp-block-table\"><table><tbody><tr><td>L&rsquo;ADH\u00c9SION AU SNALC<\/td><\/tr><\/tbody><\/table><\/figure>\n\n\n\n<figure class=\"wp-block-table\"><table><tbody><tr><td><strong>Le SNALC n&rsquo;a pas augment\u00e9 ses <a href=\"https:\/\/snalc.fr\/wp-content\/uploads\/tarifs.pdf\" target=\"_blank\" rel=\"noreferrer noopener\">tarifs<\/a> depuis 12 ans. Ils ont m\u00eame baiss\u00e9 dans la plupart des cat\u00e9gories.<\/strong> Le SNALC&nbsp;est le syndicat repr\u00e9sentatif&nbsp;<a href=\"https:\/\/snalc.fr\/wp-content\/uploads\/tarifs.pdf\" target=\"_blank\" rel=\"noreferrer noopener\">le moins cher<\/a> de l&rsquo;Education nationale. Assistance et protection juridiques p\u00e9nales comprises (agressions, diffamation, harc\u00e8lement&#8230;). Dispositif exclusif d&rsquo;aide \u00e0 la mobilit\u00e9&nbsp;: <a href=\"https:\/\/snalc.fr\/mobi-snalc\/\" target=\"_blank\" rel=\"noreferrer noopener\">mobi-SNALC<\/a>. R\u00e9ductions n\u00e9goci\u00e9es aupr\u00e8s de nombreux partenaires&nbsp;: \u00ab\u00a0<a href=\"https:\/\/snalc.fr\/avantages-snalc\" target=\"_blank\" rel=\"noreferrer noopener\">Avantages-SNALC<\/a>\u00ab\u00a0.<br><br><strong>Le SNALC est totalement ind\u00e9pendant&nbsp;: les cotisations sont ses seules ressources. Il n&rsquo;a de compte \u00e0 rendre qu&rsquo;\u00e0 ses adh\u00e9rents.<\/strong><\/td><\/tr><\/tbody><\/table><\/figure>\n\n\n\n<figure class=\"wp-block-table\"><table><tbody><tr><td><img decoding=\"async\" src=\"http:\/\/syndicat-snalc.net\/AWURTSJ67\/editedimg_361b042f34.jpg\" alt=\"\"><a href=\"https:\/\/snalc.fr\/adhesion-carte\/\" target=\"_blank\" rel=\"noreferrer noopener\">carte bancaire<\/a><img decoding=\"async\" src=\"http:\/\/syndicat-snalc.net\/AWURTSJ67\/adhesion_prelevements_0703b426ca.JPG\" alt=\"\"><a href=\"https:\/\/snalc.fr\/adhesion\/\" target=\"_blank\" rel=\"noreferrer noopener\">pr\u00e9l\u00e8vements mensuels<\/a><img decoding=\"async\" src=\"https:\/\/syndicat-snalc.net\/AWURTSJ67\/editedimg_c6a21d792d.png\" alt=\"\"><a href=\"https:\/\/snalc.fr\/adhesion-virement\/\" target=\"_blank\" rel=\"noreferrer noopener\">virement<\/a><img decoding=\"async\" src=\"http:\/\/syndicat-snalc.net\/AWURTSJ67\/adhesion_cheque_699976dc59.JPG\" alt=\"\"><a href=\"https:\/\/snalc.fr\/adhesion-cheque\/\" target=\"_blank\" rel=\"noreferrer noopener\">ch\u00e8que<\/a><\/td><\/tr><\/tbody><\/table><\/figure>\n\n\n\n<figure class=\"wp-block-table\"><table><tbody><tr><td><a href=\"https:\/\/snalc.fr\/contact\/\" target=\"_blank\" rel=\"noreferrer noopener\">Contacter le SNALC<\/a><\/td><\/tr><\/tbody><\/table><\/figure>\n","protected":false},"excerpt":{"rendered":"<p>Concertation 2023 Le SNALC rejette le pacte et claque la porte REVALORISATION DES ENSEIGNANTS, CPE, PSY-ENConcertation 2023Le SNALC rejette le pacte et claque la porte R\u00c9UNION DU 6 MARS 2023En [&hellip;]<\/p>\n","protected":false},"author":1,"featured_media":0,"comment_status":"closed","ping_status":"closed","sticky":false,"template":"","format":"standard","meta":{"_lmt_disableupdate":"","_lmt_disable":"","site-sidebar-layout":"default","site-content-layout":"","ast-site-content-layout":"default","site-content-style":"default","site-sidebar-style":"default","ast-global-header-display":"","ast-banner-title-visibility":"","ast-main-header-display":"","ast-hfb-above-header-display":"","ast-hfb-below-header-display":"","ast-hfb-mobile-header-display":"","site-post-title":"","ast-breadcrumbs-content":"","ast-featured-img":"","footer-sml-layout":"","ast-disable-related-posts":"","theme-transparent-header-meta":"","adv-header-id-meta":"","stick-header-meta":"","header-above-stick-meta":"","header-main-stick-meta":"","header-below-stick-meta":"","astra-migrate-meta-layouts":"default","ast-page-background-enabled":"default","ast-page-background-meta":{"desktop":{"background-color":"var(--ast-global-color-4)","background-image":"","background-repeat":"repeat","background-position":"center center","background-size":"auto","background-attachment":"scroll","background-type":"","background-media":"","overlay-type":"","overlay-color":"","overlay-opacity":"","overlay-gradient":""},"tablet":{"background-color":"","background-image":"","background-repeat":"repeat","background-position":"center center","background-size":"auto","background-attachment":"scroll","background-type":"","background-media":"","overlay-type":"","overlay-color":"","overlay-opacity":"","overlay-gradient":""},"mobile":{"background-color":"","background-image":"","background-repeat":"repeat","background-position":"center center","background-size":"auto","background-attachment":"scroll","background-type":"","background-media":"","overlay-type":"","overlay-color":"","overlay-opacity":"","overlay-gradient":""}},"ast-content-background-meta":{"desktop":{"background-color":"var(--ast-global-color-5)","background-image":"","background-repeat":"repeat","background-position":"center center","background-size":"auto","background-attachment":"scroll","background-type":"","background-media":"","overlay-type":"","overlay-color":"","overlay-opacity":"","overlay-gradient":""},"tablet":{"background-color":"var(--ast-global-color-5)","background-image":"","background-repeat":"repeat","background-position":"center center","background-size":"auto","background-attachment":"scroll","background-type":"","background-media":"","overlay-type":"","overlay-color":"","overlay-opacity":"","overlay-gradient":""},"mobile":{"background-color":"var(--ast-global-color-5)","background-image":"","background-repeat":"repeat","background-position":"center center","background-size":"auto","background-attachment":"scroll","background-type":"","background-media":"","overlay-type":"","overlay-color":"","overlay-opacity":"","overlay-gradient":""}},"footnotes":""},"categories":[31],"tags":[],"class_list":["post-1191","post","type-post","status-publish","format-standard","hentry","category-actualites-2022-2023"],"modified_by":"slecourtier","_links":{"self":[{"href":"https:\/\/snalc.org\/snalc2023\/index.php?rest_route=\/wp\/v2\/posts\/1191","targetHints":{"allow":["GET"]}}],"collection":[{"href":"https:\/\/snalc.org\/snalc2023\/index.php?rest_route=\/wp\/v2\/posts"}],"about":[{"href":"https:\/\/snalc.org\/snalc2023\/index.php?rest_route=\/wp\/v2\/types\/post"}],"author":[{"embeddable":true,"href":"https:\/\/snalc.org\/snalc2023\/index.php?rest_route=\/wp\/v2\/users\/1"}],"replies":[{"embeddable":true,"href":"https:\/\/snalc.org\/snalc2023\/index.php?rest_route=%2Fwp%2Fv2%2Fcomments&post=1191"}],"version-history":[{"count":1,"href":"https:\/\/snalc.org\/snalc2023\/index.php?rest_route=\/wp\/v2\/posts\/1191\/revisions"}],"predecessor-version":[{"id":1192,"href":"https:\/\/snalc.org\/snalc2023\/index.php?rest_route=\/wp\/v2\/posts\/1191\/revisions\/1192"}],"wp:attachment":[{"href":"https:\/\/snalc.org\/snalc2023\/index.php?rest_route=%2Fwp%2Fv2%2Fmedia&parent=1191"}],"wp:term":[{"taxonomy":"category","embeddable":true,"href":"https:\/\/snalc.org\/snalc2023\/index.php?rest_route=%2Fwp%2Fv2%2Fcategories&post=1191"},{"taxonomy":"post_tag","embeddable":true,"href":"https:\/\/snalc.org\/snalc2023\/index.php?rest_route=%2Fwp%2Fv2%2Ftags&post=1191"}],"curies":[{"name":"wp","href":"https:\/\/api.w.org\/{rel}","templated":true}]}}