{"id":1201,"date":"2023-03-08T16:00:43","date_gmt":"2023-03-08T15:00:43","guid":{"rendered":"https:\/\/snalc.org\/snalc2023\/?p=1201"},"modified":"2023-03-08T16:00:46","modified_gmt":"2023-03-08T15:00:46","slug":"mouvement-inter-departemental","status":"publish","type":"post","link":"https:\/\/snalc.org\/snalc2023\/?p=1201","title":{"rendered":"MOUVEMENT INTER D\u00c9PARTEMENTAL"},"content":{"rendered":"\n<p>R\u00e9sultats et recours<\/p>\n\n\n\n<p>MOUVEMENT INTRA D\u00c9PARTEMENTAL<\/p>\n\n\n\n<p>Conseils et contacts<\/p>\n\n\n\n<figure class=\"wp-block-table\"><table><tbody><tr><td><strong>Lettre d&rsquo;information &#8211; 8 mars 2023<\/strong>professeurs des \u00e9coles<br><\/td><\/tr><\/tbody><\/table><\/figure>\n\n\n\n<figure class=\"wp-block-table\"><table><tbody><tr><td>MOUVEMENT INTER D\u00c9PARTEMENTALR\u00e9sultats et recoursMOUVEMENT INTRA D\u00c9PARTEMENTALConseils et contacts<\/td><\/tr><\/tbody><\/table><\/figure>\n\n\n\n<figure class=\"wp-block-table\"><table><tbody><tr><td>R\u00e9sultats du mouvement interd\u00e9partemental<\/td><\/tr><\/tbody><\/table><\/figure>\n\n\n\n<figure class=\"wp-block-table\"><table><tbody><tr><td><br>Les <strong>barres<\/strong> du mouvement interd\u00e9partemental sont consultables sur le site du minist\u00e8re&nbsp;: <a href=\"https:\/\/www.education.gouv.fr\/cartes-des-resultats-des-mouvements-interdepartemental-et-interacademique-donnees-generales-274397\" target=\"_blank\" rel=\"noreferrer noopener\">ici<\/a>.<br><br><strong>Deux cas de figure se pr\u00e9sentent.<\/strong><br>Pour chacun d&rsquo;eux, le SNALC vous accompagnera et vous conseillera afin d&rsquo;obtenir les meilleurs r\u00e9sultats.<img decoding=\"async\" src=\"https:\/\/syndicat-snalc.net\/AWURTSJ67\/editedimg_f5acd57b78.png\" alt=\"\"><\/td><\/tr><\/tbody><\/table><\/figure>\n\n\n\n<figure class=\"wp-block-table\"><table><tbody><tr><td><img decoding=\"async\" src=\"https:\/\/syndicat-snalc.net\/AWURTSJ67\/mutation_iStock_alashi_04fe259eee.JPG\" alt=\"\">SITUATION n\u00b01<br><br>Vous venez d\u2019obtenir un nouveau d\u00e9partement et vous devez participer au mouvement intra-d\u00e9partemental 2023<br>ou Vous souhaitez participer au mouvement dans votre d\u00e9partement actuel&nbsp;?<br><br>Consultez notre <a href=\"https:\/\/snalc.fr\/mouvement-intradep-2023\/\" target=\"_blank\" rel=\"noreferrer noopener\">page sp\u00e9ciale INTRA<\/a> et contactez rapidement le SNALC pour pr\u00e9parer le mouvement INTRA dans votre acad\u00e9mie&nbsp;:<\/td><\/tr><\/tbody><\/table><\/figure>\n\n\n\n<figure class=\"wp-block-table\"><table><tbody><tr><td><a href=\"https:\/\/snalc.fr\/mouvement-intradep-2023\/\" target=\"_blank\" rel=\"noreferrer noopener\">Situation n\u00b01&nbsp;: je pr\u00e9pare l&rsquo;intra dans mon acad\u00e9mie<\/a><\/td><\/tr><\/tbody><\/table><\/figure>\n\n\n\n<figure class=\"wp-block-table\"><table><tbody><tr><td>SITUATION n\u00b02<br><br>Vous n\u2019avez pas obtenu votre mutation&nbsp;?ouVous n\u2019avez pu participer au mouvement inter d\u00e9partemental mais des conditions nouvelles et importantes vous conduisent \u00e0 devoir changer de d\u00e9partement (mutation tardive du conjoint, maladie grave par exemple)<br><br>Contactez imm\u00e9diatement le SNALC de votre acad\u00e9mie actuelle pour former un \u00e9ventuel recours&nbsp;:<img decoding=\"async\" src=\"https:\/\/syndicat-snalc.net\/AWURTSJ67\/mutations_iStock_alashi_d18f398820.JPG\" alt=\"\"><\/td><\/tr><\/tbody><\/table><\/figure>\n\n\n\n<figure class=\"wp-block-table\"><table><tbody><tr><td><a href=\"https:\/\/snalc.fr\/contact\" target=\"_blank\" rel=\"noreferrer noopener\">Situation n\u00b0 2&nbsp;: je contacte le SNALC de mon acad\u00e9mie actuelle<\/a><\/td><\/tr><\/tbody><\/table><\/figure>\n\n\n\n<figure class=\"wp-block-table\"><table><tbody><tr><td>Eclaircissements sur la proc\u00e9dure de recours<\/td><\/tr><\/tbody><\/table><\/figure>\n\n\n\n<figure class=\"wp-block-table\"><table><tbody><tr><td>Attention&nbsp;: le recours contre une d\u00e9cision individuelle d\u00e9favorable en mati\u00e8re de mutation n\u2019est pas une sorte de nouveau mouvement ouvrant un droit \u00e0 mutation. Il s\u2019agit bien de d\u00e9fendre une situation individuelle aupr\u00e8s du minist\u00e8re et du DASEN pour obtenir une rectification suite \u00e0 une erreur, une am\u00e9lioration comme nous le faisions auparavant au sein des commissions administratives paritaires en tenant compte des capacit\u00e9s d\u2019accueil de chaque d\u00e9partement et des situations individuelles (mutation du conjoint, maladie, dur\u00e9e de s\u00e9paration, etc.)Le recours contre la d\u00e9cision d\u2019affectation ne se substitue pas \u00e0 la proc\u00e9dure d\u2019ineat-exeat, mais est une d\u00e9marche nouvelle depuis 2020 que nous vous conseillons d\u2019entreprendre en premier.<\/td><\/tr><\/tbody><\/table><\/figure>\n\n\n\n<figure class=\"wp-block-table\"><table><tbody><tr><td><strong>Le recours administratif<\/strong><br>La loi n\u00b0 2019-828 du 6 ao\u00fbt 2019 de transformation de la fonction publique permet aux candidats d\u2019\u00eatre assist\u00e9s par le syndicat qu\u2019ils d\u00e9signent dans les recours administratifs qu\u2019ils forment contre les d\u00e9cisions individuelles d\u00e9favorables en mati\u00e8re de mutation.<img decoding=\"async\" src=\"https:\/\/syndicat-snalc.net\/AWURTSJ67\/INTER_help_4b8b91d31c.JPG\" alt=\"\"><\/td><\/tr><\/tbody><\/table><\/figure>\n\n\n\n<figure class=\"wp-block-table\"><table><tbody><tr><td>Le <strong>SNALC<\/strong> ainsi mandat\u00e9 pr\u00e9sentera chaque situation au minist\u00e8re et\/ou au DASEN et \u0153uvrera, lors d\u2019\u00e9changes et de r\u00e9unions bilat\u00e9rales avec l\u2019administration, pour trouver une issue favorable.<\/td><\/tr><\/tbody><\/table><\/figure>\n\n\n\n<figure class=\"wp-block-table\"><table><tbody><tr><td><strong>Pourquoi choisir le SNALC dans cette d\u00e9marche&nbsp;?<\/strong><br>Pour sa <strong>longue exp\u00e9rience<\/strong> en mati\u00e8re de mutation au sein des commissions paritaires d\u2019affectation des personnels enseignants de plusieurs corps.<img decoding=\"async\" src=\"https:\/\/syndicat-snalc.net\/AWURTSJ67\/editedimg_f9cb4e9650.png\" alt=\"\"><\/td><\/tr><\/tbody><\/table><\/figure>\n\n\n\n<figure class=\"wp-block-table\"><table><tbody><tr><td>Pour sa <strong>participation depuis 2020 aux recours<\/strong> effectu\u00e9s dans le cadre de la loi de 2019 en tant qu\u2019<strong>organisation repr\u00e9sentative<\/strong>.Pour sa <strong>r\u00e9ussite importante<\/strong> dans ces recours depuis 2020.&nbsp;Pour sa <strong>connaissance des r\u00e8gles<\/strong> r\u00e9gissant ces recours en raison de sa participation aux groupes de travail pr\u00e9parant leur mise en place.<\/td><\/tr><\/tbody><\/table><\/figure>\n\n\n\n<figure class=\"wp-block-table\"><table><tbody><tr><td><img decoding=\"async\" src=\"https:\/\/syndicat-snalc.net\/AWURTSJ67\/editedimg_b6f9bb4879.png\" alt=\"\"><br>Les professeurs des \u00e9coles formeront leur recours directement aupr\u00e8s du minist\u00e8re par mail \u00e0 <a href=\"mailto:recours-mouvement1d@education.gouv.fr\"><strong>recours-mouvement1d@education.gouv.fr<\/strong><\/a><br><br>Il est important de consulter vos repr\u00e9sentants du <strong>SNALC<\/strong> avant le d\u00e9p\u00f4t de votre recours.<\/td><\/tr><\/tbody><\/table><\/figure>\n\n\n\n<figure class=\"wp-block-table\"><table><tbody><tr><td>Le SNALC d\u00e9nonce la suppression par la loi de transformation de la fonction publique des comp\u00e9tences des commissions administratives paritaires en mati\u00e8re de mouvement et le d\u00e9sordre qui en d\u00e9coule depuis 2020.<br><br><br><strong>Le SNALC, syndicat repr\u00e9sentatif et responsable, ne laissera pas les coll\u00e8gues seuls face \u00e0 l\u2019arbitraire et l\u2019opacit\u00e9. <\/strong><strong>Nos responsables et \u00e9lus r\u00e9pondront pr\u00e9sents \u00e0 chaque sollicitation. <\/strong><strong><br><\/strong><strong>Contactez-les sans perdre de temps.<\/strong><strong><br><\/strong><strong><\/strong><\/td><\/tr><\/tbody><\/table><\/figure>\n\n\n\n<figure class=\"wp-block-table\"><table><tbody><tr><td>&nbsp;C&rsquo;est le moment de d\u00e9couvrir le SNALC&nbsp;:<br>Le SNALC vous propose l&rsquo;adh\u00e9sion \u00e0 0 \u20ac&nbsp;!<br>[<a href=\"https:\/\/snalc.fr\/wp-content\/uploads\/Adhesion_zero_euro.pdf\" target=\"_blank\" rel=\"noreferrer noopener\">En savoir plus<\/a>]<\/td><\/tr><\/tbody><\/table><\/figure>\n","protected":false},"excerpt":{"rendered":"<p>R\u00e9sultats et recours MOUVEMENT INTRA D\u00c9PARTEMENTAL Conseils et contacts Lettre d&rsquo;information &#8211; 8 mars 2023professeurs des \u00e9coles MOUVEMENT INTER D\u00c9PARTEMENTALR\u00e9sultats et recoursMOUVEMENT INTRA D\u00c9PARTEMENTALConseils et contacts R\u00e9sultats du mouvement interd\u00e9partemental [&hellip;]<\/p>\n","protected":false},"author":1,"featured_media":0,"comment_status":"closed","ping_status":"closed","sticky":false,"template":"","format":"standard","meta":{"_lmt_disableupdate":"","_lmt_disable":"","site-sidebar-layout":"default","site-content-layout":"","ast-site-content-layout":"default","site-content-style":"default","site-sidebar-style":"default","ast-global-header-display":"","ast-banner-title-visibility":"","ast-main-header-display":"","ast-hfb-above-header-display":"","ast-hfb-below-header-display":"","ast-hfb-mobile-header-display":"","site-post-title":"","ast-breadcrumbs-content":"","ast-featured-img":"","footer-sml-layout":"","ast-disable-related-posts":"","theme-transparent-header-meta":"","adv-header-id-meta":"","stick-header-meta":"","header-above-stick-meta":"","header-main-stick-meta":"","header-below-stick-meta":"","astra-migrate-meta-layouts":"default","ast-page-background-enabled":"default","ast-page-background-meta":{"desktop":{"background-color":"var(--ast-global-color-4)","background-image":"","background-repeat":"repeat","background-position":"center center","background-size":"auto","background-attachment":"scroll","background-type":"","background-media":"","overlay-type":"","overlay-color":"","overlay-opacity":"","overlay-gradient":""},"tablet":{"background-color":"","background-image":"","background-repeat":"repeat","background-position":"center center","background-size":"auto","background-attachment":"scroll","background-type":"","background-media":"","overlay-type":"","overlay-color":"","overlay-opacity":"","overlay-gradient":""},"mobile":{"background-color":"","background-image":"","background-repeat":"repeat","background-position":"center center","background-size":"auto","background-attachment":"scroll","background-type":"","background-media":"","overlay-type":"","overlay-color":"","overlay-opacity":"","overlay-gradient":""}},"ast-content-background-meta":{"desktop":{"background-color":"var(--ast-global-color-5)","background-image":"","background-repeat":"repeat","background-position":"center center","background-size":"auto","background-attachment":"scroll","background-type":"","background-media":"","overlay-type":"","overlay-color":"","overlay-opacity":"","overlay-gradient":""},"tablet":{"background-color":"var(--ast-global-color-5)","background-image":"","background-repeat":"repeat","background-position":"center center","background-size":"auto","background-attachment":"scroll","background-type":"","background-media":"","overlay-type":"","overlay-color":"","overlay-opacity":"","overlay-gradient":""},"mobile":{"background-color":"var(--ast-global-color-5)","background-image":"","background-repeat":"repeat","background-position":"center center","background-size":"auto","background-attachment":"scroll","background-type":"","background-media":"","overlay-type":"","overlay-color":"","overlay-opacity":"","overlay-gradient":""}},"footnotes":""},"categories":[31,10],"tags":[],"class_list":["post-1201","post","type-post","status-publish","format-standard","hentry","category-actualites-2022-2023","category-intra-departementale"],"modified_by":"slecourtier","_links":{"self":[{"href":"https:\/\/snalc.org\/snalc2023\/index.php?rest_route=\/wp\/v2\/posts\/1201","targetHints":{"allow":["GET"]}}],"collection":[{"href":"https:\/\/snalc.org\/snalc2023\/index.php?rest_route=\/wp\/v2\/posts"}],"about":[{"href":"https:\/\/snalc.org\/snalc2023\/index.php?rest_route=\/wp\/v2\/types\/post"}],"author":[{"embeddable":true,"href":"https:\/\/snalc.org\/snalc2023\/index.php?rest_route=\/wp\/v2\/users\/1"}],"replies":[{"embeddable":true,"href":"https:\/\/snalc.org\/snalc2023\/index.php?rest_route=%2Fwp%2Fv2%2Fcomments&post=1201"}],"version-history":[{"count":1,"href":"https:\/\/snalc.org\/snalc2023\/index.php?rest_route=\/wp\/v2\/posts\/1201\/revisions"}],"predecessor-version":[{"id":1202,"href":"https:\/\/snalc.org\/snalc2023\/index.php?rest_route=\/wp\/v2\/posts\/1201\/revisions\/1202"}],"wp:attachment":[{"href":"https:\/\/snalc.org\/snalc2023\/index.php?rest_route=%2Fwp%2Fv2%2Fmedia&parent=1201"}],"wp:term":[{"taxonomy":"category","embeddable":true,"href":"https:\/\/snalc.org\/snalc2023\/index.php?rest_route=%2Fwp%2Fv2%2Fcategories&post=1201"},{"taxonomy":"post_tag","embeddable":true,"href":"https:\/\/snalc.org\/snalc2023\/index.php?rest_route=%2Fwp%2Fv2%2Ftags&post=1201"}],"curies":[{"name":"wp","href":"https:\/\/api.w.org\/{rel}","templated":true}]}}