{"id":1203,"date":"2023-03-09T18:49:47","date_gmt":"2023-03-09T17:49:47","guid":{"rendered":"https:\/\/snalc.org\/snalc2023\/?p=1203"},"modified":"2023-03-09T18:49:50","modified_gmt":"2023-03-09T17:49:50","slug":"conditions-de-travail","status":"publish","type":"post","link":"https:\/\/snalc.org\/snalc2023\/?p=1203","title":{"rendered":"CONDITIONS DE TRAVAIL"},"content":{"rendered":"\n<figure class=\"wp-block-table\"><table><tbody><tr><td>Lettre d&rsquo;information du SNALC &#8211; 9 mars 2023<img decoding=\"async\" src=\"https:\/\/syndicat-snalc.net\/AWURTSJ67\/LOGO_SNALC_DE_L_ECOLE_AU_SUPERIEUR_RVB_340PX_1fd66ff7e3.png\" alt=\"\">CONDITIONS DE TRAVAIL&amp; CLIMAT SCOLAIRE<a href=\"mailto:conditionsdetravail@snalc.fr\">conditionsdetravail@snalc.fr<\/a><br><br>Endeuill\u00e9s, r\u00e9volt\u00e9s, d\u00e9termin\u00e9sDe plus en plus, nous observons une m\u00e9diatisation et une augmentation des faits de violence en milieu scolaire dont sont victimes les personnels et parfois m\u00eame les \u00e9l\u00e8ves. Comment ne pas penser \u00e0 cette enseignante braqu\u00e9e avec une arme factice en 2018 dans l\u2019acad\u00e9mie de Cr\u00e9teil&nbsp;? Ou \u00e0 ce coll\u00e9gien de 14 ans, agress\u00e9 \u00e0 l\u2019arme blanche par un autre de 13 ans dans la cour de son coll\u00e8ge dans l\u2019acad\u00e9mie de Dijon en septembre dernier&nbsp;? Et, plus bouleversant encore, comment ne pas penser \u00e0 Samuel Paty, assassin\u00e9 en 2020&nbsp;? Aujourd\u2019hui, en ce mois de f\u00e9vrier 2023, c\u2019est une nouvelle trag\u00e9die qui a lieu avec la mort d\u2019Agn\u00e8s Lassalle, tu\u00e9e par un \u00e9l\u00e8ve de 16 ans. Le plus beau m\u00e9tier du monde ne saurait \u00eatre plus longtemps entach\u00e9 par cette violence, ces souffrances. Nous le refusons. Tout comme nous refusons le \u00ab\u00a0Pas de vagues\u00a0\u00bb, ce fl\u00e9au qui gangr\u00e8ne notre Institution.Au-del\u00e0 des cas m\u00e9diatis\u00e9s, n\u2019oublions pas les milliers d\u2019anonymes qui subissent au quotidien, des violences physiques ou psychologiques dans les \u00e9tablissements scolaires, touchant tous les personnels mais aussi les \u00e9l\u00e8ves. Les risques psycho-sociaux s\u2019accroissent dangereusement et beaucoup redoutent une d\u00e9gradation encore plus s\u00e9v\u00e8re de leurs conditions de travail. Cette lettre \u00e9lectronique revient sur la mort d\u2019Agn\u00e8s Lassalle et montre qu\u2019au-del\u00e0 du drame il y a d\u2019importants probl\u00e8mes de fond qu\u2019il est urgent de r\u00e9gler si on veut apporter plus de dignit\u00e9 et de s\u00e9r\u00e9nit\u00e9 aux personnels de l\u2019\u00c9ducation nationale, comme aux \u00e9l\u00e8ves d\u2019ailleurs. Enfin, nous enjoignons les coll\u00e8gues \u00e0 ne pas rester seuls ni spectateurs de leur quotidien. En cela vous pouvez compter sur nous pour vous accompagner, vous d\u00e9fendre, vous aider \u00e0 redevenir acteurs de votre m\u00e9tier.Maxime REPPERT<br>Secr\u00e9taire national du SNALC charg\u00e9 des&nbsp;conditions de travail et du climat scolaire<br><a href=\"mailto:conditionsdetravail@snalc.fr\">conditionsdetravail@snalc.fr<\/a><img decoding=\"async\" src=\"https:\/\/syndicat-snalc.net\/AWURTSJ67\/light-glowing-love-tranquil-peace-calm-11058_4591462db3.jpg\" alt=\"\"><strong>Au-del\u00e0 du drame<\/strong><br>Il est important de revenir sur le meurtre de notre coll\u00e8gue, tu\u00e9e le 22 f\u00e9vrier dernier, afin de rappeler le contexte g\u00e9n\u00e9ral dans lequel ce drame s\u2019est d\u00e9roul\u00e9.<br>[<a href=\"https:\/\/snalc.fr\/au-dela-du-drame\/\" target=\"_blank\" rel=\"noreferrer noopener\">Lire la suite<\/a>]<img decoding=\"async\" src=\"https:\/\/syndicat-snalc.net\/AWURTSJ67\/fist-bump-g7ec08ecd5_640-2_b57b82ea75.jpg\" alt=\"\"><strong><\/strong><strong>Agression d\u2019une AESH&nbsp;: il y a urgence&nbsp;!<\/strong><strong><br><\/strong>Un exemple de plus montrant la violence qui peut frapper dans les \u00e9tablissements scolaires, moins d\u2019une semaine apr\u00e8s la mort d\u2019Agn\u00e8s Lassalle. Ici la victime est une coll\u00e8gue AESH.<br>[<a href=\"https:\/\/snalc.fr\/agression-dune-aesh-il-y-a-urgence\/\" target=\"_blank\" rel=\"noreferrer noopener\">Lire la suite<\/a>]<img decoding=\"async\" src=\"https:\/\/syndicat-snalc.net\/AWURTSJ67\/juridique_istock_AndreyPopov-1394630294_3d26b3decb.jpg\" alt=\"\"><strong><\/strong><strong>Enseignement&nbsp;: la judiciarisation des relations<\/strong><strong><br><\/strong>Nous revenons sur un ph\u00e9nom\u00e8ne qui se d\u00e9veloppe de plus en plus, la judiciarisation des relations, notamment sur fond de tensions avec les parents.<br>[<a href=\"https:\/\/snalc.fr\/enseignement-la-judiciarisation-des-relations\/\" target=\"_blank\" rel=\"noreferrer noopener\">Lire la suite<\/a>]<img decoding=\"async\" src=\"https:\/\/syndicat-snalc.net\/AWURTSJ67\/hand-g541eb7e72_640_5c9c86b612.jpg\" alt=\"\"><strong><\/strong><strong>Gestion des situations de violence, pas de vagues\u2026<\/strong><strong><br><\/strong>Voil\u00e0 des ann\u00e9es que nous alertons sur le climat de violence qui peut parfois d\u00e9ferler dans nos \u00e9tablissements. Lorsque cela se produit, la communaut\u00e9 \u00e9ducative se sent impuissante et d\u00e9munie. Cela n\u2019est pas acceptable.<br>[<a href=\"https:\/\/snalc.fr\/gestion-des-situations-de-violence-pas-de-vagues\/\" target=\"_blank\" rel=\"noreferrer noopener\">Lire la suite<\/a>]<img decoding=\"async\" src=\"https:\/\/syndicat-snalc.net\/AWURTSJ67\/heros_istock_BulatSilvia-1183903175_091a894ad4.jpg\" alt=\"\"><strong><\/strong><strong>Conditions de travail&nbsp;: \u00e0 vous de jouer&nbsp;!<\/strong><strong><br><\/strong><br>Il est important de revenir sur le meurtre de notre coll\u00e8gue, tu\u00e9e le 22 f\u00e9vrier dernier, afin de rappeler le contexte g\u00e9n\u00e9ral dans lequel ce drame s\u2019est d\u00e9roul\u00e9.<br>[<a href=\"https:\/\/snalc.fr\/conditions-de-travail-a-vous-de-jouer\/\" target=\"_blank\" rel=\"noreferrer noopener\">Lire la suite<\/a>]LES 10 RECOMMANDATIONS DU SNALC POUR \u00caTRE PLUS FORT AU TRAVAIL<img decoding=\"async\" src=\"https:\/\/syndicat-snalc.net\/AWURTSJ67\/Capture_d_ecran_2019-11-29_a_16.42.10_588ebd6952.png\" alt=\"\">M\u00eame si \u00abcela n\u2019arrive qu\u2019aux autres&nbsp;\u00bb, nous vous invitons \u00e0 prendre connaissance des 10 recommandations du SNALC&nbsp;: autant d\u2019erreurs \u00e0 ne pas commettre, de conseils \u00e0 appliquer, de pi\u00e8ges \u00e0 rep\u00e9rer&#8230; <a href=\"https:\/\/snalc.fr\/10-recommandations-pour-etre-plus-fort-au-travail\/\" target=\"_blank\" rel=\"noreferrer noopener\">[Lire la suite]<\/a>POURQUOI REJOINDRE LE SNALC&nbsp;?<img decoding=\"async\" src=\"https:\/\/syndicat-snalc.net\/AWURTSJ67\/9e6ddc209f1392fb4e74a82609409d7db2ec8759_ed5df3d865.jpg\" alt=\"\"><strong>AU MOINS 7 BONNES RAISONS<\/strong><br>1-L&rsquo;ind\u00e9pendance du SNALC2-La repr\u00e9sentativit\u00e9 du SNALC3-Au SNALC, pas de langue de bois4-Des ressources \u00e0 votre disposition5-Avantages SNALC&nbsp;: exclusif pour les adh\u00e9rents6-Une vraie assistance juridique avec l&rsquo;adh\u00e9sion7-Le syndicat le moins cher de l&rsquo;\u00c9ducation nationale <a href=\"https:\/\/snalc.fr\/7-bonnes-raisons\/\" target=\"_blank\" rel=\"noreferrer noopener\">[Lire la suite]<\/a>L&rsquo;ADH\u00c9SION AU SNALC<br>Le SNALC est le syndicat le moins cher de l&rsquo;Education nationale et <a href=\"https:\/\/www.snalc.fr\/uploads\/adhesion.pdf\" target=\"_blank\" rel=\"noreferrer noopener\">vous le prouve<\/a>.&nbsp;Assistance et <a href=\"https:\/\/snalc.fr\/gmf-protection-juridique\/\" target=\"_blank\" rel=\"noreferrer noopener\">protection juridiques<\/a> p\u00e9nales comprises (agressions, diffamation, harc\u00e8lement&#8230;). Dispositif exclusif d&rsquo;aide \u00e0 la mobilit\u00e9&nbsp;: <a href=\"https:\/\/snalc.fr\/mobi-snalc\/\" target=\"_blank\" rel=\"noreferrer noopener\">mobi-SNALC<\/a>. Tarifs n\u00e9goci\u00e9s aupr\u00e8s de nombreux partenaires&nbsp;: \u00ab\u00a0<a href=\"https:\/\/snalc.fr\/avantages-snalc\/\" target=\"_blank\" rel=\"noreferrer noopener\">Avantages-SNALC<\/a>\u00ab\u00a0.<br><br><strong>Le SNALC est totalement ind\u00e9pendant&nbsp;: les cotisations sont ses seules ressources. Il n&rsquo;a de compte \u00e0 rendre qu&rsquo;\u00e0 ses adh\u00e9rents.<\/strong><img decoding=\"async\" src=\"http:\/\/syndicat-snalc.net\/AWURTSJ67\/editedimg_361b042f34.jpg\" alt=\"\"><a href=\"https:\/\/www.snalc.fr\/adhesion-carte\/\" target=\"_blank\" rel=\"noreferrer noopener\">carte bancaire<\/a><img decoding=\"async\" src=\"http:\/\/syndicat-snalc.net\/AWURTSJ67\/adhesion_prelevements_0703b426ca.JPG\" alt=\"\"><a href=\"https:\/\/www.snalc.fr\/adhesion\/\" target=\"_blank\" rel=\"noreferrer noopener\">pr\u00e9l\u00e8vements mensuels<\/a><img decoding=\"async\" src=\"https:\/\/syndicat-snalc.net\/AWURTSJ67\/editedimg_c6a21d792d.png\" alt=\"\"><a href=\"https:\/\/www.snalc.fr\/adhesion-virement\/\" target=\"_blank\" rel=\"noreferrer noopener\">virement<\/a><img decoding=\"async\" src=\"http:\/\/syndicat-snalc.net\/AWURTSJ67\/adhesion_cheque_699976dc59.JPG\" alt=\"\"><a href=\"https:\/\/www.snalc.fr\/uploads\/bulletin.pdf\" target=\"_blank\" rel=\"noreferrer noopener\">ch\u00e8que<\/a>&nbsp;C&rsquo;est le moment de d\u00e9couvrir le SNALC&nbsp;:<br>Le SNALC vous propose l&rsquo;adh\u00e9sion \u00e0 0 \u20ac&nbsp;!<br>[<a href=\"https:\/\/snalc.fr\/wp-content\/uploads\/Adhesion_zero_euro.pdf\" target=\"_blank\" rel=\"noreferrer noopener\">En savoir plus<\/a>]<a href=\"https:\/\/snalc.fr\/contact\/\" target=\"_blank\" rel=\"noreferrer noopener\">\u00c9crire au SNALC<\/a><a href=\"https:\/\/www.facebook.com\/SNALCNational\/\" target=\"_blank\" rel=\"noreferrer noopener\"><\/a><a href=\"https:\/\/twitter.com\/snalc_national\" target=\"_blank\" rel=\"noreferrer noopener\"><\/a><a href=\"https:\/\/www.snalc.fr\/\" target=\"_blank\" rel=\"noreferrer noopener\"><\/a>Cr\u00e9dits images&nbsp; sur les articles en lien<\/td><\/tr><\/tbody><\/table><\/figure>\n\n\n\n<figure class=\"wp-block-table\"><table><tbody><tr><td>Ce message du SNALC est achemin\u00e9 vers votre bo\u00eete professionnelle par le minist\u00e8re via une liste aveugle de diffusion de fa\u00e7on conforme et r\u00e8glementaire, selon les termes du Bulletin officiel n\u00b038 du 17 octobre 2019. Aucun syndicat, pas m\u00eame le SNALC, n&rsquo;a la possibilit\u00e9 de d\u00e9sabonner de lui-m\u00eame un agent, m\u00eame \u00e0 sa demande. Seul le minist\u00e8re a acc\u00e8s \u00e0 la gestion des d\u00e9sabonnements. Vous pouvez choisir de vous d\u00e9sabonner des envois des organisations syndicales de votre choix uniquement&nbsp;\u00e0 l&rsquo;aide du lien ci-dessous.<\/td><\/tr><\/tbody><\/table><\/figure>\n","protected":false},"excerpt":{"rendered":"<p>Lettre d&rsquo;information du SNALC &#8211; 9 mars 2023CONDITIONS DE TRAVAIL&amp; CLIMAT SCOLAIREconditionsdetravail@snalc.fr Endeuill\u00e9s, r\u00e9volt\u00e9s, d\u00e9termin\u00e9sDe plus en plus, nous observons une m\u00e9diatisation et une augmentation des faits de violence en [&hellip;]<\/p>\n","protected":false},"author":1,"featured_media":0,"comment_status":"closed","ping_status":"closed","sticky":false,"template":"","format":"standard","meta":{"_lmt_disableupdate":"","_lmt_disable":"","site-sidebar-layout":"default","site-content-layout":"","ast-site-content-layout":"default","site-content-style":"default","site-sidebar-style":"default","ast-global-header-display":"","ast-banner-title-visibility":"","ast-main-header-display":"","ast-hfb-above-header-display":"","ast-hfb-below-header-display":"","ast-hfb-mobile-header-display":"","site-post-title":"","ast-breadcrumbs-content":"","ast-featured-img":"","footer-sml-layout":"","ast-disable-related-posts":"","theme-transparent-header-meta":"","adv-header-id-meta":"","stick-header-meta":"","header-above-stick-meta":"","header-main-stick-meta":"","header-below-stick-meta":"","astra-migrate-meta-layouts":"default","ast-page-background-enabled":"default","ast-page-background-meta":{"desktop":{"background-color":"var(--ast-global-color-4)","background-image":"","background-repeat":"repeat","background-position":"center center","background-size":"auto","background-attachment":"scroll","background-type":"","background-media":"","overlay-type":"","overlay-color":"","overlay-opacity":"","overlay-gradient":""},"tablet":{"background-color":"","background-image":"","background-repeat":"repeat","background-position":"center center","background-size":"auto","background-attachment":"scroll","background-type":"","background-media":"","overlay-type":"","overlay-color":"","overlay-opacity":"","overlay-gradient":""},"mobile":{"background-color":"","background-image":"","background-repeat":"repeat","background-position":"center center","background-size":"auto","background-attachment":"scroll","background-type":"","background-media":"","overlay-type":"","overlay-color":"","overlay-opacity":"","overlay-gradient":""}},"ast-content-background-meta":{"desktop":{"background-color":"var(--ast-global-color-5)","background-image":"","background-repeat":"repeat","background-position":"center center","background-size":"auto","background-attachment":"scroll","background-type":"","background-media":"","overlay-type":"","overlay-color":"","overlay-opacity":"","overlay-gradient":""},"tablet":{"background-color":"var(--ast-global-color-5)","background-image":"","background-repeat":"repeat","background-position":"center center","background-size":"auto","background-attachment":"scroll","background-type":"","background-media":"","overlay-type":"","overlay-color":"","overlay-opacity":"","overlay-gradient":""},"mobile":{"background-color":"var(--ast-global-color-5)","background-image":"","background-repeat":"repeat","background-position":"center center","background-size":"auto","background-attachment":"scroll","background-type":"","background-media":"","overlay-type":"","overlay-color":"","overlay-opacity":"","overlay-gradient":""}},"footnotes":""},"categories":[31],"tags":[],"class_list":["post-1203","post","type-post","status-publish","format-standard","hentry","category-actualites-2022-2023"],"modified_by":"slecourtier","_links":{"self":[{"href":"https:\/\/snalc.org\/snalc2023\/index.php?rest_route=\/wp\/v2\/posts\/1203","targetHints":{"allow":["GET"]}}],"collection":[{"href":"https:\/\/snalc.org\/snalc2023\/index.php?rest_route=\/wp\/v2\/posts"}],"about":[{"href":"https:\/\/snalc.org\/snalc2023\/index.php?rest_route=\/wp\/v2\/types\/post"}],"author":[{"embeddable":true,"href":"https:\/\/snalc.org\/snalc2023\/index.php?rest_route=\/wp\/v2\/users\/1"}],"replies":[{"embeddable":true,"href":"https:\/\/snalc.org\/snalc2023\/index.php?rest_route=%2Fwp%2Fv2%2Fcomments&post=1203"}],"version-history":[{"count":1,"href":"https:\/\/snalc.org\/snalc2023\/index.php?rest_route=\/wp\/v2\/posts\/1203\/revisions"}],"predecessor-version":[{"id":1204,"href":"https:\/\/snalc.org\/snalc2023\/index.php?rest_route=\/wp\/v2\/posts\/1203\/revisions\/1204"}],"wp:attachment":[{"href":"https:\/\/snalc.org\/snalc2023\/index.php?rest_route=%2Fwp%2Fv2%2Fmedia&parent=1203"}],"wp:term":[{"taxonomy":"category","embeddable":true,"href":"https:\/\/snalc.org\/snalc2023\/index.php?rest_route=%2Fwp%2Fv2%2Fcategories&post=1203"},{"taxonomy":"post_tag","embeddable":true,"href":"https:\/\/snalc.org\/snalc2023\/index.php?rest_route=%2Fwp%2Fv2%2Ftags&post=1203"}],"curies":[{"name":"wp","href":"https:\/\/api.w.org\/{rel}","templated":true}]}}