{"id":1205,"date":"2023-03-09T18:50:55","date_gmt":"2023-03-09T17:50:55","guid":{"rendered":"https:\/\/snalc.org\/snalc2023\/?p=1205"},"modified":"2023-03-09T18:50:57","modified_gmt":"2023-03-09T17:50:57","slug":"double-peine","status":"publish","type":"post","link":"https:\/\/snalc.org\/snalc2023\/?p=1205","title":{"rendered":"DOUBLE PEINE"},"content":{"rendered":"\n<figure class=\"wp-block-table\"><table><tbody><tr><td>Lettre d&rsquo;information SNALC&nbsp;&#8211;&nbsp;9 mars 2023<img decoding=\"async\" src=\"https:\/\/syndicat-snalc.net\/AWURTSJ67\/LOGO_SNALC_DE_L_ECOLE_AU_SUPERIEUR_RVB_340PX_1fd66ff7e3.png\" alt=\"\"><br>PROFESSEURS DES \u00c9COLES<a href=\"https:\/\/oxiforms.com\/form.php?f=3CCEA222-75AC-4C20-96A8-469DA72B26EF\" target=\"_blank\" rel=\"noreferrer noopener\">Nous contacter<\/a><br>DOUBLE PEINE<br><strong><br><\/strong><br>Alors que tous les corps de m\u00e9tier foulent le pav\u00e9 pour essayer de sauver ce qui peut \u00eatre sauv\u00e9 dans une r\u00e9forme des retraites tr\u00e8s contest\u00e9e, pour les professeurs des \u00e9coles, sans un r\u00e9el et cons\u00e9quent rattrapage des salaires cette r\u00e9forme des retraites, c\u2019est la double peine.<br>La contestation du moment des professeurs n\u2019est pas uniquement motiv\u00e9e par la remise en question de l\u2019\u00e2ge de d\u00e9part \u00e0 la retraite, elle est bien plus profonde. Cette r\u00e9forme est la goutte d\u2019eau qui fait d\u00e9border un vase qui d\u00e9bordait d\u00e9j\u00e0 depuis longtemps. Or, rien ne semble \u00eatre fait pour am\u00e9liorer quoi que ce soit, bien au contraire. L\u2019absence de consid\u00e9ration et les injustices viennent, ann\u00e9es apr\u00e8s ann\u00e9es, renforcer le sentiment de m\u00e9pris, \u00e0 l\u2019image de l\u2019oubli de certains textes officiels tels ceux autour de l\u2019allocation IUFM dont nous parlerons dans cette lettre. C\u2019est quand m\u00eame bizarre&nbsp;: quand les textes ne sont pas \u00e0 notre avantage, ceux-l\u00e0 ne sont jamais oubli\u00e9s\u2026<br>Pas facile de faire entendre la voix des professeurs des \u00e9coles. D\u2019autant plus que l\u2019opinion publique ne comprend pas ces \u00ab&nbsp;enseignants qui se plaignent toujours&nbsp;\u00bb. Comment ces profs osent-ils d\u2019ailleurs avancer qu\u2019enseigner \u00e0 65 ans est difficile&nbsp;?! Comment peuvent-ils soutenir que ma\u00eetre d\u2019\u00e9cole, c\u2019est un m\u00e9tier p\u00e9nible&nbsp;?!&nbsp; Les non-enseignants ne peuvent pas se rendre compte de la situation morale, sociale et financi\u00e8re catastrophique des professeurs en comparaison avec ce qu\u2019elle \u00e9tait il y a 50 ans ou avec les fonctionnaires des autres fonctions publiques. Car pour le commun des mortels, un professeur des \u00e9coles ne travaille QUE 24 heures par semaine et il est toujours en vacances, \u00ab&nbsp;et \u00e7a se plaint&nbsp;!&nbsp;\u00bb.&nbsp; Et bien \u00e9videmment, tout est fait pour faire croire qu\u2019\u00e0 l\u2019\u00e9cole tout va pour le mieux dans le meilleur des mondes, on annonce sans cesse que les profs sont revaloris\u00e9s sans jamais l\u2019\u00eatre, on crie haut et fort que leurs conditions de travail sont plus qu\u2019appr\u00e9ciables et que pour s\u2019occuper des enfants, il n\u2019est pas n\u00e9cessaire d\u2019avoir un niveau d\u2019\u00e9tudes tr\u00e8s \u00e9lev\u00e9\u2026&nbsp; Difficile de faire comprendre avec de telles consid\u00e9rations, ce qui fait de notre m\u00e9tier, un m\u00e9tier d\u2019autant plus p\u00e9nible que l\u2019\u00e2ge de la retraite approche.<br>Oui, notre m\u00e9tier est p\u00e9nible. Certains diront que notre travail n\u2019est pas physique et \u00e9puisant et pourtant le nombre de d\u00e9pressions li\u00e9es au stress et \u00e0 la fatigue ne cesse d\u2019augmenter. La p\u00e9nibilit\u00e9 est avant tout morale, avec un stress grandissant li\u00e9 \u00e0 des conditions de travail qui se d\u00e9t\u00e9riorent, des difficult\u00e9s et des missions qui se multiplient, tout cela pour une reconnaissance salariale minable et une consid\u00e9ration humaine d\u00e9plorable. Preuve en est, malgr\u00e9 les conditions idylliques d\u2019exercice du m\u00e9tier, le nombre de d\u00e9missions ne cesse de cro\u00eetre et le nombre de candidats pour le \u00ab&nbsp;job&nbsp;\u00bb ne cesse de baisser. Et ceux qui font le choix de rester, \u00e0 d\u00e9faut d\u2019avoir les possibilit\u00e9s et les comp\u00e9tences pour se reconvertir, ne peuvent m\u00eame plus parfois quitter leur r\u00e9gion \u00e0 cause du manque d\u2019attractivit\u00e9 qui verrouille de plus en plus l\u2019entr\u00e9e ou la sortie de certains d\u00e9partements et r\u00e9duit \u00e0 n\u00e9ant l\u2019espoir et la motivation de centaines de personnes.<br>En attendant, pendant que le porte-parole du gouvernement \u00e0 sec d\u2019arguments qualifie le mouvement social d\u2019apocalypse \u00e9cologique et humaine, les professeurs sont dans la rue et appellent au secours pour faire entendre que retraite, salaire, reconnaissance, attractivit\u00e9, niveau des \u00e9l\u00e8ves, avenir de l\u2019\u00e9cole, etc., tout est li\u00e9.Christophe GRUSONsecr\u00e9taire national premier degr\u00e9<img decoding=\"async\" src=\"https:\/\/syndicat-snalc.net\/AWURTSJ67\/Capture_d_ecran_2023-03-07_a_18.08.02_ec8172bdc9.jpg\" alt=\"\"><strong>\u00c9valuations nationales et recommandations de l\u2019IGESR&nbsp;:<\/strong><strong>Le pilotage p\u00e9dagogique par le pouvoir de conviction du directeur<\/strong><br>En janvier 2023 a \u00e9t\u00e9 publi\u00e9 le rapport de l\u2019IGESR sur l\u2019Appropriation <a href=\"https:\/\/www.education.gouv.fr\/appropriation-des-evaluations-nationales-de-cp-ce1-et-sixieme-dans-le-pilotage-des-circonscriptions-344245\" target=\"_blank\" rel=\"noreferrer noopener\">des \u00e9valuations nationales CP,CE1 et sixi\u00e8me dans le pilotage<\/a> des circonscriptions du premier degr\u00e9. Pour le SNALC, les conclusions des inspecteurs g\u00e9n\u00e9raux sont sans \u00e9quivoque&nbsp;: on compte encore sur les directeurs et directrices d\u2019\u00e9cole.<br>[<a href=\"https:\/\/snalc.fr\/evaluations-nationales-et-recommandations-de-ligesr-le-pilotage-pedagogique-par-le-pouvoir-de-conviction-du-directeur\/\" target=\"_blank\" rel=\"noreferrer noopener\">Lire la suite<\/a>]<img decoding=\"async\" src=\"https:\/\/syndicat-snalc.net\/AWURTSJ67\/Capture_d_ecran_2023-03-07_a_18.13.49_e96f98962b.jpg\" alt=\"\"><strong>Mouvement interd\u00e9partemental&nbsp;:<\/strong><strong>que faire apr\u00e8s les r\u00e9sultats&nbsp;?<\/strong><br>Les participants au mouvement interd\u00e9partemental ont obtenu une r\u00e9ponse \u00e0 leur demande de mutation. Selon la r\u00e9ponse obtenue, positive ou n\u00e9gative, le SNALC vous rappelle les diff\u00e9rentes actions qui sont \u00e0 mener.<br>[<a href=\"https:\/\/snalc.fr\/mouvement-interdepartemental-que-faire-apres-les-resultats\/\" target=\"_blank\" rel=\"noreferrer noopener\">Lire la suite<\/a>]<img decoding=\"async\" src=\"https:\/\/syndicat-snalc.net\/AWURTSJ67\/Capture_d_ecran_2023-03-07_a_18.18.39_9928593a63.jpg\" alt=\"\"><strong>Direction d\u2019\u00e9cole&nbsp;:<\/strong><strong>Micro \u00e9volution du PPMS<\/strong><strong><\/strong><strong><br><\/strong>L\u2019article 6 de la Loi Rilhac a act\u00e9 des changements concernant la r\u00e9daction du PPMS (Plan Particulier de Mise en Suret\u00e9) et des responsabilit\u00e9s qui en d\u00e9coulent. Les d\u00e9crets d\u2019application sont en pr\u00e9paration au minist\u00e8re qui a r\u00e9cemment consult\u00e9 l\u2019ensemble des organisations syndicales afin de finaliser le texte.<br>[<a href=\"https:\/\/snalc.fr\/direction-decole-micro-evolution-du-ppms\/\" target=\"_blank\" rel=\"noreferrer noopener\">Lire la suite<\/a>]<img decoding=\"async\" src=\"https:\/\/syndicat-snalc.net\/AWURTSJ67\/desk-macbook-writing-color-money-office-1084_f2d68c25dd.jpg\" alt=\"\"><strong>Allocations IUFM&nbsp;: bonifications d\u2019anciennet\u00e9 et droits pour la retraite<\/strong><br>Dans les ann\u00e9es 90, le minist\u00e8re mit en place des allocations IUFM, aides financi\u00e8res mensualis\u00e9es pour attirer les futurs professeurs du 1er et du 2nd degr\u00e9s<br>[<a href=\"https:\/\/snalc.fr\/allocations-iufm-bonifications-danciennete-et-droits-pour-la-retraite\/\" target=\"_blank\" rel=\"noreferrer noopener\">Lire la suite<\/a>]Et pendant ce temps\u2026<br><img decoding=\"async\" src=\"https:\/\/syndicat-snalc.net\/AWURTSJ67\/editedimg_18f058d191.png\" alt=\"\"><strong>Quand l\u2019augmentation des compl\u00e9mentaires sant\u00e9 engloutit les 15 euros de PSC<\/strong>Depuis le 1er janvier 2022, notre employeur nous rembourse une partie de notre PSC, protection sociale compl\u00e9mentaire (d\u00e9cret n\u00b02021-1164). Cela se mat\u00e9rialise sur notre fiche de paie par un versement mensuel de 15 euros.&nbsp;[<a href=\"https:\/\/snalc.fr\/et-pendant-ce-temps-lettre-mars-2023\/\" target=\"_blank\" rel=\"noreferrer noopener\">Lire la suite<\/a>]<br><strong>De nouvelles \u00e9valuations \u00e0 la rentr\u00e9e 2023<\/strong>Le 6 f\u00e9vrier 2023, le minist\u00e8re a convi\u00e9 le SNALC \u00e0 une r\u00e9union d\u2019information sur les \u00e9valuations nationales.<br>Apr\u00e8s un rappel du contexte des \u00e9valuations nationales en CP et en CE1, l\u2019exp\u00e9rimentation faite cette ann\u00e9e sur des \u00e9valuations en CM1 a \u00e9t\u00e9 pr\u00e9sent\u00e9e et la g\u00e9n\u00e9ralisation de ces \u00e9valuations en CM1 pour la rentr\u00e9e 2023 a \u00e9t\u00e9 annonc\u00e9e\u2026&nbsp;&nbsp;[<a href=\"https:\/\/snalc.fr\/et-pendant-ce-temps-lettre-mars-2023\/\" target=\"_blank\" rel=\"noreferrer noopener\">Lire la suite<\/a>]<br>LES 10 RECOMMANDATIONS DU SNALC POUR \u00caTRE PLUS FORT AU TRAVAIL<img decoding=\"async\" src=\"https:\/\/syndicat-snalc.net\/AWURTSJ67\/Capture_d_ecran_2019-11-29_a_16.42.10_588ebd6952.png\" alt=\"\">M\u00eame si \u00ab&nbsp;cela n\u2019arrive qu\u2019aux autres&nbsp;\u00bb, nous vous invitons \u00e0 prendre connaissance des 10 recommandations du SNALC&nbsp;: autant d\u2019erreurs \u00e0 ne pas commettre, de conseils \u00e0 appliquer, de pi\u00e8ges \u00e0 rep\u00e9rer&#8230;<br><strong>[<\/strong><a href=\"https:\/\/snalc.fr\/10-recommandations-pour-etre-plus-fort-au-travail\/\" target=\"_blank\" rel=\"noreferrer noopener\"><strong>Lire la suite<\/strong><\/a><strong>]<\/strong><strong>POURQUOI REJOINDRE LE SNALC&nbsp;?<\/strong><img decoding=\"async\" src=\"https:\/\/syndicat-snalc.net\/AWURTSJ67\/9e6ddc209f1392fb4e74a82609409d7db2ec8759_ed5df3d865.jpg\" alt=\"\">AU MOINS 7 BONNES RAISONS<br>1-L&rsquo;ind\u00e9pendance du SNALC2-La repr\u00e9sentativit\u00e9 du SNALC3-Au SNALC, pas de langue de bois4-Des ressources \u00e0 votre disposition5-Avantages SNALC&nbsp;: exclusif pour les adh\u00e9rents6-Une vraie assistance juridique avec l&rsquo;adh\u00e9sion7-Le syndicat le moins cher de l&rsquo;\u00c9ducation nationale<br><strong>[<\/strong><a href=\"https:\/\/snalc.fr\/7-bonnes-raisons\/\" target=\"_blank\" rel=\"noreferrer noopener\"><strong>Lire la suite<\/strong><\/a><strong>]<\/strong><br>L&rsquo;ADHESION AU SNALC<br>90 \u20ac pour un an<br><strong>Le SNALC est le syndicat le moins cher de l&rsquo;Education nationale<\/strong> (<a href=\"https:\/\/www.snalc.fr\/uploads\/adhesion.pdf\" target=\"_blank\" rel=\"noreferrer noopener\">comparons<\/a>&#8230;). Assistance et <a href=\"https:\/\/snalc.fr\/gmf-protection-juridique\/\" target=\"_blank\" rel=\"noreferrer noopener\">protection juridiques<\/a> p\u00e9nales comprises (agressions, diffamation, harc\u00e8lement&#8230;). Dispositif exclusif d&rsquo;aide \u00e0 la mobilit\u00e9&nbsp;: <a href=\"https:\/\/snalc.fr\/mobi-snalc\/\" target=\"_blank\" rel=\"noreferrer noopener\">mobi-SNALC<\/a>. Tarifs n\u00e9goci\u00e9s aupr\u00e8s de nombreux partenaires&nbsp;: \u00ab\u00a0<a href=\"https:\/\/snalc.fr\/avantages-snalc\/\" target=\"_blank\" rel=\"noreferrer noopener\">Avantages-SNALC<\/a>\u00ab\u00a0. <strong>Le SNALC n&rsquo;a pas augment\u00e9 ses cotisations pour la 12<sup>e<\/sup> ann\u00e9e cons\u00e9cutive<\/strong> \u00e9tant donn\u00e9 que nos salaires n&rsquo;\u00e9voluent pas.<strong>Le SNALC est totalement ind\u00e9pendant<\/strong>&nbsp;: les cotisations sont ses seules ressources. Il n&rsquo;a de compte \u00e0 rendre qu&rsquo;\u00e0 ses adh\u00e9rents.<img decoding=\"async\" src=\"http:\/\/syndicat-snalc.net\/AWURTSJ67\/editedimg_361b042f34.jpg\" alt=\"\"><a href=\"https:\/\/www.snalc.fr\/adhesion-carte\/\" target=\"_blank\" rel=\"noreferrer noopener\">carte bancaire<\/a><img decoding=\"async\" src=\"http:\/\/syndicat-snalc.net\/AWURTSJ67\/adhesion_prelevements_0703b426ca.JPG\" alt=\"\"><a href=\"https:\/\/www.snalc.fr\/adhesion\/\" target=\"_blank\" rel=\"noreferrer noopener\">pr\u00e9l\u00e8vements mensuels<\/a><img decoding=\"async\" src=\"https:\/\/syndicat-snalc.net\/AWURTSJ67\/editedimg_c6a21d792d.png\" alt=\"\"><a href=\"https:\/\/www.snalc.fr\/adhesion-virement\/\" target=\"_blank\" rel=\"noreferrer noopener\">virement<\/a><img decoding=\"async\" src=\"http:\/\/syndicat-snalc.net\/AWURTSJ67\/adhesion_cheque_699976dc59.JPG\" alt=\"\"><a href=\"https:\/\/www.snalc.fr\/uploads\/bulletin.pdf\" target=\"_blank\" rel=\"noreferrer noopener\">ch\u00e8que<\/a>&nbsp;C&rsquo;est le moment de d\u00e9couvrir le SNALC&nbsp;:<br>Le SNALC vous propose l&rsquo;adh\u00e9sion \u00e0 0 \u20ac&nbsp;!<br>[<a href=\"https:\/\/snalc.fr\/wp-content\/uploads\/Adhesion_zero_euro.pdf\" target=\"_blank\" rel=\"noreferrer noopener\">En savoir plus<\/a>]<a href=\"https:\/\/snalc.fr\/contact\/\" target=\"_blank\" rel=\"noreferrer noopener\">Toutes nos coordonn\u00e9es<\/a>Cr\u00e9dits sur les articles en lien<a href=\"https:\/\/www.facebook.com\/SNALCNational\/\" target=\"_blank\" rel=\"noreferrer noopener\"><\/a><a href=\"https:\/\/twitter.com\/snalc_national\" target=\"_blank\" rel=\"noreferrer noopener\"><\/a><a href=\"https:\/\/www.snalc.fr\/\" target=\"_blank\" rel=\"noreferrer noopener\"><\/a><\/td><\/tr><\/tbody><\/table><\/figure>\n\n\n\n<figure class=\"wp-block-table\"><table><tbody><tr><td>Ce message du SNALC est achemin\u00e9 vers votre bo\u00eete professionnelle par le minist\u00e8re via une liste aveugle de diffusion de fa\u00e7on conforme et r\u00e8glementaire, selon les termes du Bulletin officiel n\u00b038 du 17 octobre 2019. Aucun syndicat, pas m\u00eame le SNALC, n&rsquo;a la possibilit\u00e9 de d\u00e9sabonner de lui-m\u00eame un agent, m\u00eame \u00e0 sa demande. Seul le minist\u00e8re a acc\u00e8s \u00e0 la gestion des d\u00e9sabonnements. Vous pouvez choisir de vous d\u00e9sabonner des envois des organisations syndicales de votre choix en cliquant sur le lien ci-apr\u00e8s g\u00e9r\u00e9&nbsp;par le minist\u00e8re&nbsp;: https:\/\/desabonnement.syndicat.education.gouv.fr\/<\/td><\/tr><\/tbody><\/table><\/figure>\n","protected":false},"excerpt":{"rendered":"<p>Lettre d&rsquo;information SNALC&nbsp;&#8211;&nbsp;9 mars 2023PROFESSEURS DES \u00c9COLESNous contacterDOUBLE PEINEAlors que tous les corps de m\u00e9tier foulent le pav\u00e9 pour essayer de sauver ce qui peut \u00eatre sauv\u00e9 dans une r\u00e9forme [&hellip;]<\/p>\n","protected":false},"author":1,"featured_media":0,"comment_status":"closed","ping_status":"closed","sticky":false,"template":"","format":"standard","meta":{"_lmt_disableupdate":"","_lmt_disable":"","site-sidebar-layout":"default","site-content-layout":"","ast-site-content-layout":"default","site-content-style":"default","site-sidebar-style":"default","ast-global-header-display":"","ast-banner-title-visibility":"","ast-main-header-display":"","ast-hfb-above-header-display":"","ast-hfb-below-header-display":"","ast-hfb-mobile-header-display":"","site-post-title":"","ast-breadcrumbs-content":"","ast-featured-img":"","footer-sml-layout":"","ast-disable-related-posts":"","theme-transparent-header-meta":"","adv-header-id-meta":"","stick-header-meta":"","header-above-stick-meta":"","header-main-stick-meta":"","header-below-stick-meta":"","astra-migrate-meta-layouts":"default","ast-page-background-enabled":"default","ast-page-background-meta":{"desktop":{"background-color":"var(--ast-global-color-4)","background-image":"","background-repeat":"repeat","background-position":"center center","background-size":"auto","background-attachment":"scroll","background-type":"","background-media":"","overlay-type":"","overlay-color":"","overlay-opacity":"","overlay-gradient":""},"tablet":{"background-color":"","background-image":"","background-repeat":"repeat","background-position":"center center","background-size":"auto","background-attachment":"scroll","background-type":"","background-media":"","overlay-type":"","overlay-color":"","overlay-opacity":"","overlay-gradient":""},"mobile":{"background-color":"","background-image":"","background-repeat":"repeat","background-position":"center center","background-size":"auto","background-attachment":"scroll","background-type":"","background-media":"","overlay-type":"","overlay-color":"","overlay-opacity":"","overlay-gradient":""}},"ast-content-background-meta":{"desktop":{"background-color":"var(--ast-global-color-5)","background-image":"","background-repeat":"repeat","background-position":"center center","background-size":"auto","background-attachment":"scroll","background-type":"","background-media":"","overlay-type":"","overlay-color":"","overlay-opacity":"","overlay-gradient":""},"tablet":{"background-color":"var(--ast-global-color-5)","background-image":"","background-repeat":"repeat","background-position":"center center","background-size":"auto","background-attachment":"scroll","background-type":"","background-media":"","overlay-type":"","overlay-color":"","overlay-opacity":"","overlay-gradient":""},"mobile":{"background-color":"var(--ast-global-color-5)","background-image":"","background-repeat":"repeat","background-position":"center center","background-size":"auto","background-attachment":"scroll","background-type":"","background-media":"","overlay-type":"","overlay-color":"","overlay-opacity":"","overlay-gradient":""}},"footnotes":""},"categories":[31,23],"tags":[],"class_list":["post-1205","post","type-post","status-publish","format-standard","hentry","category-actualites-2022-2023","category-professeurs-1er-degre"],"modified_by":"slecourtier","_links":{"self":[{"href":"https:\/\/snalc.org\/snalc2023\/index.php?rest_route=\/wp\/v2\/posts\/1205","targetHints":{"allow":["GET"]}}],"collection":[{"href":"https:\/\/snalc.org\/snalc2023\/index.php?rest_route=\/wp\/v2\/posts"}],"about":[{"href":"https:\/\/snalc.org\/snalc2023\/index.php?rest_route=\/wp\/v2\/types\/post"}],"author":[{"embeddable":true,"href":"https:\/\/snalc.org\/snalc2023\/index.php?rest_route=\/wp\/v2\/users\/1"}],"replies":[{"embeddable":true,"href":"https:\/\/snalc.org\/snalc2023\/index.php?rest_route=%2Fwp%2Fv2%2Fcomments&post=1205"}],"version-history":[{"count":1,"href":"https:\/\/snalc.org\/snalc2023\/index.php?rest_route=\/wp\/v2\/posts\/1205\/revisions"}],"predecessor-version":[{"id":1206,"href":"https:\/\/snalc.org\/snalc2023\/index.php?rest_route=\/wp\/v2\/posts\/1205\/revisions\/1206"}],"wp:attachment":[{"href":"https:\/\/snalc.org\/snalc2023\/index.php?rest_route=%2Fwp%2Fv2%2Fmedia&parent=1205"}],"wp:term":[{"taxonomy":"category","embeddable":true,"href":"https:\/\/snalc.org\/snalc2023\/index.php?rest_route=%2Fwp%2Fv2%2Fcategories&post=1205"},{"taxonomy":"post_tag","embeddable":true,"href":"https:\/\/snalc.org\/snalc2023\/index.php?rest_route=%2Fwp%2Fv2%2Ftags&post=1205"}],"curies":[{"name":"wp","href":"https:\/\/api.w.org\/{rel}","templated":true}]}}