{"id":1209,"date":"2023-03-10T16:00:54","date_gmt":"2023-03-10T15:00:54","guid":{"rendered":"https:\/\/snalc.org\/snalc2023\/?p=1209"},"modified":"2023-03-10T16:00:56","modified_gmt":"2023-03-10T15:00:56","slug":"mouvement-intra-departemental-dans-le-premier-degre","status":"publish","type":"post","link":"https:\/\/snalc.org\/snalc2023\/?p=1209","title":{"rendered":"Mouvement intra-d\u00e9partemental dans le premier degr\u00e9"},"content":{"rendered":"\n<img loading=\"lazy\" decoding=\"async\" src=\"https:\/\/snalc.fr\/wp-content\/uploads\/fleche_mouvement-644x468-1-e1630932440243.jpeg\" class=\"attachment-full size-full\" alt=\"\" loading=\"lazy\" srcset=\"https:\/\/snalc.fr\/wp-content\/uploads\/fleche_mouvement-644x468-1-e1630932440243.jpeg 644w, https:\/\/snalc.fr\/wp-content\/uploads\/fleche_mouvement-644x468-1-e1630932440243-300x199.jpeg 300w\" sizes=\"auto, (max-width: 644px) 100vw, 644px\" width=\"644\" height=\"428\">\t\t\t\t\t\t\t\t\t\t\t<figcaption class=\"widget-image-caption wp-caption-text\">\u00a9 iStock<\/figcaption>\n\t\t\t\t\t\t\t\t\t\t<\/figure>\n\t\t\t\t\t\t\t\t\t<\/div>\n\t\t\t\t<\/div>\n\t\t\t\t<div class=\"elementor-element elementor-element-2987e2d0 elementor-widget elementor-widget-theme-post-content\" data-id=\"2987e2d0\" data-element_type=\"widget\" data-widget_type=\"theme-post-content.default\">\n\t\t\t\t<div class=\"elementor-widget-container\">\n\t\t\t\t\t<div data-elementor-type=\"wp-post\" data-elementor-id=\"23532\" class=\"elementor elementor-23532\">\n\t\t\t\t\t\t\t\t\t<section class=\"elementor-section elementor-top-section elementor-element elementor-element-f363a9b elementor-section-boxed elementor-section-height-default elementor-section-height-default\" data-id=\"f363a9b\" data-element_type=\"section\">\n\t\t\t\t\t\t<div class=\"elementor-container elementor-column-gap-default\">\n\t\t\t\t\t<div class=\"elementor-column elementor-col-100 elementor-top-column elementor-element elementor-element-b7bd4cd\" data-id=\"b7bd4cd\" data-element_type=\"column\">\n\t\t\t<div class=\"elementor-widget-wrap elementor-element-populated\">\n\t\t\t\t\t\t\t\t<section class=\"elementor-section elementor-inner-section elementor-element elementor-element-6dd89e5 elementor-section-boxed elementor-section-height-default elementor-section-height-default\" data-id=\"6dd89e5\" data-element_type=\"section\">\n\t\t\t\t\t\t<div class=\"elementor-container elementor-column-gap-default\">\n\t\t\t\t\t<div class=\"elementor-column elementor-col-50 elementor-inner-column elementor-element elementor-element-abf650e\" data-id=\"abf650e\" data-element_type=\"column\">\n\t\t\t<div class=\"elementor-widget-wrap elementor-element-populated\">\n\t\t\t\t\t\t\t\t<div class=\"elementor-element elementor-element-6580d7a elementor-widget elementor-widget-text-editor\" data-id=\"6580d7a\" data-element_type=\"widget\" data-widget_type=\"text-editor.default\">\n\t\t\t\t<div class=\"elementor-widget-container\">\n\t\t\t\t\t\t\t<p style=\"text-align: justify;\"><strong><span style=\"font-family: 'Arial',sans-serif;\">Avec, en 2020, l\u2019arriv\u00e9e du logiciel MVT1D r\u00e9gissant le mouvement intra-d\u00e9partemental des professeurs des \u00e9coles, ces derniers ont eu des raisons de s\u2019inqui\u00e9ter. En effet, jusqu\u2019alors, le regard crois\u00e9 des organisations syndicales qui pouvaient v\u00e9rifier et faire corriger les bar\u00e8mes, de m\u00eame que les cha\u00eenes<\/span><\/strong><span style=\"font-family: 'Arial',sans-serif;\"> <strong>d\u2019affectation lors des CAPD \u00e9tait rassurant. D\u00e9sormais, plus aucun syndicat n\u2019a \u00e0 sa disposition les documents de travail qui permettaient de signaler des erreurs<\/strong><\/span><\/p>\t\t\t\t\t\t<\/div>\n\t\t\t\t<\/div>\n\t\t\t\t\t<\/div>\n\t\t<\/div>\n\t\t\t\t<div class=\"elementor-column elementor-col-50 elementor-inner-column elementor-element elementor-element-1b4bf42\" data-id=\"1b4bf42\" data-element_type=\"column\">\n\t\t\t<div class=\"elementor-widget-wrap elementor-element-populated\">\n\t\t\t\t\t\t\t\t<div class=\"elementor-element elementor-element-abd6cfb elementor-widget elementor-widget-text-editor\" data-id=\"abd6cfb\" data-element_type=\"widget\" data-widget_type=\"text-editor.default\">\n\t\t\t\t<div class=\"elementor-widget-container\">\n\t\t\t\t\t\t\t<p style=\"text-align: justify;\"><span style=\"font-family: 'Arial',sans-serif;\"><strong>de bar\u00e8me, de priorit\u00e9s et de bonifications en amont des affectations. Si erreurs il y a, elles sont premi\u00e8rement tr\u00e8s difficiles \u00e0 d\u00e9celer par absence (voulue) de transparence et deuxi\u00e8mement, elles ne donnent pas pleinement droit \u00e0 r\u00e9paration puisque les compensations obtenues ne sont jamais \u00e0 la hauteur du pr\u00e9judice (le mouvement ne pouvant pas \u00eatre int\u00e9gralement modifi\u00e9 une fois qu\u2019il est termin\u00e9). &nbsp;<\/strong><\/span><\/p>\t\t\t\t\t\t<\/div>\n\t\t\t\t<\/div>\n\t\t\t\t\t<\/div>\n\t\t<\/div>\n\t\t\t\t\t\t\t<\/div>\n\t\t<\/section>\n\t\t\t\t\t<\/div>\n\t\t<\/div>\n\t\t\t\t\t\t\t<\/div>\n\t\t<\/section>\n\t\t\t\t<section class=\"elementor-section elementor-top-section elementor-element elementor-element-bac9017 elementor-section-boxed elementor-section-height-default elementor-section-height-default\" data-id=\"bac9017\" data-element_type=\"section\">\n\t\t\t\t\t\t<div class=\"elementor-container elementor-column-gap-default\">\n\t\t\t\t\t<div class=\"elementor-column elementor-col-100 elementor-top-column elementor-element elementor-element-1f9ce8a\" data-id=\"1f9ce8a\" data-element_type=\"column\">\n\t\t\t<div class=\"elementor-widget-wrap elementor-element-populated\">\n\t\t\t\t\t\t\t\t<div class=\"elementor-element elementor-element-3868fd3 elementor-toc--minimized-on-tablet elementor-widget elementor-widget-table-of-contents\" data-id=\"3868fd3\" data-element_type=\"widget\" data-settings=\"{&quot;headings_by_tags&quot;:[&quot;h4&quot;],&quot;exclude_headings_by_selector&quot;:[],&quot;marker_view&quot;:&quot;bullets&quot;,&quot;icon&quot;:{&quot;value&quot;:&quot;fas fa-circle&quot;,&quot;library&quot;:&quot;fa-solid&quot;},&quot;minimize_box&quot;:&quot;yes&quot;,&quot;minimized_on&quot;:&quot;tablet&quot;,&quot;hierarchical_view&quot;:&quot;yes&quot;,&quot;min_height&quot;:{&quot;unit&quot;:&quot;px&quot;,&quot;size&quot;:&quot;&quot;,&quot;sizes&quot;:[]},&quot;min_height_tablet&quot;:{&quot;unit&quot;:&quot;px&quot;,&quot;size&quot;:&quot;&quot;,&quot;sizes&quot;:[]},&quot;min_height_mobile&quot;:{&quot;unit&quot;:&quot;px&quot;,&quot;size&quot;:&quot;&quot;,&quot;sizes&quot;:[]}}\" data-widget_type=\"table-of-contents.default\">\n\t\t\t\t<div class=\"elementor-widget-container\">\n\t\t\t\t\t<div class=\"elementor-toc__header\">\n\t\t\t<h4 class=\"elementor-toc__header-title\">\n\t\t\t\tTable des mati\u00e8res\t\t\t<\/h4>\n\t\t\t\t\t\t\t<div class=\"elementor-toc__toggle-button elementor-toc__toggle-button--expand\"><i class=\"fas fa-chevron-down\"><\/i><\/div>\n\t\t\t\t<div class=\"elementor-toc__toggle-button elementor-toc__toggle-button--collapse\"><i class=\"fas fa-chevron-up\"><\/i><\/div>\n\t\t\t\t\t<\/div>\n\t\t<div class=\"elementor-toc__body\"><ul class=\"elementor-toc__list-wrapper\"><li class=\"elementor-toc__list-item\"><div class=\"elementor-toc__list-item-text-wrapper\"><i class=\"fas fa-circle\"><\/i><a href=\"#elementor-toc__heading-anchor-0\" class=\"elementor-toc__list-item-text elementor-toc__top-level\">Les textes<\/a><\/div><\/li><li class=\"elementor-toc__list-item\"><div class=\"elementor-toc__list-item-text-wrapper\"><i class=\"fas fa-circle\"><\/i><a href=\"#elementor-toc__heading-anchor-1\" class=\"elementor-toc__list-item-text elementor-toc__top-level\">Les participants<\/a><\/div><\/li><li class=\"elementor-toc__list-item\"><div class=\"elementor-toc__list-item-text-wrapper\"><i class=\"fas fa-circle\"><\/i><a href=\"#elementor-toc__heading-anchor-2\" class=\"elementor-toc__list-item-text elementor-toc__top-level\">Des lignes de gestion nationales<\/a><\/div><\/li><li class=\"elementor-toc__list-item\"><div class=\"elementor-toc__list-item-text-wrapper\"><i class=\"fas fa-circle\"><\/i><a href=\"#elementor-toc__heading-anchor-3\" class=\"elementor-toc__list-item-text elementor-toc__top-level\">Des choix d\u00e9partementaux<\/a><\/div><\/li><li class=\"elementor-toc__list-item\"><div class=\"elementor-toc__list-item-text-wrapper\"><i class=\"fas fa-circle\"><\/i><a href=\"#elementor-toc__heading-anchor-4\" class=\"elementor-toc__list-item-text elementor-toc__top-level\">La formulation des v\u0153ux<\/a><\/div><\/li><li class=\"elementor-toc__list-item\"><div class=\"elementor-toc__list-item-text-wrapper\"><i class=\"fas fa-circle\"><\/i><a href=\"#elementor-toc__heading-anchor-5\" class=\"elementor-toc__list-item-text elementor-toc__top-level\">Les MOB<\/a><\/div><\/li><li class=\"elementor-toc__list-item\"><div class=\"elementor-toc__list-item-text-wrapper\"><i class=\"fas fa-circle\"><\/i><a href=\"#elementor-toc__heading-anchor-6\" class=\"elementor-toc__list-item-text elementor-toc__top-level\">Un d\u00e9trompeur en cas de saisie incorrecte <\/a><\/div><\/li><li class=\"elementor-toc__list-item\"><div class=\"elementor-toc__list-item-text-wrapper\"><i class=\"fas fa-circle\"><\/i><a href=\"#elementor-toc__heading-anchor-7\" class=\"elementor-toc__list-item-text elementor-toc__top-level\">Le bar\u00e8me <\/a><\/div><\/li><li class=\"elementor-toc__list-item\"><div class=\"elementor-toc__list-item-text-wrapper\"><i class=\"fas fa-circle\"><\/i><a href=\"#elementor-toc__heading-anchor-8\" class=\"elementor-toc__list-item-text elementor-toc__top-level\">La priorit\u00e9 RQTH, les difficult\u00e9s de sant\u00e9, les difficult\u00e9s sociales<\/a><\/div><\/li><li class=\"elementor-toc__list-item\"><div class=\"elementor-toc__list-item-text-wrapper\"><i class=\"fas fa-circle\"><\/i><a href=\"#elementor-toc__heading-anchor-9\" class=\"elementor-toc__list-item-text elementor-toc__top-level\">L\u2019anciennet\u00e9<\/a><\/div><\/li><li class=\"elementor-toc__list-item\"><div class=\"elementor-toc__list-item-text-wrapper\"><i class=\"fas fa-circle\"><\/i><a href=\"#elementor-toc__heading-anchor-10\" class=\"elementor-toc__list-item-text elementor-toc__top-level\">Le d\u00e9partage<\/a><\/div><\/li><li class=\"elementor-toc__list-item\"><div class=\"elementor-toc__list-item-text-wrapper\"><i class=\"fas fa-circle\"><\/i><a href=\"#elementor-toc__heading-anchor-11\" class=\"elementor-toc__list-item-text elementor-toc__top-level\">Le recours administratif <\/a><\/div><\/li><li class=\"elementor-toc__list-item\"><div class=\"elementor-toc__list-item-text-wrapper\"><i class=\"fas fa-circle\"><\/i><a href=\"#elementor-toc__heading-anchor-12\" class=\"elementor-toc__list-item-text elementor-toc__top-level elementor-item-active\">La n\u00e9cessit\u00e9 de missionner le SNALC<\/a><\/div><\/li><\/ul><\/div>\n\t\t\t\t<\/div>\n\t\t\t\t<\/div>\n\t\t\t\t<div class=\"elementor-element elementor-element-47ae039 elementor-widget elementor-widget-spacer\" data-id=\"47ae039\" data-element_type=\"widget\" data-widget_type=\"spacer.default\">\n\t\t\t\t<div class=\"elementor-widget-container\">\n\t\t\t\t\t<div class=\"elementor-spacer\">\n\t\t\t<div class=\"elementor-spacer-inner\"><\/div>\n\t\t<\/div>\n\t\t\t\t<\/div>\n\t\t\t\t<\/div>\n\t\t\t\t\t<\/div>\n\t\t<\/div>\n\t\t\t\t\t\t\t<\/div>\n\t\t<\/section>\n\t\t\t\t<section class=\"elementor-section elementor-top-section elementor-element elementor-element-f7c480e elementor-section-boxed elementor-section-height-default elementor-section-height-default\" data-id=\"f7c480e\" data-element_type=\"section\">\n\t\t\t\t\t\t<div class=\"elementor-container elementor-column-gap-default\">\n\t\t\t\t\t<div class=\"elementor-column elementor-col-100 elementor-top-column elementor-element elementor-element-a6e6efd\" data-id=\"a6e6efd\" data-element_type=\"column\">\n\t\t\t<div class=\"elementor-widget-wrap elementor-element-populated\">\n\t\t\t\t\t\t\t\t<div class=\"elementor-element elementor-element-a5381de elementor-widget elementor-widget-heading\" data-id=\"a5381de\" data-element_type=\"widget\" data-widget_type=\"heading.default\">\n\t\t\t\t<div class=\"elementor-widget-container\">\n\t\t\t<span id=\"elementor-toc__heading-anchor-0\" class=\"elementor-menu-anchor \"><\/span><h4 class=\"elementor-heading-title elementor-size-default\">Les textes<\/h4>\t\t<\/div>\n\t\t\t\t<\/div>\n\t\t\t\t<div class=\"elementor-element elementor-element-adf9c13 elementor-widget elementor-widget-text-editor\" data-id=\"adf9c13\" data-element_type=\"widget\" data-widget_type=\"text-editor.default\">\n\t\t\t\t<div class=\"elementor-widget-container\">\n\t\t\t\t\t\t\t<p>La mobilit\u00e9 des personnels enseignants du premier degr\u00e9 est r\u00e9gie par les Lignes Directrices de Gestion (LDG) relatives \u00e0 la mobilit\u00e9, parues au <a href=\"https:\/\/www.education.gouv.fr\/bo\/21\/Special6\/MENH2131955X.htm\">BO sp\u00e9cial n\u00b06 du 28 octobre 2021<\/a>. Chaque d\u00e9partement poss\u00e8de sa propre <strong>circulaire mouvement intra-d\u00e9partemental<\/strong>, s\u2019appuyant sur les LDG. Un certain nombre de crit\u00e8res comme le bar\u00e8me, le nombre et le type de v\u0153ux ou le calendrier ob\u00e9issent \u00e0 des d\u00e9clinaisons d\u00e9partementales. Les informations qui suivent sont donc indicatives et g\u00e9n\u00e9rales. Il est imp\u00e9ratif de se r\u00e9f\u00e9rer \u00e0 la circulaire mouvement de son d\u00e9partement d\u2019origine\/ actuel ou de son d\u00e9partement d\u2019accueil \u00e0 la rentr\u00e9e scolaire suivante, en cas de mutation interd\u00e9partementale, avant d\u2019\u00e9mettre des v\u0153ux.<\/p>\t\t\t\t\t\t<\/div>\n\t\t\t\t<\/div>\n\t\t\t\t<div class=\"elementor-element elementor-element-bc475c1 elementor-widget elementor-widget-spacer\" data-id=\"bc475c1\" data-element_type=\"widget\" data-widget_type=\"spacer.default\">\n\t\t\t\t<div class=\"elementor-widget-container\">\n\t\t\t\t\t<div class=\"elementor-spacer\">\n\t\t\t<div class=\"elementor-spacer-inner\"><\/div>\n\t\t<\/div>\n\t\t\t\t<\/div>\n\t\t\t\t<\/div>\n\t\t\t\t\t<\/div>\n\t\t<\/div>\n\t\t\t\t\t\t\t<\/div>\n\t\t<\/section>\n\t\t\t\t<section class=\"elementor-section elementor-top-section elementor-element elementor-element-e31c9eb elementor-section-boxed elementor-section-height-default elementor-section-height-default\" data-id=\"e31c9eb\" data-element_type=\"section\">\n\t\t\t\t\t\t<div class=\"elementor-container elementor-column-gap-default\">\n\t\t\t\t\t<div class=\"elementor-column elementor-col-100 elementor-top-column elementor-element elementor-element-f5e23e8\" data-id=\"f5e23e8\" data-element_type=\"column\">\n\t\t\t<div class=\"elementor-widget-wrap elementor-element-populated\">\n\t\t\t\t\t\t\t\t<div class=\"elementor-element elementor-element-37b6c64 elementor-widget elementor-widget-heading\" data-id=\"37b6c64\" data-element_type=\"widget\" data-widget_type=\"heading.default\">\n\t\t\t\t<div class=\"elementor-widget-container\">\n\t\t\t<span id=\"elementor-toc__heading-anchor-1\" class=\"elementor-menu-anchor \"><\/span><h4 class=\"elementor-heading-title elementor-size-default\">Les participants<\/h4>\t\t<\/div>\n\t\t\t\t<\/div>\n\t\t\t\t<div class=\"elementor-element elementor-element-423d0b0 elementor-widget elementor-widget-text-editor\" data-id=\"423d0b0\" data-element_type=\"widget\" data-widget_type=\"text-editor.default\">\n\t\t\t\t<div class=\"elementor-widget-container\">\n\t\t\t\t\t\t\t<p>Tous les enseignants du premier degr\u00e9 peuvent, s\u2019ils le souhaitent, participer au mouvement intra-d\u00e9partemental. N\u00e9anmoins certains se trouvent dans l\u2019obligation d\u2019y participer. Il s\u2019agit des personnels dont le poste \u00e0 titre d\u00e9finitif a fait l\u2019objet d\u2019une mesure de carte scolaire, des entrants dans le d\u00e9partement suite au mouvement interd\u00e9partemental, des personnels titulaires affect\u00e9s \u00e0 titre provisoire durant l\u2019ann\u00e9e pr\u00e9c\u00e9dente, des personnels qui reprennent leurs fonctions dans le d\u00e9partement \u00e0 la suite d\u2019une r\u00e9int\u00e9gration apr\u00e8s d\u00e9tachement, disponibilit\u00e9 ou cong\u00e9 de longue dur\u00e9e, des personnels ayant perdu leur poste \u00e0 la suite d\u2019une p\u00e9riode de cong\u00e9 parental et des professeurs des \u00e9coles stagiaires titularisables au 1er septembre 2022.<\/p>\t\t\t\t\t\t<\/div>\n\t\t\t\t<\/div>\n\t\t\t\t<div class=\"elementor-element elementor-element-07bd4ce elementor-widget elementor-widget-spacer\" data-id=\"07bd4ce\" data-element_type=\"widget\" data-widget_type=\"spacer.default\">\n\t\t\t\t<div class=\"elementor-widget-container\">\n\t\t\t\t\t<div class=\"elementor-spacer\">\n\t\t\t<div class=\"elementor-spacer-inner\"><\/div>\n\t\t<\/div>\n\t\t\t\t<\/div>\n\t\t\t\t<\/div>\n\t\t\t\t\t<\/div>\n\t\t<\/div>\n\t\t\t\t\t\t\t<\/div>\n\t\t<\/section>\n\t\t\t\t<section class=\"elementor-section elementor-top-section elementor-element elementor-element-1a6c619 elementor-section-boxed elementor-section-height-default elementor-section-height-default\" data-id=\"1a6c619\" data-element_type=\"section\">\n\t\t\t\t\t\t<div class=\"elementor-container elementor-column-gap-default\">\n\t\t\t\t\t<div class=\"elementor-column elementor-col-100 elementor-top-column elementor-element elementor-element-06d3923\" data-id=\"06d3923\" data-element_type=\"column\">\n\t\t\t<div class=\"elementor-widget-wrap elementor-element-populated\">\n\t\t\t\t\t\t\t\t<div class=\"elementor-element elementor-element-58642c8 elementor-widget elementor-widget-heading\" data-id=\"58642c8\" data-element_type=\"widget\" data-widget_type=\"heading.default\">\n\t\t\t\t<div class=\"elementor-widget-container\">\n\t\t\t<span id=\"elementor-toc__heading-anchor-2\" class=\"elementor-menu-anchor \"><\/span><h4 class=\"elementor-heading-title elementor-size-default\">Des lignes de gestion nationales<\/h4>\t\t<\/div>\n\t\t\t\t<\/div>\n\t\t\t\t<div class=\"elementor-element elementor-element-f29bb75 elementor-widget elementor-widget-text-editor\" data-id=\"f29bb75\" data-element_type=\"widget\" data-widget_type=\"text-editor.default\">\n\t\t\t\t<div class=\"elementor-widget-container\">\n\t\t\t\t\t\t\t<p>Si la DGRH propose ce qu\u2019elle appelle \u00ab un catalogue de crit\u00e8res \u00bb, comme les \u00e9l\u00e9ments de bar\u00e8mes ou les discriminants en cas d\u2019\u00e9galit\u00e9 aux acad\u00e9mies, ces derni\u00e8res pourront tout \u00e0 fait puiser au sein de ce catalogue et choisir les crit\u00e8res qui leur conviennent le mieux : <strong>pas d\u2019uniformisation nationale en perspective.<\/strong> En outre, <strong>les acad\u00e9mies ont les mains libres sur les param\u00e9trages et ce qu\u2019elles mettent dans les v\u0153ux groupes.<\/strong><\/p>\t\t\t\t\t\t<\/div>\n\t\t\t\t<\/div>\n\t\t\t\t<div class=\"elementor-element elementor-element-d80c460 elementor-widget elementor-widget-spacer\" data-id=\"d80c460\" data-element_type=\"widget\" data-widget_type=\"spacer.default\">\n\t\t\t\t<div class=\"elementor-widget-container\">\n\t\t\t\t\t<div class=\"elementor-spacer\">\n\t\t\t<div class=\"elementor-spacer-inner\"><\/div>\n\t\t<\/div>\n\t\t\t\t<\/div>\n\t\t\t\t<\/div>\n\t\t\t\t\t<\/div>\n\t\t<\/div>\n\t\t\t\t\t\t\t<\/div>\n\t\t<\/section>\n\t\t\t\t<section class=\"elementor-section elementor-top-section elementor-element elementor-element-3c1c928 elementor-section-boxed elementor-section-height-default elementor-section-height-default\" data-id=\"3c1c928\" data-element_type=\"section\">\n\t\t\t\t\t\t<div class=\"elementor-container elementor-column-gap-default\">\n\t\t\t\t\t<div class=\"elementor-column elementor-col-100 elementor-top-column elementor-element elementor-element-00e5388\" data-id=\"00e5388\" data-element_type=\"column\">\n\t\t\t<div class=\"elementor-widget-wrap elementor-element-populated\">\n\t\t\t\t\t\t\t\t<div class=\"elementor-element elementor-element-1768a65 elementor-widget elementor-widget-heading\" data-id=\"1768a65\" data-element_type=\"widget\" data-widget_type=\"heading.default\">\n\t\t\t\t<div class=\"elementor-widget-container\">\n\t\t\t<span id=\"elementor-toc__heading-anchor-3\" class=\"elementor-menu-anchor \"><\/span><h4 class=\"elementor-heading-title elementor-size-default\">Des choix d\u00e9partementaux<\/h4>\t\t<\/div>\n\t\t\t\t<\/div>\n\t\t\t\t<div class=\"elementor-element elementor-element-6ce2b0f elementor-widget elementor-widget-text-editor\" data-id=\"6ce2b0f\" data-element_type=\"widget\" data-widget_type=\"text-editor.default\">\n\t\t\t\t<div class=\"elementor-widget-container\">\n\t\t\t\t\t\t\t<p><strong>Le logiciel MVT1D prend en consid\u00e9ration les priorit\u00e9s, le bar\u00e8me, le rang de v\u0153ux, le sous-rang de v\u0153ux (c\u2019est-\u00e0-dire le rang du v\u0153u au sein du groupe) puis pour finir les crit\u00e8res de d\u00e9partage propres \u00e0 chaque d\u00e9partement<\/strong>. De m\u00eame, chaque acad\u00e9mie d\u00e9cide du nombre de v\u0153ux autoris\u00e9s (entre 30 et 60), de la distinction (ou pas) concernant les postes en \u00e9cole primaire\u2026<\/p>\t\t\t\t\t\t<\/div>\n\t\t\t\t<\/div>\n\t\t\t\t<div class=\"elementor-element elementor-element-d078d55 elementor-widget elementor-widget-spacer\" data-id=\"d078d55\" data-element_type=\"widget\" data-widget_type=\"spacer.default\">\n\t\t\t\t<div class=\"elementor-widget-container\">\n\t\t\t\t\t<div class=\"elementor-spacer\">\n\t\t\t<div class=\"elementor-spacer-inner\"><\/div>\n\t\t<\/div>\n\t\t\t\t<\/div>\n\t\t\t\t<\/div>\n\t\t\t\t\t<\/div>\n\t\t<\/div>\n\t\t\t\t\t\t\t<\/div>\n\t\t<\/section>\n\t\t\t\t<section class=\"elementor-section elementor-top-section elementor-element elementor-element-a51925f elementor-section-boxed elementor-section-height-default elementor-section-height-default\" data-id=\"a51925f\" data-element_type=\"section\">\n\t\t\t\t\t\t<div class=\"elementor-container elementor-column-gap-default\">\n\t\t\t\t\t<div class=\"elementor-column elementor-col-100 elementor-top-column elementor-element elementor-element-0a0521b\" data-id=\"0a0521b\" data-element_type=\"column\">\n\t\t\t<div class=\"elementor-widget-wrap elementor-element-populated\">\n\t\t\t\t\t\t\t\t<div class=\"elementor-element elementor-element-ce635cc elementor-widget elementor-widget-heading\" data-id=\"ce635cc\" data-element_type=\"widget\" data-widget_type=\"heading.default\">\n\t\t\t\t<div class=\"elementor-widget-container\">\n\t\t\t<span id=\"elementor-toc__heading-anchor-4\" class=\"elementor-menu-anchor \"><\/span><h4 class=\"elementor-heading-title elementor-size-default\">La formulation des v\u0153ux<\/h4>\t\t<\/div>\n\t\t\t\t<\/div>\n\t\t\t\t<div class=\"elementor-element elementor-element-3edb8bf elementor-widget elementor-widget-text-editor\" data-id=\"3edb8bf\" data-element_type=\"widget\" data-widget_type=\"text-editor.default\">\n\t\t\t\t<div class=\"elementor-widget-container\">\n\t\t\t\t\t\t\t<p>Les participants ont la possibilit\u00e9 de formuler et mixer des v\u0153ux pr\u00e9cis (des v\u0153ux \u00e9coles) et\/ou des v\u0153ux groupes&nbsp;(des veux de communes de secteurs ou des v\u0153ux larges).<\/p><p>Le nombre maximum de v\u0153ux d\u00e9pend de chaque d\u00e9partement.<\/p><p>Certains postes sont sp\u00e9cifiques, \u00e0 profil, \u00e0 exigences particuli\u00e8res ou requi\u00e8rent un appel \u00e0 candidatures voire un entretien en amont du mouvement intra.<\/p><p>C\u2019est pourquoi des affectations peuvent \u00eatre prononc\u00e9es hors bar\u00e8me en raison des sp\u00e9cificit\u00e9s particuli\u00e8res attach\u00e9es \u00e0 certains postes ou relevant de contextes locaux particuliers.<\/p>\t\t\t\t\t\t<\/div>\n\t\t\t\t<\/div>\n\t\t\t\t<div class=\"elementor-element elementor-element-b6169c8 elementor-widget elementor-widget-spacer\" data-id=\"b6169c8\" data-element_type=\"widget\" data-widget_type=\"spacer.default\">\n\t\t\t\t<div class=\"elementor-widget-container\">\n\t\t\t\t\t<div class=\"elementor-spacer\">\n\t\t\t<div class=\"elementor-spacer-inner\"><\/div>\n\t\t<\/div>\n\t\t\t\t<\/div>\n\t\t\t\t<\/div>\n\t\t\t\t\t<\/div>\n\t\t<\/div>\n\t\t\t\t\t\t\t<\/div>\n\t\t<\/section>\n\t\t\t\t<section class=\"elementor-section elementor-top-section elementor-element elementor-element-c22e5bc elementor-section-boxed elementor-section-height-default elementor-section-height-default\" data-id=\"c22e5bc\" data-element_type=\"section\">\n\t\t\t\t\t\t<div class=\"elementor-container elementor-column-gap-default\">\n\t\t\t\t\t<div class=\"elementor-column elementor-col-100 elementor-top-column elementor-element elementor-element-ec04d55\" data-id=\"ec04d55\" data-element_type=\"column\">\n\t\t\t<div class=\"elementor-widget-wrap elementor-element-populated\">\n\t\t\t\t\t\t\t\t<div class=\"elementor-element elementor-element-b6e7173 elementor-widget elementor-widget-heading\" data-id=\"b6e7173\" data-element_type=\"widget\" data-widget_type=\"heading.default\">\n\t\t\t\t<div class=\"elementor-widget-container\">\n\t\t\t<span id=\"elementor-toc__heading-anchor-5\" class=\"elementor-menu-anchor \"><\/span><h4 class=\"elementor-heading-title elementor-size-default\">Les MOB<\/h4>\t\t<\/div>\n\t\t\t\t<\/div>\n\t\t\t\t<div class=\"elementor-element elementor-element-ef94bce elementor-widget elementor-widget-text-editor\" data-id=\"ef94bce\" data-element_type=\"widget\" data-widget_type=\"text-editor.default\">\n\t\t\t\t<div class=\"elementor-widget-container\">\n\t\t\t\t\t\t\t<p>Les participants obligatoires doivent faire un ou des v\u0153ux groupes \u00e0 mobilit\u00e9 obligatoire, appel\u00e9s <strong>MOB.<\/strong> <strong>Les v\u0153ux groupes sont des v\u0153ux g\u00e9ographiques \/ v\u0153ux larges.<\/strong> Il est possible de voir dans chaque groupe l\u2019ensemble des postes qui le composent et d\u2019agir sur ces derniers en le r\u00e9agen\u00e7ant. <strong>Ainsi, les participants ont tout \u00e0 fait le droit de classer les \u00e9coles au sein d\u2019un v\u0153u groupe<\/strong> pour que l\u2019algorithme balaye ce support de postes dans l\u2019ordre de leurs pr\u00e9f\u00e9rences. En revanche, <strong>ils ne peuvent en aucun cas retirer des v\u0153ux au sein d\u2019un v\u0153u groupe.<\/strong><\/p>\t\t\t\t\t\t<\/div>\n\t\t\t\t<\/div>\n\t\t\t\t<div class=\"elementor-element elementor-element-edccb6d elementor-widget elementor-widget-spacer\" data-id=\"edccb6d\" data-element_type=\"widget\" data-widget_type=\"spacer.default\">\n\t\t\t\t<div class=\"elementor-widget-container\">\n\t\t\t\t\t<div class=\"elementor-spacer\">\n\t\t\t<div class=\"elementor-spacer-inner\"><\/div>\n\t\t<\/div>\n\t\t\t\t<\/div>\n\t\t\t\t<\/div>\n\t\t\t\t\t<\/div>\n\t\t<\/div>\n\t\t\t\t\t\t\t<\/div>\n\t\t<\/section>\n\t\t\t\t<section class=\"elementor-section elementor-top-section elementor-element elementor-element-c26721d elementor-section-boxed elementor-section-height-default elementor-section-height-default\" data-id=\"c26721d\" data-element_type=\"section\">\n\t\t\t\t\t\t<div class=\"elementor-container elementor-column-gap-default\">\n\t\t\t\t\t<div class=\"elementor-column elementor-col-100 elementor-top-column elementor-element elementor-element-2666bcf\" data-id=\"2666bcf\" data-element_type=\"column\">\n\t\t\t<div class=\"elementor-widget-wrap elementor-element-populated\">\n\t\t\t\t\t\t\t\t<div class=\"elementor-element elementor-element-7b40a33 elementor-widget elementor-widget-heading\" data-id=\"7b40a33\" data-element_type=\"widget\" data-widget_type=\"heading.default\">\n\t\t\t\t<div class=\"elementor-widget-container\">\n\t\t\t<span id=\"elementor-toc__heading-anchor-6\" class=\"elementor-menu-anchor \"><\/span><h4 class=\"elementor-heading-title elementor-size-default\">Un d\u00e9trompeur en cas de saisie incorrecte <\/h4>\t\t<\/div>\n\t\t\t\t<\/div>\n\t\t\t\t<div class=\"elementor-element elementor-element-c906d40 elementor-widget elementor-widget-text-editor\" data-id=\"c906d40\" data-element_type=\"widget\" data-widget_type=\"text-editor.default\">\n\t\t\t\t<div class=\"elementor-widget-container\">\n\t\t\t\t\t\t\t<p><strong>Pour les participants obligatoires, dans le cas o\u00f9 la saisie des v\u0153ux du candidat ne r\u00e9pondrait pas aux exigences du mouvement <\/strong>(lorsqu\u2019il y a erreur ou oubli), le logiciel affichera un<strong> bandeau orange tr\u00e8s visible sur l\u2019\u00e9cran<\/strong>. Ce \u00ab d\u00e9trompeur \u00bb, que le <strong>SNALC<\/strong> a appel\u00e9 de ses v\u0153ux \u00e0 de nombreuses reprises, permettrait de s\u2019assurer de la validit\u00e9 de sa saisie.<\/p>\t\t\t\t\t\t<\/div>\n\t\t\t\t<\/div>\n\t\t\t\t<div class=\"elementor-element elementor-element-dbaadf5 elementor-widget elementor-widget-spacer\" data-id=\"dbaadf5\" data-element_type=\"widget\" data-widget_type=\"spacer.default\">\n\t\t\t\t<div class=\"elementor-widget-container\">\n\t\t\t\t\t<div class=\"elementor-spacer\">\n\t\t\t<div class=\"elementor-spacer-inner\"><\/div>\n\t\t<\/div>\n\t\t\t\t<\/div>\n\t\t\t\t<\/div>\n\t\t\t\t\t<\/div>\n\t\t<\/div>\n\t\t\t\t\t\t\t<\/div>\n\t\t<\/section>\n\t\t\t\t<section class=\"elementor-section elementor-top-section elementor-element elementor-element-0606ff2 elementor-section-boxed elementor-section-height-default elementor-section-height-default\" data-id=\"0606ff2\" data-element_type=\"section\">\n\t\t\t\t\t\t<div class=\"elementor-container elementor-column-gap-default\">\n\t\t\t\t\t<div class=\"elementor-column elementor-col-100 elementor-top-column elementor-element elementor-element-44f3e48\" data-id=\"44f3e48\" data-element_type=\"column\">\n\t\t\t<div class=\"elementor-widget-wrap elementor-element-populated\">\n\t\t\t\t\t\t\t\t<div class=\"elementor-element elementor-element-b4a053e elementor-widget elementor-widget-heading\" data-id=\"b4a053e\" data-element_type=\"widget\" data-widget_type=\"heading.default\">\n\t\t\t\t<div class=\"elementor-widget-container\">\n\t\t\t<span id=\"elementor-toc__heading-anchor-7\" class=\"elementor-menu-anchor \"><\/span><h4 class=\"elementor-heading-title elementor-size-default\">Le bar\u00e8me <\/h4>\t\t<\/div>\n\t\t\t\t<\/div>\n\t\t\t\t<div class=\"elementor-element elementor-element-a21668a elementor-widget elementor-widget-text-editor\" data-id=\"a21668a\" data-element_type=\"widget\" data-widget_type=\"text-editor.default\">\n\t\t\t\t<div class=\"elementor-widget-container\">\n\t\t\t\t\t\t\t<p>Si les lignes g\u00e9n\u00e9rales sont d\u00e9finies nationalement, le bar\u00e8me est d\u00e9fini par les lignes de gestion acad\u00e9miques. Ainsi, <strong>chaque d\u00e9partement au sein de chaque acad\u00e9mie a ses propres r\u00e8gles de calcul du bar\u00e8me<\/strong>. Le nombre de points attribu\u00e9 aux situations particuli\u00e8res peut ainsi varier d\u2019un d\u00e9partement \u00e0 un autre. La constitution du bar\u00e8me, qui prend en compte des bonifications relevant des priorit\u00e9s l\u00e9gales, est pr\u00e9cis\u00e9e dans la circulaire mouvement de chaque d\u00e9partement.<\/p><p>Le bar\u00e8me rev\u00eatant un caract\u00e8re indicatif, chaque IA-DASEN conserve n\u00e9anmoins son pouvoir d\u2019appr\u00e9ciation en fonction des situations individuelles, des besoins du service ou de tout autre motif d\u2019int\u00e9r\u00eat g\u00e9n\u00e9ral.<\/p>\t\t\t\t\t\t<\/div>\n\t\t\t\t<\/div>\n\t\t\t\t<div class=\"elementor-element elementor-element-801ffd2 elementor-widget elementor-widget-spacer\" data-id=\"801ffd2\" data-element_type=\"widget\" data-widget_type=\"spacer.default\">\n\t\t\t\t<div class=\"elementor-widget-container\">\n\t\t\t\t\t<div class=\"elementor-spacer\">\n\t\t\t<div class=\"elementor-spacer-inner\"><\/div>\n\t\t<\/div>\n\t\t\t\t<\/div>\n\t\t\t\t<\/div>\n\t\t\t\t\t<\/div>\n\t\t<\/div>\n\t\t\t\t\t\t\t<\/div>\n\t\t<\/section>\n\t\t\t\t<section class=\"elementor-section elementor-top-section elementor-element elementor-element-019b50f elementor-section-boxed elementor-section-height-default elementor-section-height-default\" data-id=\"019b50f\" data-element_type=\"section\">\n\t\t\t\t\t\t<div class=\"elementor-container elementor-column-gap-default\">\n\t\t\t\t\t<div class=\"elementor-column elementor-col-100 elementor-top-column elementor-element elementor-element-d44da81\" data-id=\"d44da81\" data-element_type=\"column\">\n\t\t\t<div class=\"elementor-widget-wrap elementor-element-populated\">\n\t\t\t\t\t\t\t\t<div class=\"elementor-element elementor-element-6b589b7 elementor-widget elementor-widget-heading\" data-id=\"6b589b7\" data-element_type=\"widget\" data-widget_type=\"heading.default\">\n\t\t\t\t<div class=\"elementor-widget-container\">\n\t\t\t<span id=\"elementor-toc__heading-anchor-8\" class=\"elementor-menu-anchor \"><\/span><h4 class=\"elementor-heading-title elementor-size-default\">La priorit\u00e9 RQTH, les difficult\u00e9s de sant\u00e9, les difficult\u00e9s sociales<\/h4>\t\t<\/div>\n\t\t\t\t<\/div>\n\t\t\t\t<div class=\"elementor-element elementor-element-677817b elementor-widget elementor-widget-text-editor\" data-id=\"677817b\" data-element_type=\"widget\" data-widget_type=\"text-editor.default\">\n\t\t\t\t<div class=\"elementor-widget-container\">\n\t\t\t\t\t\t\t<p>La prise en compte des difficult\u00e9s de sant\u00e9 des personnels, de leur conjoint ou de leur enfant peut \u00eatre diff\u00e9rente selon les d\u00e9partements. Pour certains, seule la priorit\u00e9 RQTH permet de pr\u00e9tendre \u00e0 une priorit\u00e9 m\u00e9dicale, quand pour d\u2019autres, des situations m\u00e9dicales ne relevant pas du champ du handicap peuvent \u00eatre consid\u00e9r\u00e9es.<\/p><p>Quelle que soit votre situation, m\u00e9dicale, familiale ou sociale, r\u00e9f\u00e9rez-vous \u00e0 votre circulaire d\u00e9partementale et contactez en amont du mouvement intra le m\u00e9decin de pr\u00e9vention ou le service social de votre DSDEN.<\/p>\t\t\t\t\t\t<\/div>\n\t\t\t\t<\/div>\n\t\t\t\t<div class=\"elementor-element elementor-element-9ca68b2 elementor-widget elementor-widget-spacer\" data-id=\"9ca68b2\" data-element_type=\"widget\" data-widget_type=\"spacer.default\">\n\t\t\t\t<div class=\"elementor-widget-container\">\n\t\t\t\t\t<div class=\"elementor-spacer\">\n\t\t\t<div class=\"elementor-spacer-inner\"><\/div>\n\t\t<\/div>\n\t\t\t\t<\/div>\n\t\t\t\t<\/div>\n\t\t\t\t\t<\/div>\n\t\t<\/div>\n\t\t\t\t\t\t\t<\/div>\n\t\t<\/section>\n\t\t\t\t<section class=\"elementor-section elementor-top-section elementor-element elementor-element-802faf3 elementor-section-boxed elementor-section-height-default elementor-section-height-default\" data-id=\"802faf3\" data-element_type=\"section\">\n\t\t\t\t\t\t<div class=\"elementor-container elementor-column-gap-default\">\n\t\t\t\t\t<div class=\"elementor-column elementor-col-100 elementor-top-column elementor-element elementor-element-b9c6937\" data-id=\"b9c6937\" data-element_type=\"column\">\n\t\t\t<div class=\"elementor-widget-wrap elementor-element-populated\">\n\t\t\t\t\t\t\t\t<div class=\"elementor-element elementor-element-4adc80e elementor-widget elementor-widget-heading\" data-id=\"4adc80e\" data-element_type=\"widget\" data-widget_type=\"heading.default\">\n\t\t\t\t<div class=\"elementor-widget-container\">\n\t\t\t<span id=\"elementor-toc__heading-anchor-9\" class=\"elementor-menu-anchor \"><\/span><h4 class=\"elementor-heading-title elementor-size-default\">L\u2019anciennet\u00e9<\/h4>\t\t<\/div>\n\t\t\t\t<\/div>\n\t\t\t\t<div class=\"elementor-element elementor-element-c177386 elementor-widget elementor-widget-text-editor\" data-id=\"c177386\" data-element_type=\"widget\" data-widget_type=\"text-editor.default\">\n\t\t\t\t<div class=\"elementor-widget-container\">\n\t\t\t\t\t\t\t<p>Dans le calcul du bar\u00e8me, la DGRH pr\u00e9conise la prise en compte de l\u2019ANF1D (anciennet\u00e9 de fonction d\u2019enseignant du premier degr\u00e9) plut\u00f4t que l\u2019AGS (anciennet\u00e9 g\u00e9n\u00e9rale de service). La non prise en compte des ann\u00e9es d\u2019exercice dans la fonction publique, avant la titularisation en tant que professeur des \u00e9coles est pr\u00e9judiciable. L\u00e0 encore, il n\u2019y a pas d\u2019uniformisation nationale : certains d\u00e9partements peuvent continuer \u00e0 prendre en compte l\u2019AGS, d\u2019autres l\u2019ANF1D quand il ne s\u2019agit pas de \u00ab&nbsp;l\u2019anciennet\u00e9 de fonction au sein de l\u2019\u00c9ducation nationale&nbsp;\u00bb.<\/p>\t\t\t\t\t\t<\/div>\n\t\t\t\t<\/div>\n\t\t\t\t<div class=\"elementor-element elementor-element-5369b1b elementor-widget elementor-widget-spacer\" data-id=\"5369b1b\" data-element_type=\"widget\" data-widget_type=\"spacer.default\">\n\t\t\t\t<div class=\"elementor-widget-container\">\n\t\t\t\t\t<div class=\"elementor-spacer\">\n\t\t\t<div class=\"elementor-spacer-inner\"><\/div>\n\t\t<\/div>\n\t\t\t\t<\/div>\n\t\t\t\t<\/div>\n\t\t\t\t\t<\/div>\n\t\t<\/div>\n\t\t\t\t\t\t\t<\/div>\n\t\t<\/section>\n\t\t\t\t<section class=\"elementor-section elementor-top-section elementor-element elementor-element-584c90c elementor-section-boxed elementor-section-height-default elementor-section-height-default\" data-id=\"584c90c\" data-element_type=\"section\">\n\t\t\t\t\t\t<div class=\"elementor-container elementor-column-gap-default\">\n\t\t\t\t\t<div class=\"elementor-column elementor-col-100 elementor-top-column elementor-element elementor-element-6b4344b\" data-id=\"6b4344b\" data-element_type=\"column\">\n\t\t\t<div class=\"elementor-widget-wrap elementor-element-populated\">\n\t\t\t\t\t\t\t\t<div class=\"elementor-element elementor-element-6be3aeb elementor-widget elementor-widget-heading\" data-id=\"6be3aeb\" data-element_type=\"widget\" data-widget_type=\"heading.default\">\n\t\t\t\t<div class=\"elementor-widget-container\">\n\t\t\t<span id=\"elementor-toc__heading-anchor-10\" class=\"elementor-menu-anchor \"><\/span><h4 class=\"elementor-heading-title elementor-size-default\">Le d\u00e9partage<\/h4>\t\t<\/div>\n\t\t\t\t<\/div>\n\t\t\t\t<div class=\"elementor-element elementor-element-1008f82 elementor-widget elementor-widget-text-editor\" data-id=\"1008f82\" data-element_type=\"widget\" data-widget_type=\"text-editor.default\">\n\t\t\t\t<div class=\"elementor-widget-container\">\n\t\t\t\t\t\t\t<p>En cas d\u2019\u00e9galit\u00e9 de bar\u00e8me, l\u2019\u00e2ge n\u2019est plus un discriminant. Afin de d\u00e9partager deux candidats, sont pris en compte, dans l\u2019ordre : <strong>les priorit\u00e9s l\u00e9gales ; le rang du v\u0153u, le sous-rang du v\u0153u<\/strong> (rang du v\u0153u dans un v\u0153u groupe). Si ces crit\u00e8res de d\u00e9partage sont insuffisants, le minist\u00e8re a \u00e9tabli un catalogue de crit\u00e8res de d\u00e9partage suppl\u00e9mentaires \u00e0 la disposition des instances d\u00e9partementales. Si n\u00e9cessaire, une fois tous les crit\u00e8res de d\u00e9partage \u00e9puis\u00e9s, <strong>un num\u00e9ro sera attribu\u00e9 al\u00e9atoirement \u00e0 chaque candidat <\/strong>pr\u00e9alablement au lancement de l\u2019algorithme pour les d\u00e9partager.<\/p>\t\t\t\t\t\t<\/div>\n\t\t\t\t<\/div>\n\t\t\t\t<div class=\"elementor-element elementor-element-f3151d1 elementor-widget elementor-widget-spacer\" data-id=\"f3151d1\" data-element_type=\"widget\" data-widget_type=\"spacer.default\">\n\t\t\t\t<div class=\"elementor-widget-container\">\n\t\t\t\t\t<div class=\"elementor-spacer\">\n\t\t\t<div class=\"elementor-spacer-inner\"><\/div>\n\t\t<\/div>\n\t\t\t\t<\/div>\n\t\t\t\t<\/div>\n\t\t\t\t\t<\/div>\n\t\t<\/div>\n\t\t\t\t\t\t\t<\/div>\n\t\t<\/section>\n\t\t\t\t<section class=\"elementor-section elementor-top-section elementor-element elementor-element-ebfcec6 elementor-section-boxed elementor-section-height-default elementor-section-height-default\" data-id=\"ebfcec6\" data-element_type=\"section\">\n\t\t\t\t\t\t<div class=\"elementor-container elementor-column-gap-default\">\n\t\t\t\t\t<div class=\"elementor-column elementor-col-100 elementor-top-column elementor-element elementor-element-b871f6f\" data-id=\"b871f6f\" data-element_type=\"column\">\n\t\t\t<div class=\"elementor-widget-wrap elementor-element-populated\">\n\t\t\t\t\t\t\t\t<div class=\"elementor-element elementor-element-9fa7b59 elementor-widget elementor-widget-heading\" data-id=\"9fa7b59\" data-element_type=\"widget\" data-widget_type=\"heading.default\">\n\t\t\t\t<div class=\"elementor-widget-container\">\n\t\t\t<span id=\"elementor-toc__heading-anchor-11\" class=\"elementor-menu-anchor \"><\/span><h4 class=\"elementor-heading-title elementor-size-default\">Le recours administratif <\/h4>\t\t<\/div>\n\t\t\t\t<\/div>\n\t\t\t\t<div class=\"elementor-element elementor-element-4f7540d elementor-widget elementor-widget-text-editor\" data-id=\"4f7540d\" data-element_type=\"widget\" data-widget_type=\"text-editor.default\">\n\t\t\t\t<div class=\"elementor-widget-container\">\n\t\t\t\t\t\t\t<p>Si un professeur des \u00e9coles pense que son affectation fait l\u2019objet d\u2019une erreur, il a le droit d\u2019exercer un recours dans les deux mois qui suivent les r\u00e9sultats du mouvement intra. Ce qui est tout sauf simple.<\/p><p>Pour exercer un recours, seules deux situations sont prises en compte par l\u2019administration : \u00eatre sans affectation ou \u00eatre nomm\u00e9 en dehors de ses v\u0153ux. La marge de man\u0153uvre est donc des plus restreinte.<\/p>\t\t\t\t\t\t<\/div>\n\t\t\t\t<\/div>\n\t\t\t\t<div class=\"elementor-element elementor-element-7afdef5 elementor-widget elementor-widget-spacer\" data-id=\"7afdef5\" data-element_type=\"widget\" data-widget_type=\"spacer.default\">\n\t\t\t\t<div class=\"elementor-widget-container\">\n\t\t\t\t\t<div class=\"elementor-spacer\">\n\t\t\t<div class=\"elementor-spacer-inner\"><\/div>\n\t\t<\/div>\n\t\t\t\t<\/div>\n\t\t\t\t<\/div>\n\t\t\t\t\t<\/div>\n\t\t<\/div>\n\t\t\t\t\t\t\t<\/div>\n\t\t<\/section>\n\t\t\t\t<section class=\"elementor-section elementor-top-section elementor-element elementor-element-34dda9a elementor-section-boxed elementor-section-height-default elementor-section-height-default\" data-id=\"34dda9a\" data-element_type=\"section\">\n\t\t\t\t\t\t<div class=\"elementor-container elementor-column-gap-default\">\n\t\t\t\t\t<div class=\"elementor-column elementor-col-100 elementor-top-column elementor-element elementor-element-cb1382c\" data-id=\"cb1382c\" data-element_type=\"column\">\n\t\t\t<div class=\"elementor-widget-wrap elementor-element-populated\">\n\t\t\t\t\t\t\t\t<div class=\"elementor-element elementor-element-189c03c elementor-widget elementor-widget-heading\" data-id=\"189c03c\" data-element_type=\"widget\" data-widget_type=\"heading.default\">\n\t\t\t\t<div class=\"elementor-widget-container\">\n\t\t\t<span id=\"elementor-toc__heading-anchor-12\" class=\"elementor-menu-anchor \"><\/span><h4 class=\"elementor-heading-title elementor-size-default\">La n\u00e9cessit\u00e9 de missionner le SNALC<\/h4>\t\t<\/div>\n\t\t\t\t<\/div>\n\t\t\t\t<div class=\"elementor-element elementor-element-03bf8fa elementor-widget elementor-widget-text-editor\" data-id=\"03bf8fa\" data-element_type=\"widget\" data-widget_type=\"text-editor.default\">\n\t\t\t\t<div class=\"elementor-widget-container\">\n\t\t\t\t\t\t\t<p>Agir seul est impossible, un recours ne sera pris en consid\u00e9ration par l\u2019administration que si l\u2019enseignant concern\u00e9 mandate son syndicat pour l\u2019assister dans cette d\u00e9marche. Afin de respecter les formes pr\u00e9cises de la proc\u00e9dure de recours, il est indispensable de prendre contact dans les plus brefs avec <a href=\"https:\/\/snalc.fr\/contact\/\">la section SNALC<\/a> de votre acad\u00e9mie. En effet, nous insistons sur le fait que bon nombre de recours se sont vus rejet\u00e9s par le pass\u00e9 pour vice de forme.<\/p><p>Pour b\u00e9n\u00e9ficier d\u2019un mouvement le plus \u00e9quitable possible dans cette opacit\u00e9 maintenant install\u00e9e,<a href=\"https:\/\/snalc.fr\/contact\/\"> contactez le SNALC<\/a> de votre acad\u00e9mie sans plus attendre. Notre aide sera plus que jamais essentielle pour faire respecter vos droits les plus fondamentaux.<\/p>\t\t\t\t\t\t<\/div>\n\t\t\t\t<\/div>\n\t\t\t\t<div class=\"elementor-element elementor-element-e924bfe elementor-widget elementor-widget-spacer\" data-id=\"e924bfe\" data-element_type=\"widget\" data-widget_type=\"spacer.default\">\n\t\t\t\t<div class=\"elementor-widget-container\">\n\t\t\t\t\t<div class=\"elementor-spacer\">\n\t\t\t<div class=\"elementor-spacer-inner\"><\/div>\n\t\t<\/div>\n\t\t\t\t<\/div>\n\t\t\t\t<\/div>\n\t\t\t\t\t<\/div>\n\t\t<\/div>\n\t\t\t\t\t\t\t<\/div>\n\t\t<\/section>\n\t\t\t\t<section class=\"elementor-section elementor-top-section elementor-element elementor-element-c1f597a elementor-section-boxed elementor-section-height-default elementor-section-height-default\" data-id=\"c1f597a\" data-element_type=\"section\">\n\t\t\t\t\t\t<div class=\"elementor-container elementor-column-gap-default\">\n\t\t\t\t\t<div class=\"elementor-column elementor-col-100 elementor-top-column elementor-element elementor-element-14619f5\" data-id=\"14619f5\" data-element_type=\"column\">\n\t\t\t<div class=\"elementor-widget-wrap elementor-element-populated\">\n\t\t\t\t\t\t\t\t<div class=\"elementor-element elementor-element-b7b1228 elementor-widget elementor-widget-text-editor\" data-id=\"b7b1228\" data-element_type=\"widget\" data-widget_type=\"text-editor.default\">\n\t\t\t\t<div class=\"elementor-widget-container\">\n\t\t\t\t\t\t\t<p><strong>Pour toute question, contactez-nous : <a href=\"https:\/\/oxiforms.com\/?Qy05h\">CONTACT PREMIER DEGRE<\/a>\n","protected":false},"excerpt":{"rendered":"<p>\u00a9 iStock Avec, en 2020, l\u2019arriv\u00e9e du logiciel MVT1D r\u00e9gissant le mouvement intra-d\u00e9partemental des professeurs des \u00e9coles, ces derniers ont eu des raisons de s\u2019inqui\u00e9ter. En effet, jusqu\u2019alors, le regard [&hellip;]<\/p>\n","protected":false},"author":1,"featured_media":0,"comment_status":"closed","ping_status":"closed","sticky":false,"template":"","format":"standard","meta":{"_lmt_disableupdate":"","_lmt_disable":"","site-sidebar-layout":"default","site-content-layout":"","ast-site-content-layout":"default","site-content-style":"default","site-sidebar-style":"default","ast-global-header-display":"","ast-banner-title-visibility":"","ast-main-header-display":"","ast-hfb-above-header-display":"","ast-hfb-below-header-display":"","ast-hfb-mobile-header-display":"","site-post-title":"","ast-breadcrumbs-content":"","ast-featured-img":"","footer-sml-layout":"","ast-disable-related-posts":"","theme-transparent-header-meta":"","adv-header-id-meta":"","stick-header-meta":"","header-above-stick-meta":"","header-main-stick-meta":"","header-below-stick-meta":"","astra-migrate-meta-layouts":"default","ast-page-background-enabled":"default","ast-page-background-meta":{"desktop":{"background-color":"var(--ast-global-color-4)","background-image":"","background-repeat":"repeat","background-position":"center center","background-size":"auto","background-attachment":"scroll","background-type":"","background-media":"","overlay-type":"","overlay-color":"","overlay-opacity":"","overlay-gradient":""},"tablet":{"background-color":"","background-image":"","background-repeat":"repeat","background-position":"center center","background-size":"auto","background-attachment":"scroll","background-type":"","background-media":"","overlay-type":"","overlay-color":"","overlay-opacity":"","overlay-gradient":""},"mobile":{"background-color":"","background-image":"","background-repeat":"repeat","background-position":"center center","background-size":"auto","background-attachment":"scroll","background-type":"","background-media":"","overlay-type":"","overlay-color":"","overlay-opacity":"","overlay-gradient":""}},"ast-content-background-meta":{"desktop":{"background-color":"var(--ast-global-color-5)","background-image":"","background-repeat":"repeat","background-position":"center center","background-size":"auto","background-attachment":"scroll","background-type":"","background-media":"","overlay-type":"","overlay-color":"","overlay-opacity":"","overlay-gradient":""},"tablet":{"background-color":"var(--ast-global-color-5)","background-image":"","background-repeat":"repeat","background-position":"center center","background-size":"auto","background-attachment":"scroll","background-type":"","background-media":"","overlay-type":"","overlay-color":"","overlay-opacity":"","overlay-gradient":""},"mobile":{"background-color":"var(--ast-global-color-5)","background-image":"","background-repeat":"repeat","background-position":"center center","background-size":"auto","background-attachment":"scroll","background-type":"","background-media":"","overlay-type":"","overlay-color":"","overlay-opacity":"","overlay-gradient":""}},"footnotes":""},"categories":[31,10],"tags":[],"class_list":["post-1209","post","type-post","status-publish","format-standard","hentry","category-actualites-2022-2023","category-intra-departementale"],"modified_by":"slecourtier","_links":{"self":[{"href":"https:\/\/snalc.org\/snalc2023\/index.php?rest_route=\/wp\/v2\/posts\/1209","targetHints":{"allow":["GET"]}}],"collection":[{"href":"https:\/\/snalc.org\/snalc2023\/index.php?rest_route=\/wp\/v2\/posts"}],"about":[{"href":"https:\/\/snalc.org\/snalc2023\/index.php?rest_route=\/wp\/v2\/types\/post"}],"author":[{"embeddable":true,"href":"https:\/\/snalc.org\/snalc2023\/index.php?rest_route=\/wp\/v2\/users\/1"}],"replies":[{"embeddable":true,"href":"https:\/\/snalc.org\/snalc2023\/index.php?rest_route=%2Fwp%2Fv2%2Fcomments&post=1209"}],"version-history":[{"count":1,"href":"https:\/\/snalc.org\/snalc2023\/index.php?rest_route=\/wp\/v2\/posts\/1209\/revisions"}],"predecessor-version":[{"id":1210,"href":"https:\/\/snalc.org\/snalc2023\/index.php?rest_route=\/wp\/v2\/posts\/1209\/revisions\/1210"}],"wp:attachment":[{"href":"https:\/\/snalc.org\/snalc2023\/index.php?rest_route=%2Fwp%2Fv2%2Fmedia&parent=1209"}],"wp:term":[{"taxonomy":"category","embeddable":true,"href":"https:\/\/snalc.org\/snalc2023\/index.php?rest_route=%2Fwp%2Fv2%2Fcategories&post=1209"},{"taxonomy":"post_tag","embeddable":true,"href":"https:\/\/snalc.org\/snalc2023\/index.php?rest_route=%2Fwp%2Fv2%2Ftags&post=1209"}],"curies":[{"name":"wp","href":"https:\/\/api.w.org\/{rel}","templated":true}]}}