{"id":1220,"date":"2023-03-14T15:05:53","date_gmt":"2023-03-14T14:05:53","guid":{"rendered":"https:\/\/snalc.org\/snalc2023\/?p=1220"},"modified":"2023-03-14T15:05:55","modified_gmt":"2023-03-14T14:05:55","slug":"retraites-le-snalc-dans-laction-unitaire","status":"publish","type":"post","link":"https:\/\/snalc.org\/snalc2023\/?p=1220","title":{"rendered":"RETRAITES\u00a0: LE SNALC DANS L\u2019ACTION UNITAIRE"},"content":{"rendered":"\n<figure class=\"wp-block-table\"><table><tbody><tr><td><\/td><\/tr><\/tbody><\/table><\/figure>\n\n\n\n<figure class=\"wp-block-table\"><table><tbody><tr><td><img decoding=\"async\" src=\"https:\/\/syndicat-snalc.net\/AWURTSJ67\/LOGO_9_Ko_1fd66ff7e3.png\" alt=\"\">snalc.fr &#8211; @SNALC_nationalRETRAITES&nbsp;: LE SNALC DANS L\u2019ACTION UNITAIRE<img decoding=\"async\" src=\"https:\/\/snalc.fr\/wp-content\/uploads\/greve_istock_Richard-Villalonundefined-1008953058.jpg\" alt=\"\">Le <strong>SNALC<\/strong> signifie plus que jamais son opposition au projet de r\u00e9forme des retraites, qui constitue une d\u00e9gradation suppl\u00e9mentaire des conditions de travail des personnels de l\u2019\u00c9ducation nationale et du Sup\u00e9rieur, et qui contribue \u00e0 notre paup\u00e9risation grandissante.<br>Le <strong>SNALC<\/strong> pense que nous pouvons gagner en maintenant un cadre unitaire. C\u2019est pourquoi le <strong>SNALC<\/strong> continuera de suivre le calendrier de mobilisation d\u00e9cid\u00e9 au niveau interprofessionnel, \u00e0 commencer par la journ\u00e9e de demain, mercredi 15.<br>Le <strong>SNALC<\/strong> rappelle qu\u2019il a d\u00e9pos\u00e9 un pr\u00e9avis de gr\u00e8ve qui couvre l\u2019ensemble des actions des coll\u00e8gues, et ce jusqu\u2019\u00e0 la fin de l\u2019ann\u00e9e scolaire.&#8212;&#8212;&#8212;&#8212;&#8212;&#8212;&#8212;&#8212;&#8212;<br><strong>Contact<\/strong>&nbsp;: Jean-R\u00e9mi GIRARD, pr\u00e9sident du SNALC, <a href=\"mailto:girardsnalc@yahoo.fr\">girardsnalc@yahoo.fr<\/a> , 06&nbsp;16&nbsp;72&nbsp;86&nbsp;56<a href=\"https:\/\/snalc.fr\/retraites-le-snalc-dans-laction-unitaire\/\" target=\"_blank\" rel=\"noreferrer noopener\">Lire et t\u00e9l\u00e9charger ce communiqu\u00e9 sur le site du SNALC<\/a><\/td><\/tr><\/tbody><\/table><\/figure>\n","protected":false},"excerpt":{"rendered":"<p>snalc.fr &#8211; @SNALC_nationalRETRAITES&nbsp;: LE SNALC DANS L\u2019ACTION UNITAIRELe SNALC signifie plus que jamais son opposition au projet de r\u00e9forme des retraites, qui constitue une d\u00e9gradation suppl\u00e9mentaire des conditions de travail [&hellip;]<\/p>\n","protected":false},"author":1,"featured_media":0,"comment_status":"closed","ping_status":"closed","sticky":false,"template":"","format":"standard","meta":{"_lmt_disableupdate":"","_lmt_disable":"","site-sidebar-layout":"default","site-content-layout":"","ast-site-content-layout":"default","site-content-style":"default","site-sidebar-style":"default","ast-global-header-display":"","ast-banner-title-visibility":"","ast-main-header-display":"","ast-hfb-above-header-display":"","ast-hfb-below-header-display":"","ast-hfb-mobile-header-display":"","site-post-title":"","ast-breadcrumbs-content":"","ast-featured-img":"","footer-sml-layout":"","ast-disable-related-posts":"","theme-transparent-header-meta":"","adv-header-id-meta":"","stick-header-meta":"","header-above-stick-meta":"","header-main-stick-meta":"","header-below-stick-meta":"","astra-migrate-meta-layouts":"default","ast-page-background-enabled":"default","ast-page-background-meta":{"desktop":{"background-color":"var(--ast-global-color-4)","background-image":"","background-repeat":"repeat","background-position":"center center","background-size":"auto","background-attachment":"scroll","background-type":"","background-media":"","overlay-type":"","overlay-color":"","overlay-opacity":"","overlay-gradient":""},"tablet":{"background-color":"","background-image":"","background-repeat":"repeat","background-position":"center center","background-size":"auto","background-attachment":"scroll","background-type":"","background-media":"","overlay-type":"","overlay-color":"","overlay-opacity":"","overlay-gradient":""},"mobile":{"background-color":"","background-image":"","background-repeat":"repeat","background-position":"center center","background-size":"auto","background-attachment":"scroll","background-type":"","background-media":"","overlay-type":"","overlay-color":"","overlay-opacity":"","overlay-gradient":""}},"ast-content-background-meta":{"desktop":{"background-color":"var(--ast-global-color-5)","background-image":"","background-repeat":"repeat","background-position":"center center","background-size":"auto","background-attachment":"scroll","background-type":"","background-media":"","overlay-type":"","overlay-color":"","overlay-opacity":"","overlay-gradient":""},"tablet":{"background-color":"var(--ast-global-color-5)","background-image":"","background-repeat":"repeat","background-position":"center center","background-size":"auto","background-attachment":"scroll","background-type":"","background-media":"","overlay-type":"","overlay-color":"","overlay-opacity":"","overlay-gradient":""},"mobile":{"background-color":"var(--ast-global-color-5)","background-image":"","background-repeat":"repeat","background-position":"center center","background-size":"auto","background-attachment":"scroll","background-type":"","background-media":"","overlay-type":"","overlay-color":"","overlay-opacity":"","overlay-gradient":""}},"footnotes":""},"categories":[31],"tags":[],"class_list":["post-1220","post","type-post","status-publish","format-standard","hentry","category-actualites-2022-2023"],"modified_by":"slecourtier","_links":{"self":[{"href":"https:\/\/snalc.org\/snalc2023\/index.php?rest_route=\/wp\/v2\/posts\/1220","targetHints":{"allow":["GET"]}}],"collection":[{"href":"https:\/\/snalc.org\/snalc2023\/index.php?rest_route=\/wp\/v2\/posts"}],"about":[{"href":"https:\/\/snalc.org\/snalc2023\/index.php?rest_route=\/wp\/v2\/types\/post"}],"author":[{"embeddable":true,"href":"https:\/\/snalc.org\/snalc2023\/index.php?rest_route=\/wp\/v2\/users\/1"}],"replies":[{"embeddable":true,"href":"https:\/\/snalc.org\/snalc2023\/index.php?rest_route=%2Fwp%2Fv2%2Fcomments&post=1220"}],"version-history":[{"count":1,"href":"https:\/\/snalc.org\/snalc2023\/index.php?rest_route=\/wp\/v2\/posts\/1220\/revisions"}],"predecessor-version":[{"id":1221,"href":"https:\/\/snalc.org\/snalc2023\/index.php?rest_route=\/wp\/v2\/posts\/1220\/revisions\/1221"}],"wp:attachment":[{"href":"https:\/\/snalc.org\/snalc2023\/index.php?rest_route=%2Fwp%2Fv2%2Fmedia&parent=1220"}],"wp:term":[{"taxonomy":"category","embeddable":true,"href":"https:\/\/snalc.org\/snalc2023\/index.php?rest_route=%2Fwp%2Fv2%2Fcategories&post=1220"},{"taxonomy":"post_tag","embeddable":true,"href":"https:\/\/snalc.org\/snalc2023\/index.php?rest_route=%2Fwp%2Fv2%2Ftags&post=1220"}],"curies":[{"name":"wp","href":"https:\/\/api.w.org\/{rel}","templated":true}]}}