{"id":1226,"date":"2023-03-20T06:47:52","date_gmt":"2023-03-20T05:47:52","guid":{"rendered":"https:\/\/snalc.org\/snalc2023\/?p=1226"},"modified":"2023-03-20T06:47:54","modified_gmt":"2023-03-20T05:47:54","slug":"lettre-dinformation-snalc-eps-19-mars-2023","status":"publish","type":"post","link":"https:\/\/snalc.org\/snalc2023\/?p=1226","title":{"rendered":"Lettre d&rsquo;information SNALC EPS &#8211; 19 mars 2023"},"content":{"rendered":"\n<figure class=\"wp-block-table\"><table><tbody><tr><td>Lettre d&rsquo;information SNALC EPS&nbsp;&#8211; 19&nbsp;mars 2023<\/td><\/tr><\/tbody><\/table><\/figure>\n\n\n\n<figure class=\"wp-block-table\"><table><tbody><tr><td><img decoding=\"async\" src=\"http:\/\/syndicat-snalc.net\/AWURTSJ67\/Bulles_APSA_opt_35ce347004.png\" alt=\"\"><\/td><\/tr><\/tbody><\/table><\/figure>\n\n\n\n<figure class=\"wp-block-table\"><table><tbody><tr><td><img decoding=\"async\" src=\"https:\/\/syndicat-snalc.net\/AWURTSJ67\/logo_eps_a6f2f8abdd.png\" alt=\"\"><\/td><\/tr><\/tbody><\/table><\/figure>\n\n\n\n<figure class=\"wp-block-table\"><table><tbody><tr><td>PROFESSEURS EPS<\/td><\/tr><\/tbody><\/table><\/figure>\n\n\n\n<figure class=\"wp-block-table\"><table><tbody><tr><td><a href=\"https:\/\/oxiforms.com\/?yKTOo\" target=\"_blank\" rel=\"noreferrer noopener\">Nous contacter<\/a><\/td><\/tr><\/tbody><\/table><\/figure>\n\n\n\n<figure class=\"wp-block-table\"><table><tbody><tr><td><strong>OUI, NOUS SOMMES L\u00c0&nbsp;!<\/strong><\/td><\/tr><\/tbody><\/table><\/figure>\n\n\n\n<figure class=\"wp-block-table\"><table><tbody><tr><td>Devant le sacrifice m\u00e9thodique et progressif de l\u2019\u00e9ducation nationale, et plus largement des services publics, on lit r\u00e9guli\u00e8rement sur les r\u00e9seaux sociaux&nbsp;: \u00abMais que font les syndicats&nbsp;?\u00bb<br>La r\u00e9forme des retraites fait \u00e9clater la v\u00e9rit\u00e9.<br>Elle montre que les syndicats sont toujours l\u00e0&nbsp;! Unis de surcro\u00eet&nbsp;!Le SNALC n\u2019a cess\u00e9 et ne cessera d\u2019\u00eatre mobilis\u00e9 \u00e0 tous les niveaux, dans toutes les instances et sur tous les pav\u00e9s pour d\u00e9fendre sans contrepartie nos r\u00e9mun\u00e9rations, nos conditions de travail et nos retraites. Il rappelle qu\u2019il a d\u00e9pos\u00e9 un pr\u00e9avis de gr\u00e8ve qui couvre l\u2019ensemble des actions des coll\u00e8gues, et ce jusqu\u2019\u00e0 la fin de l\u2019ann\u00e9e scolaire.<br>Elle montre aussi le mur de surdit\u00e9 auquel nous nous heurtons depuis plusieurs ann\u00e9es.Depuis 2019, dans le sillon de la loi de transformation de la fonction publique qui a supprim\u00e9 des instances paritaires&nbsp; essentielles aux personnels, les d\u00e9cideurs ne cessent de n\u00e9gliger et d\u2019instrumentaliser le dialogue social. Les r\u00e9formes sont \u00e9crites d\u2019avance, impos\u00e9es, jamais n\u00e9goci\u00e9es. Pour ces autorit\u00e9s les concertations permettent, faussement, de l\u00e9gitimer leurs d\u00e9cisions en d\u00e9clamant&nbsp;: \u00abapr\u00e8s nous \u00eatre longuement concert\u00e9s avec les organisations syndicales &#8230;&nbsp;\u00bb. Comme s&rsquo;il y avait eu consensus ou accord.<br>Le SNALC continue de se battre. Il dit stop \u00e0 ces manipulations et \u00e0 ce dialogue social Canadry-dry, qui n\u2019a de d\u00e9mocratique que le nom et l\u2019apparence.<\/td><\/tr><\/tbody><\/table><\/figure>\n\n\n\n<figure class=\"wp-block-table\"><table><tbody><tr><td>Laurent <strong>BONNIN<\/strong>, secr\u00e9taire national charg\u00e9 de l&rsquo;EPS<a href=\"https:\/\/snalc.fr\/enseignants-deps\/\" target=\"_blank\" rel=\"noreferrer noopener\">Enseignants d&rsquo;EPS &#8211; SNALC<\/a><\/td><\/tr><\/tbody><\/table><\/figure>\n\n\n\n<figure class=\"wp-block-table\"><table><tbody><tr><td><img decoding=\"async\" src=\"https:\/\/syndicat-snalc.net\/AWURTSJ67\/eps_istock_FG-Trade-1280943024-1_849cb81225.jpg\" alt=\"\"><strong>EPS&nbsp;: UNE P\u00c9NIBILIT\u00c9 \u00c0&nbsp;FAIRE&nbsp;RECONNA\u00ceTRE<\/strong>Il n\u2019est pas concevable de faire travailler des professeurs d\u2019EPS au-del\u00e0 de 62 ans. Ce serait ajouter de la p\u00e9nibilit\u00e9 et de la souffrance et m\u00e9conna\u00eetre la r\u00e9alit\u00e9 du m\u00e9tier, les conditions d\u2019enseignement, l\u2019usure des enseignants.<br>[<strong><a href=\"https:\/\/snalc.fr\/eps-une-penibilite-a-faire-reconnaitre\/\" target=\"_blank\" rel=\"noreferrer noopener\">Lire l&rsquo;article<\/a><\/strong>]<\/td><\/tr><\/tbody><\/table><\/figure>\n\n\n\n<figure class=\"wp-block-table\"><table><tbody><tr><td><img decoding=\"async\" src=\"https:\/\/syndicat-snalc.net\/AWURTSJ67\/Capture_d_ecran_2023-03-16_a_09.30.27_6301b21b1b.jpg\" alt=\"\"><strong>CUMUL D\u2019ACTIVIT\u00c9S&nbsp;: <\/strong><strong>UN R\u00c9GIME FAVORABLE AUX P. D\u2019EPS<\/strong><br>En ces temps de fonte du pouvoir d\u2019achat grev\u00e9 par une inflation galopante, de r\u00e9mun\u00e9rations trop faibles et d\u2019absence de r\u00e9el rattrapage salarial, des coll\u00e8gues s\u2019interrogent sur le cumul d\u2019activit\u00e9s pour arrondir leurs fins de mois. [<strong><a href=\"https:\/\/snalc.fr\/cumul-dactivites-un-regime-favorable-aux-p-deps\/\" target=\"_blank\" rel=\"noreferrer noopener\">Lire l&rsquo;article<\/a><\/strong>]<\/td><\/tr><\/tbody><\/table><\/figure>\n\n\n\n<figure class=\"wp-block-table\"><table><tbody><tr><td><img decoding=\"async\" src=\"https:\/\/syndicat-snalc.net\/AWURTSJ67\/Capture_d_ecran_2023-03-16_a_09.35.02_1ee5f45c0b.jpg\" alt=\"\"><strong>R\u00c9FORMES DES LYC\u00c9ES PROFESSIONNELS&nbsp;: <\/strong><strong>L\u2019EPS \u00c0 REBOURS<\/strong><br>Depuis 2009, les r\u00e9formes dans les lyc\u00e9es professionnels ont contri\u00adbu\u00e9 \u00e0 r\u00e9duire la part de l\u2019enseigne\u00adment dispens\u00e9 en EPS. Avec celle en pr\u00e9paration on peut se deman\u00adder ce qu\u2019il restera prochainement de la discipline.<br>[<strong><a href=\"https:\/\/snalc.fr\/reformes-des-lycees-professionnels-leps-a-rebours\/\" target=\"_blank\" rel=\"noreferrer noopener\">Lire l&rsquo;article<\/a><\/strong>]<\/td><\/tr><\/tbody><\/table><\/figure>\n\n\n\n<figure class=\"wp-block-table\"><table><tbody><tr><td><img decoding=\"async\" src=\"https:\/\/syndicat-snalc.net\/AWURTSJ67\/Capture_d_ecran_2023-03-16_a_09.37.33_e9236bfe1d.jpg\" alt=\"\"><strong>REVALORISATION<\/strong><strong><\/strong><strong>LE SNALC REJETTE LE PACTE ET CLAQUE LA PORTE<\/strong><br>Reconna\u00eetre la faiblesse de nos r\u00e9mun\u00e9rations ne suffit plus. Il est temps de prendre des mesures concr\u00e8tes pour r\u00e9mun\u00e9rer correctement les personnels, garantie indispensable de la qualit\u00e9 de notre \u00e9cole.<br>[<strong><a href=\"https:\/\/snalc.fr\/revalorisation-le-snalc-rejette-le-pacte-et-claque-la-porte\/\" target=\"_blank\" rel=\"noreferrer noopener\">Lire l&rsquo;article<\/a><\/strong>]<\/td><\/tr><\/tbody><\/table><\/figure>\n\n\n\n<figure class=\"wp-block-table\"><table><tbody><tr><td><img decoding=\"async\" src=\"https:\/\/syndicat-snalc.net\/AWURTSJ67\/Capture_d_ecran_2023-03-16_a_09.39.47_ba52ee52df.jpg\" alt=\"\"><strong>MOUVEMENT INTER 2023&nbsp;:<\/strong><strong><\/strong><strong>LES BARRES ET LA PROC\u00c9DURE DE RECOURS<\/strong><br>On constate cette ann\u00e9e une hausse tr\u00e8s significative des barres d&rsquo;entr\u00e9e dans de tr\u00e8s nombreuses acad\u00e9mies qui refl\u00e8te un r\u00e9el durcissement et une scl\u00e9rose du mouvement, pr\u00e9judiciable \u00e0 de nombreux coll\u00e8gues, \u00e0 leur situation familliale, et plus largement \u00e0 l&rsquo;image et \u00e0 l&rsquo;attractivit\u00e9 du m\u00e9tier.<br>[<strong><a href=\"https:\/\/snalc.fr\/mouvement-inter-2023-les-barres-et-la-procedure-de-recours\/\" target=\"_blank\" rel=\"noreferrer noopener\">Lire l&rsquo;article<\/a><\/strong>]<\/td><\/tr><\/tbody><\/table><\/figure>\n\n\n\n<figure class=\"wp-block-table\"><table><tbody><tr><td><img decoding=\"async\" src=\"https:\/\/syndicat-snalc.net\/AWURTSJ67\/Capture_d_ecran_2023-03-16_a_09.42.55_641f9d4757.jpg\" alt=\"\"><strong>MOUVEMENT INTRA 2023&nbsp;:<\/strong><strong><\/strong><strong>POUR TOUT SAVOIR&nbsp;!<\/strong><strong><br><\/strong>Saisie des demandes sur I-Prof\/SIAM \u00e0 partir de la mi-mars, et durant les 2 \u00e0 3 semaines suivantes, selon les acad\u00e9mies.<br>[<strong><a href=\"https:\/\/snalc.fr\/mouvement-intra-2023-pour-tout-savoir\/\" target=\"_blank\" rel=\"noreferrer noopener\">Lire l&rsquo;article<\/a><\/strong>]<\/td><\/tr><\/tbody><\/table><\/figure>\n\n\n\n<figure class=\"wp-block-table\"><table><tbody><tr><td><img decoding=\"async\" src=\"https:\/\/syndicat-snalc.net\/AWURTSJ67\/Art6_opt_aa2134eab7.png\" alt=\"\"><strong>GUIDE&nbsp;:<\/strong><strong><\/strong><strong>L&rsquo;ENSEIGNANT D&rsquo;EPS<\/strong><strong><br><\/strong>Dans sa version papier et \u00e9lectronique ce guide d\u2019environ 100 pages se veut une nouvelle r\u00e9f\u00e9rence pour les enseignants d\u2019EPS et une aide essentielle pour les non sp\u00e9cialistes. Il r\u00e9pond \u00e0 la plupart des questions int\u00e9ressant ce secteur.<br>[<strong><a href=\"https:\/\/snalc.fr\/guide-eps\/\" target=\"_blank\" rel=\"noreferrer noopener\">Lire l&rsquo;article<\/a><\/strong>]<\/td><\/tr><\/tbody><\/table><\/figure>\n\n\n\n<figure class=\"wp-block-table\"><table><tbody><tr><td><\/td><\/tr><\/tbody><\/table><\/figure>\n\n\n\n<figure class=\"wp-block-table\"><table><tbody><tr><td><strong>LES 10 RECOMMANDATIONS DU SNALC <\/strong><strong>POUR \u00caTRE PLUS FORT AU TRAVAIL<\/strong><\/td><\/tr><\/tbody><\/table><\/figure>\n\n\n\n<figure class=\"wp-block-table\"><table><tbody><tr><td><img decoding=\"async\" src=\"https:\/\/syndicat-snalc.net\/AWURTSJ67\/editedimg_c7b9d91b90.png\" alt=\"\">M\u00eame si <em>\u00abcela n\u2019arrive qu\u2019aux autres\u00bb,<\/em> nous vous invitons \u00e0 prendre connaissance des 10 recommandations du SNALC&nbsp;: autant d\u2019erreurs \u00e0 ne pas commettre, de conseils \u00e0 appliquer, de pi\u00e8ges \u00e0 rep\u00e9rer&#8230;[<a href=\"https:\/\/snalc.fr\/10-recommandations-pour-etre-plus-fort-au-travail\/\" target=\"_blank\" rel=\"noreferrer noopener\">Lire la suite<\/a>]<\/td><\/tr><\/tbody><\/table><\/figure>\n\n\n\n<figure class=\"wp-block-table\"><table><tbody><tr><td><strong>POURQUOI REJOINDRE LE SNALC&nbsp;?<\/strong><\/td><\/tr><\/tbody><\/table><\/figure>\n\n\n\n<figure class=\"wp-block-table\"><table><tbody><tr><td><img decoding=\"async\" src=\"https:\/\/syndicat-snalc.net\/AWURTSJ67\/9e6ddc209f1392fb4e74a82609409d7db2ec8759_ed5df3d865.jpg\" alt=\"\"><strong>AU MOINS 7 BONNES RAISONS<\/strong><br><br>Pour une v\u00e9ritable \u00e9ducation du physiquePour des temps de service en EPS identiques aux autres disciplinesPour une revalorisation urgente des salairesContre les abus du sport scolaire et le racket de l\u2019UNSSPour l\u2019am\u00e9nagement des fins de carri\u00e8rePour une cotisation \u00e0 90\u20ac et des services imbattables&nbsp;!Pour une ind\u00e9pendance politique et financi\u00e8re&nbsp;[<a href=\"https:\/\/snalc.fr\/7-bonnes-raisons\/\" target=\"_blank\" rel=\"noreferrer noopener\">Lire la suite<\/a>]<\/td><\/tr><\/tbody><\/table><\/figure>\n\n\n\n<figure class=\"wp-block-table\"><table><tbody><tr><td>L&rsquo;ADHESION AU SNALC<br>Seulement 90 \u20ac<\/td><\/tr><\/tbody><\/table><\/figure>\n\n\n\n<figure class=\"wp-block-table\"><table><tbody><tr><td>Le SNALC est le syndicat <a href=\"https:\/\/snalc.fr\/wp-content\/uploads\/tarifs.pdf\" target=\"_blank\" rel=\"noreferrer noopener\">le moins cher<\/a> de l&rsquo;Education nationale. Assistance et protection juridiques p\u00e9nales comprises (agressions, diffamation, harc\u00e8lement&#8230;). Dispositif exclusif d&rsquo;aide \u00e0 la mobilit\u00e9&nbsp;: <a href=\"https:\/\/snalc.fr\/mobi-snalc\/\" target=\"_blank\" rel=\"noreferrer noopener\">mobi-SNALC<\/a>. Tarifs n\u00e9goci\u00e9s aupr\u00e8s de nombreux partenaires&nbsp;: \u00ab\u00a0<a href=\"https:\/\/snalc.fr\/avantages-snalc\/\" target=\"_blank\" rel=\"noreferrer noopener\">Avantages-SNALC<\/a>\u00ab\u00a0.<br><br><strong>Le SNALC est totalement ind\u00e9pendant&nbsp;: les cotisations sont ses seules ressources. Il n&rsquo;a de compte \u00e0 rendre qu&rsquo;\u00e0 ses adh\u00e9rents.<\/strong><\/td><\/tr><\/tbody><\/table><\/figure>\n\n\n\n<figure class=\"wp-block-table\"><table><tbody><tr><td><img decoding=\"async\" src=\"http:\/\/syndicat-snalc.net\/AWURTSJ67\/editedimg_361b042f34.jpg\" alt=\"\"><a href=\"https:\/\/www.snalc.fr\/adhesion-carte\/\" target=\"_blank\" rel=\"noreferrer noopener\">carte bancaire<\/a><img decoding=\"async\" src=\"http:\/\/syndicat-snalc.net\/AWURTSJ67\/adhesion_prelevements_0703b426ca.JPG\" alt=\"\"><a href=\"https:\/\/www.snalc.fr\/adhesion\/\" target=\"_blank\" rel=\"noreferrer noopener\">pr\u00e9l\u00e8vements mensuels<\/a><img decoding=\"async\" src=\"https:\/\/syndicat-snalc.net\/AWURTSJ67\/editedimg_c6a21d792d.png\" alt=\"\"><a href=\"https:\/\/www.snalc.fr\/adhesion-virement\/\" target=\"_blank\" rel=\"noreferrer noopener\">virement<\/a><img decoding=\"async\" src=\"http:\/\/syndicat-snalc.net\/AWURTSJ67\/adhesion_cheque_699976dc59.JPG\" alt=\"\"><a href=\"https:\/\/www.snalc.fr\/uploads\/bulletin.pdf\" target=\"_blank\" rel=\"noreferrer noopener\">ch\u00e8que<\/a><\/td><\/tr><\/tbody><\/table><\/figure>\n\n\n\n<figure class=\"wp-block-table\"><table><tbody><tr><td><\/td><\/tr><\/tbody><\/table><\/figure>\n\n\n\n<figure class=\"wp-block-table\"><table><tbody><tr><td><a href=\"https:\/\/snalc.fr\/contact\/\" target=\"_blank\" rel=\"noreferrer noopener\">\u00c9crire au SNALC<\/a><\/td><\/tr><\/tbody><\/table><\/figure>\n\n\n\n<figure class=\"wp-block-table\"><table><tbody><tr><td><a href=\"https:\/\/www.facebook.com\/SNALCNational\/\" target=\"_blank\" rel=\"noreferrer noopener\"><\/a><a href=\"https:\/\/twitter.com\/snalc_national\" target=\"_blank\" rel=\"noreferrer noopener\"><\/a><a href=\"https:\/\/www.snalc.fr\/\" target=\"_blank\" rel=\"noreferrer noopener\"><\/a><\/td><\/tr><\/tbody><\/table><\/figure>\n\n\n\n<figure class=\"wp-block-table\"><table><tbody><tr><td><\/td><\/tr><\/tbody><\/table><\/figure>\n","protected":false},"excerpt":{"rendered":"<p>Lettre d&rsquo;information SNALC EPS&nbsp;&#8211; 19&nbsp;mars 2023 PROFESSEURS EPS Nous contacter OUI, NOUS SOMMES L\u00c0&nbsp;! Devant le sacrifice m\u00e9thodique et progressif de l\u2019\u00e9ducation nationale, et plus largement des services publics, on [&hellip;]<\/p>\n","protected":false},"author":1,"featured_media":0,"comment_status":"closed","ping_status":"closed","sticky":false,"template":"","format":"standard","meta":{"_lmt_disableupdate":"","_lmt_disable":"","site-sidebar-layout":"default","site-content-layout":"","ast-site-content-layout":"default","site-content-style":"default","site-sidebar-style":"default","ast-global-header-display":"","ast-banner-title-visibility":"","ast-main-header-display":"","ast-hfb-above-header-display":"","ast-hfb-below-header-display":"","ast-hfb-mobile-header-display":"","site-post-title":"","ast-breadcrumbs-content":"","ast-featured-img":"","footer-sml-layout":"","ast-disable-related-posts":"","theme-transparent-header-meta":"","adv-header-id-meta":"","stick-header-meta":"","header-above-stick-meta":"","header-main-stick-meta":"","header-below-stick-meta":"","astra-migrate-meta-layouts":"default","ast-page-background-enabled":"default","ast-page-background-meta":{"desktop":{"background-color":"var(--ast-global-color-4)","background-image":"","background-repeat":"repeat","background-position":"center center","background-size":"auto","background-attachment":"scroll","background-type":"","background-media":"","overlay-type":"","overlay-color":"","overlay-opacity":"","overlay-gradient":""},"tablet":{"background-color":"","background-image":"","background-repeat":"repeat","background-position":"center center","background-size":"auto","background-attachment":"scroll","background-type":"","background-media":"","overlay-type":"","overlay-color":"","overlay-opacity":"","overlay-gradient":""},"mobile":{"background-color":"","background-image":"","background-repeat":"repeat","background-position":"center center","background-size":"auto","background-attachment":"scroll","background-type":"","background-media":"","overlay-type":"","overlay-color":"","overlay-opacity":"","overlay-gradient":""}},"ast-content-background-meta":{"desktop":{"background-color":"var(--ast-global-color-5)","background-image":"","background-repeat":"repeat","background-position":"center center","background-size":"auto","background-attachment":"scroll","background-type":"","background-media":"","overlay-type":"","overlay-color":"","overlay-opacity":"","overlay-gradient":""},"tablet":{"background-color":"var(--ast-global-color-5)","background-image":"","background-repeat":"repeat","background-position":"center center","background-size":"auto","background-attachment":"scroll","background-type":"","background-media":"","overlay-type":"","overlay-color":"","overlay-opacity":"","overlay-gradient":""},"mobile":{"background-color":"var(--ast-global-color-5)","background-image":"","background-repeat":"repeat","background-position":"center center","background-size":"auto","background-attachment":"scroll","background-type":"","background-media":"","overlay-type":"","overlay-color":"","overlay-opacity":"","overlay-gradient":""}},"footnotes":""},"categories":[31],"tags":[],"class_list":["post-1226","post","type-post","status-publish","format-standard","hentry","category-actualites-2022-2023"],"modified_by":"slecourtier","_links":{"self":[{"href":"https:\/\/snalc.org\/snalc2023\/index.php?rest_route=\/wp\/v2\/posts\/1226","targetHints":{"allow":["GET"]}}],"collection":[{"href":"https:\/\/snalc.org\/snalc2023\/index.php?rest_route=\/wp\/v2\/posts"}],"about":[{"href":"https:\/\/snalc.org\/snalc2023\/index.php?rest_route=\/wp\/v2\/types\/post"}],"author":[{"embeddable":true,"href":"https:\/\/snalc.org\/snalc2023\/index.php?rest_route=\/wp\/v2\/users\/1"}],"replies":[{"embeddable":true,"href":"https:\/\/snalc.org\/snalc2023\/index.php?rest_route=%2Fwp%2Fv2%2Fcomments&post=1226"}],"version-history":[{"count":1,"href":"https:\/\/snalc.org\/snalc2023\/index.php?rest_route=\/wp\/v2\/posts\/1226\/revisions"}],"predecessor-version":[{"id":1227,"href":"https:\/\/snalc.org\/snalc2023\/index.php?rest_route=\/wp\/v2\/posts\/1226\/revisions\/1227"}],"wp:attachment":[{"href":"https:\/\/snalc.org\/snalc2023\/index.php?rest_route=%2Fwp%2Fv2%2Fmedia&parent=1226"}],"wp:term":[{"taxonomy":"category","embeddable":true,"href":"https:\/\/snalc.org\/snalc2023\/index.php?rest_route=%2Fwp%2Fv2%2Fcategories&post=1226"},{"taxonomy":"post_tag","embeddable":true,"href":"https:\/\/snalc.org\/snalc2023\/index.php?rest_route=%2Fwp%2Fv2%2Ftags&post=1226"}],"curies":[{"name":"wp","href":"https:\/\/api.w.org\/{rel}","templated":true}]}}