{"id":1237,"date":"2023-03-20T06:55:18","date_gmt":"2023-03-20T05:55:18","guid":{"rendered":"https:\/\/snalc.org\/snalc2023\/?p=1237"},"modified":"2023-03-20T06:55:20","modified_gmt":"2023-03-20T05:55:20","slug":"pacte-a-jeter-a-la-poubelle","status":"publish","type":"post","link":"https:\/\/snalc.org\/snalc2023\/?p=1237","title":{"rendered":"Pacte\u00a0: \u00e0 jeter \u00e0 la poubelle\u00a0!"},"content":{"rendered":"\n\t\t\t\t<\/span>\n\t\t\t\t\t<\/span>\n\t\t\t\t\t\t\t\t<\/li>\n\t\t\t\t<\/ul>\n\t\t\t\t<\/div>\n\t\t\t\t<\/div>\n\t\t\t\t<div class=\"elementor-element elementor-element-57213923 elementor-widget elementor-widget-theme-post-featured-image elementor-widget-image\" data-id=\"57213923\" data-element_type=\"widget\" data-widget_type=\"theme-post-featured-image.default\">\n\t\t\t\t<div class=\"elementor-widget-container\">\n\t\t\t\t\t\t\t\t\t\t\t\t<figure class=\"wp-caption\">\n\t\t\t\t\t\t\t\t\t\t<img loading=\"lazy\" decoding=\"async\" src=\"https:\/\/snalc.fr\/wp-content\/uploads\/dechirer_istock_songsak-chalardpongpun-1451198591.jpg\" class=\"attachment-full size-full\" alt=\"\" loading=\"lazy\" srcset=\"https:\/\/snalc.fr\/wp-content\/uploads\/dechirer_istock_songsak-chalardpongpun-1451198591.jpg 1015w, https:\/\/snalc.fr\/wp-content\/uploads\/dechirer_istock_songsak-chalardpongpun-1451198591-300x202.jpg 300w, https:\/\/snalc.fr\/wp-content\/uploads\/dechirer_istock_songsak-chalardpongpun-1451198591-768x518.jpg 768w\" sizes=\"auto, (max-width: 1015px) 100vw, 1015px\" width=\"1015\" height=\"684\">\t\t\t\t\t\t\t\t\t\t\t<figcaption class=\"widget-image-caption wp-caption-text\">\u00a9 istock_songsak-chalardpongpun-1451198591<\/figcaption>\n\t\t\t\t\t\t\t\t\t\t<\/figure>\n\t\t\t\t\t\t\t\t\t<\/div>\n\t\t\t\t<\/div>\n\t\t\t\t<div class=\"elementor-element elementor-element-2987e2d0 elementor-widget elementor-widget-theme-post-content\" data-id=\"2987e2d0\" data-element_type=\"widget\" data-widget_type=\"theme-post-content.default\">\n\t\t\t\t<div class=\"elementor-widget-container\">\n\t\t\t\t\t<div data-elementor-type=\"wp-post\" data-elementor-id=\"25335\" class=\"elementor elementor-25335\">\n\t\t\t\t\t\t\t\t\t<section class=\"elementor-section elementor-top-section elementor-element elementor-element-b83c4fe elementor-section-boxed elementor-section-height-default elementor-section-height-default\" data-id=\"b83c4fe\" data-element_type=\"section\">\n\t\t\t\t\t\t<div class=\"elementor-container elementor-column-gap-default\">\n\t\t\t\t\t<div class=\"elementor-column elementor-col-100 elementor-top-column elementor-element elementor-element-1700997\" data-id=\"1700997\" data-element_type=\"column\">\n\t\t\t<div class=\"elementor-widget-wrap elementor-element-populated\">\n\t\t\t\t\t\t\t\t<div class=\"elementor-element elementor-element-e9f23b5 elementor-widget elementor-widget-text-editor\" data-id=\"e9f23b5\" data-element_type=\"widget\" data-widget_type=\"text-editor.default\">\n\t\t\t\t<div class=\"elementor-widget-container\">\n\t\t\t\t\t\t\t<p><em>Article paru dans la revue <a href=\"https:\/\/snalc.fr\/quinzaine-universitaire-n1475\/\">Quinzaine Universitaire n\u00b01475<\/a> du 17 mars 2023<\/em><\/p>\t\t\t\t\t\t<\/div>\n\t\t\t\t<\/div>\n\t\t\t\t<div class=\"elementor-element elementor-element-727d77f elementor-widget elementor-widget-text-editor\" data-id=\"727d77f\" data-element_type=\"widget\" data-widget_type=\"text-editor.default\">\n\t\t\t\t<div class=\"elementor-widget-container\">\n\t\t\t\t\t\t\t<p class=\"Standard\"><b><i><span style=\"font-size: 11.0pt; font-family: 'Arial',sans-serif;\">Si la \u00ab&nbsp;revalorisation&nbsp;\u00bb dite socle est insuffisante, le pacte enseignant est une honte absolue. Le gouvernement veut nous vendre du \u00ab&nbsp;travailler plus pour gagner plus&nbsp;\u00bb, et faire passer ses propres contraintes et r\u00e9formes. Le tout en vous proposant des cha\u00eenes dont le SNALC refuse de n\u00e9gocier le poids.<\/span><\/i><\/b><\/p><p class=\"Standard\"><span style=\"font-size: 11.0pt; font-family: 'Arial',sans-serif;\">Le 6 mars dernier, le minist\u00e8re a enfin expliqu\u00e9 comment il entendait faire fonctionner l\u2019usine \u00e0 gaz du pacte. On y empile des \u00ab&nbsp;briques&nbsp;\u00bb d\u2019unit\u00e9s de pacte (et m\u00eame des demi-briques&nbsp;!), pay\u00e9es comme des IMP, dont certaines sont impos\u00e9es, le tout dans un m\u00e9lange incompr\u00e9hensible de contraintes nationales et de laisser-faire local.<\/span><\/p><p class=\"Standard\"><span style=\"font-size: 11.0pt; font-family: 'Arial',sans-serif;\">Ainsi, dans le secondaire, il faudrait s\u2019engager \u00e0 un forfait de 24h de remplacement de courte dur\u00e9e pour avoir le droit de faire d\u2019autre chose. Dans le primaire, c\u2019est le d\u00e9lirant soutien en classe de 6<sup>e<\/sup> qui joue ce r\u00f4le d\u2019engagement incontournable. Le document du minist\u00e8re pr\u00e9sente une chronologie de l\u2019organisation logistique de ce machin qui fait tr\u00e8s peur. Les directeurs d\u2019\u00e9cole vont voir l\u2019application de la loi Rilhac dans toute son horreur, et se retrouver avant, pendant et apr\u00e8s \u00e0 organiser, planifier, valider et contr\u00f4ler les pactes de leurs coll\u00e8gues. On ne sait toujours pas \u2014 minist\u00e8re y compris \u2014 comment cela peut bien fonctionner pour un CPE, un Psy-EN ou un professeur documentaliste. Quant au calcul sur la plus-value financi\u00e8re de ce pacte pour les coll\u00e8gues, il omet sciemment les agr\u00e9g\u00e9s, ces affreux privil\u00e9gi\u00e9s, afin de ne pas faire savoir que ces derniers y perdent de l\u2019argent. Pour le SNALC, un minist\u00e8re qui pratique l\u2019ostracisme d\u2019un des corps dont il a la gestion est un employeur d\u00e9faillant et ex\u00e9crable.<\/span><\/p><p class=\"Standard\"><span style=\"font-size: 11.0pt; font-family: 'Arial',sans-serif;\">Enfin, cerise sur le g\u00e2teau, l\u2019administration envisage s\u00e9rieusement de faire rentrer les actuelles IMP dans le pacte d\u00e8s la rentr\u00e9e 2024. Avec le risque \u2014 assum\u00e9 \u2014 que certains arr\u00eatent purement et simplement d\u2019effectuer ces t\u00e2ches, ne voulant pas s\u2019imposer 24h de remplacement pour avoir le droit d\u2019\u00eatre coordonnateur de l\u2019\u00e9quipe d\u2019anglais. Bref, toutes les organisations repr\u00e9sentatives ont claqu\u00e9 la porte de la r\u00e9union \u00e0 raison, et le SNALC demande l\u2019abandon imm\u00e9diat du pacte.<\/span><\/p>\t\t\t\t\t\t<\/div>\n\t\t\t\t<\/div>\n\t\t\t\t\t<\/div>\n\t\t<\/div>\n\t\t\t\t\t\t\t<\/div>\n\t\t<\/section>\n\t\t\t\t<section class=\"elementor-section elementor-top-section elementor-element elementor-element-59876c6 elementor-section-boxed elementor-section-height-default elementor-section-height-default\" data-id=\"59876c6\" data-element_type=\"section\">\n\t\t\t\t\t\t<div class=\"elementor-container elementor-column-gap-default\">\n\t\t\t\t\t<div class=\"elementor-column elementor-col-100 elementor-top-column elementor-element elementor-element-8356035\" data-id=\"8356035\" data-element_type=\"column\">\n\t\t\t<div class=\"elementor-widget-wrap elementor-element-populated\">\n\t\t\t\t\t\t\t\t<div class=\"elementor-element elementor-element-088713a elementor-widget elementor-widget-text-editor\" data-id=\"088713a\" data-element_type=\"widget\" data-widget_type=\"text-editor.default\">\n\t\t\t\t<div class=\"elementor-widget-container\">\n\t\t\t\t\t\t\t<p style=\"text-align: center;\"><strong>Socle, Pacte : <\/strong><\/p><p style=\"text-align: center;\"><strong>retrouvez tous nos comptes rendus et tous les documents sur le site national du SNALC <\/strong><\/p><p style=\"text-align: center;\"><a href=\"https:\/\/snalc.fr\/revalorisation-des-enseignants-concertation-2023\/\">https:\/\/snalc.fr\/revalorisation-des-enseignants-concertation-2023\/<\/a><\/p>\t\t\t\t\t\t<\/div>\n\t\t\t\t<\/div>\n\t\t\t\t\t<\/div>\n\t\t<\/div>\n\t\t\t\t\t\t\t<\/div>\n\t\t<\/section>\n\t\t\t\t<section class=\"elementor-section elementor-top-section elementor-element elementor-element-3ae5236 elementor-section-boxed elementor-section-height-default elementor-section-height-default\" data-id=\"3ae5236\" data-element_type=\"section\">\n\t\t\t\t\t\t<div class=\"elementor-container elementor-column-gap-default\">\n\t\t\t\t\t<div class=\"elementor-column elementor-col-100 elementor-top-column elementor-element elementor-element-2adaf71\" data-id=\"2adaf71\" data-element_type=\"column\">\n\t\t\t<div class=\"elementor-widget-wrap elementor-element-populated\">\n\t\t\t\t\t\t\t\t<div class=\"elementor-element elementor-element-27a74b7 elementor-widget elementor-widget-image\" data-id=\"27a74b7\" data-element_type=\"widget\" data-widget_type=\"image.default\">\n\t\t\t\t<div class=\"elementor-widget-container\">\n\t\t\t\t\t\t\t\t\t\t\t\t<figure class=\"wp-caption\">\n\t\t\t\t\t\t\t\t\t\t<img loading=\"lazy\" decoding=\"async\" src=\"https:\/\/snalc.fr\/wp-content\/uploads\/QU1475_Dessin_EM_Pacte_signer-288x300.jpg\" class=\"attachment-medium size-medium\" alt=\"\" loading=\"lazy\" srcset=\"https:\/\/snalc.fr\/wp-content\/uploads\/QU1475_Dessin_EM_Pacte_signer-288x300.jpg 288w, https:\/\/snalc.fr\/wp-content\/uploads\/QU1475_Dessin_EM_Pacte_signer.jpg 484w\" sizes=\"auto, (max-width: 288px) 100vw, 288px\" width=\"288\" height=\"300\">\t\t\t\t\t\t\t\t\t\t\t<figcaption class=\"widget-image-caption wp-caption-text\">SNALC &#8211; Estelle Meunier<\/figcaption>\n\t\t\t\t\t\t\t\t\t\t<\/figure>\n\t\t\t\t\t\t\t\t\t<\/div>\n\t\t\t\t<\/div>\n\t\t\t\t\t<\/div>\n\t\t<\/div>\n\t\t\t\t\t\t\t<\/div>\n\t\t<\/section>\n\t\t\t\t\t\t\t<\/div>\n\t\t\t\t<\/div>\n\t\t\t\t<\/div>\n\t\t\t\t<div class=\"elementor-element elementor-element-2e2c48d7 elementor-grid-mobile-1 elementor-share-buttons--view-icon elementor-share-buttons--shape-circle elementor-share-buttons--align-right elementor-share-buttons--skin-gradient elementor-grid-0 elementor-share-buttons--color-official elementor-widget elementor-widget-share-buttons\" data-id=\"2e2c48d7\" data-element_type=\"widget\" data-settings=\"{&quot;motion_fx_motion_fx_mouse&quot;:&quot;yes&quot;}\" data-widget_type=\"share-buttons.default\">\n\t\t\t\t<div class=\"elementor-widget-container\">\n\t\t\t\t\t<div class=\"elementor-grid\">\n\t\t\t\t\t\t\t\t<div class=\"elementor-grid-item\">\n\t\t\t\t\t\t<div class=\"elementor-share-btn elementor-share-btn_facebook\" tabindex=\"0\" aria-label=\"Partager sur facebook\">\n\t\t\t\t\t\t\t\t\t\t\t\t\t\t\t<span class=\"elementor-share-btn__icon\">\n\t\t\t\t\t\t\t\t<i class=\"fab fa-facebook\" aria-hidden=\"true\">\n","protected":false},"excerpt":{"rendered":"<p>\u00a9 istock_songsak-chalardpongpun-1451198591 Article paru dans la revue Quinzaine Universitaire n\u00b01475 du 17 mars 2023 Si la \u00ab&nbsp;revalorisation&nbsp;\u00bb dite socle est insuffisante, le pacte enseignant est une honte absolue. Le gouvernement [&hellip;]<\/p>\n","protected":false},"author":1,"featured_media":0,"comment_status":"closed","ping_status":"closed","sticky":false,"template":"","format":"standard","meta":{"_lmt_disableupdate":"","_lmt_disable":"","site-sidebar-layout":"default","site-content-layout":"","ast-site-content-layout":"default","site-content-style":"default","site-sidebar-style":"default","ast-global-header-display":"","ast-banner-title-visibility":"","ast-main-header-display":"","ast-hfb-above-header-display":"","ast-hfb-below-header-display":"","ast-hfb-mobile-header-display":"","site-post-title":"","ast-breadcrumbs-content":"","ast-featured-img":"","footer-sml-layout":"","ast-disable-related-posts":"","theme-transparent-header-meta":"","adv-header-id-meta":"","stick-header-meta":"","header-above-stick-meta":"","header-main-stick-meta":"","header-below-stick-meta":"","astra-migrate-meta-layouts":"default","ast-page-background-enabled":"default","ast-page-background-meta":{"desktop":{"background-color":"var(--ast-global-color-4)","background-image":"","background-repeat":"repeat","background-position":"center center","background-size":"auto","background-attachment":"scroll","background-type":"","background-media":"","overlay-type":"","overlay-color":"","overlay-opacity":"","overlay-gradient":""},"tablet":{"background-color":"","background-image":"","background-repeat":"repeat","background-position":"center center","background-size":"auto","background-attachment":"scroll","background-type":"","background-media":"","overlay-type":"","overlay-color":"","overlay-opacity":"","overlay-gradient":""},"mobile":{"background-color":"","background-image":"","background-repeat":"repeat","background-position":"center center","background-size":"auto","background-attachment":"scroll","background-type":"","background-media":"","overlay-type":"","overlay-color":"","overlay-opacity":"","overlay-gradient":""}},"ast-content-background-meta":{"desktop":{"background-color":"var(--ast-global-color-5)","background-image":"","background-repeat":"repeat","background-position":"center center","background-size":"auto","background-attachment":"scroll","background-type":"","background-media":"","overlay-type":"","overlay-color":"","overlay-opacity":"","overlay-gradient":""},"tablet":{"background-color":"var(--ast-global-color-5)","background-image":"","background-repeat":"repeat","background-position":"center center","background-size":"auto","background-attachment":"scroll","background-type":"","background-media":"","overlay-type":"","overlay-color":"","overlay-opacity":"","overlay-gradient":""},"mobile":{"background-color":"var(--ast-global-color-5)","background-image":"","background-repeat":"repeat","background-position":"center center","background-size":"auto","background-attachment":"scroll","background-type":"","background-media":"","overlay-type":"","overlay-color":"","overlay-opacity":"","overlay-gradient":""}},"footnotes":""},"categories":[31,25],"tags":[],"class_list":["post-1237","post","type-post","status-publish","format-standard","hentry","category-actualites-2022-2023","category-remuneration"],"modified_by":"slecourtier","_links":{"self":[{"href":"https:\/\/snalc.org\/snalc2023\/index.php?rest_route=\/wp\/v2\/posts\/1237","targetHints":{"allow":["GET"]}}],"collection":[{"href":"https:\/\/snalc.org\/snalc2023\/index.php?rest_route=\/wp\/v2\/posts"}],"about":[{"href":"https:\/\/snalc.org\/snalc2023\/index.php?rest_route=\/wp\/v2\/types\/post"}],"author":[{"embeddable":true,"href":"https:\/\/snalc.org\/snalc2023\/index.php?rest_route=\/wp\/v2\/users\/1"}],"replies":[{"embeddable":true,"href":"https:\/\/snalc.org\/snalc2023\/index.php?rest_route=%2Fwp%2Fv2%2Fcomments&post=1237"}],"version-history":[{"count":1,"href":"https:\/\/snalc.org\/snalc2023\/index.php?rest_route=\/wp\/v2\/posts\/1237\/revisions"}],"predecessor-version":[{"id":1238,"href":"https:\/\/snalc.org\/snalc2023\/index.php?rest_route=\/wp\/v2\/posts\/1237\/revisions\/1238"}],"wp:attachment":[{"href":"https:\/\/snalc.org\/snalc2023\/index.php?rest_route=%2Fwp%2Fv2%2Fmedia&parent=1237"}],"wp:term":[{"taxonomy":"category","embeddable":true,"href":"https:\/\/snalc.org\/snalc2023\/index.php?rest_route=%2Fwp%2Fv2%2Fcategories&post=1237"},{"taxonomy":"post_tag","embeddable":true,"href":"https:\/\/snalc.org\/snalc2023\/index.php?rest_route=%2Fwp%2Fv2%2Ftags&post=1237"}],"curies":[{"name":"wp","href":"https:\/\/api.w.org\/{rel}","templated":true}]}}