{"id":1239,"date":"2023-03-20T06:56:16","date_gmt":"2023-03-20T05:56:16","guid":{"rendered":"https:\/\/snalc.org\/snalc2023\/?p=1239"},"modified":"2023-03-20T06:56:19","modified_gmt":"2023-03-20T05:56:19","slug":"allocations-iufm-bonifications-danciennete-et-droits-pour-la-retraite","status":"publish","type":"post","link":"https:\/\/snalc.org\/snalc2023\/?p=1239","title":{"rendered":"Allocations IUFM:\u00a0bonifications d\u2019anciennet\u00e9\u00a0et droits pour la retraite\u00a0"},"content":{"rendered":"\n\t\t\t\t<\/span>\n\t\t\t\t\t<\/span>\n\t\t\t\t\t\t\t\t<\/li>\n\t\t\t\t<\/ul>\n\t\t\t\t<\/div>\n\t\t\t\t<\/div>\n\t\t\t\t<div class=\"elementor-element elementor-element-57213923 elementor-widget elementor-widget-theme-post-featured-image elementor-widget-image\" data-id=\"57213923\" data-element_type=\"widget\" data-widget_type=\"theme-post-featured-image.default\">\n\t\t\t\t<div class=\"elementor-widget-container\">\n\t\t\t\t\t\t\t\t\t\t\t\t<figure class=\"wp-caption\">\n\t\t\t\t\t\t\t\t\t\t<img loading=\"lazy\" decoding=\"async\" src=\"https:\/\/snalc.fr\/wp-content\/uploads\/calcul_istock_skynesher-869247602.jpg\" class=\"attachment-full size-full\" alt=\"\" loading=\"lazy\" srcset=\"https:\/\/snalc.fr\/wp-content\/uploads\/calcul_istock_skynesher-869247602.jpg 973w, https:\/\/snalc.fr\/wp-content\/uploads\/calcul_istock_skynesher-869247602-300x205.jpg 300w, https:\/\/snalc.fr\/wp-content\/uploads\/calcul_istock_skynesher-869247602-768x525.jpg 768w\" sizes=\"auto, (max-width: 973px) 100vw, 973px\" width=\"973\" height=\"665\">\t\t\t\t\t\t\t\t\t\t\t<figcaption class=\"widget-image-caption wp-caption-text\">\u00a9 istock_skynesher-869247602<\/figcaption>\n\t\t\t\t\t\t\t\t\t\t<\/figure>\n\t\t\t\t\t\t\t\t\t<\/div>\n\t\t\t\t<\/div>\n\t\t\t\t<div class=\"elementor-element elementor-element-2987e2d0 elementor-widget elementor-widget-theme-post-content\" data-id=\"2987e2d0\" data-element_type=\"widget\" data-widget_type=\"theme-post-content.default\">\n\t\t\t\t<div class=\"elementor-widget-container\">\n\t\t\t\t\t<div data-elementor-type=\"wp-post\" data-elementor-id=\"25378\" class=\"elementor elementor-25378\">\n\t\t\t\t\t\t\t\t\t<section class=\"elementor-section elementor-top-section elementor-element elementor-element-b83c4fe elementor-section-boxed elementor-section-height-default elementor-section-height-default\" data-id=\"b83c4fe\" data-element_type=\"section\">\n\t\t\t\t\t\t<div class=\"elementor-container elementor-column-gap-default\">\n\t\t\t\t\t<div class=\"elementor-column elementor-col-100 elementor-top-column elementor-element elementor-element-1700997\" data-id=\"1700997\" data-element_type=\"column\">\n\t\t\t<div class=\"elementor-widget-wrap elementor-element-populated\">\n\t\t\t\t\t\t\t\t<div class=\"elementor-element elementor-element-e9f23b5 elementor-widget elementor-widget-text-editor\" data-id=\"e9f23b5\" data-element_type=\"widget\" data-widget_type=\"text-editor.default\">\n\t\t\t\t<div class=\"elementor-widget-container\">\n\t\t\t\t\t\t\t<p><em>Article paru dans la revue <a href=\"https:\/\/snalc.fr\/quinzaine-universitaire-n1475\/\">Quinzaine Universitaire n\u00b01475<\/a> du 17 mars 2023<\/em><\/p>\t\t\t\t\t\t<\/div>\n\t\t\t\t<\/div>\n\t\t\t\t<div class=\"elementor-element elementor-element-727d77f elementor-widget elementor-widget-text-editor\" data-id=\"727d77f\" data-element_type=\"widget\" data-widget_type=\"text-editor.default\">\n\t\t\t\t<div class=\"elementor-widget-container\">\n\t\t\t\t\t\t\t<p><strong><em>Dans les ann\u00e9es 90, le minist\u00e8re mit en place des <a href=\"https:\/\/www.legifrance.gouv.fr\/loda\/id\/JORFTEXT000000720504\">allocations IUFM<\/a>, aides financi\u00e8res mensualis\u00e9es pour attirer les futurs professeurs des 1er et du 2d degr\u00e9s. Les allocations pr\u00e9paratoires vers\u00e9es l\u2019ann\u00e9e de licence (L3) et les allocations de premi\u00e8re ann\u00e9e d\u2019IUFM, dont le nombre variait selon les acad\u00e9mies et leur d\u00e9ficit en enseignants, avaient pour but de relancer \u2013 d\u00e9j\u00e0 \u00e0 l\u2019\u00e9poque \u2013 l\u2019attractivit\u00e9 du m\u00e9tier.<\/em><\/strong><\/p><p>&nbsp;<\/p><p><strong>PRISE EN COMPTE DE 4 OU 8 TRIMESTRES POUR LA RETRAITE<\/strong><\/p><p>Ces allocations reviennent sur le devant de la sc\u00e8ne car cela fait plus de 30 ans que les b\u00e9n\u00e9ficiaires attendent l\u2019application de la <a href=\"https:\/\/www.legifrance.gouv.fr\/loda\/article_lc\/LEGIARTI000006450823\">loi n\u00b091-715 du 26 juillet 1991, article 14<\/a>.<\/p><p>En effet, cet article stipule que les p\u00e9riodes pendant lesquelles ont \u00e9t\u00e9 per\u00e7ues des allocations d\u2019enseignement (L3 et\/ou 1re ann\u00e9e d\u2019IUFM) sont prises en compte pour la constitution et la liquidation du droit \u00e0 pension de retraite, sous r\u00e9serve de la titularisation dans un corps d\u2019enseignants et dans des conditions fix\u00e9es par d\u00e9cret en Conseil d\u2019\u00c9tat.<\/p><p>Or, \u00e0 ce jour, aucun gouvernement n\u2019a daign\u00e9 promulguer le d\u00e9cret n\u00e9cessaire \u00e0 l\u2019application de la loi, malgr\u00e9 de nombreuses questions \u00e0 l\u2019Assembl\u00e9e nationale, au S\u00e9nat et aux ministres successifs de l\u2019\u00c9ducation nationale, le dernier pr\u00e9texte en date \u00e9tant d\u2019attendre une future r\u00e9forme des retraites.<\/p><p>&nbsp;<\/p><p><strong>UN RECLASSEMENT DE 4 OU 8 MOIS<\/strong><\/p><p>Le <a href=\"https:\/\/www.legifrance.gouv.fr\/jorf\/id\/JORFTEXT000000539044\">d\u00e9cret n\u00b091-984 du 25 septembre 1991<\/a> fixe la bonification d\u2019anciennet\u00e9 pour les b\u00e9n\u00e9ficiaires de l\u2019allocation d\u2019enseignement. Il pr\u00e9cise que cette allocation donne droit \u00e0 un reclassement et donc \u00e0 la mise en oeuvre d\u2019une proc\u00e9dure d\u2019avancement.<\/p><p>Plus explicitement, chaque professeur b\u00e9n\u00e9ficiaire d\u2019une ou deux allocations a eu droit respectivement \u00e0 un report d\u2019anciennet\u00e9 de 4 ou 8 mois avec reclassement, report visible sur I-Prof.<\/p><p>Devant le traitement de d\u00e9faveur que le projet actuel de r\u00e9forme des retraites r\u00e9serve aux professeurs, avec une d\u00e9cote assur\u00e9e, les concern\u00e9s ont alert\u00e9 le SNALC, leurs d\u00e9put\u00e9s et s\u00e9nateurs, et revendiquent une application de la loi, car oui, les professeurs sont \u00e0 4 ou 8 trimestres pr\u00e8s.<\/p><p>&nbsp;<\/p>\t\t\t\t\t\t<\/div>\n\t\t\t\t<\/div>\n\t\t\t\t\t<\/div>\n\t\t<\/div>\n\t\t\t\t\t\t\t<\/div>\n\t\t<\/section>\n\t\t\t\t<section class=\"elementor-section elementor-top-section elementor-element elementor-element-788388b elementor-section-boxed elementor-section-height-default elementor-section-height-default\" data-id=\"788388b\" data-element_type=\"section\">\n\t\t\t\t\t\t<div class=\"elementor-container elementor-column-gap-default\">\n\t\t\t\t\t<div class=\"elementor-column elementor-col-100 elementor-top-column elementor-element elementor-element-a8b001f\" data-id=\"a8b001f\" data-element_type=\"column\">\n\t\t\t<div class=\"elementor-widget-wrap elementor-element-populated\">\n\t\t\t\t\t\t\t\t<div class=\"elementor-element elementor-element-e731c47 elementor-widget elementor-widget-image\" data-id=\"e731c47\" data-element_type=\"widget\" data-widget_type=\"image.default\">\n\t\t\t\t<div class=\"elementor-widget-container\">\n\t\t\t\t\t\t\t\t\t\t\t\t\t\t\t<img loading=\"lazy\" decoding=\"async\" src=\"https:\/\/snalc.fr\/wp-content\/uploads\/QU1475_retraite_festival_cannes-1024x560.jpg\" class=\"attachment-large size-large\" alt=\"\" loading=\"lazy\" srcset=\"https:\/\/snalc.fr\/wp-content\/uploads\/QU1475_retraite_festival_cannes-1024x560.jpg 1024w, https:\/\/snalc.fr\/wp-content\/uploads\/QU1475_retraite_festival_cannes-300x164.jpg 300w, https:\/\/snalc.fr\/wp-content\/uploads\/QU1475_retraite_festival_cannes-768x420.jpg 768w, https:\/\/snalc.fr\/wp-content\/uploads\/QU1475_retraite_festival_cannes.jpg 1257w\" sizes=\"auto, (max-width: 800px) 100vw, 800px\" width=\"800\" height=\"438\">\n","protected":false},"excerpt":{"rendered":"<p>\u00a9 istock_skynesher-869247602 Article paru dans la revue Quinzaine Universitaire n\u00b01475 du 17 mars 2023 Dans les ann\u00e9es 90, le minist\u00e8re mit en place des allocations IUFM, aides financi\u00e8res mensualis\u00e9es pour [&hellip;]<\/p>\n","protected":false},"author":1,"featured_media":0,"comment_status":"closed","ping_status":"closed","sticky":false,"template":"","format":"standard","meta":{"_lmt_disableupdate":"","_lmt_disable":"","site-sidebar-layout":"default","site-content-layout":"","ast-site-content-layout":"default","site-content-style":"default","site-sidebar-style":"default","ast-global-header-display":"","ast-banner-title-visibility":"","ast-main-header-display":"","ast-hfb-above-header-display":"","ast-hfb-below-header-display":"","ast-hfb-mobile-header-display":"","site-post-title":"","ast-breadcrumbs-content":"","ast-featured-img":"","footer-sml-layout":"","ast-disable-related-posts":"","theme-transparent-header-meta":"","adv-header-id-meta":"","stick-header-meta":"","header-above-stick-meta":"","header-main-stick-meta":"","header-below-stick-meta":"","astra-migrate-meta-layouts":"default","ast-page-background-enabled":"default","ast-page-background-meta":{"desktop":{"background-color":"var(--ast-global-color-4)","background-image":"","background-repeat":"repeat","background-position":"center center","background-size":"auto","background-attachment":"scroll","background-type":"","background-media":"","overlay-type":"","overlay-color":"","overlay-opacity":"","overlay-gradient":""},"tablet":{"background-color":"","background-image":"","background-repeat":"repeat","background-position":"center center","background-size":"auto","background-attachment":"scroll","background-type":"","background-media":"","overlay-type":"","overlay-color":"","overlay-opacity":"","overlay-gradient":""},"mobile":{"background-color":"","background-image":"","background-repeat":"repeat","background-position":"center center","background-size":"auto","background-attachment":"scroll","background-type":"","background-media":"","overlay-type":"","overlay-color":"","overlay-opacity":"","overlay-gradient":""}},"ast-content-background-meta":{"desktop":{"background-color":"var(--ast-global-color-5)","background-image":"","background-repeat":"repeat","background-position":"center center","background-size":"auto","background-attachment":"scroll","background-type":"","background-media":"","overlay-type":"","overlay-color":"","overlay-opacity":"","overlay-gradient":""},"tablet":{"background-color":"var(--ast-global-color-5)","background-image":"","background-repeat":"repeat","background-position":"center center","background-size":"auto","background-attachment":"scroll","background-type":"","background-media":"","overlay-type":"","overlay-color":"","overlay-opacity":"","overlay-gradient":""},"mobile":{"background-color":"var(--ast-global-color-5)","background-image":"","background-repeat":"repeat","background-position":"center center","background-size":"auto","background-attachment":"scroll","background-type":"","background-media":"","overlay-type":"","overlay-color":"","overlay-opacity":"","overlay-gradient":""}},"footnotes":""},"categories":[31,25],"tags":[],"class_list":["post-1239","post","type-post","status-publish","format-standard","hentry","category-actualites-2022-2023","category-remuneration"],"modified_by":"slecourtier","_links":{"self":[{"href":"https:\/\/snalc.org\/snalc2023\/index.php?rest_route=\/wp\/v2\/posts\/1239","targetHints":{"allow":["GET"]}}],"collection":[{"href":"https:\/\/snalc.org\/snalc2023\/index.php?rest_route=\/wp\/v2\/posts"}],"about":[{"href":"https:\/\/snalc.org\/snalc2023\/index.php?rest_route=\/wp\/v2\/types\/post"}],"author":[{"embeddable":true,"href":"https:\/\/snalc.org\/snalc2023\/index.php?rest_route=\/wp\/v2\/users\/1"}],"replies":[{"embeddable":true,"href":"https:\/\/snalc.org\/snalc2023\/index.php?rest_route=%2Fwp%2Fv2%2Fcomments&post=1239"}],"version-history":[{"count":1,"href":"https:\/\/snalc.org\/snalc2023\/index.php?rest_route=\/wp\/v2\/posts\/1239\/revisions"}],"predecessor-version":[{"id":1240,"href":"https:\/\/snalc.org\/snalc2023\/index.php?rest_route=\/wp\/v2\/posts\/1239\/revisions\/1240"}],"wp:attachment":[{"href":"https:\/\/snalc.org\/snalc2023\/index.php?rest_route=%2Fwp%2Fv2%2Fmedia&parent=1239"}],"wp:term":[{"taxonomy":"category","embeddable":true,"href":"https:\/\/snalc.org\/snalc2023\/index.php?rest_route=%2Fwp%2Fv2%2Fcategories&post=1239"},{"taxonomy":"post_tag","embeddable":true,"href":"https:\/\/snalc.org\/snalc2023\/index.php?rest_route=%2Fwp%2Fv2%2Ftags&post=1239"}],"curies":[{"name":"wp","href":"https:\/\/api.w.org\/{rel}","templated":true}]}}