{"id":1241,"date":"2023-03-20T06:57:21","date_gmt":"2023-03-20T05:57:21","guid":{"rendered":"https:\/\/snalc.org\/snalc2023\/?p=1241"},"modified":"2023-03-20T06:57:24","modified_gmt":"2023-03-20T05:57:24","slug":"la-nouvelle-formation-des-directeurs","status":"publish","type":"post","link":"https:\/\/snalc.org\/snalc2023\/?p=1241","title":{"rendered":"La nouvelle formation des directeurs"},"content":{"rendered":"\n<img loading=\"lazy\" decoding=\"async\" src=\"https:\/\/snalc.fr\/wp-content\/uploads\/formation_istock_skynesher-1378747037.jpg\" class=\"attachment-full size-full\" alt=\"\" loading=\"lazy\" srcset=\"https:\/\/snalc.fr\/wp-content\/uploads\/formation_istock_skynesher-1378747037.jpg 713w, https:\/\/snalc.fr\/wp-content\/uploads\/formation_istock_skynesher-1378747037-300x205.jpg 300w\" sizes=\"auto, (max-width: 713px) 100vw, 713px\" width=\"713\" height=\"488\">\t\t\t\t\t\t\t\t\t\t\t<figcaption class=\"widget-image-caption wp-caption-text\">\u00a9 istock_skynesher-1378747037<\/figcaption>\n\t\t\t\t\t\t\t\t\t\t<\/figure>\n\t\t\t\t\t\t\t\t\t<\/div>\n\t\t\t\t<\/div>\n\t\t\t\t<div class=\"elementor-element elementor-element-2987e2d0 elementor-widget elementor-widget-theme-post-content\" data-id=\"2987e2d0\" data-element_type=\"widget\" data-widget_type=\"theme-post-content.default\">\n\t\t\t\t<div class=\"elementor-widget-container\">\n\t\t\t\t\t<div data-elementor-type=\"wp-post\" data-elementor-id=\"24093\" class=\"elementor elementor-24093\">\n\t\t\t\t\t\t\t\t\t<section class=\"elementor-section elementor-top-section elementor-element elementor-element-970cc62 elementor-section-boxed elementor-section-height-default elementor-section-height-default\" data-id=\"970cc62\" data-element_type=\"section\">\n\t\t\t\t\t\t<div class=\"elementor-container elementor-column-gap-default\">\n\t\t\t\t\t<div class=\"elementor-column elementor-col-100 elementor-top-column elementor-element elementor-element-15787fa\" data-id=\"15787fa\" data-element_type=\"column\">\n\t\t\t<div class=\"elementor-widget-wrap elementor-element-populated\">\n\t\t\t\t\t\t\t\t<div class=\"elementor-element elementor-element-dce7909 elementor-widget elementor-widget-text-editor\" data-id=\"dce7909\" data-element_type=\"widget\" data-widget_type=\"text-editor.default\">\n\t\t\t\t<div class=\"elementor-widget-container\">\n\t\t\t\t\t\t\t<p><em>Article paru dans la revue <a href=\"https:\/\/snalc.fr\/quinzaine-universitaire-n1475\/\">Quinzaine Universitaire n\u00b01475<\/a> du 17 mars 2023<\/em><\/p>\t\t\t\t\t\t<\/div>\n\t\t\t\t<\/div>\n\t\t\t\t<div class=\"elementor-element elementor-element-7a5a892 elementor-widget elementor-widget-text-editor\" data-id=\"7a5a892\" data-element_type=\"widget\" data-widget_type=\"text-editor.default\">\n\t\t\t\t<div class=\"elementor-widget-container\">\n\t\t\t\t\t\t\t<p><strong><em>L\u2019article L 411-2 du code de l\u2019\u00e9ducation modifi\u00e9 par la loi Rilhac change les r\u00e8gles de recrutement et de formation pour les directeurs d\u2019\u00e9cole. Pour \u00eatre inscrit sur la liste d\u2019aptitude, il faut justifier de trois ann\u00e9es d\u2019enseignement (ou avoir au moins un an d\u2019exercice de la fonction) et surtout, avoir d\u00e9sormais suivi une formation.<\/em><\/strong><\/p><p>Le SNALC se f\u00e9licite que celle-ci intervienne <span style=\"text-decoration: underline;\">avant<\/span> la prise de poste et non plus pendant. Bien souvent, les directeurs submerg\u00e9s par leurs nouvelles missions, \u00e9taient envoy\u00e9s en stage \u00e0 la rentr\u00e9e, au plus mauvais moment.<\/p><p>Malheureusement, cette nouvelle formation n\u2019a pas enti\u00e8rement lieu pendant la classe. Certains d\u00e9partements la dispensent sur plusieurs mercredis ou\u2026 sur les vacances ! Le d\u00e9cret 2019-935 permet d\u2019attribuer une allocation si une formation est effectu\u00e9e sur ce temps.<\/p><p>Pour le minist\u00e8re, le gain est double : tout d\u2019abord, les DSDEN font des \u00e9conomies de remplacements sur le temps scolaire ; ensuite, en proposant cette proc\u00e9dure, le minist\u00e8re souhaite visiblement tester la motivation voire l\u2019all\u00e9geance des personnels. Un enseignant qui refuserait d\u2019aller se former pendant les vacances serait imm\u00e9diatement (re)marqu\u00e9.<\/p><p>Entre les missions qui s\u2019accumulent, les responsabilit\u00e9s de plus en plus contraignantes et maintenant la formation hors temps scolaire, le SNALC doute fort que cette r\u00e9glementation puisse cr\u00e9er des vocations pour la direction d\u2019\u00e9cole.<\/p>\n","protected":false},"excerpt":{"rendered":"<p>\u00a9 istock_skynesher-1378747037 Article paru dans la revue Quinzaine Universitaire n\u00b01475 du 17 mars 2023 L\u2019article L 411-2 du code de l\u2019\u00e9ducation modifi\u00e9 par la loi Rilhac change les r\u00e8gles de [&hellip;]<\/p>\n","protected":false},"author":1,"featured_media":0,"comment_status":"closed","ping_status":"closed","sticky":false,"template":"","format":"standard","meta":{"_lmt_disableupdate":"","_lmt_disable":"","site-sidebar-layout":"default","site-content-layout":"","ast-site-content-layout":"default","site-content-style":"default","site-sidebar-style":"default","ast-global-header-display":"","ast-banner-title-visibility":"","ast-main-header-display":"","ast-hfb-above-header-display":"","ast-hfb-below-header-display":"","ast-hfb-mobile-header-display":"","site-post-title":"","ast-breadcrumbs-content":"","ast-featured-img":"","footer-sml-layout":"","ast-disable-related-posts":"","theme-transparent-header-meta":"","adv-header-id-meta":"","stick-header-meta":"","header-above-stick-meta":"","header-main-stick-meta":"","header-below-stick-meta":"","astra-migrate-meta-layouts":"default","ast-page-background-enabled":"default","ast-page-background-meta":{"desktop":{"background-color":"var(--ast-global-color-4)","background-image":"","background-repeat":"repeat","background-position":"center center","background-size":"auto","background-attachment":"scroll","background-type":"","background-media":"","overlay-type":"","overlay-color":"","overlay-opacity":"","overlay-gradient":""},"tablet":{"background-color":"","background-image":"","background-repeat":"repeat","background-position":"center center","background-size":"auto","background-attachment":"scroll","background-type":"","background-media":"","overlay-type":"","overlay-color":"","overlay-opacity":"","overlay-gradient":""},"mobile":{"background-color":"","background-image":"","background-repeat":"repeat","background-position":"center center","background-size":"auto","background-attachment":"scroll","background-type":"","background-media":"","overlay-type":"","overlay-color":"","overlay-opacity":"","overlay-gradient":""}},"ast-content-background-meta":{"desktop":{"background-color":"var(--ast-global-color-5)","background-image":"","background-repeat":"repeat","background-position":"center center","background-size":"auto","background-attachment":"scroll","background-type":"","background-media":"","overlay-type":"","overlay-color":"","overlay-opacity":"","overlay-gradient":""},"tablet":{"background-color":"var(--ast-global-color-5)","background-image":"","background-repeat":"repeat","background-position":"center center","background-size":"auto","background-attachment":"scroll","background-type":"","background-media":"","overlay-type":"","overlay-color":"","overlay-opacity":"","overlay-gradient":""},"mobile":{"background-color":"var(--ast-global-color-5)","background-image":"","background-repeat":"repeat","background-position":"center center","background-size":"auto","background-attachment":"scroll","background-type":"","background-media":"","overlay-type":"","overlay-color":"","overlay-opacity":"","overlay-gradient":""}},"footnotes":""},"categories":[31,23],"tags":[],"class_list":["post-1241","post","type-post","status-publish","format-standard","hentry","category-actualites-2022-2023","category-professeurs-1er-degre"],"modified_by":"slecourtier","_links":{"self":[{"href":"https:\/\/snalc.org\/snalc2023\/index.php?rest_route=\/wp\/v2\/posts\/1241","targetHints":{"allow":["GET"]}}],"collection":[{"href":"https:\/\/snalc.org\/snalc2023\/index.php?rest_route=\/wp\/v2\/posts"}],"about":[{"href":"https:\/\/snalc.org\/snalc2023\/index.php?rest_route=\/wp\/v2\/types\/post"}],"author":[{"embeddable":true,"href":"https:\/\/snalc.org\/snalc2023\/index.php?rest_route=\/wp\/v2\/users\/1"}],"replies":[{"embeddable":true,"href":"https:\/\/snalc.org\/snalc2023\/index.php?rest_route=%2Fwp%2Fv2%2Fcomments&post=1241"}],"version-history":[{"count":1,"href":"https:\/\/snalc.org\/snalc2023\/index.php?rest_route=\/wp\/v2\/posts\/1241\/revisions"}],"predecessor-version":[{"id":1242,"href":"https:\/\/snalc.org\/snalc2023\/index.php?rest_route=\/wp\/v2\/posts\/1241\/revisions\/1242"}],"wp:attachment":[{"href":"https:\/\/snalc.org\/snalc2023\/index.php?rest_route=%2Fwp%2Fv2%2Fmedia&parent=1241"}],"wp:term":[{"taxonomy":"category","embeddable":true,"href":"https:\/\/snalc.org\/snalc2023\/index.php?rest_route=%2Fwp%2Fv2%2Fcategories&post=1241"},{"taxonomy":"post_tag","embeddable":true,"href":"https:\/\/snalc.org\/snalc2023\/index.php?rest_route=%2Fwp%2Fv2%2Ftags&post=1241"}],"curies":[{"name":"wp","href":"https:\/\/api.w.org\/{rel}","templated":true}]}}