{"id":1243,"date":"2023-03-20T06:58:13","date_gmt":"2023-03-20T05:58:13","guid":{"rendered":"https:\/\/snalc.org\/snalc2023\/?p=1243"},"modified":"2023-03-20T06:58:15","modified_gmt":"2023-03-20T05:58:15","slug":"mise-a-disposition-des-aesh-sur-le-temps-periscolaire-un-dispositif-a-surveiller","status":"publish","type":"post","link":"https:\/\/snalc.org\/snalc2023\/?p=1243","title":{"rendered":"Mise \u00e0 disposition des AESH sur le temps p\u00e9riscolaire :\u00a0un dispositif\u00a0\u00e0 surveiller\u00a0"},"content":{"rendered":"\n<img loading=\"lazy\" decoding=\"async\" src=\"https:\/\/snalc.fr\/wp-content\/uploads\/aesh_istock_alvarez-997570924.jpg\" class=\"attachment-full size-full\" alt=\"\" loading=\"lazy\" srcset=\"https:\/\/snalc.fr\/wp-content\/uploads\/aesh_istock_alvarez-997570924.jpg 801w, https:\/\/snalc.fr\/wp-content\/uploads\/aesh_istock_alvarez-997570924-300x200.jpg 300w, https:\/\/snalc.fr\/wp-content\/uploads\/aesh_istock_alvarez-997570924-768x512.jpg 768w\" sizes=\"auto, (max-width: 801px) 100vw, 801px\" width=\"801\" height=\"534\">\t\t\t\t\t\t\t\t\t\t\t<figcaption class=\"widget-image-caption wp-caption-text\">\u00a9 istock_alvarez-997570924<\/figcaption>\n\t\t\t\t\t\t\t\t\t\t<\/figure>\n\t\t\t\t\t\t\t\t\t<\/div>\n\t\t\t\t<\/div>\n\t\t\t\t<div class=\"elementor-element elementor-element-2987e2d0 elementor-widget elementor-widget-theme-post-content\" data-id=\"2987e2d0\" data-element_type=\"widget\" data-widget_type=\"theme-post-content.default\">\n\t\t\t\t<div class=\"elementor-widget-container\">\n\t\t\t\t\t<div data-elementor-type=\"wp-post\" data-elementor-id=\"25396\" class=\"elementor elementor-25396\">\n\t\t\t\t\t\t\t\t\t<section class=\"elementor-section elementor-top-section elementor-element elementor-element-b83c4fe elementor-section-boxed elementor-section-height-default elementor-section-height-default\" data-id=\"b83c4fe\" data-element_type=\"section\">\n\t\t\t\t\t\t<div class=\"elementor-container elementor-column-gap-default\">\n\t\t\t\t\t<div class=\"elementor-column elementor-col-100 elementor-top-column elementor-element elementor-element-1700997\" data-id=\"1700997\" data-element_type=\"column\">\n\t\t\t<div class=\"elementor-widget-wrap elementor-element-populated\">\n\t\t\t\t\t\t\t\t<div class=\"elementor-element elementor-element-e9f23b5 elementor-widget elementor-widget-text-editor\" data-id=\"e9f23b5\" data-element_type=\"widget\" data-widget_type=\"text-editor.default\">\n\t\t\t\t<div class=\"elementor-widget-container\">\n\t\t\t\t\t\t\t<p><em>Article paru dans la revue <a href=\"https:\/\/snalc.fr\/quinzaine-universitaire-n1475\/\">Quinzaine Universitaire n\u00b01475<\/a> du 17 mars 2023<\/em><\/p>\t\t\t\t\t\t<\/div>\n\t\t\t\t<\/div>\n\t\t\t\t<div class=\"elementor-element elementor-element-727d77f elementor-widget elementor-widget-text-editor\" data-id=\"727d77f\" data-element_type=\"widget\" data-widget_type=\"text-editor.default\">\n\t\t\t\t<div class=\"elementor-widget-container\">\n\t\t\t\t\t\t\t<p><strong><em>Le SNALC a pris connaissance&nbsp;d\u2019un projet de note&nbsp;de service minist\u00e9rielle&nbsp;concernant l\u2019accompagnement&nbsp;des \u00e9l\u00e8ves en&nbsp;situation de handicap&nbsp;sur le temps p\u00e9riscolaire,&nbsp;notamment sur la pause&nbsp;m\u00e9ridienne.&nbsp;L\u2019id\u00e9e est de mettre&nbsp;l\u2019AESH \u00e0 disposition&nbsp;de la collectivit\u00e9 territoriale&nbsp;(souvent une&nbsp;commune), ce qui permettrait&nbsp;un seul contrat et un seul bulletin&nbsp;de salaire pour l\u2019AESH.<\/em><\/strong><\/p><p>La part de la r\u00e9mun\u00e9ration due&nbsp;par la collectivit\u00e9 serait revers\u00e9e&nbsp;\u00e0 l\u2019\u00c9ducation nationale.&nbsp;<\/p><p>En effet, depuis la d\u00e9cision du&nbsp;conseil d\u2019\u00c9tat du 20\/11\/2020,&nbsp;il ne revient pas \u00e0 l\u2019\u00c9tat d\u2019organiser&nbsp;ni de prendre en charge&nbsp;financi\u00e8rement l\u2019accompagne ment sur le temps p\u00e9riscolaire.&nbsp;Par contre, il doit d\u00e9terminer&nbsp;avec la collectivit\u00e9 l\u2019organisation&nbsp;de la continuit\u00e9 de l\u2019accompagnement,&nbsp;et c\u2019est le&nbsp;conventionnement qui a \u00e9t\u00e9&nbsp;retenu.&nbsp;<\/p><p>Le projet de note de service&nbsp;pr\u00e9cise que seuls les AESH&nbsp;volontaires seraient mis \u00e0&nbsp;disposition de la collectivit\u00e9.&nbsp;Beaucoup d\u2019AESH ont d\u00e9j\u00e0&nbsp;un contrat disjoint avec une&nbsp;collectivit\u00e9, et d\u2019autres AESH&nbsp;ne souhaitent pas augmenter&nbsp;leur quotit\u00e9 travaill\u00e9e, ou du&nbsp;moins pas de cette mani\u00e8rel\u00e0,&nbsp;car c\u2019est bien l\u2019objectif final&nbsp;recherch\u00e9 par notre minist\u00e8re.&nbsp;<\/p><p>Le SNALC formule plusieurs&nbsp;r\u00e9serves et interrogations sur&nbsp;ce dispositif :<\/p><ul><li>Le terme \u00ab volontaire \u00bb risque&nbsp;de dispara\u00eetre face aux&nbsp;pressions hi\u00e9rarchiques\u2026&nbsp;<\/li><li>La mise \u00e0 disposition permettrait&nbsp;des adaptations en&nbsp;fonction des besoins et \u00e9galement&nbsp;de suppl\u00e9er des absences.&nbsp;Pour le SNALC, les&nbsp;AESH doivent rester dans le&nbsp;cadre de leurs missions d\u00e9finies&nbsp;par la circulaire 2017-&nbsp;084 du 3 mai 2017.&nbsp;<\/li><li>Cette mise \u00e0 disposition&nbsp;entra\u00eenera n\u00e9cessairement&nbsp;un changement d\u2019autorit\u00e9&nbsp;fonctionnelle (personnel de la&nbsp;collectivit\u00e9 sur le temps p\u00e9riscolaire).&nbsp;Or, aucun cadrage&nbsp;n\u2019existe dans ce cas-l\u00e0.&nbsp;<\/li><li>Qui accordera la pause de&nbsp;20 minutes, obligatoire d\u00e8s 6&nbsp;heures de travail en continu ?&nbsp;<\/li><li>Pendant ces temps de mise&nbsp;\u00e0 disposition, l\u2019AESH ne sera&nbsp;plus disponible pour le PIAL.&nbsp;Quelles en seront les cons\u00e9quences&nbsp;lorsqu\u2019une modification&nbsp;d\u2019emploi du temps&nbsp;ou\/et de lieu d\u2019exercice sera&nbsp;envisag\u00e9e ?&nbsp;<\/li><\/ul><p>&nbsp;<\/p><p>Lors des prochains groupes de&nbsp;travail minist\u00e9riels consacr\u00e9s&nbsp;aux AESH, et annonc\u00e9s en&nbsp;mars-avril, le SNALC oeuvrera&nbsp;pour \u00e9carter \u00e9cueils et effets&nbsp;pervers de ce dispositif.&nbsp;<\/p>\n","protected":false},"excerpt":{"rendered":"<p>\u00a9 istock_alvarez-997570924 Article paru dans la revue Quinzaine Universitaire n\u00b01475 du 17 mars 2023 Le SNALC a pris connaissance&nbsp;d\u2019un projet de note&nbsp;de service minist\u00e9rielle&nbsp;concernant l\u2019accompagnement&nbsp;des \u00e9l\u00e8ves en&nbsp;situation de handicap&nbsp;sur le [&hellip;]<\/p>\n","protected":false},"author":1,"featured_media":0,"comment_status":"closed","ping_status":"closed","sticky":false,"template":"","format":"standard","meta":{"_lmt_disableupdate":"","_lmt_disable":"","site-sidebar-layout":"default","site-content-layout":"","ast-site-content-layout":"default","site-content-style":"default","site-sidebar-style":"default","ast-global-header-display":"","ast-banner-title-visibility":"","ast-main-header-display":"","ast-hfb-above-header-display":"","ast-hfb-below-header-display":"","ast-hfb-mobile-header-display":"","site-post-title":"","ast-breadcrumbs-content":"","ast-featured-img":"","footer-sml-layout":"","ast-disable-related-posts":"","theme-transparent-header-meta":"","adv-header-id-meta":"","stick-header-meta":"","header-above-stick-meta":"","header-main-stick-meta":"","header-below-stick-meta":"","astra-migrate-meta-layouts":"default","ast-page-background-enabled":"default","ast-page-background-meta":{"desktop":{"background-color":"var(--ast-global-color-4)","background-image":"","background-repeat":"repeat","background-position":"center center","background-size":"auto","background-attachment":"scroll","background-type":"","background-media":"","overlay-type":"","overlay-color":"","overlay-opacity":"","overlay-gradient":""},"tablet":{"background-color":"","background-image":"","background-repeat":"repeat","background-position":"center center","background-size":"auto","background-attachment":"scroll","background-type":"","background-media":"","overlay-type":"","overlay-color":"","overlay-opacity":"","overlay-gradient":""},"mobile":{"background-color":"","background-image":"","background-repeat":"repeat","background-position":"center center","background-size":"auto","background-attachment":"scroll","background-type":"","background-media":"","overlay-type":"","overlay-color":"","overlay-opacity":"","overlay-gradient":""}},"ast-content-background-meta":{"desktop":{"background-color":"var(--ast-global-color-5)","background-image":"","background-repeat":"repeat","background-position":"center center","background-size":"auto","background-attachment":"scroll","background-type":"","background-media":"","overlay-type":"","overlay-color":"","overlay-opacity":"","overlay-gradient":""},"tablet":{"background-color":"var(--ast-global-color-5)","background-image":"","background-repeat":"repeat","background-position":"center center","background-size":"auto","background-attachment":"scroll","background-type":"","background-media":"","overlay-type":"","overlay-color":"","overlay-opacity":"","overlay-gradient":""},"mobile":{"background-color":"var(--ast-global-color-5)","background-image":"","background-repeat":"repeat","background-position":"center center","background-size":"auto","background-attachment":"scroll","background-type":"","background-media":"","overlay-type":"","overlay-color":"","overlay-opacity":"","overlay-gradient":""}},"footnotes":""},"categories":[31,13],"tags":[],"class_list":["post-1243","post","type-post","status-publish","format-standard","hentry","category-actualites-2022-2023","category-aesh"],"modified_by":"slecourtier","_links":{"self":[{"href":"https:\/\/snalc.org\/snalc2023\/index.php?rest_route=\/wp\/v2\/posts\/1243","targetHints":{"allow":["GET"]}}],"collection":[{"href":"https:\/\/snalc.org\/snalc2023\/index.php?rest_route=\/wp\/v2\/posts"}],"about":[{"href":"https:\/\/snalc.org\/snalc2023\/index.php?rest_route=\/wp\/v2\/types\/post"}],"author":[{"embeddable":true,"href":"https:\/\/snalc.org\/snalc2023\/index.php?rest_route=\/wp\/v2\/users\/1"}],"replies":[{"embeddable":true,"href":"https:\/\/snalc.org\/snalc2023\/index.php?rest_route=%2Fwp%2Fv2%2Fcomments&post=1243"}],"version-history":[{"count":1,"href":"https:\/\/snalc.org\/snalc2023\/index.php?rest_route=\/wp\/v2\/posts\/1243\/revisions"}],"predecessor-version":[{"id":1244,"href":"https:\/\/snalc.org\/snalc2023\/index.php?rest_route=\/wp\/v2\/posts\/1243\/revisions\/1244"}],"wp:attachment":[{"href":"https:\/\/snalc.org\/snalc2023\/index.php?rest_route=%2Fwp%2Fv2%2Fmedia&parent=1243"}],"wp:term":[{"taxonomy":"category","embeddable":true,"href":"https:\/\/snalc.org\/snalc2023\/index.php?rest_route=%2Fwp%2Fv2%2Fcategories&post=1243"},{"taxonomy":"post_tag","embeddable":true,"href":"https:\/\/snalc.org\/snalc2023\/index.php?rest_route=%2Fwp%2Fv2%2Ftags&post=1243"}],"curies":[{"name":"wp","href":"https:\/\/api.w.org\/{rel}","templated":true}]}}