{"id":1251,"date":"2023-03-20T07:03:00","date_gmt":"2023-03-20T06:03:00","guid":{"rendered":"https:\/\/snalc.org\/snalc2023\/?p=1251"},"modified":"2023-03-20T07:03:03","modified_gmt":"2023-03-20T06:03:03","slug":"manque-criant-de-medecins","status":"publish","type":"post","link":"https:\/\/snalc.org\/snalc2023\/?p=1251","title":{"rendered":"Manque criant de m\u00e9decins"},"content":{"rendered":"\n<img loading=\"lazy\" decoding=\"async\" src=\"https:\/\/snalc.fr\/wp-content\/uploads\/medecin_iStock_AaronAmat.jpg\" class=\"attachment-full size-full\" alt=\"\" loading=\"lazy\" srcset=\"https:\/\/snalc.fr\/wp-content\/uploads\/medecin_iStock_AaronAmat.jpg 654w, https:\/\/snalc.fr\/wp-content\/uploads\/medecin_iStock_AaronAmat-300x219.jpg 300w\" sizes=\"auto, (max-width: 654px) 100vw, 654px\" width=\"654\" height=\"477\">\t\t\t\t\t\t\t\t\t\t\t<figcaption class=\"widget-image-caption wp-caption-text\">\u00a9 iStock_AaronAmat<\/figcaption>\n\t\t\t\t\t\t\t\t\t\t<\/figure>\n\t\t\t\t\t\t\t\t\t<\/div>\n\t\t\t\t<\/div>\n\t\t\t\t<div class=\"elementor-element elementor-element-2987e2d0 elementor-widget elementor-widget-theme-post-content\" data-id=\"2987e2d0\" data-element_type=\"widget\" data-widget_type=\"theme-post-content.default\">\n\t\t\t\t<div class=\"elementor-widget-container\">\n\t\t\t\t\t<div data-elementor-type=\"wp-post\" data-elementor-id=\"25409\" class=\"elementor elementor-25409\">\n\t\t\t\t\t\t\t\t\t<section class=\"elementor-section elementor-top-section elementor-element elementor-element-b83c4fe elementor-section-boxed elementor-section-height-default elementor-section-height-default\" data-id=\"b83c4fe\" data-element_type=\"section\">\n\t\t\t\t\t\t<div class=\"elementor-container elementor-column-gap-default\">\n\t\t\t\t\t<div class=\"elementor-column elementor-col-100 elementor-top-column elementor-element elementor-element-1700997\" data-id=\"1700997\" data-element_type=\"column\">\n\t\t\t<div class=\"elementor-widget-wrap elementor-element-populated\">\n\t\t\t\t\t\t\t\t<div class=\"elementor-element elementor-element-e9f23b5 elementor-widget elementor-widget-text-editor\" data-id=\"e9f23b5\" data-element_type=\"widget\" data-widget_type=\"text-editor.default\">\n\t\t\t\t<div class=\"elementor-widget-container\">\n\t\t\t\t\t\t\t<p><em>Article paru dans la revue <a href=\"https:\/\/snalc.fr\/quinzaine-universitaire-n1475\/\">Quinzaine Universitaire n\u00b01475<\/a> du 17 mars 2023<\/em><\/p>\t\t\t\t\t\t<\/div>\n\t\t\t\t<\/div>\n\t\t\t\t<div class=\"elementor-element elementor-element-727d77f elementor-widget elementor-widget-text-editor\" data-id=\"727d77f\" data-element_type=\"widget\" data-widget_type=\"text-editor.default\">\n\t\t\t\t<div class=\"elementor-widget-container\">\n\t\t\t\t\t\t\t<p><strong><em>\u00c0 l\u2019heure o\u00f9 le minist\u00e8re avoue ne plus avoir que 839 m\u00e9decins scolaires&nbsp;pour toute la France alors qu\u2019il y en avait encore 1200 il y a cinq ans, le&nbsp;\u00ab Journal officiel \u00bb nous apprend que 27 postes seulement sont mis au&nbsp;concours de recrutement de m\u00e9decins au titre de l\u2019ann\u00e9e 2023-2024.&nbsp;<\/em><\/strong><\/p><p>La crise continue et s\u2019aggrave, d\u2019autant&nbsp;que l\u2019on sait que la moyenne d\u2019\u00e2ge des&nbsp;m\u00e9decins en activit\u00e9 est de 58 ans.&nbsp;<\/p><p>Des d\u00e9partements entiers sont d\u00e9pourvus&nbsp;de m\u00e9decins. Nous manquons de m\u00e9decins&nbsp;conseillers, de m\u00e9decins r\u00e9f\u00e9rents. Et le&nbsp;recrutement de 27 nouveaux m\u00e9decins ne&nbsp;suffira pas \u00e0 combler les vides.&nbsp;<\/p><p>\u00c0 l\u2019instar de l\u2019ensemble des corps de l\u2019\u00c9ducation&nbsp;nationale, la profession souffre d\u2019un&nbsp;manque d\u2019attractivit\u00e9 : pour des \u00e9tudiants&nbsp;qui auront fait 9 \u00e0 12 ans d\u2019\u00e9tudes sup\u00e9rieures,&nbsp;la r\u00e9mun\u00e9ration et les \u00e9volutions de&nbsp;carri\u00e8re ne peuvent rivaliser avec celles d\u2019un&nbsp;m\u00e9decin lib\u00e9ral ou hospitalier.&nbsp;<\/p><p>D\u00e9cid\u00e9ment, on manque de professeurs,&nbsp;d\u2019attach\u00e9s d\u2019administration, d\u2019infirmi\u00e8res,&nbsp;de m\u00e9decins, d\u2019AESH\u2026 Il est urgent que&nbsp;l\u2019\u00c9ducation nationale se donne les moyens&nbsp;de ses ambitions.&nbsp;<\/p>\n","protected":false},"excerpt":{"rendered":"<p>\u00a9 iStock_AaronAmat Article paru dans la revue Quinzaine Universitaire n\u00b01475 du 17 mars 2023 \u00c0 l\u2019heure o\u00f9 le minist\u00e8re avoue ne plus avoir que 839 m\u00e9decins scolaires&nbsp;pour toute la France [&hellip;]<\/p>\n","protected":false},"author":1,"featured_media":0,"comment_status":"closed","ping_status":"closed","sticky":false,"template":"","format":"standard","meta":{"_lmt_disableupdate":"","_lmt_disable":"","site-sidebar-layout":"default","site-content-layout":"","ast-site-content-layout":"default","site-content-style":"default","site-sidebar-style":"default","ast-global-header-display":"","ast-banner-title-visibility":"","ast-main-header-display":"","ast-hfb-above-header-display":"","ast-hfb-below-header-display":"","ast-hfb-mobile-header-display":"","site-post-title":"","ast-breadcrumbs-content":"","ast-featured-img":"","footer-sml-layout":"","ast-disable-related-posts":"","theme-transparent-header-meta":"","adv-header-id-meta":"","stick-header-meta":"","header-above-stick-meta":"","header-main-stick-meta":"","header-below-stick-meta":"","astra-migrate-meta-layouts":"default","ast-page-background-enabled":"default","ast-page-background-meta":{"desktop":{"background-color":"var(--ast-global-color-4)","background-image":"","background-repeat":"repeat","background-position":"center center","background-size":"auto","background-attachment":"scroll","background-type":"","background-media":"","overlay-type":"","overlay-color":"","overlay-opacity":"","overlay-gradient":""},"tablet":{"background-color":"","background-image":"","background-repeat":"repeat","background-position":"center center","background-size":"auto","background-attachment":"scroll","background-type":"","background-media":"","overlay-type":"","overlay-color":"","overlay-opacity":"","overlay-gradient":""},"mobile":{"background-color":"","background-image":"","background-repeat":"repeat","background-position":"center center","background-size":"auto","background-attachment":"scroll","background-type":"","background-media":"","overlay-type":"","overlay-color":"","overlay-opacity":"","overlay-gradient":""}},"ast-content-background-meta":{"desktop":{"background-color":"var(--ast-global-color-5)","background-image":"","background-repeat":"repeat","background-position":"center center","background-size":"auto","background-attachment":"scroll","background-type":"","background-media":"","overlay-type":"","overlay-color":"","overlay-opacity":"","overlay-gradient":""},"tablet":{"background-color":"var(--ast-global-color-5)","background-image":"","background-repeat":"repeat","background-position":"center center","background-size":"auto","background-attachment":"scroll","background-type":"","background-media":"","overlay-type":"","overlay-color":"","overlay-opacity":"","overlay-gradient":""},"mobile":{"background-color":"var(--ast-global-color-5)","background-image":"","background-repeat":"repeat","background-position":"center center","background-size":"auto","background-attachment":"scroll","background-type":"","background-media":"","overlay-type":"","overlay-color":"","overlay-opacity":"","overlay-gradient":""}},"footnotes":""},"categories":[31,26],"tags":[],"class_list":["post-1251","post","type-post","status-publish","format-standard","hentry","category-actualites-2022-2023","category-conditions-de-travail-sante"],"modified_by":"slecourtier","_links":{"self":[{"href":"https:\/\/snalc.org\/snalc2023\/index.php?rest_route=\/wp\/v2\/posts\/1251","targetHints":{"allow":["GET"]}}],"collection":[{"href":"https:\/\/snalc.org\/snalc2023\/index.php?rest_route=\/wp\/v2\/posts"}],"about":[{"href":"https:\/\/snalc.org\/snalc2023\/index.php?rest_route=\/wp\/v2\/types\/post"}],"author":[{"embeddable":true,"href":"https:\/\/snalc.org\/snalc2023\/index.php?rest_route=\/wp\/v2\/users\/1"}],"replies":[{"embeddable":true,"href":"https:\/\/snalc.org\/snalc2023\/index.php?rest_route=%2Fwp%2Fv2%2Fcomments&post=1251"}],"version-history":[{"count":1,"href":"https:\/\/snalc.org\/snalc2023\/index.php?rest_route=\/wp\/v2\/posts\/1251\/revisions"}],"predecessor-version":[{"id":1252,"href":"https:\/\/snalc.org\/snalc2023\/index.php?rest_route=\/wp\/v2\/posts\/1251\/revisions\/1252"}],"wp:attachment":[{"href":"https:\/\/snalc.org\/snalc2023\/index.php?rest_route=%2Fwp%2Fv2%2Fmedia&parent=1251"}],"wp:term":[{"taxonomy":"category","embeddable":true,"href":"https:\/\/snalc.org\/snalc2023\/index.php?rest_route=%2Fwp%2Fv2%2Fcategories&post=1251"},{"taxonomy":"post_tag","embeddable":true,"href":"https:\/\/snalc.org\/snalc2023\/index.php?rest_route=%2Fwp%2Fv2%2Ftags&post=1251"}],"curies":[{"name":"wp","href":"https:\/\/api.w.org\/{rel}","templated":true}]}}