{"id":1269,"date":"2023-03-24T11:31:20","date_gmt":"2023-03-24T10:31:20","guid":{"rendered":"https:\/\/snalc.org\/snalc2023\/?p=1269"},"modified":"2023-03-24T11:31:22","modified_gmt":"2023-03-24T10:31:22","slug":"28-mars-nouvelle-journee-de-mobilisation","status":"publish","type":"post","link":"https:\/\/snalc.org\/snalc2023\/?p=1269","title":{"rendered":"28 mars : nouvelle journ\u00e9e de mobilisation"},"content":{"rendered":"\n<ul class=\"wp-block-list\">\n<li><a href=\"https:\/\/snalc.fr\/category\/actualites\/\"><\/a><\/li>\n<\/ul>\n\n\n\n<figure class=\"wp-block-image\"><img decoding=\"async\" src=\"https:\/\/snalc.fr\/wp-content\/uploads\/manif_istock_Vasil-Dimitrov-1283741623.jpg\" alt=\"\"\/><figcaption class=\"wp-element-caption\">\u00a9 istock_Vasil-Dimitrov-1283741623<\/figcaption><\/figure>\n\n\n\n<p>Le <strong>SNALC<\/strong> signifie plus que jamais son opposition au projet de r\u00e9forme des retraites, qui constitue une d\u00e9gradation suppl\u00e9mentaire des conditions de travail des personnels de l\u2019\u00c9ducation nationale et du Sup\u00e9rieur, et qui contribue \u00e0 notre paup\u00e9risation grandissante.<\/p>\n\n\n\n<p>Le <strong>SNALC<\/strong> pense que nous pouvons gagner en maintenant un cadre unitaire. C\u2019est pourquoi le <strong>SNALC<\/strong> continuera de suivre le calendrier de mobilisation d\u00e9cid\u00e9 au niveau interprofessionnel, qui appelle \u00e0 des rassemblements ce week-end et \u00e0 une nouvelle grande journ\u00e9e de gr\u00e8ve et de manifestations mardi 28 mars dans tout le pays.<\/p>\n\n\n\n<p>Le <strong>SNALC<\/strong> rappelle qu\u2019il a d\u00e9pos\u00e9 un pr\u00e9avis de gr\u00e8ve qui couvre l\u2019ensemble des actions des coll\u00e8gues jusqu\u2019\u00e0 la fin de l\u2019ann\u00e9e scolaire.<\/p>\n\n\n\n<p><a href=\"https:\/\/snalc.fr\/wp-content\/uploads\/20230317_compresse_retraite.pdf\">T\u00e9l\u00e9charger<\/a><\/p>\n\n\n\n<figure class=\"wp-block-image\"><img decoding=\"async\" src=\"https:\/\/snalc.fr\/wp-content\/uploads\/QU1475_retraite_festival_cannes-1024x560.jpg\" alt=\"\"\/><\/figure>\n","protected":false},"excerpt":{"rendered":"<p>Le SNALC signifie plus que jamais son opposition au projet de r\u00e9forme des retraites, qui constitue une d\u00e9gradation suppl\u00e9mentaire des conditions de travail des personnels de l\u2019\u00c9ducation nationale et du [&hellip;]<\/p>\n","protected":false},"author":1,"featured_media":0,"comment_status":"closed","ping_status":"closed","sticky":false,"template":"","format":"standard","meta":{"_lmt_disableupdate":"","_lmt_disable":"","site-sidebar-layout":"default","site-content-layout":"","ast-site-content-layout":"default","site-content-style":"default","site-sidebar-style":"default","ast-global-header-display":"","ast-banner-title-visibility":"","ast-main-header-display":"","ast-hfb-above-header-display":"","ast-hfb-below-header-display":"","ast-hfb-mobile-header-display":"","site-post-title":"","ast-breadcrumbs-content":"","ast-featured-img":"","footer-sml-layout":"","ast-disable-related-posts":"","theme-transparent-header-meta":"","adv-header-id-meta":"","stick-header-meta":"","header-above-stick-meta":"","header-main-stick-meta":"","header-below-stick-meta":"","astra-migrate-meta-layouts":"default","ast-page-background-enabled":"default","ast-page-background-meta":{"desktop":{"background-color":"var(--ast-global-color-4)","background-image":"","background-repeat":"repeat","background-position":"center center","background-size":"auto","background-attachment":"scroll","background-type":"","background-media":"","overlay-type":"","overlay-color":"","overlay-opacity":"","overlay-gradient":""},"tablet":{"background-color":"","background-image":"","background-repeat":"repeat","background-position":"center center","background-size":"auto","background-attachment":"scroll","background-type":"","background-media":"","overlay-type":"","overlay-color":"","overlay-opacity":"","overlay-gradient":""},"mobile":{"background-color":"","background-image":"","background-repeat":"repeat","background-position":"center center","background-size":"auto","background-attachment":"scroll","background-type":"","background-media":"","overlay-type":"","overlay-color":"","overlay-opacity":"","overlay-gradient":""}},"ast-content-background-meta":{"desktop":{"background-color":"var(--ast-global-color-5)","background-image":"","background-repeat":"repeat","background-position":"center center","background-size":"auto","background-attachment":"scroll","background-type":"","background-media":"","overlay-type":"","overlay-color":"","overlay-opacity":"","overlay-gradient":""},"tablet":{"background-color":"var(--ast-global-color-5)","background-image":"","background-repeat":"repeat","background-position":"center center","background-size":"auto","background-attachment":"scroll","background-type":"","background-media":"","overlay-type":"","overlay-color":"","overlay-opacity":"","overlay-gradient":""},"mobile":{"background-color":"var(--ast-global-color-5)","background-image":"","background-repeat":"repeat","background-position":"center center","background-size":"auto","background-attachment":"scroll","background-type":"","background-media":"","overlay-type":"","overlay-color":"","overlay-opacity":"","overlay-gradient":""}},"footnotes":""},"categories":[31],"tags":[],"class_list":["post-1269","post","type-post","status-publish","format-standard","hentry","category-actualites-2022-2023"],"modified_by":"slecourtier","_links":{"self":[{"href":"https:\/\/snalc.org\/snalc2023\/index.php?rest_route=\/wp\/v2\/posts\/1269","targetHints":{"allow":["GET"]}}],"collection":[{"href":"https:\/\/snalc.org\/snalc2023\/index.php?rest_route=\/wp\/v2\/posts"}],"about":[{"href":"https:\/\/snalc.org\/snalc2023\/index.php?rest_route=\/wp\/v2\/types\/post"}],"author":[{"embeddable":true,"href":"https:\/\/snalc.org\/snalc2023\/index.php?rest_route=\/wp\/v2\/users\/1"}],"replies":[{"embeddable":true,"href":"https:\/\/snalc.org\/snalc2023\/index.php?rest_route=%2Fwp%2Fv2%2Fcomments&post=1269"}],"version-history":[{"count":1,"href":"https:\/\/snalc.org\/snalc2023\/index.php?rest_route=\/wp\/v2\/posts\/1269\/revisions"}],"predecessor-version":[{"id":1270,"href":"https:\/\/snalc.org\/snalc2023\/index.php?rest_route=\/wp\/v2\/posts\/1269\/revisions\/1270"}],"wp:attachment":[{"href":"https:\/\/snalc.org\/snalc2023\/index.php?rest_route=%2Fwp%2Fv2%2Fmedia&parent=1269"}],"wp:term":[{"taxonomy":"category","embeddable":true,"href":"https:\/\/snalc.org\/snalc2023\/index.php?rest_route=%2Fwp%2Fv2%2Fcategories&post=1269"},{"taxonomy":"post_tag","embeddable":true,"href":"https:\/\/snalc.org\/snalc2023\/index.php?rest_route=%2Fwp%2Fv2%2Ftags&post=1269"}],"curies":[{"name":"wp","href":"https:\/\/api.w.org\/{rel}","templated":true}]}}