{"id":1279,"date":"2023-03-30T13:48:44","date_gmt":"2023-03-30T11:48:44","guid":{"rendered":"https:\/\/snalc.org\/snalc2023\/?p=1279"},"modified":"2023-03-30T13:48:46","modified_gmt":"2023-03-30T11:48:46","slug":"le-snalc-defend-une-inclusion-scolaire-de-qualite","status":"publish","type":"post","link":"https:\/\/snalc.org\/snalc2023\/?p=1279","title":{"rendered":"Le SNALC d\u00e9fend une inclusion scolaire de qualit\u00e9"},"content":{"rendered":"\n<figure class=\"wp-block-image\"><img decoding=\"async\" src=\"https:\/\/snalc.fr\/wp-content\/uploads\/AESH_rasso_SNALC_-4.jpg\" alt=\"\"\/><figcaption class=\"wp-element-caption\">\u00a9 SNALC<\/figcaption><\/figure>\n\n\n\n<p>Apr\u00e8s <a href=\"https:\/\/snalc.fr\/18-mars-2023-table-ronde-sur-linclusion-93\/\">la table ronde<\/a> du 18 mars dernier \u00e0 Rosny-Sous-Bois consacr\u00e9e aux enjeux et perspectives de l\u2019inclusion scolaire des \u00e9l\u00e8ves en situation de handicap, le collectif \u00ab&nbsp;Une \u00e9cole inclusive pour tous&nbsp;\u00bb a organis\u00e9 mercredi 29 mars <a href=\"https:\/\/snalc.fr\/29-mars-2023-rassembles-a-lassemblee-pour-linclusion\/\">un rassemblement devant l\u2019Assembl\u00e9e nationale<\/a>.<\/p>\n\n\n\n<figure class=\"wp-block-image aligncenter\"><a href=\"https:\/\/snalc.fr\/29-mars-2023-rassembles-a-lassemblee-pour-linclusion\/\"><img decoding=\"async\" src=\"https:\/\/snalc.fr\/wp-content\/uploads\/AESH_rassemblement_20230329-214x300.jpg\" alt=\"\" class=\"wp-image-25430\"\/><\/a><\/figure>\n\n\n\n<p>R\u00e9unis \u00e0 14h, place du Pr\u00e9sident Edouard Herriot, des parents d\u2019\u00e9l\u00e8ves en situation de handicap, des enseignants, des AESH, des \u00e9lus\u2026 ont pu rappeler les immenses difficult\u00e9s et lacunes de l\u2019inclusion scolaire auxquelles ils sont quotidiennement confront\u00e9s.<\/p>\n\n\n\n<p>Puis \u00e0 15h30, un cahier de dol\u00e9ances a \u00e9t\u00e9 remis \u00e0 des d\u00e9put\u00e9s, afin que les \u00e9l\u00e8ves en situation de handicap aient ENFIN droit \u00e0 une inclusion de qualit\u00e9 et non \u00e0 une pseudo inclusion ou inclusion au rabais.<\/p>\n\n\n\n<p>Maintes fois d\u00e9nonc\u00e9s par le SNALC, <a href=\"https:\/\/snalc.fr\/category\/aesh-pial-et-inclusion\/\">les dysfonctionnements de l\u2019inclusion scolaire<\/a> n\u2019ont que trop dur\u00e9 et il est temps que nos responsables politiques prennent la mesure de l\u2019urgence \u00e0 agir pour une inclusion digne de ce nom&nbsp;!<\/p>\n\n\n\n<p>Le SNALC demande que tous les acteurs se mettent autour de la table afin que la massification de l\u2019\u00e9cole inclusive se d\u00e9roule dans de bonnes conditions et non plus dans la souffrance de tous&nbsp;: \u00e9l\u00e8ves en situation de handicap, professeurs, AESH, parents\u2026<\/p>\n\n\n\n<p><strong>Le SNALC \u00e9tait pr\u00e9sent les 18 et 29 mars et il continuera \u00e0 s\u2019associer \u00e0 toutes les initiatives allant dans ce sens&nbsp;: L\u2019inclusion scolaire doit cesser d\u2019\u00eatre de la Com\u2019&nbsp;!<\/strong><\/p>\n\n\n\n<figure class=\"wp-block-image\"><img decoding=\"async\" src=\"https:\/\/snalc.fr\/wp-content\/uploads\/AESH_rasso_SNALC_-2-150x150.jpg\" alt=\"AESH_rasso_SNALC_ (2)\"\/><\/figure>\n\n\n\n<p><a href=\"https:\/\/snalc.fr\/wp-content\/uploads\/AESH_rasso_SNALC_-2.jpg\"><\/a><\/p>\n\n\n\n<figure class=\"wp-block-image\"><img decoding=\"async\" src=\"https:\/\/snalc.fr\/wp-content\/uploads\/AESH_rasso_SNALC_-1-150x150.jpg\" alt=\"AESH_rasso_SNALC_ (1)\"\/><\/figure>\n\n\n\n<p><a href=\"https:\/\/snalc.fr\/wp-content\/uploads\/AESH_rasso_SNALC_-1.jpg\"><\/a><\/p>\n\n\n\n<figure class=\"wp-block-image\"><img decoding=\"async\" src=\"https:\/\/snalc.fr\/wp-content\/uploads\/AESH_rassemblement_20230329-150x150.jpg\" alt=\"AESH_rassemblement_20230329\"\/><\/figure>\n\n\n\n<p><a href=\"https:\/\/snalc.fr\/wp-content\/uploads\/AESH_rassemblement_20230329.jpg\"><\/a><\/p>\n\n\n\n<figure class=\"wp-block-image\"><img decoding=\"async\" src=\"https:\/\/snalc.fr\/wp-content\/uploads\/AESH_rasso_SNALC_-6-150x150.jpg\" alt=\"AESH_rasso_SNALC_ (6)\"\/><\/figure>\n\n\n\n<p><a href=\"https:\/\/snalc.fr\/wp-content\/uploads\/AESH_rasso_SNALC_-6.jpg\"><\/a><\/p>\n\n\n\n<figure class=\"wp-block-image\"><img decoding=\"async\" src=\"https:\/\/snalc.fr\/wp-content\/uploads\/AESH_rasso_SNALC_-5-150x150.jpg\" alt=\"AESH_rasso_SNALC_ (5)\"\/><\/figure>\n\n\n\n<p><a href=\"https:\/\/snalc.fr\/wp-content\/uploads\/AESH_rasso_SNALC_-5.jpg\"><\/a><\/p>\n\n\n\n<figure class=\"wp-block-image\"><img decoding=\"async\" src=\"https:\/\/snalc.fr\/wp-content\/uploads\/AESH_rasso_SNALC_-4-150x150.jpg\" alt=\"SNALC\"\/><\/figure>\n\n\n\n<p><a href=\"https:\/\/snalc.fr\/wp-content\/uploads\/AESH_rasso_SNALC_-4.jpg\"><\/a><\/p>\n\n\n\n<figure class=\"wp-block-image\"><img decoding=\"async\" src=\"https:\/\/snalc.fr\/wp-content\/uploads\/AESH_rasso_SNALC_-3-150x150.jpg\" alt=\"AESH_rasso_SNALC_ (3)\"\/><\/figure>\n\n\n\n<p><a href=\"https:\/\/snalc.fr\/wp-content\/uploads\/AESH_rasso_SNALC_-3.jpg\"><\/a><\/p>\n\n\n\n<figure class=\"wp-block-image\"><img decoding=\"async\" src=\"https:\/\/snalc.fr\/wp-content\/uploads\/AESH_rasso_SNALC_-2-150x150.jpg\" alt=\"AESH_rasso_SNALC_ (2)\"\/><\/figure>\n\n\n\n<p><a href=\"https:\/\/snalc.fr\/wp-content\/uploads\/AESH_rasso_SNALC_-2.jpg\"><\/a><\/p>\n\n\n\n<figure class=\"wp-block-image\"><img decoding=\"async\" src=\"https:\/\/snalc.fr\/wp-content\/uploads\/AESH_rasso_SNALC_-1-150x150.jpg\" alt=\"AESH_rasso_SNALC_ (1)\"\/><\/figure>\n\n\n\n<p><a href=\"https:\/\/snalc.fr\/wp-content\/uploads\/AESH_rasso_SNALC_-1.jpg\"><\/a><\/p>\n\n\n\n<figure class=\"wp-block-image\"><img decoding=\"async\" src=\"https:\/\/snalc.fr\/wp-content\/uploads\/AESH_rassemblement_20230329-150x150.jpg\" alt=\"AESH_rassemblement_20230329\"\/><\/figure>\n\n\n\n<p><a href=\"https:\/\/snalc.fr\/wp-content\/uploads\/AESH_rassemblement_20230329.jpg\"><\/a><\/p>\n\n\n\n<figure class=\"wp-block-image\"><img decoding=\"async\" src=\"https:\/\/snalc.fr\/wp-content\/uploads\/AESH_rasso_SNALC_-6-150x150.jpg\" alt=\"AESH_rasso_SNALC_ (6)\"\/><\/figure>\n\n\n\n<p><a href=\"https:\/\/snalc.fr\/wp-content\/uploads\/AESH_rasso_SNALC_-6.jpg\"><\/a><\/p>\n\n\n\n<figure class=\"wp-block-image\"><img decoding=\"async\" src=\"https:\/\/snalc.fr\/wp-content\/uploads\/AESH_rasso_SNALC_-5-150x150.jpg\" alt=\"AESH_rasso_SNALC_ (5)\"\/><\/figure>\n\n\n\n<p><a href=\"https:\/\/snalc.fr\/wp-content\/uploads\/AESH_rasso_SNALC_-5.jpg\"><\/a><\/p>\n\n\n\n<figure class=\"wp-block-image\"><img decoding=\"async\" src=\"https:\/\/snalc.fr\/wp-content\/uploads\/AESH_rasso_SNALC_-4-150x150.jpg\" alt=\"SNALC\"\/><\/figure>\n\n\n\n<p><a href=\"https:\/\/snalc.fr\/wp-content\/uploads\/AESH_rasso_SNALC_-4.jpg\"><\/a><\/p>\n\n\n\n<p>Pr\u00e9c\u00e9dent<\/p>\n\n\n\n<p>Suivant<\/p>\n\n\n\n<p><a href=\"https:\/\/oxiforms.com\/?edlcA\">Contact AESH &#8211; AED<\/a><\/p>\n","protected":false},"excerpt":{"rendered":"<p>Apr\u00e8s la table ronde du 18 mars dernier \u00e0 Rosny-Sous-Bois consacr\u00e9e aux enjeux et perspectives de l\u2019inclusion scolaire des \u00e9l\u00e8ves en situation de handicap, le collectif \u00ab&nbsp;Une \u00e9cole inclusive pour [&hellip;]<\/p>\n","protected":false},"author":1,"featured_media":0,"comment_status":"closed","ping_status":"closed","sticky":false,"template":"","format":"standard","meta":{"_lmt_disableupdate":"","_lmt_disable":"","site-sidebar-layout":"default","site-content-layout":"","ast-site-content-layout":"default","site-content-style":"default","site-sidebar-style":"default","ast-global-header-display":"","ast-banner-title-visibility":"","ast-main-header-display":"","ast-hfb-above-header-display":"","ast-hfb-below-header-display":"","ast-hfb-mobile-header-display":"","site-post-title":"","ast-breadcrumbs-content":"","ast-featured-img":"","footer-sml-layout":"","ast-disable-related-posts":"","theme-transparent-header-meta":"","adv-header-id-meta":"","stick-header-meta":"","header-above-stick-meta":"","header-main-stick-meta":"","header-below-stick-meta":"","astra-migrate-meta-layouts":"default","ast-page-background-enabled":"default","ast-page-background-meta":{"desktop":{"background-color":"var(--ast-global-color-4)","background-image":"","background-repeat":"repeat","background-position":"center center","background-size":"auto","background-attachment":"scroll","background-type":"","background-media":"","overlay-type":"","overlay-color":"","overlay-opacity":"","overlay-gradient":""},"tablet":{"background-color":"","background-image":"","background-repeat":"repeat","background-position":"center center","background-size":"auto","background-attachment":"scroll","background-type":"","background-media":"","overlay-type":"","overlay-color":"","overlay-opacity":"","overlay-gradient":""},"mobile":{"background-color":"","background-image":"","background-repeat":"repeat","background-position":"center center","background-size":"auto","background-attachment":"scroll","background-type":"","background-media":"","overlay-type":"","overlay-color":"","overlay-opacity":"","overlay-gradient":""}},"ast-content-background-meta":{"desktop":{"background-color":"var(--ast-global-color-5)","background-image":"","background-repeat":"repeat","background-position":"center center","background-size":"auto","background-attachment":"scroll","background-type":"","background-media":"","overlay-type":"","overlay-color":"","overlay-opacity":"","overlay-gradient":""},"tablet":{"background-color":"var(--ast-global-color-5)","background-image":"","background-repeat":"repeat","background-position":"center center","background-size":"auto","background-attachment":"scroll","background-type":"","background-media":"","overlay-type":"","overlay-color":"","overlay-opacity":"","overlay-gradient":""},"mobile":{"background-color":"var(--ast-global-color-5)","background-image":"","background-repeat":"repeat","background-position":"center center","background-size":"auto","background-attachment":"scroll","background-type":"","background-media":"","overlay-type":"","overlay-color":"","overlay-opacity":"","overlay-gradient":""}},"footnotes":""},"categories":[31,13],"tags":[],"class_list":["post-1279","post","type-post","status-publish","format-standard","hentry","category-actualites-2022-2023","category-aesh"],"modified_by":"slecourtier","_links":{"self":[{"href":"https:\/\/snalc.org\/snalc2023\/index.php?rest_route=\/wp\/v2\/posts\/1279","targetHints":{"allow":["GET"]}}],"collection":[{"href":"https:\/\/snalc.org\/snalc2023\/index.php?rest_route=\/wp\/v2\/posts"}],"about":[{"href":"https:\/\/snalc.org\/snalc2023\/index.php?rest_route=\/wp\/v2\/types\/post"}],"author":[{"embeddable":true,"href":"https:\/\/snalc.org\/snalc2023\/index.php?rest_route=\/wp\/v2\/users\/1"}],"replies":[{"embeddable":true,"href":"https:\/\/snalc.org\/snalc2023\/index.php?rest_route=%2Fwp%2Fv2%2Fcomments&post=1279"}],"version-history":[{"count":1,"href":"https:\/\/snalc.org\/snalc2023\/index.php?rest_route=\/wp\/v2\/posts\/1279\/revisions"}],"predecessor-version":[{"id":1280,"href":"https:\/\/snalc.org\/snalc2023\/index.php?rest_route=\/wp\/v2\/posts\/1279\/revisions\/1280"}],"wp:attachment":[{"href":"https:\/\/snalc.org\/snalc2023\/index.php?rest_route=%2Fwp%2Fv2%2Fmedia&parent=1279"}],"wp:term":[{"taxonomy":"category","embeddable":true,"href":"https:\/\/snalc.org\/snalc2023\/index.php?rest_route=%2Fwp%2Fv2%2Fcategories&post=1279"},{"taxonomy":"post_tag","embeddable":true,"href":"https:\/\/snalc.org\/snalc2023\/index.php?rest_route=%2Fwp%2Fv2%2Ftags&post=1279"}],"curies":[{"name":"wp","href":"https:\/\/api.w.org\/{rel}","templated":true}]}}