{"id":1336,"date":"2023-04-15T06:30:25","date_gmt":"2023-04-15T04:30:25","guid":{"rendered":"https:\/\/snalc.org\/snalc2023\/?p=1336"},"modified":"2023-04-15T06:30:28","modified_gmt":"2023-04-15T04:30:28","slug":"retraites-un-amendement-qui-inquiete","status":"publish","type":"post","link":"https:\/\/snalc.org\/snalc2023\/?p=1336","title":{"rendered":"Retraites : un amendement qui inqui\u00e8te"},"content":{"rendered":"\n<ul class=\"wp-block-list\">\n<li><a href=\"https:\/\/snalc.fr\/category\/parcours-carriere\/retraite\/\"><\/a><\/li>\n<\/ul>\n\n\n\n<figure class=\"wp-block-image\"><img decoding=\"async\" src=\"https:\/\/snalc.fr\/wp-content\/uploads\/retraite_alamy_HJBC-2FPRGBF.jpg\" alt=\"\"\/><figcaption class=\"wp-element-caption\">\u00a9 alamy_HJBC-2FPRGBF<\/figcaption><\/figure>\n\n\n\n<p><strong><em>Une rumeur court parmi un certain nombre de nos coll\u00e8gues au sujet d\u2019un amendement qui leur laisse croire que notre syst\u00e8me de retraite va \u00eatre align\u00e9 sur celui du r\u00e9gime g\u00e9n\u00e9ral, c\u2019est-\u00e0-dire calcul\u00e9 sur les 25 meilleures ann\u00e9es. Qu\u2019en est-il ?<\/em><\/strong><\/p>\n\n\n\n<p>Il est exact que le 2 f\u00e9vrier 2023, le d\u00e9put\u00e9 Renaissance \u00e9lu des Fran\u00e7ais de l\u2019\u00e9tranger (circonscription de Suisse et du Liechtenstein) a fait adopter un amendement par lequel \u00ab d\u2019ici un an, le gouvernement remettra un rapport sur la possibilit\u00e9, les conditions et le calendrier de mise en oeuvre d\u2019un syst\u00e8me universel faisant converger les diff\u00e9rents r\u00e9gimes et int\u00e9grant les param\u00e8tres de la r\u00e9forme des retraites pr\u00e9vue par la pr\u00e9sente loi \u00bb.<\/p>\n\n\n\n<p>Il faut noter que cet amendement ne fait que revenir au projet de loi instituant un r\u00e9gime universel de retraites, d\u00e9j\u00e0 vot\u00e9 par l\u2019Assembl\u00e9e nationale gr\u00e2ce \u00e0 l\u2019article 49-3 de la Constitution et brusquement suspendu le 20 mars 2020 \u00e0 cause de la pand\u00e9mie, puis annul\u00e9.<\/p>\n\n\n\n<p>Il s\u2019agit seulement d\u2019un rapport que devra faire le gouvernement et non d\u2019un projet de loi.<\/p>\n\n\n\n<p>Si un tel article avait \u00e9t\u00e9 ins\u00e9r\u00e9 dans l\u2019actuelle loi, nul doute qu\u2019il e\u00fbt engendr\u00e9 une immense opposition, semblable d\u2019ailleurs \u00e0 celle que le pr\u00e9c\u00e9dent projet de loi avait d\u00e9j\u00e0 soulev\u00e9e en 2020.<\/p>\n\n\n\n<hr class=\"wp-block-separator has-alpha-channel-opacity\"\/>\n\n\n\n<p><em>Article paru dans la revue du SNALC, la <a href=\"https:\/\/snalc.fr\/quinzaine-universitaire-n1476\/\">Quinzaine universitaire n\u00b01476<\/a> du 14 avril 2023<\/em><\/p>\n","protected":false},"excerpt":{"rendered":"<p>Une rumeur court parmi un certain nombre de nos coll\u00e8gues au sujet d\u2019un amendement qui leur laisse croire que notre syst\u00e8me de retraite va \u00eatre align\u00e9 sur celui du r\u00e9gime [&hellip;]<\/p>\n","protected":false},"author":1,"featured_media":0,"comment_status":"closed","ping_status":"closed","sticky":false,"template":"","format":"standard","meta":{"_lmt_disableupdate":"","_lmt_disable":"","site-sidebar-layout":"default","site-content-layout":"","ast-site-content-layout":"default","site-content-style":"default","site-sidebar-style":"default","ast-global-header-display":"","ast-banner-title-visibility":"","ast-main-header-display":"","ast-hfb-above-header-display":"","ast-hfb-below-header-display":"","ast-hfb-mobile-header-display":"","site-post-title":"","ast-breadcrumbs-content":"","ast-featured-img":"","footer-sml-layout":"","ast-disable-related-posts":"","theme-transparent-header-meta":"","adv-header-id-meta":"","stick-header-meta":"","header-above-stick-meta":"","header-main-stick-meta":"","header-below-stick-meta":"","astra-migrate-meta-layouts":"default","ast-page-background-enabled":"default","ast-page-background-meta":{"desktop":{"background-color":"var(--ast-global-color-4)","background-image":"","background-repeat":"repeat","background-position":"center center","background-size":"auto","background-attachment":"scroll","background-type":"","background-media":"","overlay-type":"","overlay-color":"","overlay-opacity":"","overlay-gradient":""},"tablet":{"background-color":"","background-image":"","background-repeat":"repeat","background-position":"center center","background-size":"auto","background-attachment":"scroll","background-type":"","background-media":"","overlay-type":"","overlay-color":"","overlay-opacity":"","overlay-gradient":""},"mobile":{"background-color":"","background-image":"","background-repeat":"repeat","background-position":"center center","background-size":"auto","background-attachment":"scroll","background-type":"","background-media":"","overlay-type":"","overlay-color":"","overlay-opacity":"","overlay-gradient":""}},"ast-content-background-meta":{"desktop":{"background-color":"var(--ast-global-color-5)","background-image":"","background-repeat":"repeat","background-position":"center center","background-size":"auto","background-attachment":"scroll","background-type":"","background-media":"","overlay-type":"","overlay-color":"","overlay-opacity":"","overlay-gradient":""},"tablet":{"background-color":"var(--ast-global-color-5)","background-image":"","background-repeat":"repeat","background-position":"center center","background-size":"auto","background-attachment":"scroll","background-type":"","background-media":"","overlay-type":"","overlay-color":"","overlay-opacity":"","overlay-gradient":""},"mobile":{"background-color":"var(--ast-global-color-5)","background-image":"","background-repeat":"repeat","background-position":"center center","background-size":"auto","background-attachment":"scroll","background-type":"","background-media":"","overlay-type":"","overlay-color":"","overlay-opacity":"","overlay-gradient":""}},"footnotes":""},"categories":[31,26],"tags":[],"class_list":["post-1336","post","type-post","status-publish","format-standard","hentry","category-actualites-2022-2023","category-conditions-de-travail-sante"],"modified_by":"slecourtier","_links":{"self":[{"href":"https:\/\/snalc.org\/snalc2023\/index.php?rest_route=\/wp\/v2\/posts\/1336","targetHints":{"allow":["GET"]}}],"collection":[{"href":"https:\/\/snalc.org\/snalc2023\/index.php?rest_route=\/wp\/v2\/posts"}],"about":[{"href":"https:\/\/snalc.org\/snalc2023\/index.php?rest_route=\/wp\/v2\/types\/post"}],"author":[{"embeddable":true,"href":"https:\/\/snalc.org\/snalc2023\/index.php?rest_route=\/wp\/v2\/users\/1"}],"replies":[{"embeddable":true,"href":"https:\/\/snalc.org\/snalc2023\/index.php?rest_route=%2Fwp%2Fv2%2Fcomments&post=1336"}],"version-history":[{"count":1,"href":"https:\/\/snalc.org\/snalc2023\/index.php?rest_route=\/wp\/v2\/posts\/1336\/revisions"}],"predecessor-version":[{"id":1337,"href":"https:\/\/snalc.org\/snalc2023\/index.php?rest_route=\/wp\/v2\/posts\/1336\/revisions\/1337"}],"wp:attachment":[{"href":"https:\/\/snalc.org\/snalc2023\/index.php?rest_route=%2Fwp%2Fv2%2Fmedia&parent=1336"}],"wp:term":[{"taxonomy":"category","embeddable":true,"href":"https:\/\/snalc.org\/snalc2023\/index.php?rest_route=%2Fwp%2Fv2%2Fcategories&post=1336"},{"taxonomy":"post_tag","embeddable":true,"href":"https:\/\/snalc.org\/snalc2023\/index.php?rest_route=%2Fwp%2Fv2%2Ftags&post=1336"}],"curies":[{"name":"wp","href":"https:\/\/api.w.org\/{rel}","templated":true}]}}