{"id":1342,"date":"2023-04-15T06:33:38","date_gmt":"2023-04-15T04:33:38","guid":{"rendered":"https:\/\/snalc.org\/snalc2023\/?p=1342"},"modified":"2023-04-15T06:33:41","modified_gmt":"2023-04-15T04:33:41","slug":"quand-linclusion-devient-exclusive","status":"publish","type":"post","link":"https:\/\/snalc.org\/snalc2023\/?p=1342","title":{"rendered":"Quand l\u2019inclusion devient exclusive"},"content":{"rendered":"\n<ul class=\"wp-block-list\">\n<li><a href=\"https:\/\/snalc.fr\/category\/premier-degre\/inclusion\/\"><\/a><\/li>\n<\/ul>\n\n\n\n<figure class=\"wp-block-image\"><img decoding=\"async\" src=\"https:\/\/snalc.fr\/wp-content\/uploads\/inclusion_iStock_Fokusiert.jpg\" alt=\"\"\/><figcaption class=\"wp-element-caption\">\u00a9 iStock_Fokusiert<\/figcaption><\/figure>\n\n\n\n<p><strong><em>Le 28 f\u00e9vrier dernier, dans un coll\u00e8ge de&nbsp;Meurthe-et-Moselle, une AESH \u00e9tait violemment&nbsp;agress\u00e9e par un \u00e9l\u00e8ve autiste. Les coups&nbsp;re\u00e7us ont entra\u00een\u00e9 un arr\u00eat de travail. Un mois&nbsp;et demi s\u2019est \u00e9coul\u00e9. La coll\u00e8gue attend aujourd\u2019hui&nbsp;encore la r\u00e9ponse du rectorat \u00e0 sa&nbsp;demande d\u2019octroi de protection fonctionnelle.&nbsp;R\u00e8glementaire ? Oui. L\u2019administration dispose&nbsp;de deux mois pour lui r\u00e9pondre. Moral ?&nbsp;Moins s\u00fbr.&nbsp;<\/em><\/strong><\/p>\n\n\n\n<p>L\u2019\u00e9l\u00e8ve \u00ab doit poursuivre sa formation \u00bb, <a href=\"https:\/\/www.estrepublicain.fr\/education\/2023\/03\/02\/agression-d-une-aesh-au-college-j-ai-cru-que-l-eleve-allait-m-achever\">dixit le&nbsp;DASEN<\/a>. Mais l\u2019inclusion telle qu\u2019elle est pratiqu\u00e9e&nbsp;le lui permet-elle r\u00e9ellement ? Quant \u00e0 l\u2019AESH&nbsp;victime, quelles conditions de travail l\u2019Institution envisaget-&nbsp;elle pour elle, sachant que, une fois son service repris,&nbsp;elle a de fortes probabilit\u00e9s de croiser son agresseur dans&nbsp;l\u2019\u00e9tablissement ?&nbsp;<\/p>\n\n\n\n<p>La sanction prononc\u00e9e par le conseil de discipline \u2212 exclusion&nbsp;avec sursis \u2212 interroge. Si consid\u00e9rer le handicap&nbsp;de l\u2019\u00e9l\u00e8ve \u2212 exclu d\u2019un autre coll\u00e8ge pour des faits similaires&nbsp;\u2212 s\u2019impose, la port\u00e9e tr\u00e8s limit\u00e9e de la punition lui&nbsp;fera-t-elle prendre la mesure de la gravit\u00e9 de son geste ?&nbsp;<\/p>\n\n\n\n<p>Ce cas particulier r\u00e9v\u00e8le une inclusion qui r\u00e9sulte d\u2019une&nbsp;politique appliqu\u00e9e avant m\u00eame que sa faisabilit\u00e9 soit&nbsp;assur\u00e9e, et que soient consid\u00e9r\u00e9es toutes ses implications&nbsp;humaines et \u00e9thiques. Voil\u00e0 qui ne r\u00e9soudra gu\u00e8re la crise&nbsp;du recrutement de l\u2019EN\u2026 Cela montre aussi la fa\u00e7on&nbsp;dont l\u2019inclusion se mue parfois en une sorte de \u00ab droit&nbsp;exclusif \u00bb : car comment accepter que l\u2019inclusion pr\u00e9vale&nbsp;sur la s\u00e9curit\u00e9 des personnels ? En se pla\u00e7ant au-dessus&nbsp;du respect d\u00fb aux ma\u00eetres, cette \u00ab bienveillance \u00bb de principe&nbsp;qui en d\u00e9coule ne saurait cr\u00e9er un terreau favorable&nbsp;\u00e0 l\u2019instruction. L\u2019exigence de respect constitue en effet&nbsp;la condition sine qua non pour une \u00e9cole \u00e9mancipatrice.&nbsp;<\/p>\n\n\n\n<p>Le mot \u00ab inclusion \u00bb ne doit pas dissimuler l\u2019exclusion des&nbsp;personnels qui incluent. Il lui faut s\u2019effacer derri\u00e8re ce qui,&nbsp;justement, fonde son existence : l\u2019\u00e9ducation.&nbsp;<\/p>\n\n\n\n<p>Aussi le SNALC d\u00e9fend-il une inclusion pens\u00e9e sans dogmatisme,&nbsp;donc humaine et respectueuse des \u00e9l\u00e8ves mais&nbsp;aussi des enseignants et des accompagnants. Ceux-ci&nbsp;sont en effet des vecteurs de connaissance et d\u2019\u00e9ducation&nbsp;qui les \u00e9l\u00e8vent pour faire advenir en eux tout ce qu\u2019ils&nbsp;peuvent \u00eatre.&nbsp;<\/p>\n\n\n\n<hr class=\"wp-block-separator has-alpha-channel-opacity\"\/>\n\n\n\n<p><em>Article paru dans la revue du SNALC, la <a href=\"https:\/\/snalc.fr\/quinzaine-universitaire-n1476\/\">Quinzaine universitaire n\u00b01476<\/a> du 14 avril 2023<\/em><\/p>\n","protected":false},"excerpt":{"rendered":"<p>Le 28 f\u00e9vrier dernier, dans un coll\u00e8ge de&nbsp;Meurthe-et-Moselle, une AESH \u00e9tait violemment&nbsp;agress\u00e9e par un \u00e9l\u00e8ve autiste. Les coups&nbsp;re\u00e7us ont entra\u00een\u00e9 un arr\u00eat de travail. Un mois&nbsp;et demi s\u2019est \u00e9coul\u00e9. La [&hellip;]<\/p>\n","protected":false},"author":1,"featured_media":0,"comment_status":"closed","ping_status":"closed","sticky":false,"template":"","format":"standard","meta":{"_lmt_disableupdate":"","_lmt_disable":"","site-sidebar-layout":"default","site-content-layout":"","ast-site-content-layout":"default","site-content-style":"default","site-sidebar-style":"default","ast-global-header-display":"","ast-banner-title-visibility":"","ast-main-header-display":"","ast-hfb-above-header-display":"","ast-hfb-below-header-display":"","ast-hfb-mobile-header-display":"","site-post-title":"","ast-breadcrumbs-content":"","ast-featured-img":"","footer-sml-layout":"","ast-disable-related-posts":"","theme-transparent-header-meta":"","adv-header-id-meta":"","stick-header-meta":"","header-above-stick-meta":"","header-main-stick-meta":"","header-below-stick-meta":"","astra-migrate-meta-layouts":"default","ast-page-background-enabled":"default","ast-page-background-meta":{"desktop":{"background-color":"var(--ast-global-color-4)","background-image":"","background-repeat":"repeat","background-position":"center center","background-size":"auto","background-attachment":"scroll","background-type":"","background-media":"","overlay-type":"","overlay-color":"","overlay-opacity":"","overlay-gradient":""},"tablet":{"background-color":"","background-image":"","background-repeat":"repeat","background-position":"center center","background-size":"auto","background-attachment":"scroll","background-type":"","background-media":"","overlay-type":"","overlay-color":"","overlay-opacity":"","overlay-gradient":""},"mobile":{"background-color":"","background-image":"","background-repeat":"repeat","background-position":"center center","background-size":"auto","background-attachment":"scroll","background-type":"","background-media":"","overlay-type":"","overlay-color":"","overlay-opacity":"","overlay-gradient":""}},"ast-content-background-meta":{"desktop":{"background-color":"var(--ast-global-color-5)","background-image":"","background-repeat":"repeat","background-position":"center center","background-size":"auto","background-attachment":"scroll","background-type":"","background-media":"","overlay-type":"","overlay-color":"","overlay-opacity":"","overlay-gradient":""},"tablet":{"background-color":"var(--ast-global-color-5)","background-image":"","background-repeat":"repeat","background-position":"center center","background-size":"auto","background-attachment":"scroll","background-type":"","background-media":"","overlay-type":"","overlay-color":"","overlay-opacity":"","overlay-gradient":""},"mobile":{"background-color":"var(--ast-global-color-5)","background-image":"","background-repeat":"repeat","background-position":"center center","background-size":"auto","background-attachment":"scroll","background-type":"","background-media":"","overlay-type":"","overlay-color":"","overlay-opacity":"","overlay-gradient":""}},"footnotes":""},"categories":[31],"tags":[],"class_list":["post-1342","post","type-post","status-publish","format-standard","hentry","category-actualites-2022-2023"],"modified_by":"slecourtier","_links":{"self":[{"href":"https:\/\/snalc.org\/snalc2023\/index.php?rest_route=\/wp\/v2\/posts\/1342","targetHints":{"allow":["GET"]}}],"collection":[{"href":"https:\/\/snalc.org\/snalc2023\/index.php?rest_route=\/wp\/v2\/posts"}],"about":[{"href":"https:\/\/snalc.org\/snalc2023\/index.php?rest_route=\/wp\/v2\/types\/post"}],"author":[{"embeddable":true,"href":"https:\/\/snalc.org\/snalc2023\/index.php?rest_route=\/wp\/v2\/users\/1"}],"replies":[{"embeddable":true,"href":"https:\/\/snalc.org\/snalc2023\/index.php?rest_route=%2Fwp%2Fv2%2Fcomments&post=1342"}],"version-history":[{"count":1,"href":"https:\/\/snalc.org\/snalc2023\/index.php?rest_route=\/wp\/v2\/posts\/1342\/revisions"}],"predecessor-version":[{"id":1343,"href":"https:\/\/snalc.org\/snalc2023\/index.php?rest_route=\/wp\/v2\/posts\/1342\/revisions\/1343"}],"wp:attachment":[{"href":"https:\/\/snalc.org\/snalc2023\/index.php?rest_route=%2Fwp%2Fv2%2Fmedia&parent=1342"}],"wp:term":[{"taxonomy":"category","embeddable":true,"href":"https:\/\/snalc.org\/snalc2023\/index.php?rest_route=%2Fwp%2Fv2%2Fcategories&post=1342"},{"taxonomy":"post_tag","embeddable":true,"href":"https:\/\/snalc.org\/snalc2023\/index.php?rest_route=%2Fwp%2Fv2%2Ftags&post=1342"}],"curies":[{"name":"wp","href":"https:\/\/api.w.org\/{rel}","templated":true}]}}