{"id":1411,"date":"2023-04-28T13:24:29","date_gmt":"2023-04-28T11:24:29","guid":{"rendered":"https:\/\/snalc.org\/snalc2023\/?p=1411"},"modified":"2023-04-28T13:24:32","modified_gmt":"2023-04-28T11:24:32","slug":"les-aed-et-les-aesh-relookes-en-accompagnants-a-la-reussite-educative","status":"publish","type":"post","link":"https:\/\/snalc.org\/snalc2023\/?p=1411","title":{"rendered":"Les AED et les AESH relook\u00e9s en accompagnants \u00e0 la r\u00e9ussite \u00e9ducative\u00a0?"},"content":{"rendered":"\n<figure class=\"wp-block-image\"><img decoding=\"async\" src=\"https:\/\/snalc.fr\/wp-content\/uploads\/aesh_istock_SDI-Productions-1369617398.jpg\" alt=\"\"\/><figcaption class=\"wp-element-caption\">\u00a9 istock_SDI-Productions-1369617398<\/figcaption><\/figure>\n\n\n\n<p>Parmi les annonces faites pour l\u2019acte II de l\u2019\u00e9cole inclusive, mercredi 26 avril, lors de la <a href=\"https:\/\/handicap.gouv.fr\/sites\/handicap\/files\/2023-04\/DP%20CNH%20-%2026%20avril%202023.pdf?fbclid=IwAR1C6Yy3M2fGYGJ74y36V3gZIWnywp_-tCJVp3ihXn2QngLl5xXfsNfQGKY\">sixi\u00e8me conf\u00e9rence nationale du handicap<\/a> (CNH), le<strong> SNALC<\/strong> a \u00e9t\u00e9 estomaqu\u00e9 par une mesure concernant les AED et les AESH.<\/p>\n\n\n\n<p>En effet, il est envisag\u00e9 de r\u00e9former et de regrouper progressivement les fonctions des AESH et des assistants d\u2019\u00e9ducation afin de cr\u00e9er un m\u00e9tier d\u2019accompagnant \u00e0 la r\u00e9ussite \u00e9ducative.<\/p>\n\n\n\n<p>Le <strong>SNALC<\/strong> s\u2019insurge contre cette fusion, car non seulement nos responsables politiques montrent une fois de plus leur incroyable m\u00e9connaissance du r\u00f4le des AED d\u2019une part et du r\u00f4le des AESH d\u2019autre part, et plus largement du syst\u00e8me \u00e9ducatif dans son ensemble, mais cr\u00e9ent \u00e9galement une occasion suppl\u00e9mentaire de leur manifester leur m\u00e9pris.<\/p>\n\n\n\n<p>En effet, ce regroupement nie la reconnaissance de deux m\u00e9tiers bien distincts en attente de professionnalisation et de valorisation, notamment salariale, qui sont indispensables au bon fonctionnement de l\u2019institution.<\/p>\n\n\n\n<p>Les AED et les AESH ne sont pas interchangeables, leurs missions sont bien sp\u00e9cifiques et encadr\u00e9es par des textes juridiques diff\u00e9rents. Par ailleurs, en remplissant leurs fonctions respectives, ils sont d\u00e9j\u00e0 des accompagnants \u00e0 la r\u00e9ussite \u00e9ducative des \u00e9l\u00e8ves.<\/p>\n\n\n\n<p>La seule fusion que les AED et les AESH connaissent d\u00e9j\u00e0, et qui nous est insupportable, est celle de la pr\u00e9carit\u00e9. Est-il envisag\u00e9 qu\u2019ils en sortent&nbsp;?<\/p>\n\n\n\n<p>Ce futur m\u00e9tier d\u2019accompagnant \u00e0 la r\u00e9ussite \u00e9ducative fait craindre exactement l\u2019inverse. Il est essentiellement dict\u00e9 par une contrainte budg\u00e9taire, une p\u00e9nurie d\u2019agents exer\u00e7ant des fonctions de surveillance et d\u2019accompagnement des \u00e9l\u00e8ves et une r\u00e9ponse \u00e0 une attente soci\u00e9tale \u2013 et fort l\u00e9gitime \u2013 d\u2019inclusion des \u00e9l\u00e8ves en situation de handicap, y compris sur le temps p\u00e9riscolaire.<\/p>\n\n\n\n<p>Enfin, avec cette fusion, ces personnels, notamment les AESH, seraient amen\u00e9s \u00e0 d\u00e9velopper de nouvelles comp\u00e9tences.<\/p>\n\n\n\n<p>Le <strong>SNALC<\/strong> y voit surtout une flexibilit\u00e9 fonctionnelle accrue, des pressions hi\u00e9rarchiques plus importantes et <em>in fine <\/em>plus de souffrance pour des agents, d\u00e9j\u00e0 fragilis\u00e9s par une absence de statut, qui risquent de n\u2019\u00eatre plus que des bouche-trous, corv\u00e9ables \u00e0 merci et encore davantage ballot\u00e9s au sein des PIAL.<\/p>\n\n\n\n<p>Le <strong>SNALC<\/strong> sera extr\u00eamement vigilant quant aux suites donn\u00e9es \u00e0 ces annonces et continuera \u00e0 d\u00e9fendre avec d\u00e9termination et intelligence les AED et les AESH&nbsp;!<\/p>\n\n\n\n<p><a href=\"https:\/\/snalc.fr\/wp-content\/uploads\/20230427_compresse_AESH_AED_accompagnants.pdf\">T\u00e9l\u00e9charger<\/a><\/p>\n","protected":false},"excerpt":{"rendered":"<p>Parmi les annonces faites pour l\u2019acte II de l\u2019\u00e9cole inclusive, mercredi 26 avril, lors de la sixi\u00e8me conf\u00e9rence nationale du handicap (CNH), le SNALC a \u00e9t\u00e9 estomaqu\u00e9 par une mesure [&hellip;]<\/p>\n","protected":false},"author":1,"featured_media":0,"comment_status":"closed","ping_status":"closed","sticky":false,"template":"","format":"standard","meta":{"_lmt_disableupdate":"","_lmt_disable":"","site-sidebar-layout":"default","site-content-layout":"","ast-site-content-layout":"default","site-content-style":"default","site-sidebar-style":"default","ast-global-header-display":"","ast-banner-title-visibility":"","ast-main-header-display":"","ast-hfb-above-header-display":"","ast-hfb-below-header-display":"","ast-hfb-mobile-header-display":"","site-post-title":"","ast-breadcrumbs-content":"","ast-featured-img":"","footer-sml-layout":"","ast-disable-related-posts":"","theme-transparent-header-meta":"","adv-header-id-meta":"","stick-header-meta":"","header-above-stick-meta":"","header-main-stick-meta":"","header-below-stick-meta":"","astra-migrate-meta-layouts":"default","ast-page-background-enabled":"default","ast-page-background-meta":{"desktop":{"background-color":"var(--ast-global-color-4)","background-image":"","background-repeat":"repeat","background-position":"center center","background-size":"auto","background-attachment":"scroll","background-type":"","background-media":"","overlay-type":"","overlay-color":"","overlay-opacity":"","overlay-gradient":""},"tablet":{"background-color":"","background-image":"","background-repeat":"repeat","background-position":"center center","background-size":"auto","background-attachment":"scroll","background-type":"","background-media":"","overlay-type":"","overlay-color":"","overlay-opacity":"","overlay-gradient":""},"mobile":{"background-color":"","background-image":"","background-repeat":"repeat","background-position":"center center","background-size":"auto","background-attachment":"scroll","background-type":"","background-media":"","overlay-type":"","overlay-color":"","overlay-opacity":"","overlay-gradient":""}},"ast-content-background-meta":{"desktop":{"background-color":"var(--ast-global-color-5)","background-image":"","background-repeat":"repeat","background-position":"center center","background-size":"auto","background-attachment":"scroll","background-type":"","background-media":"","overlay-type":"","overlay-color":"","overlay-opacity":"","overlay-gradient":""},"tablet":{"background-color":"var(--ast-global-color-5)","background-image":"","background-repeat":"repeat","background-position":"center center","background-size":"auto","background-attachment":"scroll","background-type":"","background-media":"","overlay-type":"","overlay-color":"","overlay-opacity":"","overlay-gradient":""},"mobile":{"background-color":"var(--ast-global-color-5)","background-image":"","background-repeat":"repeat","background-position":"center center","background-size":"auto","background-attachment":"scroll","background-type":"","background-media":"","overlay-type":"","overlay-color":"","overlay-opacity":"","overlay-gradient":""}},"footnotes":""},"categories":[31,14,13],"tags":[],"class_list":["post-1411","post","type-post","status-publish","format-standard","hentry","category-actualites-2022-2023","category-aed-cpe-vie-scolaire","category-aesh"],"modified_by":"slecourtier","_links":{"self":[{"href":"https:\/\/snalc.org\/snalc2023\/index.php?rest_route=\/wp\/v2\/posts\/1411","targetHints":{"allow":["GET"]}}],"collection":[{"href":"https:\/\/snalc.org\/snalc2023\/index.php?rest_route=\/wp\/v2\/posts"}],"about":[{"href":"https:\/\/snalc.org\/snalc2023\/index.php?rest_route=\/wp\/v2\/types\/post"}],"author":[{"embeddable":true,"href":"https:\/\/snalc.org\/snalc2023\/index.php?rest_route=\/wp\/v2\/users\/1"}],"replies":[{"embeddable":true,"href":"https:\/\/snalc.org\/snalc2023\/index.php?rest_route=%2Fwp%2Fv2%2Fcomments&post=1411"}],"version-history":[{"count":1,"href":"https:\/\/snalc.org\/snalc2023\/index.php?rest_route=\/wp\/v2\/posts\/1411\/revisions"}],"predecessor-version":[{"id":1412,"href":"https:\/\/snalc.org\/snalc2023\/index.php?rest_route=\/wp\/v2\/posts\/1411\/revisions\/1412"}],"wp:attachment":[{"href":"https:\/\/snalc.org\/snalc2023\/index.php?rest_route=%2Fwp%2Fv2%2Fmedia&parent=1411"}],"wp:term":[{"taxonomy":"category","embeddable":true,"href":"https:\/\/snalc.org\/snalc2023\/index.php?rest_route=%2Fwp%2Fv2%2Fcategories&post=1411"},{"taxonomy":"post_tag","embeddable":true,"href":"https:\/\/snalc.org\/snalc2023\/index.php?rest_route=%2Fwp%2Fv2%2Ftags&post=1411"}],"curies":[{"name":"wp","href":"https:\/\/api.w.org\/{rel}","templated":true}]}}