{"id":1419,"date":"2023-05-06T18:32:57","date_gmt":"2023-05-06T16:32:57","guid":{"rendered":"https:\/\/snalc.org\/snalc2023\/?p=1419"},"modified":"2023-05-06T18:32:59","modified_gmt":"2023-05-06T16:32:59","slug":"lettre-pe-mai-2023","status":"publish","type":"post","link":"https:\/\/snalc.org\/snalc2023\/?p=1419","title":{"rendered":"Lettre PE mai 2023"},"content":{"rendered":"\n<figure class=\"wp-block-image aligncenter size-full\"><img fetchpriority=\"high\" decoding=\"async\" width=\"400\" height=\"199\" src=\"https:\/\/snalc.org\/snalc2023\/wp-content\/uploads\/2023\/05\/Image1.png\" alt=\"\" class=\"wp-image-1420\" srcset=\"https:\/\/snalc.org\/snalc2023\/wp-content\/uploads\/2023\/05\/Image1.png 400w, https:\/\/snalc.org\/snalc2023\/wp-content\/uploads\/2023\/05\/Image1-300x149.png 300w\" sizes=\"(max-width: 400px) 100vw, 400px\" \/><\/figure>\n\n\n\n<p><strong>Mouvement intra \u2013 d\u00e9partemental&nbsp;: <\/strong><strong><\/strong><\/p>\n\n\n\n<p><strong>Attention \u00e0 la suite du calendrier<\/strong><strong><\/strong><\/p>\n\n\n\n<p><strong>Guillaume Tournel<\/strong>, d\u00e9l\u00e9gu\u00e9 SNALC Ecole Aix Marseille<\/p>\n\n\n\n<p>Chers coll\u00e8gues ayant particip\u00e9 au mouvement Intra-d\u00e9partemental,<\/p>\n\n\n\n<p>Vous avez particip\u00e9 au mouvement et vous attendez, pour certains d\u2019entre-vous, avec angoisse, le r\u00e9sultat de celui-ci. Pas de panique&nbsp;! Le SNALC continuera de vous accompagner durant toute cette p\u00e9riode et accompagnera ses adh\u00e9rents en cas de recours. Pour rappel, les recours d\u00e9pos\u00e9s ne seront \u00e9tudi\u00e9s par l\u2019administration que si ceux-ci sont port\u00e9s et accompagn\u00e9s par un syndicat. Pour ceux qui ne seraient pas encore adh\u00e9rents SNALC, pr\u00e9venez une \u00e9ventuelle mauvaise nouvelle en cas de r\u00e9sultat d\u00e9favorable et rejoignez-nous pour b\u00e9n\u00e9ficier de nos services et de notre expertise en la mati\u00e8re. Notre adh\u00e9sion ne vous co\u00fbte actuellement pas un euro&nbsp;! Vous auriez tort de vous en priver&nbsp;! Cliquez <a href=\"https:\/\/snalc.fr\/adherer-choix-du-mode-de-paiement\/\"><strong><u>ICI<\/u><\/strong><\/a>&nbsp;et suivez les indications d\u00e9velopp\u00e9es plus en dessous&nbsp;!<\/p>\n\n\n\n<p>En attendant, voici les grandes dates \u00e0 ne pas rater&nbsp;:<\/p>\n\n\n\n<p><strong>Mercredi 3 mai 2023&nbsp;:<\/strong>&nbsp;<strong>Envoi des accus\u00e9s de r\u00e9ception dans MVT1D. Le bar\u00e8me comportera d\u00e9j\u00e0 les ajouts de points manuels effectu\u00e9s par le service DPE2<\/strong><\/p>\n\n\n\n<p><strong>Mercredi 17 mai 2023&nbsp;: Date butoir de contestation des bar\u00e8mes par Colibris<\/strong><strong><\/strong><\/p>\n\n\n\n<p><strong>Mercredi 24 mai 2023&nbsp;: Communication des r\u00e9sultats du mouvement<\/strong><strong><\/strong><\/p>\n\n\n\n<p><strong>Lundi 5 juin 2023 au mardi 6 juin 2023&nbsp;:<\/strong>&nbsp;Constitution des postes fractionn\u00e9s (IEN)<\/p>\n\n\n\n<p><strong>Vendredi 9 juin 2023&nbsp;:<\/strong>&nbsp;Publication des postes de TS<\/p>\n\n\n\n<p><strong>Mardi 13 juin 2023&nbsp;:<\/strong>&nbsp;Date butoir pour le retour des v\u0153ux de TS<\/p>\n\n\n\n<p><strong>Jeudi 15 juin 2023 au lundi 19 juin 2023&nbsp;:<\/strong>&nbsp;Affectation des TS avec le concours des IEN<\/p>\n\n\n\n<p><strong>Vendredi 23 juin 2023&nbsp;:<\/strong>&nbsp;R\u00e9sultats des affectations des TS<\/p>\n\n\n\n<p><strong>Lundi 26 juin 2023 au vendredi 7 juillet 2023&nbsp;:<\/strong>&nbsp;Affectation par la phase manuelle<\/p>\n\n\n\n<p><strong>Vendredi 7 juillet 2023&nbsp;:<\/strong>&nbsp;R\u00e9sultats de la phase manuelle<\/p>\n\n\n\n<p><strong>Guillaume Tournel<\/strong>, d\u00e9l\u00e9gu\u00e9 SNALC Ecole Aix Marseille<\/p>\n\n\n\n<p><strong>Adh\u00e9sion au SNALC \u00e0 Z\u00e9ro Euro<\/strong><strong><\/strong><\/p>\n\n\n\n<p><strong>Cadeaux en un clic&nbsp;!<\/strong><strong><\/strong><\/p>\n\n\n\n<p><a href=\"https:\/\/snalc.fr\/adherer-choix-du-mode-de-paiement\/\">https:\/\/snalc.fr\/adherer-choix-du-mode-de-paiement\/<\/a><\/p>\n\n\n\n<p>ATTENTION : l&rsquo;adh\u00e9sion est gratuite pour l&rsquo;ann\u00e9e scolaire en cours uniquement si vous optez pour le pr\u00e9l\u00e8vement automatique. Vous ne paierez rien aujourd\u2019hui, et \u00e0 la rentr\u00e9e, vous ne serez pr\u00e9lev\u00e9 qu&rsquo;\u00e0 partir du 30 septembre, en 10 fois sans frais, le SNALC \u00e9tant le seul syndicat \u00e0 le proposer !<\/p>\n\n\n\n<p>Contactez-nous pour vous accompagner dans cette d\u00e9marche.<\/p>\n\n\n\n<p>snalc.ecole13@gmail.com<\/p>\n\n\n\n<p>D\u00e8s votre adh\u00e9sion :<\/p>\n\n\n\n<p>&nbsp;&nbsp;&nbsp;&nbsp;&#8211; b\u00e9n\u00e9ficiez du <strong>suivi syndical <\/strong>du SNALC.<\/p>\n\n\n\n<p>&nbsp;&nbsp;&nbsp;&nbsp;&#8211; b\u00e9n\u00e9ficiez gratuitement des <strong>conseils juridiques<\/strong>&nbsp;et de la <strong>d\u00e9fense p\u00e9nale de la GMF<\/strong>&nbsp;(Garantie Mutuelle des Fonctionnaires) dans le cadre de vos activit\u00e9s professionnelles,<\/p>\n\n\n\n<p>&nbsp;&nbsp;&nbsp;&nbsp;&#8211; acc\u00e9dez gratuitement \u00e0 notre <strong>comit\u00e9 d&rsquo;entreprise<\/strong>&nbsp;et pr\u00e9parez d\u00e8s aujourd\u2019hui vos vacances.<\/p>\n\n\n\n<p>&nbsp;&nbsp;&nbsp;&nbsp;&#8211; b\u00e9n\u00e9ficiez de 10 s\u00e9ances de <strong>sophrologie<\/strong>&nbsp;en visio pour vous faire du bien.<\/p>\n\n\n\n<p>&nbsp;&nbsp;&nbsp;&nbsp;&#8211; Contactez gratuitement notre plateforme de reconversion <strong>\u00a0\u00bb MOBI-SNALC\u00a0\u00bb<\/strong>&nbsp;<\/p>\n\n\n\n<p>Enfin, vous recevrez gratuitement tous les mois notre magazine la <strong>Quinzaine Universitaire<\/strong>&nbsp;sur l&rsquo;actualit\u00e9 de notre profession.<\/p>\n\n\n\n<p><strong><u><strong>Le SNALC est le syndicat repr\u00e9sentatif le moins cher pour les PE : 90 euros sans augmentation.<\/strong><\/u><\/strong><strong><u><strong><\/strong><\/u><\/strong><\/p>\n\n\n\n<p>Temps partiels, RQTH, cong\u00e9s de formation, disponibilit\u00e9 et cong\u00e9 parental, etc. : c\u2019est encore moins cher avec nos tarifs r\u00e9duits !<\/p>\n\n\n\n<p>Cr\u00e9dit d\u2019imp\u00f4ts (re\u00e7u fiscal). Vous d\u00e9duisez 66% du montant de votre cotisation de vos imp\u00f4ts ou \u00eates cr\u00e9dit\u00e9s de ces 66% si vous n\u2019\u00eates pas imposables.<\/p>\n\n\n\n<p>Co\u00fbt r\u00e9el apr\u00e8s imp\u00f4ts : 30,60\u20ac \u2013 35\u20ac (cotisation GMF prise en charge par l\u2019adh\u00e9sion) = l\u2019adh\u00e9sion au SNALC ne vous co\u00fbte RIEN.<\/p>\n\n\n\n<p><strong>\u00ab Revalorisation \u00bb des enseignants : loin du compte, et loin des 10 % promis<\/strong><strong><\/strong><\/p>\n\n\n\n<p><strong>Jean-R\u00e9mi GIRARD<\/strong>, pr\u00e9sident du SNALC.<\/p>\n\n\n\n<p>Il aura fallu pr\u00e8s d\u2019une semaine apr\u00e8s les annonces du pr\u00e9sident de la R\u00e9publique pour que les organisations syndicales repr\u00e9sentatives re\u00e7oivent enfin le document indiquant les augmentations r\u00e9elles par grade et par \u00e9chelon. Le SNALC constate d\u00e9j\u00e0 que la transparence en p\u00e9riode de communication m\u00e9diatique, c\u2019est pour les autres.<\/p>\n\n\n\n<p>Il faut dire que le tableau re\u00e7u, m\u00eame s\u2019il est fabriqu\u00e9 de fa\u00e7on \u00e0 embellir les mesures prises, est sans appel : il n\u2019y a pas 10 % d\u2019augmentation pour tous, ni m\u00eame 10 % en moyenne. Le SNALC vous propose donc une analyse pr\u00e9cise de ce document, afin de comprendre et de faire comprendre autour de vous le \u00ab socle \u00bb et le \u00ab pacte \u00bb.<\/p>\n\n\n\n<p>Cliquez <a href=\"https:\/\/snalc.fr\/revalorisation-des-enseignants-loin-du-compte-et-loin-des-10-promis\/\"><strong><u>ICI<\/u><\/strong><\/a>&nbsp;pour retrouver l\u2019int\u00e9gralit\u00e9 de ce dossier.<\/p>\n\n\n\n<h4 class=\"wp-block-heading\"><strong>Au menu&nbsp;: <\/strong><strong><\/strong><\/h4>\n\n\n\n<h4 class=\"wp-block-heading\">Le Socle : sans contreparties, mais avec inflation.<\/h4>\n\n\n\n<h4 class=\"wp-block-heading\">Le Pacte : un pi\u00e8ge, un chantage, mais pas une revalorisation<\/h4>\n\n\n\n<h4 class=\"wp-block-heading\">Revalorisation 2023 : tableau des gains selon le minist\u00e8re<\/h4>\n\n\n\n<h4 class=\"wp-block-heading\">Retrouvez les interventions de Jean R\u00e9mi Girard sur l\u2019\u00e9pineux sujet de notre \u00abArl\u00e9sienne\u00bb revalorisation en cliquant sur les liens vid\u00e9os ci-dessous&nbsp;:<\/h4>\n\n\n\n<h4 class=\"wp-block-heading\"><a href=\"https:\/\/www.youtube.com\/watch?v=mGawPIoGLmE&amp;ab_channel=PatrickSALVI\"><u>Revalorisation et \u00e9cole de demain, r\u00e9action du SNALC apr\u00e8s les annonces du pr\u00e9sident de la R\u00e9publique.<\/u><\/a><\/h4>\n\n\n\n<h4 class=\"wp-block-heading\"><a href=\"https:\/\/www.youtube.com\/watch?v=6k9Y7fOzJCc&amp;ab_channel=PatrickSALVI\"><u>Les attentes du SNALC avant l\u2019intervention du pr\u00e9sident de la R\u00e9publique sur la revalorisation et l\u2019\u00e9cole de demain.<\/u><\/a><\/h4>\n\n\n\n<h4 class=\"wp-block-heading\">&nbsp;<\/h4>\n\n\n\n<h4 class=\"wp-block-heading\">&nbsp;<\/h4>\n\n\n\n<h4 class=\"wp-block-heading\"><strong>AESH, arr\u00eatez l\u2019enfumage&nbsp;!<\/strong><strong><\/strong><\/h4>\n\n\n\n<h4 class=\"wp-block-heading\"><strong>Danielle ARNAUD<\/strong>, secr\u00e9taire nationale du SNALC charg\u00e9e des personnels contractuels<\/h4>\n\n\n\n<h4 class=\"wp-block-heading\">Le SNALC a pris connaissance des propos hallucinants tenus par le pr\u00e9sident de la R\u00e9publique sur les AESH lors de son d\u00e9placement \u00e0 Ganges dans l\u2019H\u00e9rault, et en pr\u00e9sence du ministre de l\u2019Education nationale, jeudi 20 avril.<strong><\/strong><\/h4>\n\n\n\n<h4 class=\"wp-block-heading\">En effet, Emmanuel Macron a affirm\u00e9 que l\u2019engagement qu\u2019il \u00ab avait pris il y a 5 ans avait \u00e9t\u00e9 tenu puisque quasiment tous les AESH avaient \u00e9t\u00e9 titularis\u00e9s, qu\u2019aujourd\u2019hui les AESH en CDD \u00e9taient tr\u00e8s tr\u00e8s marginaux, et qu\u2019il les avait sortis de la pr\u00e9carit\u00e9 administrative. \u00bb<\/h4>\n\n\n\n<h4 class=\"wp-block-heading\">S\u2019il reconna\u00eet le probl\u00e8me des temps incomplets, une solution possible pour arriver aux 35 heures serait en partie de \u00ab trouver des plateformes qui suivent plusieurs enfants \u00bb.<\/h4>\n\n\n\n<h4 class=\"wp-block-heading\">Or, aucun AESH n\u2019est titularis\u00e9, ni depuis sa premi\u00e8re \u00e9lection en 2017, ni avant. Les AESH ont uniquement acc\u00e8s au CDI. Ils peuvent donc seulement \u00eatre CDIs\u00e9s, ce qui reste de la contractualisation, et non de la titularisation d\u00e9livrant un statut de fonctionnaire et des droits qui vont avec.<\/h4>\n\n\n\n<h4 class=\"wp-block-heading\">Et \u00e0 propos de pr\u00e9carit\u00e9, le SNALC rappelle que plus des \u00be des AESH sont r\u00e9mun\u00e9r\u00e9s \u00e0 l\u2019indice minimum, majoritairement avec une quotit\u00e9 travaill\u00e9e de 62%, ce qui correspond \u00e0 une r\u00e9mun\u00e9ration nette de 850 \u20ac.<\/h4>\n\n\n\n<h4 class=\"wp-block-heading\">O\u00f9 est la sortie de la pr\u00e9carit\u00e9 ?<\/h4>\n\n\n\n<h4 class=\"wp-block-heading\">Quant aux plateformes suivant plusieurs enfants dont parle le pr\u00e9sident, qu\u00e9saco ???<\/h4>\n\n\n\n<h4 class=\"wp-block-heading\">\u00c0 noter enfin qu\u2019un temps complet pour une ou un AESH est actuellement de 39 heures et 10 minutes et non de 35 heures comme se pla\u00eet \u00e0 le r\u00e9p\u00e9ter le chef de l\u2019\u00c9tat en pr\u00e9sence du ministre, qui n\u2019a pas l\u2019air d\u2019y voir un point \u00e0 relever\u2026<\/h4>\n\n\n\n<h4 class=\"wp-block-heading\">Il faut imm\u00e9diatement arr\u00eater cette INTOX !<\/h4>\n\n\n\n<h4 class=\"wp-block-heading\">Notre pr\u00e9sident a pr\u00e9cis\u00e9 que beaucoup de gens parlaient des AESH comme s\u2019ils les avaient d\u00e9couverts les deux derni\u00e8res ann\u00e9es. Ce n\u2019est pas du tout le cas du SNALC qui par cons\u00e9quent invite Emmanuel Macron et Pap Ndiaye \u00e0 commencer la d\u00e9couverte\u2026 et \u00e0 travailler enfin et s\u00e9rieusement le dossier AESH afin que nous n\u2019entendions plus jamais de telles inepties (et ce n\u2019est pas la premi\u00e8re fois) !<\/h4>\n\n\n\n<h4 class=\"wp-block-heading\">&nbsp;<\/h4>\n\n\n\n<h4 class=\"wp-block-heading\">&nbsp;<\/h4>\n\n\n\n<p><strong>POUR UN VERITABLE PLURALISME SYNDICAL DANS L\u2019ACADEMIE, SOUTENEZ L\u2019IMPLANTATION DU SNALC<\/strong><strong><\/strong><\/p>\n\n\n\n<p>Nous proposons une v\u00e9ritable alternative syndicale \u00e0 l&rsquo;ensemble des enseignants du premier degr\u00e9. Nous allons \u00e0 votre rencontre dans les \u00e9coles.<br><br>Vous pouvez nous retrouver sur Facebook avec la page SNALC ECOLE Aix Marseille. Nous sommes joignables par mail et par t\u00e9l\u00e9phone pour vous aider au quotidien. Vous trouverez nos coordonn\u00e9es en fin de message.<\/p>\n\n\n\n<p><strong>PROFESSEURS DES \u00c9COLES<\/strong><strong><\/strong><\/p>\n\n\n\n<p><em>Vous aussi vous avez droit au SNALC<\/em><em><\/em><\/p>\n\n\n\n<p>Le SNALC est un syndicat v\u00e9ritablement ind\u00e9pendant, libre, autonome et surtout non subventionn\u00e9. N\u2019\u00e9tant soumis \u00e0 aucune ob\u00e9dience et n\u2019ob\u00e9issant \u00e0 aucun parti politique, le SNALC ne sert que les int\u00e9r\u00eats de l\u2019Ecole et des professeurs des \u00e9coles.<\/p>\n\n\n\n<p><a href=\"https:\/\/snalc.fr\/adherer-choix-du-mode-de-paiement\/\"><strong><u><strong>Adh\u00e9rer au SNAL<\/strong><\/u><\/strong><u>C<\/u><\/a><\/p>\n\n\n\n<p><strong>D\u00e8s votre adh\u00e9sion :<\/strong><strong><br><\/strong><strong><br><\/strong><strong>&#8211; vous recevrez tous les mois notre revue syndicale,<\/strong><strong><br><\/strong><strong><br><\/strong><strong>&#8211; vous b\u00e9n\u00e9ficierez de l&rsquo;assistance juridique de la GMF dans le cadre de vos activit\u00e9s professionnelles,<\/strong><strong><br><\/strong><strong><br><\/strong><strong>&#8211; vous pourrez acc\u00e9der \u00e0 notre comit\u00e9 d&rsquo;entreprise,&nbsp;<\/strong><strong><br><\/strong><strong><br><\/strong><strong>&#8211; vous pourrez b\u00e9n\u00e9ficier de 10 s\u00e9ances de sophrologie en visio,<\/strong><strong><br><\/strong><strong><br><\/strong><strong>&#8211; vous pourrez contacter notre plateforme de reconversion \u00a0\u00bb MOBI-SNALC\u00a0\u00bb.<\/strong><\/p>\n\n\n\n<p><em>Le SNALC est le syndicat le moins cher pour les PE&nbsp;<\/em><em><\/em><\/p>\n\n\n\n<p><em>90 euros sans augmentation.<\/em><em><\/em><\/p>\n\n\n\n<p><em>Cr\u00e9dit d\u2019imp\u00f4ts (re\u00e7u fiscal). Vous d\u00e9duisez 66% du montant de votre cotisation de vos imp\u00f4ts ou \u00eates cr\u00e9dit\u00e9s de ces 66% si vous n\u2019\u00eates pas imposables. Co\u00fbt r\u00e9el apr\u00e8s imp\u00f4ts : 30,60\u20ac \u2013 35\u20ac (assurance professionnelle prise en charge par l\u2019adh\u00e9sion)&nbsp;<\/em><em><\/em><\/p>\n\n\n\n<p><em>= l\u2019adh\u00e9sion au SNALC ne vous co\u00fbte RIEN.<\/em><em><\/em><\/p>\n\n\n\n<p><strong>POUR SUIVRE L&rsquo;ACTUALIT\u00c9 LOCALE ET NATIONALE<\/strong><strong><\/strong><\/p>\n\n\n\n<p><em>Et b\u00e9n\u00e9ficier de notre suivi<\/em><strong><\/strong><\/p>\n\n\n\n<p><em>Pour nous joindre :<\/em><em><\/em><\/p>\n\n\n\n<p><a href=\"mailto:snalc.ecole13@gmail.com\"><u>snalc.ecole13@gmail.com<\/u><\/a><\/p>\n\n\n\n<p><strong>D\u00e9l\u00e9gu\u00e9 SNALC Guillaume Tournel&nbsp;: 06 61 83 27 81<\/strong><\/p>\n\n\n\n<p><em>Facebook<\/em><em><\/em><\/p>\n\n\n\n<p>Retrouvez toutes nos informations et l\u2019actualit\u00e9 d\u00e8s qu\u2019elles tombent et abonnez-vous \u00e0 la page :<\/p>\n\n\n\n<p><strong>SNALC Ecoles Aix-Marseille<\/strong><\/p>\n\n\n\n<p>Site national :&nbsp;<\/p>\n\n\n\n<p><a href=\"https:\/\/snalc.fr\/\"><strong><u><strong>snalc.fr<\/strong><\/u><\/strong><\/a><\/p>\n\n\n\n<p>Site acad\u00e9mique 1er degr\u00e9 :&nbsp;<\/p>\n\n\n\n<p><a href=\"https:\/\/www.snalc06-ecoles.info\/\"><strong><u><strong>snalc-ecoles.info\/<\/strong><\/u><\/strong><\/a><\/p>\n\n\n\n<p><strong>LE BUREAU DU DIRECTEUR<\/strong><strong><\/strong><\/p>\n\n\n\n<p><a href=\"https:\/\/dirlo.org\/\"><u>Des infos et les textes \u00e0 port\u00e9e de clic<\/u><\/a><\/p>\n\n\n\n<p>Vous recevez ce message du SNALC car cette liste de diffusion est constitu\u00e9e \u00e0 partir des mails personnels que vous nous avez fournis en tant qu\u2019adh\u00e9rents, sympathisants, inscrits \u00e0 nos RISTT et colloques, etc. Sauf opposition de votre part, vos coordonn\u00e9es sont utilis\u00e9es pour vous informer tout au long de l&rsquo;ann\u00e9e sur l&rsquo;actualit\u00e9 en lien avec votre situation professionnelle et personnelle. Si vous ne souhaitez plus recevoir d&rsquo;information du SNALC Ecole Aix Marseille \u00e0 l&rsquo;adresse utilis\u00e9e pour ce message, vous pouvez \u00e0 tout moment demander le retrait de votre mail de notre liste de diffusion.<\/p>\n\n\n\n<figure class=\"wp-block-image aligncenter size-full\"><img decoding=\"async\" width=\"220\" height=\"214\" src=\"https:\/\/snalc.org\/snalc2023\/wp-content\/uploads\/2023\/05\/Image2.png\" alt=\"\" class=\"wp-image-1421\"\/><\/figure>\n\n\n\n<p><strong><em><strong><em>Pour adh\u00e9rer ou r\u00e9adh\u00e9rer :&nbsp;<\/em><\/strong><\/em><\/strong><a href=\"https:\/\/snalc.fr\/adherer-choix-du-mode-de-paiement\/\"><strong><em><u><strong><em>https:\/\/snalc.fr\/adherer-choix-du-mode-de-paiement\/<\/em><\/strong><\/u><\/em><\/strong><\/a><\/p>\n\n\n\n<p><em>Le SNALC est un syndicat apolitique, ind\u00e9pendant, autonome, repr\u00e9sentatif et \u00e0 votre \u00e9coute. Les cotisations de nos adh\u00e9rents sont notre unique ressource financi\u00e8re.<\/em><\/p>\n","protected":false},"excerpt":{"rendered":"<p>Mouvement intra \u2013 d\u00e9partemental&nbsp;: Attention \u00e0 la suite du calendrier Guillaume Tournel, d\u00e9l\u00e9gu\u00e9 SNALC Ecole Aix Marseille Chers coll\u00e8gues ayant particip\u00e9 au mouvement Intra-d\u00e9partemental, Vous avez particip\u00e9 au mouvement et [&hellip;]<\/p>\n","protected":false},"author":1,"featured_media":0,"comment_status":"closed","ping_status":"closed","sticky":false,"template":"","format":"standard","meta":{"_lmt_disableupdate":"","_lmt_disable":"","site-sidebar-layout":"default","site-content-layout":"","ast-site-content-layout":"default","site-content-style":"default","site-sidebar-style":"default","ast-global-header-display":"","ast-banner-title-visibility":"","ast-main-header-display":"","ast-hfb-above-header-display":"","ast-hfb-below-header-display":"","ast-hfb-mobile-header-display":"","site-post-title":"","ast-breadcrumbs-content":"","ast-featured-img":"","footer-sml-layout":"","ast-disable-related-posts":"","theme-transparent-header-meta":"","adv-header-id-meta":"","stick-header-meta":"","header-above-stick-meta":"","header-main-stick-meta":"","header-below-stick-meta":"","astra-migrate-meta-layouts":"default","ast-page-background-enabled":"default","ast-page-background-meta":{"desktop":{"background-color":"var(--ast-global-color-4)","background-image":"","background-repeat":"repeat","background-position":"center center","background-size":"auto","background-attachment":"scroll","background-type":"","background-media":"","overlay-type":"","overlay-color":"","overlay-opacity":"","overlay-gradient":""},"tablet":{"background-color":"","background-image":"","background-repeat":"repeat","background-position":"center center","background-size":"auto","background-attachment":"scroll","background-type":"","background-media":"","overlay-type":"","overlay-color":"","overlay-opacity":"","overlay-gradient":""},"mobile":{"background-color":"","background-image":"","background-repeat":"repeat","background-position":"center center","background-size":"auto","background-attachment":"scroll","background-type":"","background-media":"","overlay-type":"","overlay-color":"","overlay-opacity":"","overlay-gradient":""}},"ast-content-background-meta":{"desktop":{"background-color":"var(--ast-global-color-5)","background-image":"","background-repeat":"repeat","background-position":"center center","background-size":"auto","background-attachment":"scroll","background-type":"","background-media":"","overlay-type":"","overlay-color":"","overlay-opacity":"","overlay-gradient":""},"tablet":{"background-color":"var(--ast-global-color-5)","background-image":"","background-repeat":"repeat","background-position":"center center","background-size":"auto","background-attachment":"scroll","background-type":"","background-media":"","overlay-type":"","overlay-color":"","overlay-opacity":"","overlay-gradient":""},"mobile":{"background-color":"var(--ast-global-color-5)","background-image":"","background-repeat":"repeat","background-position":"center center","background-size":"auto","background-attachment":"scroll","background-type":"","background-media":"","overlay-type":"","overlay-color":"","overlay-opacity":"","overlay-gradient":""}},"footnotes":""},"categories":[31,23],"tags":[],"class_list":["post-1419","post","type-post","status-publish","format-standard","hentry","category-actualites-2022-2023","category-professeurs-1er-degre"],"modified_by":"slecourtier","_links":{"self":[{"href":"https:\/\/snalc.org\/snalc2023\/index.php?rest_route=\/wp\/v2\/posts\/1419","targetHints":{"allow":["GET"]}}],"collection":[{"href":"https:\/\/snalc.org\/snalc2023\/index.php?rest_route=\/wp\/v2\/posts"}],"about":[{"href":"https:\/\/snalc.org\/snalc2023\/index.php?rest_route=\/wp\/v2\/types\/post"}],"author":[{"embeddable":true,"href":"https:\/\/snalc.org\/snalc2023\/index.php?rest_route=\/wp\/v2\/users\/1"}],"replies":[{"embeddable":true,"href":"https:\/\/snalc.org\/snalc2023\/index.php?rest_route=%2Fwp%2Fv2%2Fcomments&post=1419"}],"version-history":[{"count":1,"href":"https:\/\/snalc.org\/snalc2023\/index.php?rest_route=\/wp\/v2\/posts\/1419\/revisions"}],"predecessor-version":[{"id":1422,"href":"https:\/\/snalc.org\/snalc2023\/index.php?rest_route=\/wp\/v2\/posts\/1419\/revisions\/1422"}],"wp:attachment":[{"href":"https:\/\/snalc.org\/snalc2023\/index.php?rest_route=%2Fwp%2Fv2%2Fmedia&parent=1419"}],"wp:term":[{"taxonomy":"category","embeddable":true,"href":"https:\/\/snalc.org\/snalc2023\/index.php?rest_route=%2Fwp%2Fv2%2Fcategories&post=1419"},{"taxonomy":"post_tag","embeddable":true,"href":"https:\/\/snalc.org\/snalc2023\/index.php?rest_route=%2Fwp%2Fv2%2Ftags&post=1419"}],"curies":[{"name":"wp","href":"https:\/\/api.w.org\/{rel}","templated":true}]}}