{"id":1444,"date":"2023-05-12T10:37:13","date_gmt":"2023-05-12T08:37:13","guid":{"rendered":"https:\/\/snalc.org\/snalc2023\/?p=1444"},"modified":"2023-07-16T11:29:09","modified_gmt":"2023-07-16T09:29:09","slug":"logement-laide-a-linstallation-des-personnels","status":"publish","type":"post","link":"https:\/\/snalc.org\/snalc2023\/?p=1444","title":{"rendered":"LOGEMENT : L&rsquo;AIDE A L&rsquo;INSTALLATION DES PERSONNELS"},"content":{"rendered":"\n<figure class=\"wp-block-table\"><table><tbody><tr><th><strong>\/&nbsp;LOGEMENT : L&rsquo;AIDE A L&rsquo;INSTALLATION DES PERSONNELS \/<\/strong> <img decoding=\"async\" alt=\"TOUS PERSONNELS I ACTION\n                                      SOCIALE \" src=\"https:\/\/mailchef.s3.amazonaws.com\/uploads\/mailstyler\/images\/cb189d6f-0a34-4c24-91b9-a4518e109d53\/B6128F4B-7A16-D738-2EC3-1B14129CEAF9_Image_3_9dde1541592c435e9ab0042479a165f1.png\"><\/th><\/tr><tr><th>Dans le cadre du d\u00e9veloppement des prestations d\u2019action sociale et d\u2019une politique minist\u00e9rielle du logement, le minist\u00e8re de l\u2019\u00c9ducation nationale et de la Jeunesse renforce ses actions en faveur du logement au b\u00e9n\u00e9fice des agents.<br>Vous pouvez b\u00e9n\u00e9ficier de l<a href=\"https:\/\/www.education.gouv.fr\/les-prestations-sociales-326683#edugouv-summary-item-25\"><u>\u2019aide \u00e0 l\u2019installation des personnels<\/u>,<\/a> prestation de l\u2019action sociale interminist\u00e9rielle. Elle permet de prendre en charge une partie de vos frais d\u2019agence, de votre d\u00e9p\u00f4t de garantie et de vos frais de d\u00e9m\u00e9nagement. <a href=\"https:\/\/www.aip-fonctionpublique.fr\/\">V\u00e9rifiez \u00e0 l\u2019aide du simulateur<\/a> si vous \u00eates \u00e9ligible.<br>Pour tous renseignements concernant <a href=\"https:\/\/www.education.gouv.fr\/les-prestations-sociales-326683#edugouv-summary-item-22\">les aides financi\u00e8res d\u00e9di\u00e9es aux logements disponibles<\/a> dans votre acad\u00e9mie, <a href=\"https:\/\/www.education.gouv.fr\/aide-au-logement-vos-contacts-en-academie-342145\">contactez le service d\u2019action sociale de votre acad\u00e9mie<\/a>. <a href=\"https:\/\/www.aip-fonctionpublique.fr\/\"><\/a> <a href=\"https:\/\/www.education.gouv.fr\/les-prestations-sociales-326683#edugouv-summary-item-22\"><\/a> <a href=\"https:\/\/www.education.gouv.fr\/aide-au-logement-vos-contacts-en-academie-342145\"><\/a><\/th><\/tr><\/tbody><\/table><\/figure>\n","protected":false},"excerpt":{"rendered":"<p>\/&nbsp;LOGEMENT : L&rsquo;AIDE A L&rsquo;INSTALLATION DES PERSONNELS \/ Dans le cadre du d\u00e9veloppement des prestations d\u2019action sociale et d\u2019une politique minist\u00e9rielle du logement, le minist\u00e8re de l\u2019\u00c9ducation nationale et de [&hellip;]<\/p>\n","protected":false},"author":1,"featured_media":0,"comment_status":"closed","ping_status":"closed","sticky":false,"template":"","format":"standard","meta":{"_lmt_disableupdate":"no","_lmt_disable":"","site-sidebar-layout":"default","site-content-layout":"","ast-site-content-layout":"default","site-content-style":"default","site-sidebar-style":"default","ast-global-header-display":"","ast-banner-title-visibility":"","ast-main-header-display":"","ast-hfb-above-header-display":"","ast-hfb-below-header-display":"","ast-hfb-mobile-header-display":"","site-post-title":"","ast-breadcrumbs-content":"","ast-featured-img":"","footer-sml-layout":"","ast-disable-related-posts":"","theme-transparent-header-meta":"","adv-header-id-meta":"","stick-header-meta":"","header-above-stick-meta":"","header-main-stick-meta":"","header-below-stick-meta":"","astra-migrate-meta-layouts":"default","ast-page-background-enabled":"default","ast-page-background-meta":{"desktop":{"background-color":"var(--ast-global-color-4)","background-image":"","background-repeat":"repeat","background-position":"center center","background-size":"auto","background-attachment":"scroll","background-type":"","background-media":"","overlay-type":"","overlay-color":"","overlay-opacity":"","overlay-gradient":""},"tablet":{"background-color":"","background-image":"","background-repeat":"repeat","background-position":"center center","background-size":"auto","background-attachment":"scroll","background-type":"","background-media":"","overlay-type":"","overlay-color":"","overlay-opacity":"","overlay-gradient":""},"mobile":{"background-color":"","background-image":"","background-repeat":"repeat","background-position":"center center","background-size":"auto","background-attachment":"scroll","background-type":"","background-media":"","overlay-type":"","overlay-color":"","overlay-opacity":"","overlay-gradient":""}},"ast-content-background-meta":{"desktop":{"background-color":"var(--ast-global-color-5)","background-image":"","background-repeat":"repeat","background-position":"center center","background-size":"auto","background-attachment":"scroll","background-type":"","background-media":"","overlay-type":"","overlay-color":"","overlay-opacity":"","overlay-gradient":""},"tablet":{"background-color":"var(--ast-global-color-5)","background-image":"","background-repeat":"repeat","background-position":"center center","background-size":"auto","background-attachment":"scroll","background-type":"","background-media":"","overlay-type":"","overlay-color":"","overlay-opacity":"","overlay-gradient":""},"mobile":{"background-color":"var(--ast-global-color-5)","background-image":"","background-repeat":"repeat","background-position":"center center","background-size":"auto","background-attachment":"scroll","background-type":"","background-media":"","overlay-type":"","overlay-color":"","overlay-opacity":"","overlay-gradient":""}},"footnotes":""},"categories":[31],"tags":[],"class_list":["post-1444","post","type-post","status-publish","format-standard","hentry","category-actualites-2022-2023"],"modified_by":"slecourtier","_links":{"self":[{"href":"https:\/\/snalc.org\/snalc2023\/index.php?rest_route=\/wp\/v2\/posts\/1444","targetHints":{"allow":["GET"]}}],"collection":[{"href":"https:\/\/snalc.org\/snalc2023\/index.php?rest_route=\/wp\/v2\/posts"}],"about":[{"href":"https:\/\/snalc.org\/snalc2023\/index.php?rest_route=\/wp\/v2\/types\/post"}],"author":[{"embeddable":true,"href":"https:\/\/snalc.org\/snalc2023\/index.php?rest_route=\/wp\/v2\/users\/1"}],"replies":[{"embeddable":true,"href":"https:\/\/snalc.org\/snalc2023\/index.php?rest_route=%2Fwp%2Fv2%2Fcomments&post=1444"}],"version-history":[{"count":2,"href":"https:\/\/snalc.org\/snalc2023\/index.php?rest_route=\/wp\/v2\/posts\/1444\/revisions"}],"predecessor-version":[{"id":1446,"href":"https:\/\/snalc.org\/snalc2023\/index.php?rest_route=\/wp\/v2\/posts\/1444\/revisions\/1446"}],"wp:attachment":[{"href":"https:\/\/snalc.org\/snalc2023\/index.php?rest_route=%2Fwp%2Fv2%2Fmedia&parent=1444"}],"wp:term":[{"taxonomy":"category","embeddable":true,"href":"https:\/\/snalc.org\/snalc2023\/index.php?rest_route=%2Fwp%2Fv2%2Fcategories&post=1444"},{"taxonomy":"post_tag","embeddable":true,"href":"https:\/\/snalc.org\/snalc2023\/index.php?rest_route=%2Fwp%2Fv2%2Ftags&post=1444"}],"curies":[{"name":"wp","href":"https:\/\/api.w.org\/{rel}","templated":true}]}}