{"id":1468,"date":"2023-05-16T11:00:22","date_gmt":"2023-05-16T09:00:22","guid":{"rendered":"https:\/\/snalc.org\/snalc2023\/?p=1468"},"modified":"2023-05-16T11:00:23","modified_gmt":"2023-05-16T09:00:23","slug":"revalorisation-des-enseignants-loin-du-compte-et-loin-des-10-promis-2","status":"publish","type":"post","link":"https:\/\/snalc.org\/snalc2023\/?p=1468","title":{"rendered":"\u00ab\u00a0Revalorisation\u00a0\u00bb des enseignants\u00a0: loin du compte, et loin des 10\u00a0% promis"},"content":{"rendered":"\n<ul class=\"wp-block-list\">\n<li><a href=\"https:\/\/snalc.fr\/2023\/05\/11\/\"><\/a><\/li>\n<\/ul>\n\n\n\n<figure class=\"wp-block-image\"><img decoding=\"async\" src=\"https:\/\/snalc.fr\/wp-content\/uploads\/argent_revalo_istock_Lena_Zajchikova-1142683493.jpg\" alt=\"\"\/><figcaption class=\"wp-element-caption\">\u00a9 istock_Lena_Zajchikova-1142683493<\/figcaption><\/figure>\n\n\n\n<p><em>Dossier du mois de la revue du SNALC Quinzaine universitaire n\u00b01477 du 12 mai 2023.<\/em><\/p>\n\n\n\n<p><em>Dossier r\u00e9dig\u00e9 par <strong>Jean-R\u00e9mi<\/strong> <strong>GIRARD<\/strong>,<\/em><em> pr\u00e9sident du SNALC ; avec la contribution de <strong>Danielle ARNAUD<\/strong>, secr\u00e9taire nationale du SNALC charg\u00e9e des personnels contractuels, et <strong>Philippe TR\u00c9PAGNE<\/strong>, secr\u00e9taire national du SNALC charg\u00e9 de la gestion des personnels.<\/em><\/p>\n\n\n\n<h4 class=\"wp-block-heading\">Au menu dans ce dossier&#8230;<\/h4>\n\n\n\n<p><strong>Il aura fallu pr\u00e8s d\u2019une semaine apr\u00e8s les annonces du pr\u00e9sident de la R\u00e9publique pour que les organisations syndicales repr\u00e9sentatives re\u00e7oivent enfin le document indiquant les augmentations r\u00e9elles par grade et par \u00e9chelon. Le SNALC constate d\u00e9j\u00e0 que la transparence en p\u00e9riode de communication m\u00e9diatique, c\u2019est pour les autres. <\/strong><strong>Il faut dire que le tableau re\u00e7u, m\u00eame s\u2019il est fabriqu\u00e9 de fa\u00e7on \u00e0 embellir les mesures prises, est sans appel&nbsp;: il n\u2019y a pas 10&nbsp;% d\u2019augmentation pour tous, ni m\u00eame 10&nbsp;% en moyenne.<\/strong><\/p>\n\n\n\n<figure class=\"wp-block-image\"><img decoding=\"async\" src=\"https:\/\/snalc.fr\/wp-content\/uploads\/argent_istock_fkg-174898750-1024x733.jpg\" alt=\"\"\/><\/figure>\n\n\n\n<p><strong>&nbsp;Le SNALC vous propose donc une analyse pr\u00e9cise de ce document, afin de comprendre et de faire comprendre autour de vous le \u00ab socle \u00bb et le \u00ab pacte \u00bb.<\/strong><\/p>\n\n\n\n<h4 class=\"wp-block-heading\">Le Socle : sans contreparties, mais avec inflation<\/h4>\n\n\n\n<figure class=\"wp-block-image\"><img decoding=\"async\" src=\"https:\/\/snalc.fr\/wp-content\/uploads\/argent_inflation_istock_Leonsbox-1393735361.jpg\" alt=\"\"\/><figcaption class=\"wp-element-caption\">inflation_istock_Leonsbox-1393735361<\/figcaption><\/figure>\n\n\n\n<p><em><strong>La part dite \u00ab&nbsp;socle&nbsp;\u00bb des mesures correspond \u00e0 une augmentation indemnitaire (ISOE, ISAE, indemnit\u00e9s sp\u00e9cifiques) d\u2019un m\u00eame montant pour tous, et d\u2019une tranche de prime d\u2019attractivit\u00e9 pour une minorit\u00e9.<\/strong><\/em><\/p>\n\n\n\n<p>L\u2019augmentation indemnitaire pour tous est en moyenne de 95\u20ac nets par mois. Un l\u00e9ger diff\u00e9rentiel existe entre le premier degr\u00e9 (environ 96\u20ac) et le second degr\u00e9 (environ 92\u20ac), puisque le gouvernement aligne sur un m\u00eame montant ISAE du premier degr\u00e9 et ISOE du second degr\u00e9. \u00c0 noter que le tableau omet la situation des professeurs agr\u00e9g\u00e9s alors m\u00eame qu\u2019il est titr\u00e9 \u00ab&nbsp;enseignants du public et du priv\u00e9, CPE et Psy-EN&nbsp;\u00bb, et que les agr\u00e9g\u00e9s toucheront les m\u00eames sommes (mais qui repr\u00e9sentent du coup un pourcentage inf\u00e9rieur pour eux).<\/p>\n\n\n\n<p><strong>\u2013&gt; Le SNALC a demand\u00e9 que trois tableaux lui soient communiqu\u00e9s : un pour les PE, un pour les certifi\u00e9s au sens large\/CPE\/PsyEN, et un pour les agr\u00e9g\u00e9s. Le SNALC d\u00e9nonce l\u2019ostracisme du minist\u00e8re envers les professeurs agr\u00e9g\u00e9s, qui sont maintenant exclus m\u00eame des documents transmis aux organisations syndicales repr\u00e9sentatives<\/strong><a href=\"https:\/\/snalc.fr\/revalorisation-des-enseignants-loin-du-compte-et-loin-des-10-promis#_ftn1\">[1]<\/a>.<\/p>\n\n\n\n<p>Le tableau du minist\u00e8re, m\u00eame en excluant les agr\u00e9g\u00e9s des calculs, est clair&nbsp;: il n\u2019y a pas 10&nbsp;% d\u2019augmentation pour tous, ni m\u00eame 10&nbsp;% en moyenne. Pour les deux tiers des enseignants concern\u00e9s par le tableau, l\u2019augmentation est comprise entre 2,7&nbsp;% et 4,2&nbsp;%, et est donc d\u00e9j\u00e0 mang\u00e9e par l\u2019inflation. La moyenne r\u00e9elle est de 5,5&nbsp;%, hors agr\u00e9g\u00e9s. En s\u2019appuyant sur des constats faux, le minist\u00e8re diff\u00e9rencie tr\u00e8s fortement les 11,5 premi\u00e8res ann\u00e9es de carri\u00e8re et les autres, alors m\u00eame que l\u2019OCDE indique que l\u2019\u00e9cart de r\u00e9mun\u00e9ration pour les enseignants fran\u00e7ais est plus important en milieu de carri\u00e8re<a href=\"https:\/\/snalc.fr\/revalorisation-des-enseignants-loin-du-compte-et-loin-des-10-promis#_ftn2\">[2]<\/a>. Or les milieux de carri\u00e8re ne touchent ici que montant minimum de la revalorisation.<\/p>\n\n\n\n<p><strong>\u2013&gt; Le SNALC exige qu\u2019a minima, la revalorisation socle atteigne les 10 % promis en moyenne, avec une r\u00e9partition \u00e9quitable et ind\u00e9pendante de l\u2019anciennet\u00e9.<\/strong><\/p>\n\n\n\n<p>Il est enfin \u00e0 noter que m\u00eame si la revalorisation r\u00e9elle et sans contreparties \u00e9tait de 10&nbsp;%, nous serions loin du compte. Le SNALC a transmis d\u00e8s 2019 au minist\u00e8re une large \u00e9tude sur la r\u00e9mun\u00e9ration des enseignants au regard de ce qui s\u2019effectue dans le reste de la fonction publique d\u2019\u00c9tat, et les enseignants sont tr\u00e8s en-dessous de la moyenne des cat\u00e9gories A (de plus de 900\u20ac par mois), alors m\u00eame qu\u2019ils ont un niveau de recrutement (bac+5) sup\u00e9rieur \u00e0 la quasi totalit\u00e9 des autres cat\u00e9gories A.<\/p>\n\n\n\n<p><strong>\u2013&gt; Le SNALC porte depuis plusieurs ann\u00e9es aupr\u00e8s des parlementaires le projet d\u2019une loi de programmation pluriannuelle afin que la r\u00e9mun\u00e9ration fixe des enseignants atteigne, dans les 5 ans, la moyenne de celle des fonctionnaires de cat\u00e9gories A de la fonction publique d\u2019\u00c9tat.<\/strong><\/p>\n\n\n\n<p><strong>\u2013&gt; Le SNALC exige que le point d\u2019indice soit de nouveau index\u00e9 sur l\u2019inflation pour tous les fonctionnaires.<\/strong><\/p>\n\n\n\n<p>Notons enfin deux derniers \u00e9l\u00e9ments. Tout d\u2019abord, d\u2019apr\u00e8s le dossier de presse, les professeurs documentalistes verront enfin leur indemnit\u00e9 align\u00e9e sur la part fixe de l\u2019ISOE.<\/p>\n\n\n\n<p><strong>\u2013&gt; Le SNALC rappelle que cette mesure r\u00e9pond \u00e0 une de ses revendications de longue date. Le SNALC indique avoir port\u00e9 les int\u00e9r\u00eats des professeurs documentalistes lors des \u00e9changes avec le minist\u00e8re, aussi bien sur l\u2019aspect financier que pour d\u00e9noncer (seul) le fait que le minist\u00e8re n\u2019incluait pas les professeurs documentalistes dans les enseignants dans son document de travail.<\/strong><\/p>\n\n\n\n<p>Enfin, cette hausse indemnitaire ne concerne une nouvelle fois pas les PRAG ni les PRCE, ni d\u2019ailleurs les professeurs de chaire sup\u00e9rieure. Une grande partie des enseignants exer\u00e7ant en post-bac sont donc purement et simplement ignor\u00e9s, alors m\u00eame que l\u2019inflation, elle, n\u2019ignore personne.<\/p>\n\n\n\n<p><strong>\u2013&gt; Le SNALC exige que toute mesure de revalorisation n\u2019oublie personne. Il demande notamment aux minist\u00e8res de l\u2019\u00c9ducation nationale et du Sup\u00e9rieur d\u2019ouvrir le dossier de la r\u00e9mun\u00e9ration des PRAG et des PRCE, qui b\u00e9n\u00e9ficient syst\u00e9matiquement du pire de chaque minist\u00e8re en la mati\u00e8re.<\/strong><\/p>\n\n\n\n<hr class=\"wp-block-separator has-alpha-channel-opacity\"\/>\n\n\n\n<p><em><a href=\"https:\/\/snalc.fr\/revalorisation-des-enseignants-loin-du-compte-et-loin-des-10-promis#_ftnref1\">[1]<\/a>Suite \u00e0 la demande du SNALC, le minist\u00e8re va (enfin) produire des tableaux par corps.<\/em><\/p>\n\n\n\n<p><em><a href=\"https:\/\/snalc.fr\/revalorisation-des-enseignants-loin-du-compte-et-loin-des-10-promis#_ftnref2\">[2]<\/a>https:\/\/www.radiofrance.fr\/franceinter\/salaire-des-enseignants-la-france-toujours-mauvaise-eleve-d-apres-le-dernier-rapport-de-l-ocde-6044324<\/em><\/p>\n\n\n\n<h4 class=\"wp-block-heading\">Le Pacte : un pi\u00e8ge, un chantage, mais pas une revalorisation<\/h4>\n\n\n\n<figure class=\"wp-block-image\"><img decoding=\"async\" src=\"https:\/\/snalc.fr\/wp-content\/uploads\/piege_istock_richardschramm.jpg\" alt=\"\"\/><figcaption class=\"wp-element-caption\">istock_richardschramm<\/figcaption><\/figure>\n\n\n\n<p>Pour le SNALC, le simple fait de faire appara\u00eetre le pacte dans un tableau intitul\u00e9 \u00ab&nbsp;revalorisation indemnitaire&nbsp;\u00bb est une insulte faite \u00e0 l\u2019intelligence des coll\u00e8gues. Le terme revaloriser a un sens dans la langue fran\u00e7aise, et ce sens n\u2019est pas \u00ab&nbsp;travailler plus pour gagner plus&nbsp;\u00bb.<\/p>\n\n\n\n<p><strong>\u2013&gt; Le SNALC a port\u00e9 et continuera de porter dans tous les grands m\u00e9dias nationaux que le pacte n\u2019est pas une mesure de revalorisation.<\/strong><\/p>\n\n\n\n<p>\u00c0 l\u2019heure o\u00f9 j\u2019\u00e9cris cet article, une partie du fonctionnement de ce pacte est encore incertaine, notamment son articulation entre un cadre national et une autonomie locale. Ce que l\u2019on sait, c\u2019est qu\u2019un pacte est un engagement (via une lettre de mission) sur une \u00e0 trois t\u00e2ches (les fameuses briques du pacte), r\u00e9mun\u00e9r\u00e9es chacune 1250\u20ac brut. Certaines t\u00e2ches sont clairement plus importantes que d\u2019autres, et figurent dans tous les exemples de pacte du dossier de presse. Il s\u2019agit des 18h de remplacements de courte dur\u00e9e dans le secondaire, et des 18h de soutien\/accompagnement en classe de sixi\u00e8me dans le primaire. Est-ce \u00e0 dire que tout pacte contiendra obligatoirement cette brique impos\u00e9e&nbsp;? Cela d\u00e9pend probablement des lois de l\u2019offre et de la demande au sein de chaque \u00e9cole ou \u00e9tablissement&nbsp;; et sans aucun doute du positionnement personnel du chef d\u2019\u00e9tablissement ou de l\u2019IEN. Avec tous les ph\u00e9nom\u00e8nes que l\u2019on conna\u00eet d\u00e9j\u00e0 avec les indemnit\u00e9s pour mission particuli\u00e8re&nbsp;: taux diff\u00e9rents d\u2019un lieu \u00e0 l\u2019autre, n\u00e9potisme, in\u00e9galit\u00e9 d\u2019acc\u00e8s pour des cat\u00e9gories comme les temps partiels, les TZR, etc.<\/p>\n\n\n\n<p>Le SNALC voit dans cette focalisation sur le pacte une tromperie et une forme de chantage. Une tromperie, car on pr\u00e9sente comme une mesure de revalorisation quelque chose qui vise en priorit\u00e9 \u00e0 \u00ab&nbsp;boucher les trous&nbsp;\u00bb en contraignant les coll\u00e8gues \u00e0 s\u2019engager dans le remplacement de courte dur\u00e9e. Et peu importe l\u2019int\u00e9r\u00eat p\u00e9dagogique de ce dernier&nbsp;: un professeur d\u2019anglais remplacera sur une heure de maths d\u2019une classe qu\u2019il n\u2019a pas sans que \u00e7a g\u00eane le moins de monde la rue de Grenelle. Le ministre est m\u00eame all\u00e9 jusqu\u2019\u00e0 imaginer publiquement que le professeur de math\u00e9matiques r\u00e9ciproquerait la chose plus tard dans l\u2019ann\u00e9e, preuve qu\u2019il ne conna\u00eet absolument rien \u00e0 l\u2019\u00c9ducation nationale et aux \u00e9tablissements scolaires, et qu\u2019il ferait mieux d\u2019\u00eatre ministre des utopies et des licornes.<\/p>\n\n\n\n<p>Mais ce pacte pr\u00e9sente deux dangers suppl\u00e9mentaires. D\u2019une part, il ouvre la porte de la fameuse annualisation du temps de service, en normalisant et g\u00e9n\u00e9ralisant un syst\u00e8me de forfait d\u2019heures d\u2019enseignement (remplacement, soutien, d\u00e9couverte des m\u00e9tiers\u2026) qui \u00e9chappe au cadrage hebdomadaire.<\/p>\n\n\n\n<p><strong>\u2013&gt; Le SNALC s\u2019oppose \u00e0 toute mesure qui permettrait, \u00e0 terme, de glisser vers une annualisation des services et un d\u00e9compte annualis\u00e9 des heures d\u2019enseignement.<\/strong><\/p>\n\n\n\n<p>D\u2019autre part, le minist\u00e8re n\u2019a pas cach\u00e9 son intention de faire rentrer dans le pacte les actuelles IMP, si possible d\u00e8s la rentr\u00e9e 2024. Le SNALC a imm\u00e9diatement signal\u00e9 les ph\u00e9nom\u00e8nes d\u2019\u00e9viction que cela entra\u00eenerait (contraindre un coll\u00e8gue souhaitant \u00eatre coordonnateur de discipline ou responsable r\u00e9seau de faire des remplacements ou des heures de \u00ab&nbsp;devoirs faits&nbsp;\u00bb pour continuer d\u2019acc\u00e9der \u00e0 sa mission), et le minist\u00e8re en est parfaitement conscient et les assume, visiblement. Nous risquons \u00e9galement de voir les enveloppes d\u2019HSE diminuer, puisque certaines missions actuellement couvertes par les HSE se retrouvent dans le pacte.<\/p>\n\n\n\n<p><strong>\u2013&gt; Le SNALC s\u2019oppose au pacte, et donc \u00e0 toute volont\u00e9 d\u2019int\u00e9grer des missions actuellement effectu\u00e9es et r\u00e9mun\u00e9r\u00e9es \u00e0 ce dernier.<\/strong><\/p>\n\n\n\n<p>Pour le SNALC, les enseignants ont soit un concours (pour les titulaires), soit d\u00e9j\u00e0 sign\u00e9 un contrat (pour les contractuels). Ils n\u2019ont donc pas \u00e0 contractualiser un engagement suppl\u00e9mentaire, et \u00e0 se lier eux-m\u00eames avec les cha\u00eenes qu\u2019on leur pr\u00e9sente. Si le pacte est pr\u00e9sent\u00e9 comme du volontariat, y compris pour les nouveaux entrants, c\u2019est un volontariat beaucoup plus contraignant que le syst\u00e8me actuel des HSE, ou m\u00eame des IMP. En r\u00e9alit\u00e9, ce pacte est une mesure de gestion (les remplacements) et d\u2019id\u00e9ologie (les professeurs des \u00e9coles intervenant en sixi\u00e8me dans le cadre du sacro-saint cycle 3) qui profite de la perte continue de pouvoir d\u2019achat des enseignants et mise sur le fait que certains, ayant de plus en plus besoin d\u2019argent, se verront plus ou moins contraints de le signer.<\/p>\n\n\n\n<p>En effet, quand le pr\u00e9sident de la R\u00e9publique indique que les mesures annonc\u00e9es sont ce qui est arriv\u00e9 de mieux aux enseignants depuis 30 ans \u2014 on n\u2019est plus \u00e0 une provocation pr\u00e8s \u2014 il indique surtout que les enseignants ont \u00e9t\u00e9 abandonn\u00e9s par leur employeur comme par les gouvernements successifs depuis au moins 30 ans. Y compris donc par le gouvernement en place lors du pr\u00e9c\u00e9dent quinquennat, qui \u00e9tait pr\u00e9sid\u00e9 par le m\u00eame Emmanuel Macron. L\u2019int\u00e9r\u00eat des coll\u00e8gues passe donc bien apr\u00e8s celui de la com\u2019 politique, o\u00f9 l\u2019on annonce, gr\u00e2ce au pacte, \u00ab&nbsp;jusqu\u2019\u00e0 500\u20ac par mois&nbsp;\u00bb \u00e0 des coll\u00e8gues qui verront majoritairement 92 ou 96\u20ac sur leur fiche de paye, et pas davantage.<\/p>\n\n\n\n<p><strong>\u2013&gt; Le SNALC d\u00e9fend l\u2019int\u00e9r\u00eat collectif des personnels. S\u2019il entend que chaque coll\u00e8gue fera son choix de fa\u00e7on individuelle et en fonction de sa situation propre, il indique clairement que l\u2019int\u00e9r\u00eat collectif des enseignants, CPE et PsyEN est de ne pas signer ce pacte. Il appelle donc clairement tous les coll\u00e8gues \u00e0 ne pas le signer.<\/strong><\/p>\n\n\n\n<h4 class=\"wp-block-heading\">Promotions de grade : vers la fin du protocole PPCR ?<\/h4>\n\n\n\n<figure class=\"wp-block-image\"><img decoding=\"async\" src=\"https:\/\/snalc.fr\/wp-content\/uploads\/promotion_istock_nicoletaionescu-1417519310.jpg\" alt=\"\"\/><figcaption class=\"wp-element-caption\">istock_nicoletaionescu-1417519310<\/figcaption><\/figure>\n\n\n\n<p>Voici les nouveaut\u00e9s concernant les promotions&nbsp;:&nbsp;<\/p>\n\n\n\n<ul class=\"wp-block-list\">\n<li>Augmentation progressive du taux de promotions de la classe normale \u00e0 la hors classe&nbsp;: de 18&nbsp;% actuellement \u00e0 23 % en 2025, pour les personnels d\u2019\u00e9ducation et d\u2019orientation&nbsp;;<\/li>\n\n\n\n<li>Pour la campagne 2023, passage du contingentement de la classe exceptionnelle de 10 \u00e0 10,5%&nbsp;;<\/li>\n\n\n\n<li>En 2024, abandon du contingentement et passage \u00e0 un taux de promotion annuel garanti ,\u00e0 l\u2019exemple de l\u2019acc\u00e8s \u00e0 la hors classe&nbsp;;<\/li>\n\n\n\n<li>Fin des viviers 1 et 2&nbsp;;<\/li>\n\n\n\n<li>Promotion \u00e0 partir du 5<sup>e<\/sup> \u00e9chelon de la hors classe pour les certifi\u00e9s, PE, PLP, P d\u2019EPS, CPE, Psy-EN, et \u00e0 partir du 4<sup>e<\/sup> \u00e9chelon pour les agr\u00e9g\u00e9s (actuellement respectivement au 7<sup>e<\/sup> pour les premiers, et au 4<sup>e<\/sup> avec 3 ans d\u2019anciennet\u00e9 pour les agr\u00e9g\u00e9s).<\/li>\n<\/ul>\n\n\n\n<p>Ces changements ne rentrent pas dans le cadre de la revalorisation. Pour autant, ils sont plut\u00f4t bienvenus. Le SNALC salue donc des mesures qu\u2019il a contribu\u00e9 \u00e0 faire avancer par ses propositions argument\u00e9es.<\/p>\n\n\n\n<p>En effet, depuis la mise en place du protocole PPCR sign\u00e9 par la majorit\u00e9 des syndicats de la Fonction publique en 2014 et appliqu\u00e9 depuis 2017, le SNALC, souvent seul, n\u2019a eu de cesse d\u2019expliquer qu\u2019il ne correspondait ni aux besoins ni aux attentes de la majorit\u00e9 des personnels en raison du mode d\u2019\u00e9valuation (rendez-vous de carri\u00e8re notamment), mais aussi des modalit\u00e9s d\u2019attribution des promotions.&nbsp; Il a demand\u00e9 de longue date l\u2019augmentation du nombre de promotions attach\u00e9es au vivier 2, l\u2019abaissement du nombre d\u2019ann\u00e9es n\u00e9cessaires pour acc\u00e9der au vivier 1, la remise en cause du principe des 2 viviers, l\u2019acc\u00e8s \u00e0 la classe exceptionnelle par un taux de promotion et la facilitation de l\u2019acc\u00e8s \u00e0 l\u2019\u00e9chelon sp\u00e9cial.<\/p>\n\n\n\n<p>Cette remise en cause des fondements du protocole PPCR que le SNALC appelait de ses v\u0153ux annonce des tableaux de promotion sensiblement diff\u00e9rents. Le SNALC s\u2019assurera de la transparence des crit\u00e8res retenus pour \u00e9tablir les promotions.<\/p>\n\n\n\n<p>Enfin, le SNALC continue de revendiquer la fin du caract\u00e8re d\u00e9finitif des avis du 3<sup>e<\/sup> rendez-vous de carri\u00e8re avant la remise en cause du syst\u00e8me des rendez-vous de carri\u00e8re, l\u2019\u00e9tude en commissions paritaires des tableaux de promotion, l\u2019examen pour chaque \u00e9chelon de la classe normale d\u2019un avancement acc\u00e9l\u00e9r\u00e9.<\/p>\n\n\n\n<p>Le premier pas franchi montre que le protocole PPCR \u00e9tait mal con\u00e7u. Il reste du travail pour am\u00e9liorer encore le syst\u00e8me. Fort de son expertise, le SNALC saura \u00e0 nouveau d\u00e9fendre ses propositions sur ce dossier pour am\u00e9liorer les fins de carri\u00e8re des professeurs.<\/p>\n\n\n\n<h4 class=\"wp-block-heading\">La revalorisation des contractuels enseignants, CPE et psy-EN : un trompe-l\u2019\u0153il<\/h4>\n\n\n\n<figure class=\"wp-block-image\"><img decoding=\"async\" src=\"https:\/\/snalc.fr\/wp-content\/uploads\/argent_istock_Devrimb-1484517963-1024x753.jpg\" alt=\"\"\/><figcaption class=\"wp-element-caption\">istock_Devrimb-1484517963<\/figcaption><\/figure>\n\n\n\n<p><strong><em>Les contractuels enseignants, CPE et psy-EN sont \u00e9galement concern\u00e9s par le socle (pour tous et sans contreparties) et par le pacte (pour certains et avec contreparties).<\/em><\/strong><\/p>\n\n\n\n<p><strong>C\u00f4t\u00e9 socle<\/strong>, il s\u2019agit d\u2019une part d\u2019une hausse de l\u2019ISAE (premier degr\u00e9) et de l\u2019ISOE (second degr\u00e9) et d\u2019autre part d\u2019un rel\u00e8vement de la prime d\u2019attractivit\u00e9 \u00e0 hauteur de 300\u20ac bruts par an.<\/p>\n\n\n\n<p>Ainsi, le montant mensuel brut de l\u2019ISAE passera de 100\u20ac \u00e0 212,50\u20ac (+125%) et celui de l\u2019ISOE passera de 104,67\u20ac \u00e0 212,50\u20ac (+103%). L\u2019alignement du montant de l\u2019ISAE sur celui de l\u2019ISOE rend la hausse l\u00e9g\u00e8rement plus importante dans le premier degr\u00e9.<\/p>\n\n\n\n<p>La prime d\u2019attractivit\u00e9 (ou Grenelle) mensuelle brute passera de 100\u20ac \u00e0 125\u20ac (+25%) pour les contractuels r\u00e9mun\u00e9r\u00e9s au niveau 1 (IM<a href=\"https:\/\/snalc.fr\/revalorisation-des-enseignants-loin-du-compte-et-loin-des-10-promis#_ftn1\">[1]<\/a> 367), de 75\u20ac \u00e0 100\u20ac (+33,33%) pour les niveaux 6 et 7 (respectivement IM 475 et 498), et enfin de 33,33\u20ac \u00e0 58,33\u20ac (+75%) \u00e0 partir du niveau 12 (IM 623 et suivants). Si la hausse absolue, c\u2019est-\u00e0-dire du montant est identique pour tous (+25\u20ac), la hausse relative, c\u2019est-\u00e0-dire en pourcentage, est progressive.<\/p>\n\n\n\n<p>Mais attention, si les hausses de chacun de ces 2 \u00e9l\u00e9ments peuvent appara\u00eetre colossales, elles entra\u00eenent in fine une tr\u00e8s faible augmentation de la r\u00e9mun\u00e9ration brute, allant de 6,7% pour le niveau 1 (IM 367) \u00e0 3,2% pour le niveau 18 (IM 821).<\/p>\n\n\n\n<p>Une r\u00e9elle revalorisation n\u00e9cessiterait une refonte de la grille indiciaire, qui commence \u00e0 l\u2019IM 367, soit 6 points de plus que l\u2019IM plancher depuis le 1er mai (IM 361 correspond au SMIC). Des contractuels enseignants SMICardis\u00e9s, alors qu\u2019ils occupent des emplois de cat\u00e9gorie A, et pour lesquels les mesures retenues ne sont pas \u00e0 la hauteur d\u2019un arr\u00eat de leur d\u00e9classement !<\/p>\n\n\n\n<p><strong>C\u00f4t\u00e9 pacte<\/strong>, on peut supposer que des contractuels affect\u00e9s \u00e0 l\u2019ann\u00e9e seront tent\u00e9s de signer le pacte<a href=\"https:\/\/snalc.fr\/revalorisation-des-enseignants-loin-du-compte-et-loin-des-10-promis#_ftn2\">[2]<\/a> compte tenu de la faiblesse de leur salaire. Pour les autres, devront-ils prendre le relai du pacte sign\u00e9 par le coll\u00e8gue qu\u2019ils remplaceront ?<\/p>\n\n\n\n<p>Dans les 2 cas, le SNALC craint des pressions hi\u00e9rarchiques pour que les contractuels acceptent le pacte, car des pr\u00e9caires ne sont jamais des volontaires mais toujours des soumis \u00e0 une autorit\u00e9 toute puissante sur le renouvellement ou le non-renouvellement de leur contrat !<\/p>\n\n\n\n<hr class=\"wp-block-separator has-alpha-channel-opacity\"\/>\n\n\n\n<p><em><a href=\"https:\/\/snalc.fr\/revalorisation-des-enseignants-loin-du-compte-et-loin-des-10-promis#_ftnref1\">[1]<\/a>&nbsp; Indice major\u00e9<\/em><\/p>\n\n\n\n<p><em><a href=\"https:\/\/snalc.fr\/revalorisation-des-enseignants-loin-du-compte-et-loin-des-10-promis#_ftnref2\">[2]<\/a>&nbsp; Cf. l\u2019article page 7 \u00ab Le Pacte : un pi\u00e8ge, un chantage, mais pas une revalorisation \u00bb pour son fonctionnement et sa r\u00e9mun\u00e9ration<\/em><\/p>\n\n\n\n<h4 class=\"wp-block-heading\">Revalorisation 2023 : tableau des gains selon le minist\u00e8re<\/h4>\n\n\n\n<p><em>Cliquez sur l\u2019image pour t\u00e9l\u00e9charger le document en PDF :<\/em><\/p>\n\n\n\n<figure class=\"wp-block-image\"><img decoding=\"async\" src=\"https:\/\/snalc.fr\/wp-content\/uploads\/Revalorisation_tableau_gains_selon_ministere-1024x474.jpg\" alt=\"\"\/><\/figure>\n\n\n\n<p><a href=\"https:\/\/snalc.fr\/wp-content\/uploads\/Revalorisation_tableau_gains_selon_ministere.pdf\"><\/a><\/p>\n\n\n\n<figure class=\"wp-block-image\"><img decoding=\"async\" src=\"https:\/\/snalc.fr\/wp-content\/uploads\/pacte_educscore-900x1024.jpg\" alt=\"\"\/><\/figure>\n","protected":false},"excerpt":{"rendered":"<p>Dossier du mois de la revue du SNALC Quinzaine universitaire n\u00b01477 du 12 mai 2023. Dossier r\u00e9dig\u00e9 par Jean-R\u00e9mi GIRARD, pr\u00e9sident du SNALC ; avec la contribution de Danielle ARNAUD, [&hellip;]<\/p>\n","protected":false},"author":1,"featured_media":0,"comment_status":"closed","ping_status":"closed","sticky":false,"template":"","format":"standard","meta":{"_lmt_disableupdate":"","_lmt_disable":"","site-sidebar-layout":"default","site-content-layout":"","ast-site-content-layout":"default","site-content-style":"default","site-sidebar-style":"default","ast-global-header-display":"","ast-banner-title-visibility":"","ast-main-header-display":"","ast-hfb-above-header-display":"","ast-hfb-below-header-display":"","ast-hfb-mobile-header-display":"","site-post-title":"","ast-breadcrumbs-content":"","ast-featured-img":"","footer-sml-layout":"","ast-disable-related-posts":"","theme-transparent-header-meta":"","adv-header-id-meta":"","stick-header-meta":"","header-above-stick-meta":"","header-main-stick-meta":"","header-below-stick-meta":"","astra-migrate-meta-layouts":"default","ast-page-background-enabled":"default","ast-page-background-meta":{"desktop":{"background-color":"var(--ast-global-color-4)","background-image":"","background-repeat":"repeat","background-position":"center center","background-size":"auto","background-attachment":"scroll","background-type":"","background-media":"","overlay-type":"","overlay-color":"","overlay-opacity":"","overlay-gradient":""},"tablet":{"background-color":"","background-image":"","background-repeat":"repeat","background-position":"center center","background-size":"auto","background-attachment":"scroll","background-type":"","background-media":"","overlay-type":"","overlay-color":"","overlay-opacity":"","overlay-gradient":""},"mobile":{"background-color":"","background-image":"","background-repeat":"repeat","background-position":"center center","background-size":"auto","background-attachment":"scroll","background-type":"","background-media":"","overlay-type":"","overlay-color":"","overlay-opacity":"","overlay-gradient":""}},"ast-content-background-meta":{"desktop":{"background-color":"var(--ast-global-color-5)","background-image":"","background-repeat":"repeat","background-position":"center center","background-size":"auto","background-attachment":"scroll","background-type":"","background-media":"","overlay-type":"","overlay-color":"","overlay-opacity":"","overlay-gradient":""},"tablet":{"background-color":"var(--ast-global-color-5)","background-image":"","background-repeat":"repeat","background-position":"center center","background-size":"auto","background-attachment":"scroll","background-type":"","background-media":"","overlay-type":"","overlay-color":"","overlay-opacity":"","overlay-gradient":""},"mobile":{"background-color":"var(--ast-global-color-5)","background-image":"","background-repeat":"repeat","background-position":"center center","background-size":"auto","background-attachment":"scroll","background-type":"","background-media":"","overlay-type":"","overlay-color":"","overlay-opacity":"","overlay-gradient":""}},"footnotes":""},"categories":[31],"tags":[],"class_list":["post-1468","post","type-post","status-publish","format-standard","hentry","category-actualites-2022-2023"],"modified_by":"slecourtier","_links":{"self":[{"href":"https:\/\/snalc.org\/snalc2023\/index.php?rest_route=\/wp\/v2\/posts\/1468","targetHints":{"allow":["GET"]}}],"collection":[{"href":"https:\/\/snalc.org\/snalc2023\/index.php?rest_route=\/wp\/v2\/posts"}],"about":[{"href":"https:\/\/snalc.org\/snalc2023\/index.php?rest_route=\/wp\/v2\/types\/post"}],"author":[{"embeddable":true,"href":"https:\/\/snalc.org\/snalc2023\/index.php?rest_route=\/wp\/v2\/users\/1"}],"replies":[{"embeddable":true,"href":"https:\/\/snalc.org\/snalc2023\/index.php?rest_route=%2Fwp%2Fv2%2Fcomments&post=1468"}],"version-history":[{"count":1,"href":"https:\/\/snalc.org\/snalc2023\/index.php?rest_route=\/wp\/v2\/posts\/1468\/revisions"}],"predecessor-version":[{"id":1469,"href":"https:\/\/snalc.org\/snalc2023\/index.php?rest_route=\/wp\/v2\/posts\/1468\/revisions\/1469"}],"wp:attachment":[{"href":"https:\/\/snalc.org\/snalc2023\/index.php?rest_route=%2Fwp%2Fv2%2Fmedia&parent=1468"}],"wp:term":[{"taxonomy":"category","embeddable":true,"href":"https:\/\/snalc.org\/snalc2023\/index.php?rest_route=%2Fwp%2Fv2%2Fcategories&post=1468"},{"taxonomy":"post_tag","embeddable":true,"href":"https:\/\/snalc.org\/snalc2023\/index.php?rest_route=%2Fwp%2Fv2%2Ftags&post=1468"}],"curies":[{"name":"wp","href":"https:\/\/api.w.org\/{rel}","templated":true}]}}