{"id":1506,"date":"2023-05-25T23:17:32","date_gmt":"2023-05-25T21:17:32","guid":{"rendered":"https:\/\/snalc.org\/snalc2023\/?p=1506"},"modified":"2023-05-25T23:18:52","modified_gmt":"2023-05-25T21:18:52","slug":"la-lettre-dinfo-du-snalc-1er-degre-juin-2023","status":"publish","type":"post","link":"https:\/\/snalc.org\/snalc2023\/?p=1506","title":{"rendered":"La lettre d&rsquo;info du SNALC 1er degr\u00e9, juin 2023"},"content":{"rendered":"\n<p>Acad\u00e9mie d&rsquo;Aix Marseille<\/p>\n\n\n\n<p><strong>La lettre d&rsquo;info du SNALC 1er degr\u00e9<\/strong><\/p>\n\n\n\n<p>LE SNALC AIX MARSEILLE FAIT SON CONGR\u00c8S COLLOQUE&nbsp;<\/p>\n\n\n\n<p>Guillaume Tournel, d\u00e9l\u00e9gu\u00e9 SNALC Ecole Aix Marseille<\/p>\n\n\n\n<p>Le jeudi 11 mai, le SNALC \u00c9cole Aix Marseille recevait ses adh\u00e9rents et sympathisants professeurs et professeurs des \u00e9coles, mais aussi les AESH, les AED et les contractuelles, dans la jolie ville d&rsquo;Aix-en-Provence. En pr\u00e9sence de notre pr\u00e9sident Jean R\u00e9mi Girard et de nombreux responsables nationaux du SNALC, le sujet br\u00fblant d&rsquo;actualit\u00e9 de notre revalorisation et des annonces pr\u00e9sidentielles et gouvernementales sur le sujet a \u00e9t\u00e9 abord\u00e9. Socle, pacte, remplacement, soutien, r\u00e9mun\u00e9ration, cadre juridique,&#8230; tout a \u00e9t\u00e9 abord\u00e9 et d\u00e9battu dans une ambiance d\u00e9tendue, conviviale et constructive. Le SNALC vous alerte sur ce \u00ab\u00a0pacte avec le diable\u00a0\u00bb, sans jugement aucun sur ce que vous d\u00e9ciderez de faire.<br><br>Un immense merci \u00e0 tous les pr\u00e9sents et participants ! Retrouvez l\u2019interview dans Nice-matin de Jean-R\u00e9mi Girard, pr\u00e9sident du SNALC, pr\u00e9sent aux congr\u00e8s acad\u00e9mique du SNALC de Nice et du SNALC Aix Marseille en lien ci-dessous !&nbsp;<br><\/p>\n\n\n\n<p><a href=\"https:\/\/snalcnice-ecoles.fr\/Documents\/congres\/var-matin-congres-2023-jrg.pdf\">L\u2019interview du pr\u00e9sident du SNALC<\/a><\/p>\n\n\n\n<p>\u00ab\u00a0REVALORISATION\u00a0\u00bb DES ENSEIGNANTS<\/p>\n\n\n\n<p>Pacte enseignant : rien ne va !<\/p>\n\n\n\n<p>Jean-R\u00e9mi GIRARD, pr\u00e9sident du SNALC.<\/p>\n\n\n\n<p>Pacte enseignant : compte rendu du groupe de travail pr\u00e9paratoire au CSA minist\u00e9riel du 10 mai 2023<\/p>\n\n\n\n<p>TH\u00c8ME<\/p>\n\n\n\n<p>\u00c9tude du projet de d\u00e9cret sur le pacte en vue du CSA minist\u00e9riel du 31 mai.<\/p>\n\n\n\n<p><a href=\"https:\/\/snalc.fr\/wp-content\/uploads\/20230510_decla_IS_pacte.pdf\">D\u00e9claration intersyndicale unitaire en opposition au pacte..<\/a><\/p>\n\n\n\n<p>L&rsquo;ESSENTIEL<\/p>\n\n\n\n<p>\u2022 Les textes pr\u00e9sent\u00e9s ne portent pas \u00e0 eux seuls l\u2019int\u00e9gralit\u00e9 du pacte (NDSNALC : il y en a donc d\u2019autres qui ne nous sont pas pr\u00e9sent\u00e9s aujourd\u2019hui, notamment circulaires\/instructions qui n\u2019existent pas encore).<br><br>\u2022 Pas d\u2019obligation de prendre la brique de soutien en 6e, ou de remplacement de courte dur\u00e9e, pour acc\u00e9der aux autres briques. En revanche, une \u00ab attention particuli\u00e8re \u00bb devra \u00eatre accord\u00e9e \u00e0 ces briques afin qu\u2019elles soient prioritairement attribu\u00e9es \u2192 le SNALC analyse cela comme une contrainte collective, qui fait qu\u2019il n\u2019y a pas d\u2019obligation individuelle \u00e9crite, mais qu\u2019il pourra y en avoir une dans les faits si personne ne veut prendre ces briques.<br><br>\u2022 Il sera rajout\u00e9 un \u00ab avis \u00bb du conseil d\u2019administration.<br><br>\u2022 Le pacte ne serait pas le seul moyen de r\u00e9mun\u00e9rer certaines missions, comme \u00ab devoirs faits \u00bb \u2192 on pourrait (peut-\u00eatre) continuer \u00e0 assurer devoirs faits sur des HSE, techniquement moins bien pay\u00e9es, mais moins contraignantes. La m\u00eame t\u00e2che serait ainsi pay\u00e9e diff\u00e9remment entre \u00ab pact\u00e9s \u00bb et \u00ab non pact\u00e9s \u00bb.<br><br>\u2022 Les PLP sont bien pr\u00e9vus pour pouvoir faire des interventions ou des \u00ab co-interventions \u00bb dans les coll\u00e8ges sur les heures de d\u00e9couverte des m\u00e9tiers en coll\u00e8ge (qui auraient lieu en plus des heures de cours du coll\u00e8ge).<br><br>\u2022 M\u00eame mod\u00e8le que pour les HSE et les IMP sur la \u00ab d\u00e9socialisation \u00bb des heures (r\u00e9ponse pr\u00e9cise par \u00e9crit \u00e0 venir).<br><br>\u2022 L\u2019indemnit\u00e9 de 1000\u20ac sur la premi\u00e8re ann\u00e9e pour les personnels de direction du second degr\u00e9, concerne \u00e9galement les directeurs d\u2019\u00e9cole.<\/p>\n\n\n\n<p>LE SNALC A INSIST\u00c9 SUR\u2026<\/p>\n\n\n\n<p>\u2022 Son refus du pacte, qui ne r\u00e9pond pas \u00e0 notre exigence de rattrapage salarial sans contreparties pour l\u2019ensemble des coll\u00e8gues.<br><br>\u2022 La n\u00e9cessit\u00e9 de faire figurer le mot \u00ab volontariat \u00bb ou la notion d\u2019accord de l\u2019int\u00e9ress\u00e9 \u2192 cela devrait \u00eatre pr\u00e9cis\u00e9, mais le SNALC reste vigilant.<br><br>\u2022 Les contradictions entre les obligations r\u00e9glementaires (par exemple \u00ab devoirs faits \u00bb obligatoire pour tous les \u00e9l\u00e8ves de 6e, et le volontariat du pacte pour les personnels). Comment l\u2019administration g\u00e8re-t-elle cette contradiction ? Est-ce en faisant pression sur les personnels ?<br><br>\u2022 La surcharge de travail des directrices et directeur d\u2019\u00e9cole, qui se tapent tout le boulot.<br><br>\u2022 Son refus de voir figurer l\u2019\u00ab innovation p\u00e9dagogique \u00bb dans toute mesure de r\u00e9mun\u00e9ration. L\u2019innovation n\u2019est pas d\u00e9finie, et n\u2019a pas de valeur en soi.<br><br>\u2022 La question de la r\u00e9mun\u00e9ration si l\u2019int\u00e9gralit\u00e9 des heures n\u2019est pas effectu\u00e9e pour une mission. Y a-t-il proratisation, et sur quel texte s\u2019appuie-t-elle, ou est-ce un service non fait int\u00e9gral, m\u00eame si des heures ont \u00e9t\u00e9 effectu\u00e9es ?<br><br>\u2022 Le cas des professeurs documentalistes, CPE, Psy-EN. Le SNALC a rappel\u00e9 que les professeurs documentalistes sont dans l\u2019incapacit\u00e9 de toucher la part modulable de l\u2019ISOE actuellement, et qu\u2019on risque de vivre la m\u00eame chose sur la part fonctionnelle de l\u2019ISOE.<\/p>\n\n\n\n<p>L&rsquo;AVIS DU SNALC<\/p>\n\n\n\n<p><strong>Plus on avance dans le pacte, et plus on voit que c\u2019est une catastrophe pour les coll\u00e8gues. De nombreux points r\u00e9v\u00e8lent des contradictions entre textes r\u00e8glementaires, des usines \u00e0 gaz hallucinantes, de multiples possibilit\u00e9s de pressions, tensions, conflits, incompr\u00e9hensions aboutissant \u00e0 de s\u00e9rieux risques psycho-sociaux.<br><br>Le SNALC maintient \u00e9videmment son appel collectif \u00e0 ne pas signer le pacte.<\/strong><\/p>\n\n\n\n<p>CRISE DES RECRUTEMENTS<\/p>\n\n\n\n<p>R\u00e9agissez, Monsieur le Ministre<\/p>\n\n\n\n<p>Jean-R\u00e9mi GIRARD, pr\u00e9sident du SNALC.<\/p>\n\n\n\n<p>Le SNALC tire la sonnette d\u2019alarme depuis de nombreuses ann\u00e9es, mais c\u2019est l\u2019alerte pour catastrophe naturelle qu\u2019il faudrait d\u00e9sormais d\u00e9clencher : les r\u00e9sultats des admissibilit\u00e9s aux concours de l\u2019enseignement sont abyssaux. Sauf que la catastrophe n\u2019est pas naturelle : elle est fabriqu\u00e9e d\u2019ann\u00e9e en ann\u00e9e par nos dirigeants.<br><br>Ainsi, dans le second degr\u00e9, il y a d\u00e9sormais 101 admissibles pour 245 postes en allemand, et 47 pour 134 en lettres classiques. Il est probable ou certain que tous les postes ne seront pas non plus pourvus apr\u00e8s les \u00e9preuves orales d\u2019admission en \u00e9ducation musicale, anglais, espagnol, lettres modernes, math\u00e9matiques et physique-chimie.<br><br>Dans le premier degr\u00e9, c\u2019est d\u00e9j\u00e0 la saign\u00e9e \u00e0 Cr\u00e9teil (737 admissibles pour 1166 postes), Versailles (833 admissibles pour 1285 postes) et en Guyane (80 admissibles pour 165 postes). Il est loin d\u2019\u00eatre certain que tous les postes pourront \u00e9galement \u00eatre pourvus \u00e0 Amiens, Bordeaux, Grenoble, Nancy-Metz, Orl\u00e9ans-Tours et Paris. Et le ratio admissibles\/postes est \u00e9galement inf\u00e9rieur \u00e0 2 \u00e0 Aix-Marseille, Dijon, Lille, Lyon, Montpellier, Nantes, Nice, Reims, ainsi qu\u2019en Martinique.<br><br>Ces chiffres \u00e9pouvantables ne sont pourtant pas surprenants. Le minist\u00e8re de l\u2019\u00c9ducation nationale \u00e9tudie lui-m\u00eame avec pr\u00e9cision son \u00e9chec, que ce soit dans son enqu\u00eate sur le temps de travail ou dans celle sur le bien-\u00eatre au travail. Et ce n\u2019est clairement pas le \u00ab travailler plus pour gagner plus \u00bb du pacte enseignant \u2014 qui nous fait une fois de plus passer pour des fain\u00e9ants qui pourraient quand m\u00eame faire un effort \u2014 qui va arranger quoi que ce soit.<br><br>Le SNALC demande donc au ministre et au gouvernement de mettre un coup d\u2019arr\u00eat imm\u00e9diat \u00e0 l\u2019ensemble de leurs pseudo-r\u00e9formes pour consacrer toute leur \u00e9nergie aux questions de r\u00e9mun\u00e9ration, de conditions de travail et de charge de travail. Il demande \u00e0 l\u2019ensemble des parlementaires de trouver une majorit\u00e9 pour porter une proposition de loi de programmation permettant un rattrapage salarial pour l\u2019ensemble des coll\u00e8gues, quelle que soit leur anciennet\u00e9. Il demande un moratoire sur toute suppression de poste et sur toute fermeture de classe, d\u2019\u00e9cole ou d\u2019\u00e9tablissement afin d\u2019am\u00e9liorer les taux d\u2019encadrement.<br><br>Si l\u2019on ne r\u00e9agit pas collectivement, l\u2019\u00c9cole publique fran\u00e7aise ne se rel\u00e8vera pas de cette crise, et du m\u00e9pris que lui ont montr\u00e9 nos gouvernants depuis plusieurs dizaines d\u2019ann\u00e9es maintenant.<\/p>\n\n\n\n<p>AVANCEMENT<\/p>\n\n\n\n<p>CLASSE EXCEPTIONNELLE, HORS CLASSE, CLASSE NORMALE<\/p>\n\n\n\n<p><strong>Ce mois-ci, dans les bulletins d\u00e9partementaux des Bouches du Rh\u00f4ne, retrouvez :<\/strong><\/p>\n\n\n\n<p>&#8211; le tableau d\u2019avancement \u00e0 la classe exceptionnelle des professeurs des \u00e9coles<br><br>&#8211; Promotion de grade 2023 &#8211; le tableau d\u2019avancement \u00e0 la hors classe des professeurs des \u00e9coles &#8211; Promotion de grade 2023<br><br>&#8211; Pour les professeurs des \u00e9coles de classe normale, l\u2019arr\u00eat\u00e9 collectif_ Avancement d&rsquo;\u00e9chelon, avec bonification d&rsquo;anciennet\u00e9, faisant appara\u00eetre un listing nominatif, nous vous invitons \u00e0 nous contacter individuellement pour conna\u00eetre votre avancement, par mail :&nbsp;<\/p>\n\n\n\n<p><a href=\"mailto:snalc.ecole13@gmail.com\">snalc.ecole13@gmail.com<\/a><\/p>\n\n\n\n<p>POUR VOUS FAIRE DU BIEN GR\u00c2CE AU SNALC<\/p>\n\n\n\n<p>Partez en Corse !<\/p>\n\n\n\n<p>Vous allez en Corse cet \u00e9t\u00e9 et envisagez de voyager avec CORSICA FERRIES ? Le SNALC est partenaire de cette compagnie.&nbsp;<br><br>Adh\u00e9rents SNALC, cliquez ci-dessous et vous d\u00e9couvrirez comment \u00eatre exon\u00e9r\u00e9s des frais de r\u00e9servation. Vous pourrez \u00e9galement profiter de r\u00e9ductions cons\u00e9quentes sur le tarif du v\u00e9hicule embarqu\u00e9.&nbsp;<\/p>\n\n\n\n<p><a href=\"https:\/\/snalcnice-ecoles.fr\/avantages-snalc-quid-juvat\/\">Voir un exemple de r\u00e9duction sur une travers\u00e9e<\/a><\/p>\n\n\n\n<p>Et pour ceux qui ne sont pas encore adh\u00e9rents et qui voudraient profiter de cette offre, c\u2019est le moment de franchir le pas avec notre offre promotionnelle de printemps : \u00ab Adh\u00e9rez au SNALC \u00e0 z\u00e9ro euro \u00bb en cliquant sur le lien ci-dessous :<\/p>\n\n\n\n<p><a href=\"https:\/\/snalc.fr\/adherer-choix-du-mode-de-paiement\/\">Je rejoins le syndicat<\/a><\/p>\n\n\n\n<p>ATTENTION : l&rsquo;adh\u00e9sion est gratuite pour l&rsquo;ann\u00e9e scolaire en cours uniquement si vous optez pour le pr\u00e9l\u00e8vement automatique. Vous ne paierez rien aujourd\u2019hui, et \u00e0 la rentr\u00e9e, vous ne serez pr\u00e9lev\u00e9 qu&rsquo;\u00e0 partir du 30 septembre, en 10 fois sans frais, le SNALC \u00e9tant le seul syndicat \u00e0 le proposer !<br><br>Contactez-nous pour vous accompagner dans cette d\u00e9marche.<\/p>\n\n\n\n<p><a href=\"mailto:snalc.ecole13@gmail.com\">snalc.ecole13@gmail.com<\/a><\/p>\n\n\n\n<p>POUR UN VERITABLE PLURALISME SYNDICAL DANS L\u2019ACADEMIE<\/p>\n\n\n\n<p>SOUTENEZ L\u2019IMPLANTATION DU SNALC<\/p>\n\n\n\n<p>Nous proposons une v\u00e9ritable alternative syndicale \u00e0 l&rsquo;ensemble des enseignants du premier degr\u00e9. Nous allons \u00e0 votre rencontre dans les \u00e9coles.<br><br>Vous pouvez nous retrouver sur Facebook avec la page SNALC ECOLE Aix Marseille. Nous sommes joignables par mail et par t\u00e9l\u00e9phone pour vous aider au quotidien. Vous trouverez nos coordonn\u00e9es en fin de message.<\/p>\n\n\n\n<p>PROFESSEURS DES \u00c9COLES<\/p>\n\n\n\n<p>Vous aussi vous avez droit au SNALC<\/p>\n\n\n\n<p>Le SNALC est un syndicat v\u00e9ritablement ind\u00e9pendant, libre, autonome et surtout non subventionn\u00e9. N\u2019\u00e9tant soumis \u00e0 aucune ob\u00e9dience et n\u2019ob\u00e9issant \u00e0 aucun parti politique, le SNALC ne sert que les int\u00e9r\u00eats de l\u2019Ecole et des professeurs des \u00e9coles.<\/p>\n\n\n\n<p><a href=\"https:\/\/snalc.fr\/adherer-choix-du-mode-de-paiement\/\"><strong>Adh\u00e9rer au SNAL<\/strong>C<\/a><\/p>\n\n\n\n<p><strong>D\u00e8s votre adh\u00e9sion :<br><br>&#8211; vous recevrez tous les mois notre revue syndicale,<br><br>&#8211; vous b\u00e9n\u00e9ficierez de l&rsquo;assistance juridique de la GMF dans le cadre de vos activit\u00e9s professionnelles,<br><br>&#8211; vous pourrez acc\u00e9der \u00e0 notre comit\u00e9 d&rsquo;entreprise,&nbsp;<br><br>&#8211; vous pourrez b\u00e9n\u00e9ficier de 10 s\u00e9ances de sophrologie en visio,<br><br>&#8211; vous pourrez contacter notre plateforme de reconversion \u00a0\u00bb MOBI-SNALC\u00a0\u00bb.<\/strong><\/p>\n\n\n\n<p>Le SNALC est le syndicat le moins cher pour les PE&nbsp;<\/p>\n\n\n\n<p>90 euros sans augmentation.<\/p>\n\n\n\n<p>Cr\u00e9dit d\u2019imp\u00f4ts (re\u00e7u fiscal). Vous d\u00e9duisez 66% du montant de votre cotisation de vos imp\u00f4ts ou \u00eates cr\u00e9dit\u00e9s de ces 66% si vous n\u2019\u00eates pas imposables. Co\u00fbt r\u00e9el apr\u00e8s imp\u00f4ts : 30,60\u20ac \u2013 35\u20ac (assurance professionnelle prise en charge par l\u2019adh\u00e9sion)&nbsp;<\/p>\n\n\n\n<p>= l\u2019adh\u00e9sion au SNALC ne vous co\u00fbte RIEN.<\/p>\n\n\n\n<p>POUR SUIVRE L&rsquo;ACTUALIT\u00c9 LOCALE ET NATIONALE<\/p>\n\n\n\n<p>Et b\u00e9n\u00e9ficier de notre suivi<\/p>\n\n\n\n<p>Pour nous joindre :<\/p>\n\n\n\n<p><a href=\"mailto:snalc.ecole13@gmail.com\">snalc.ecole13@gmail.com<\/a><\/p>\n\n\n\n<p><strong>D\u00e9l\u00e9gu\u00e9 SNALC Guillaume Tournel : 06 61 83 27 81<\/strong><\/p>\n\n\n\n<p>Facebook<\/p>\n\n\n\n<p>Retrouvez toutes nos informations et l\u2019actualit\u00e9 d\u00e8s qu\u2019elles tombent et abonnez-vous \u00e0 la page :<\/p>\n\n\n\n<p><strong>SNALC Ecoles Aix-Marseille<\/strong><\/p>\n\n\n\n<p>Site national :&nbsp;<\/p>\n\n\n\n<p><a href=\"https:\/\/snalc.fr\/\"><strong>snalc.fr<\/strong><\/a><\/p>\n\n\n\n<p>Site acad\u00e9mique 1er degr\u00e9 :&nbsp;<\/p>\n\n\n\n<p><a href=\"https:\/\/snalcnice-ecoles.fr\/\"><strong>snalcnice-ecoles.fr\/<\/strong><\/a><\/p>\n\n\n\n<p>LE BUREAU DU DIRECTEUR<\/p>\n\n\n\n<p><a href=\"https:\/\/dirlo.org\/\">Des infos et les textes \u00e0 porter de clic<\/a><\/p>\n\n\n\n<figure class=\"wp-block-image\"><img decoding=\"async\" src=\"cid:815DD443-B07F-4671-BBDD-454A0F8F7ABA\" alt=\"bureau-directeur.jpg\"\/><\/figure>\n\n\n\n<p>Pour adh\u00e9rer ou r\u00e9adh\u00e9rer&nbsp;<\/p>\n\n\n\n<p><a href=\"https:\/\/snalc.fr\/adherer-choix-du-mode-de-paiement\/\">Choisir son mode de paiement<\/a><\/p>\n\n\n\n<p><em>Le SNALC est un syndicat apolitique, ind\u00e9pendant, autonome, repr\u00e9sentatif et \u00e0 votre \u00e9coute. Les cotisations de nos adh\u00e9rents sont notre unique ressource financi\u00e8re.<\/em><\/p>\n\n\n\n<figure class=\"wp-block-image size-full\"><img fetchpriority=\"high\" decoding=\"async\" width=\"400\" height=\"199\" src=\"https:\/\/snalc.org\/snalc2023\/wp-content\/uploads\/2023\/05\/Image1.png\" alt=\"\" class=\"wp-image-1420\" srcset=\"https:\/\/snalc.org\/snalc2023\/wp-content\/uploads\/2023\/05\/Image1.png 400w, https:\/\/snalc.org\/snalc2023\/wp-content\/uploads\/2023\/05\/Image1-300x149.png 300w\" sizes=\"(max-width: 400px) 100vw, 400px\" \/><\/figure>\n","protected":false},"excerpt":{"rendered":"<p>Acad\u00e9mie d&rsquo;Aix Marseille La lettre d&rsquo;info du SNALC 1er degr\u00e9 LE SNALC AIX MARSEILLE FAIT SON CONGR\u00c8S COLLOQUE&nbsp; Guillaume Tournel, d\u00e9l\u00e9gu\u00e9 SNALC Ecole Aix Marseille Le jeudi 11 mai, le [&hellip;]<\/p>\n","protected":false},"author":1,"featured_media":0,"comment_status":"closed","ping_status":"closed","sticky":false,"template":"","format":"standard","meta":{"_lmt_disableupdate":"","_lmt_disable":"","site-sidebar-layout":"default","site-content-layout":"","ast-site-content-layout":"default","site-content-style":"default","site-sidebar-style":"default","ast-global-header-display":"","ast-banner-title-visibility":"","ast-main-header-display":"","ast-hfb-above-header-display":"","ast-hfb-below-header-display":"","ast-hfb-mobile-header-display":"","site-post-title":"","ast-breadcrumbs-content":"","ast-featured-img":"","footer-sml-layout":"","ast-disable-related-posts":"","theme-transparent-header-meta":"","adv-header-id-meta":"","stick-header-meta":"","header-above-stick-meta":"","header-main-stick-meta":"","header-below-stick-meta":"","astra-migrate-meta-layouts":"default","ast-page-background-enabled":"default","ast-page-background-meta":{"desktop":{"background-color":"var(--ast-global-color-4)","background-image":"","background-repeat":"repeat","background-position":"center center","background-size":"auto","background-attachment":"scroll","background-type":"","background-media":"","overlay-type":"","overlay-color":"","overlay-opacity":"","overlay-gradient":""},"tablet":{"background-color":"","background-image":"","background-repeat":"repeat","background-position":"center center","background-size":"auto","background-attachment":"scroll","background-type":"","background-media":"","overlay-type":"","overlay-color":"","overlay-opacity":"","overlay-gradient":""},"mobile":{"background-color":"","background-image":"","background-repeat":"repeat","background-position":"center center","background-size":"auto","background-attachment":"scroll","background-type":"","background-media":"","overlay-type":"","overlay-color":"","overlay-opacity":"","overlay-gradient":""}},"ast-content-background-meta":{"desktop":{"background-color":"var(--ast-global-color-5)","background-image":"","background-repeat":"repeat","background-position":"center center","background-size":"auto","background-attachment":"scroll","background-type":"","background-media":"","overlay-type":"","overlay-color":"","overlay-opacity":"","overlay-gradient":""},"tablet":{"background-color":"var(--ast-global-color-5)","background-image":"","background-repeat":"repeat","background-position":"center center","background-size":"auto","background-attachment":"scroll","background-type":"","background-media":"","overlay-type":"","overlay-color":"","overlay-opacity":"","overlay-gradient":""},"mobile":{"background-color":"var(--ast-global-color-5)","background-image":"","background-repeat":"repeat","background-position":"center center","background-size":"auto","background-attachment":"scroll","background-type":"","background-media":"","overlay-type":"","overlay-color":"","overlay-opacity":"","overlay-gradient":""}},"footnotes":""},"categories":[23],"tags":[],"class_list":["post-1506","post","type-post","status-publish","format-standard","hentry","category-professeurs-1er-degre"],"modified_by":"slecourtier","_links":{"self":[{"href":"https:\/\/snalc.org\/snalc2023\/index.php?rest_route=\/wp\/v2\/posts\/1506","targetHints":{"allow":["GET"]}}],"collection":[{"href":"https:\/\/snalc.org\/snalc2023\/index.php?rest_route=\/wp\/v2\/posts"}],"about":[{"href":"https:\/\/snalc.org\/snalc2023\/index.php?rest_route=\/wp\/v2\/types\/post"}],"author":[{"embeddable":true,"href":"https:\/\/snalc.org\/snalc2023\/index.php?rest_route=\/wp\/v2\/users\/1"}],"replies":[{"embeddable":true,"href":"https:\/\/snalc.org\/snalc2023\/index.php?rest_route=%2Fwp%2Fv2%2Fcomments&post=1506"}],"version-history":[{"count":1,"href":"https:\/\/snalc.org\/snalc2023\/index.php?rest_route=\/wp\/v2\/posts\/1506\/revisions"}],"predecessor-version":[{"id":1507,"href":"https:\/\/snalc.org\/snalc2023\/index.php?rest_route=\/wp\/v2\/posts\/1506\/revisions\/1507"}],"wp:attachment":[{"href":"https:\/\/snalc.org\/snalc2023\/index.php?rest_route=%2Fwp%2Fv2%2Fmedia&parent=1506"}],"wp:term":[{"taxonomy":"category","embeddable":true,"href":"https:\/\/snalc.org\/snalc2023\/index.php?rest_route=%2Fwp%2Fv2%2Fcategories&post=1506"},{"taxonomy":"post_tag","embeddable":true,"href":"https:\/\/snalc.org\/snalc2023\/index.php?rest_route=%2Fwp%2Fv2%2Ftags&post=1506"}],"curies":[{"name":"wp","href":"https:\/\/api.w.org\/{rel}","templated":true}]}}