{"id":1528,"date":"2023-05-31T12:22:34","date_gmt":"2023-05-31T10:22:34","guid":{"rendered":"https:\/\/snalc.org\/snalc2023\/?p=1528"},"modified":"2023-05-31T12:22:37","modified_gmt":"2023-05-31T10:22:37","slug":"csa-ministeriel-du-31-mai-2023-declaration-intersyndicale","status":"publish","type":"post","link":"https:\/\/snalc.org\/snalc2023\/?p=1528","title":{"rendered":"CSA minist\u00e9riel du 31 mai 2023 : d\u00e9claration intersyndicale"},"content":{"rendered":"\n<ul class=\"wp-block-list\">\n<li><a href=\"https:\/\/snalc.fr\/category\/actualites\/\"><\/a><\/li>\n<\/ul>\n\n\n\n<figure class=\"wp-block-image\"><img decoding=\"async\" src=\"https:\/\/snalc.fr\/wp-content\/uploads\/csa_istock_piranka-1207360622.jpg\" alt=\"\"\/><figcaption class=\"wp-element-caption\">\u00a9 istock_piranka-1207360622<\/figcaption><\/figure>\n\n\n\n<h4 class=\"wp-block-heading\">D\u00c9CLARATION INTERSYNDICALE<\/h4>\n\n\n\n<h5 class=\"wp-block-heading\"><strong>Ouverture du CSA MEN du 31 mai 2023<\/strong><\/h5>\n\n\n\n<figure class=\"wp-block-image\"><img decoding=\"async\" src=\"https:\/\/snalc.fr\/wp-content\/uploads\/bandeau_IS_CSAM-1024x195.jpg\" alt=\"\"\/><\/figure>\n\n\n\n<p>L\u2019ensemble des organisations syndicales du CSAMEN (FSU, UNSA Education, FNEC FP FO, Sgen CFDT, Cgt educ-action, SNALC, Sud \u00e9ducation) d\u00e9noncent le choix fait par le minist\u00e8re de refuser de mettre au vote les textes Pacte (introduction d\u2019une part fonctionnelle de l\u2019ISOE\/ISAE) en d\u00e9pit notre demande unanime.<\/p>\n\n\n\n<p>Le Pacte va venir impacter directement les \u00e9coles et les \u00e9tablissements scolaires, et va in\u00e9vitablement toucher \u00e0 leurs fonctionnements et \u00e0 l\u2019organisation des services.<\/p>\n\n\n\n<p>Nos organisations FSU, Unsa Education, FNEC-FP-FO, SGEN-CFDT, CGT \u00e9duc\u2019action, SNALC et SUD \u00e9ducation d\u00e9noncent une nouvelle fois la logique du Pacte.<\/p>\n\n\n\n<p>Le Pacte est un dispositif qui ne r\u00e9pond en rien aux attentes des coll\u00e8gues. Loin de contribuer \u00e0 la revalorisation attendue par toutes et tous, il va conduire \u00e0 un alourdissement de la charge de travail des personnels alors que la majorit\u00e9 est d\u00e9j\u00e0 en \u00e9tat d\u2019\u00e9puisement avanc\u00e9. Dans le contexte de n\u00e9gociation des nouveaux plans d\u2019action <em>\u00c9galit\u00e9 professionnelle<\/em> dans notre minist\u00e8re, o\u00f9 la demande sociale est forte, le Pacte porte le risque av\u00e9r\u00e9 d\u2019aggraver les in\u00e9galit\u00e9s femmes\/hommes. Le Pacte va aussi consid\u00e9rablement d\u00e9grader le fonctionnement des \u00e9coles et des EPLE et fragiliser les collectifs de travail par une mise en concurrence des personnels. Nous contestons le choix du d\u00e9ploiement des r\u00e9formes \u00e0 coup de Pactes au risque de traitements in\u00e9quitables des \u00e9l\u00e8ves dans le service public d\u2019\u00e9ducation. Cette strat\u00e9gie est d\u00e9multipli\u00e9e pour la voie professionnelle. Il s\u2019agit d\u2019un passage en force de la part du gouvernement, de la m\u00eame mani\u00e8re que pour la r\u00e9forme des retraites dont nous demandons toujours le retrait.<\/p>\n\n\n\n<p>Nos organisations refusent le Pacte et r\u00e9clament dans l\u2019imm\u00e9diat le basculement de l\u2019enveloppe dans celle pr\u00e9vue pour le Socle. Elles revendiquent de v\u00e9ritables augmentations salariales en particulier par l\u2019augmentation du point d\u2019indice pour tous les personnels dans ce contexte de forte inflation.<\/p>\n\n\n\n<p>Nous continuerons d\u2019agir ensemble contre le pacte et pour une r\u00e9elle revalorisation sans contrepartie, et ce d\u00e8s cet apr\u00e8s-midi en participant aux rassemblements intersyndicaux contre le Pacte.<\/p>\n\n\n\n<p><a href=\"https:\/\/snalc.fr\/wp-content\/uploads\/CSAM_decla_IS_20230531.pdf\">T\u00e9l\u00e9charger<\/a><\/p>\n\n\n\n<figure class=\"wp-block-image\"><img decoding=\"async\" src=\"https:\/\/snalc.fr\/wp-content\/uploads\/Photo_CSAM_20230531-1024x631.jpg\" alt=\"\"\/><figcaption class=\"wp-element-caption\">Elus des organisations syndicales &#8211; CSA minist\u00e9riel<\/figcaption><\/figure>\n\n\n\n<p><a href=\"https:\/\/snalc.fr\/contact\/\" target=\"_blank\" rel=\"noreferrer noopener\">Nous \u00e9crire<\/a><\/p>\n","protected":false},"excerpt":{"rendered":"<p>D\u00c9CLARATION INTERSYNDICALE Ouverture du CSA MEN du 31 mai 2023 L\u2019ensemble des organisations syndicales du CSAMEN (FSU, UNSA Education, FNEC FP FO, Sgen CFDT, Cgt educ-action, SNALC, Sud \u00e9ducation) d\u00e9noncent [&hellip;]<\/p>\n","protected":false},"author":1,"featured_media":0,"comment_status":"closed","ping_status":"closed","sticky":false,"template":"","format":"standard","meta":{"_lmt_disableupdate":"","_lmt_disable":"","site-sidebar-layout":"default","site-content-layout":"","ast-site-content-layout":"default","site-content-style":"default","site-sidebar-style":"default","ast-global-header-display":"","ast-banner-title-visibility":"","ast-main-header-display":"","ast-hfb-above-header-display":"","ast-hfb-below-header-display":"","ast-hfb-mobile-header-display":"","site-post-title":"","ast-breadcrumbs-content":"","ast-featured-img":"","footer-sml-layout":"","ast-disable-related-posts":"","theme-transparent-header-meta":"","adv-header-id-meta":"","stick-header-meta":"","header-above-stick-meta":"","header-main-stick-meta":"","header-below-stick-meta":"","astra-migrate-meta-layouts":"default","ast-page-background-enabled":"default","ast-page-background-meta":{"desktop":{"background-color":"var(--ast-global-color-4)","background-image":"","background-repeat":"repeat","background-position":"center center","background-size":"auto","background-attachment":"scroll","background-type":"","background-media":"","overlay-type":"","overlay-color":"","overlay-opacity":"","overlay-gradient":""},"tablet":{"background-color":"","background-image":"","background-repeat":"repeat","background-position":"center center","background-size":"auto","background-attachment":"scroll","background-type":"","background-media":"","overlay-type":"","overlay-color":"","overlay-opacity":"","overlay-gradient":""},"mobile":{"background-color":"","background-image":"","background-repeat":"repeat","background-position":"center center","background-size":"auto","background-attachment":"scroll","background-type":"","background-media":"","overlay-type":"","overlay-color":"","overlay-opacity":"","overlay-gradient":""}},"ast-content-background-meta":{"desktop":{"background-color":"var(--ast-global-color-5)","background-image":"","background-repeat":"repeat","background-position":"center center","background-size":"auto","background-attachment":"scroll","background-type":"","background-media":"","overlay-type":"","overlay-color":"","overlay-opacity":"","overlay-gradient":""},"tablet":{"background-color":"var(--ast-global-color-5)","background-image":"","background-repeat":"repeat","background-position":"center center","background-size":"auto","background-attachment":"scroll","background-type":"","background-media":"","overlay-type":"","overlay-color":"","overlay-opacity":"","overlay-gradient":""},"mobile":{"background-color":"var(--ast-global-color-5)","background-image":"","background-repeat":"repeat","background-position":"center center","background-size":"auto","background-attachment":"scroll","background-type":"","background-media":"","overlay-type":"","overlay-color":"","overlay-opacity":"","overlay-gradient":""}},"footnotes":""},"categories":[31],"tags":[],"class_list":["post-1528","post","type-post","status-publish","format-standard","hentry","category-actualites-2022-2023"],"modified_by":"slecourtier","_links":{"self":[{"href":"https:\/\/snalc.org\/snalc2023\/index.php?rest_route=\/wp\/v2\/posts\/1528","targetHints":{"allow":["GET"]}}],"collection":[{"href":"https:\/\/snalc.org\/snalc2023\/index.php?rest_route=\/wp\/v2\/posts"}],"about":[{"href":"https:\/\/snalc.org\/snalc2023\/index.php?rest_route=\/wp\/v2\/types\/post"}],"author":[{"embeddable":true,"href":"https:\/\/snalc.org\/snalc2023\/index.php?rest_route=\/wp\/v2\/users\/1"}],"replies":[{"embeddable":true,"href":"https:\/\/snalc.org\/snalc2023\/index.php?rest_route=%2Fwp%2Fv2%2Fcomments&post=1528"}],"version-history":[{"count":1,"href":"https:\/\/snalc.org\/snalc2023\/index.php?rest_route=\/wp\/v2\/posts\/1528\/revisions"}],"predecessor-version":[{"id":1529,"href":"https:\/\/snalc.org\/snalc2023\/index.php?rest_route=\/wp\/v2\/posts\/1528\/revisions\/1529"}],"wp:attachment":[{"href":"https:\/\/snalc.org\/snalc2023\/index.php?rest_route=%2Fwp%2Fv2%2Fmedia&parent=1528"}],"wp:term":[{"taxonomy":"category","embeddable":true,"href":"https:\/\/snalc.org\/snalc2023\/index.php?rest_route=%2Fwp%2Fv2%2Fcategories&post=1528"},{"taxonomy":"post_tag","embeddable":true,"href":"https:\/\/snalc.org\/snalc2023\/index.php?rest_route=%2Fwp%2Fv2%2Ftags&post=1528"}],"curies":[{"name":"wp","href":"https:\/\/api.w.org\/{rel}","templated":true}]}}