{"id":1530,"date":"2023-05-31T12:24:44","date_gmt":"2023-05-31T10:24:44","guid":{"rendered":"https:\/\/snalc.org\/snalc2023\/?p=1530"},"modified":"2023-05-31T12:24:47","modified_gmt":"2023-05-31T10:24:47","slug":"pacte-plp-non-au-piege-de-la-servitude-volontaire","status":"publish","type":"post","link":"https:\/\/snalc.org\/snalc2023\/?p=1530","title":{"rendered":"PACTE PLP\u00a0: NON AU PI\u00c8GE DE LA SERVITUDE VOLONTAIRE\u00a0!"},"content":{"rendered":"\n<figure class=\"wp-block-table\"><table><tbody><tr><td>Lettre d&rsquo;information SNALC&nbsp;&#8211;&nbsp;31 mai 2023<\/td><\/tr><\/tbody><\/table><\/figure>\n\n\n\n<figure class=\"wp-block-table\"><table><tbody><tr><td><img decoding=\"async\" src=\"https:\/\/syndicat-snalc.net\/AWURTSJ67\/LOGO_SNALC_DE_L_ECOLE_AU_SUPERIEUR_RVB_340PX_1fd66ff7e3.png\" alt=\"\"><\/td><\/tr><\/tbody><\/table><\/figure>\n\n\n\n<figure class=\"wp-block-table\"><table><tbody><tr><td><br>PROFESSEURS DE LYC\u00c9E PROFESSIONNEL<a href=\"https:\/\/oxiforms.com\/?MvIDe\" target=\"_blank\" rel=\"noreferrer noopener\">Nous contacter<\/a><br><br><br><\/td><\/tr><\/tbody><\/table><\/figure>\n\n\n\n<figure class=\"wp-block-table\"><table><tbody><tr><td>PACTE PLP&nbsp;:NON AU PI\u00c8GE DE LA SERVITUDE VOLONTAIRE&nbsp;!<\/td><\/tr><\/tbody><\/table><\/figure>\n\n\n\n<figure class=\"wp-block-table\"><table><tbody><tr><td><\/td><\/tr><\/tbody><\/table><\/figure>\n\n\n\n<figure class=\"wp-block-table\"><table><tbody><tr><td><img decoding=\"async\" src=\"https:\/\/snalc.fr\/wp-content\/uploads\/piege_istock_urfinguss-1409283895.jpg\" alt=\"\u00a9 istock\"><\/td><\/tr><\/tbody><\/table><\/figure>\n\n\n\n<figure class=\"wp-block-table\"><table><tbody><tr><td><strong>Le minist\u00e8re nous refuse une revalorisation indiciaire \u00e0 la hauteur de nos t\u00e2ches et de nos qualifications. Apr\u00e8s des d\u00e9cennies de d\u00e9gradation de notre pouvoir d\u2019achat, il veut nous faire croire que nous serions volontaires et accessoirement assez oisifs pour travailler beaucoup plus.<\/strong><br><br><strong>Pour les PLP, c\u2019est 6 briques sinon rien.<\/strong><br><br>Pourquoi un PACTE ins\u00e9cable et si indigeste en LP&nbsp;?<br><strong>Le PACTE sp\u00e9cial PLP va financer<\/strong>&nbsp;:<strong>des heures d\u2019enseignement annuelles<\/strong> qui ne figureront pas ou plus dans la DHG&nbsp;: heures d\u2019enseignement en MC ou FCIL, heures d\u00e9doubl\u00e9es en Fran\u00e7ais et en Maths soit une perte d\u2019heures postes et d\u2019HSA&nbsp;! Ajoutez \u00e0 cela la disparition programm\u00e9e des IMP et des HSE, dont le Minist\u00e8re ne fait pas myst\u00e8re ;des heures d\u2019options et des heures de soutien en BTS, donc, pour beaucoup d\u2019entre nous, <strong>hors \u00e9tablissement<\/strong> ; des heures de <strong>remplacement<\/strong> de courte dur\u00e9e ; des <strong>missions forfaitaires<\/strong> qui, pour certaines, n\u2019ont rien \u00e0 voir avec notre m\u00e9tier de p\u00e9dagogue.<br><strong>Voir les <a href=\"https:\/\/www.education.gouv.fr\/reforme-du-lycee-professionnel-quels-effets-sur-la-remuneration-des-professeurs-en-lycee-378041#edugouv-summary-item-3\" target=\"_blank\" rel=\"noreferrer noopener\">missions en Lyc\u00e9e professionnel<\/a><\/strong><em>NB&nbsp;: L\u2019infographie laisse penser que le PACTE PLP ne comprend que 5 missions. Or, la FAQ du Minist\u00e8re indique bien 6 missions (6 x 1&nbsp;250 = 7&nbsp;500 \u20ac).<\/em><br><br><strong>Volontaires, donc corv\u00e9ables \u00e0 merci&nbsp;!<\/strong><br><br>R\u00e9fl\u00e9chissez-bien avant de signer.<br><strong>Le PACTE est une annualisation du temps de travail<\/strong>&nbsp;:Les heures des missions en face-\u00e0-face p\u00e9dagogique, 18h pour les remplacements de courte dur\u00e9e et 24h pour les autres, seront d\u00e9compt\u00e9es, apr\u00e8s service fait, donc <strong>hors jours f\u00e9ri\u00e9s et p\u00e9riodes de PFMP<\/strong>.Les 18h de remplacement de courte dur\u00e9e pourront vous \u00eatre impos\u00e9es <strong>du lundi matin au vendredi soir<\/strong> (voire jusqu\u2019au samedi matin) ind\u00e9pendamment de notre EDT ou des p\u00e9riodes de PFMP de nos classes.Certaines missions forfaitaires, outre le fait que nous ne serons pas \u00e0 m\u00eame d\u2019en appr\u00e9cier la charge au moment de notre engagement, pourront nous \u00eatre <strong>impos\u00e9es pendant les vacances scolaires<\/strong>, lors des permanences des personnels administratifs. Le Minist\u00e8re, depuis le temps qu\u2019il rappelle aux enseignants qu\u2019ils n\u2019ont droit qu\u2019\u00e0 5 semaines de cong\u00e9s pay\u00e9s par an comme tous les fonctionnaires, trouvera l\u00e0, enfin, l\u2019occasion id\u00e9ale d\u2019appliquer cette r\u00e8gle.<br><br><strong>Le Pacte n\u2019apporte aucune garantie dans la dur\u00e9e.<\/strong><br><br>C\u2019est un engagement annuel&nbsp;: l\u2019augmentation des revenus n\u2019est donc pas p\u00e9renne et les signataires, titulaires ou contractuels, ne seront pas plus assur\u00e9s que les non-signataires de conserver leur poste ou de voir leur contrat renouvel\u00e9.<br><br><br><strong>Refusons ce Pacte<\/strong><strong><br><\/strong>&#8230;pierre angulaire de la scandaleuse r\u00e9forme des Lyc\u00e9es Professionnels<br><br>2023-2024 est une ann\u00e9e charni\u00e8re&nbsp;: les DHG sont d\u00e9j\u00e0 arr\u00eat\u00e9es et nous avons la possibilit\u00e9 d\u2019avoir des HSA, en nombre encore suffisant, pour tous ceux qui en auraient besoin. De plus, vu la lourdeur des missions, il est fort \u00e0 parier qu\u2019il ne sera pas propos\u00e9 d\u2019HSA aux signataires.<br>Refusons le PACTE pour faire obstacle \u00e0 la g\u00e9n\u00e9ralisation de l\u2019annualisation de nos services et la mise en \u0153uvre de la r\u00e9forme des Lyc\u00e9es professionnels qui n\u2019est bonne ni pour les enseignants ni pour les \u00e9l\u00e8ves.<\/td><\/tr><\/tbody><\/table><\/figure>\n\n\n\n<figure class=\"wp-block-table\"><table><tbody><tr><td><img decoding=\"async\" src=\"https:\/\/syndicat-snalc.net\/AWURTSJ67\/manif_istock_amriphoto-1190866489_opt_e713f2709e.jpg\" alt=\"\"><\/td><\/tr><\/tbody><\/table><\/figure>\n\n\n\n<figure class=\"wp-block-table\"><table><tbody><tr><td><strong>LE SNALC ET <\/strong><strong>L&rsquo;INTERSYNDICALE VOIE PROFESSIONNELLE<\/strong><br><strong>Rassemblements le 31 mai<\/strong><br>Le <strong>SNALC<\/strong>, au sein de l\u2019intersyndicale Voie Pro, appelle les personnels \u00e0 des rassemblements devant les DSDEN, les rectorats et le minist\u00e8re le 31 mai jour du Comit\u00e9 Social d\u2019Administration minist\u00e9riel de l\u2019\u00c9ducation nationale (CSA MEN) o\u00f9 les textes sur le pacte seront soumis au vote.<br>Lire le communiqu\u00e9 de l&rsquo;intersyndicale&nbsp;: <a href=\"https:\/\/snalc.fr\/reforme-des-lycees-pro-rassemblement-le-31-mai-et-greve-le-6-juin\/\" target=\"_blank\" rel=\"noreferrer noopener\">ICI<\/a><br>Rapprochez-vous de votre <a href=\"https:\/\/snalc.fr\/contact\/\" target=\"_blank\" rel=\"noreferrer noopener\">section acad\u00e9mique<\/a> pour conna\u00eetre le lieu et l\u2019heure du rassemblement dans votre acad\u00e9mie.<\/td><\/tr><\/tbody><\/table><\/figure>\n\n\n\n<figure class=\"wp-block-table\"><table><tbody><tr><td><img decoding=\"async\" src=\"https:\/\/syndicat-snalc.net\/AWURTSJ67\/voiepro_istock_fermate-1182104391_opt_8f3053dde0.jpg\" alt=\"\"><strong>Lyc\u00e9es professionnels&nbsp;: la r\u00e9formite ne s\u2019arr\u00eate plus<\/strong><strong><br><\/strong>Le&nbsp; SNALC accueille avec de fortes craintes les annonces faites par le pr\u00e9sident de la R\u00e9publique sur une \u00e9ni\u00e8me r\u00e9forme de la voie professionnelle. Si le budget affich\u00e9 d\u2019un milliard est loin d\u2019\u00eatre ridicule, rappelons que l\u2019essentiel de la somme sera absorb\u00e9 par la mesure de gratification des \u00e9l\u00e8ves, qui n\u2019a pas d\u2019impact r\u00e9el sur la structuration de nos \u00e9tablissements ni de nos formations<br>[<a href=\"https:\/\/snalc.fr\/lycees-professionnels-la-reformite-ne-sarrete-plus\/\" target=\"_blank\" rel=\"noreferrer noopener\">Lire la suite<\/a>]<\/td><\/tr><\/tbody><\/table><\/figure>\n\n\n\n<figure class=\"wp-block-table\"><table><tbody><tr><td><img decoding=\"async\" src=\"https:\/\/snalc.fr\/wp-content\/uploads\/loupe_istock_Bulat-Silvia-1189723207.jpg\" alt=\"\"><strong>Focus sur le statut de \u00ab\u00a0professeur associ\u00e9\u00a0\u00bb&nbsp;: les PLP des disciplines pro en danger&nbsp;?<\/strong><strong><br><\/strong>Tels que pr\u00e9sent\u00e9s par le Pr\u00e9sident, les professeurs associ\u00e9s seraient des professionnels qui partageraient leur temps entre une entreprise, en qualit\u00e9 de salari\u00e9, et un lyc\u00e9e professionnel o\u00f9 ils assureraient l\u2019enseignement professionnel devant des \u00e9l\u00e8ves sous statut scolaire<br>[<a href=\"https:\/\/snalc.fr\/reforme-des-lycees-professionnels-ou-en-sommes-nous#associe\" target=\"_blank\" rel=\"noreferrer noopener\">Lire la suite<\/a>]<\/td><\/tr><\/tbody><\/table><\/figure>\n\n\n\n<figure class=\"wp-block-table\"><table><tbody><tr><td><img decoding=\"async\" src=\"https:\/\/snalc.fr\/wp-content\/uploads\/elephant_istock_gremlin-1164217945.jpg\" alt=\"\"><strong>R\u00e9forme des Lyc\u00e9es pro&nbsp;: des menaces r\u00e9elles&nbsp;!<\/strong><strong><br><\/strong>Apr\u00e8s des mois de tergiversations, les mesures de la r\u00e9forme ont enfin \u00e9t\u00e9 rendues publiques par le Pr\u00e9sident ce jeudi 4 mai. Ces annonces ne tiennent pas compte des mobilisations unitaires historiques de l\u2019automne qui ont d\u00e9montr\u00e9 le refus et la col\u00e8re des personnels face \u00e0 son projet.<br>[<a href=\"https:\/\/snalc.fr\/reforme-des-lycees-pro-des-menaces-reelles\/\" target=\"_blank\" rel=\"noreferrer noopener\">Lire la suite<\/a>]<\/td><\/tr><\/tbody><\/table><\/figure>\n\n\n\n<figure class=\"wp-block-table\"><table><tbody><tr><td><img decoding=\"async\" src=\"https:\/\/syndicat-snalc.net\/AWURTSJ67\/editedimg_7bf72702d8.png\" alt=\"\"><strong>10 RECOMMANDATIONS POUR \u00caTRE PLUS FORT AU TRAVAIL<\/strong><br>M\u00eame si \u00ab<em> cela n\u2019arrive qu\u2019aux autres<\/em>&nbsp;\u00bb, nous vous invitons \u00e0 prendre connaissance des 10 recommandations du SNALC&nbsp;: autant d\u2019erreurs \u00e0 ne pas commettre, de conseils \u00e0 appliquer, de pi\u00e8ges \u00e0 rep\u00e9rer[<a href=\"https:\/\/snalc.fr\/10-recommandations-pour-etre-plus-fort-au-travail\/\" target=\"_blank\" rel=\"noreferrer noopener\">Lire la suite<\/a>]<\/td><\/tr><\/tbody><\/table><\/figure>\n\n\n\n<figure class=\"wp-block-table\"><table><tbody><tr><td><strong>LES GUIDES DU SNALC<\/strong><\/td><\/tr><\/tbody><\/table><\/figure>\n\n\n\n<figure class=\"wp-block-table\"><table><tbody><tr><td><a href=\"https:\/\/snalc.fr\/vademecum-profs-cpe-psy\/\" target=\"_blank\" rel=\"noreferrer noopener\"><\/a><a href=\"https:\/\/snalc.fr\/les-incontournables-du-snalc\/\" target=\"_blank\" rel=\"noreferrer noopener\"><\/a><a href=\"https:\/\/snalc.fr\/tout-ce-que-vous-napprendrez-peut-etre-pas-a-linspe\/\" target=\"_blank\" rel=\"noreferrer noopener\"><\/a><a href=\"https:\/\/snalc.fr\/guide-de-lelu-en-conseil-dadministration\/\" target=\"_blank\" rel=\"noreferrer noopener\"><\/a><\/td><\/tr><\/tbody><\/table><\/figure>\n\n\n\n<figure class=\"wp-block-table\"><table><tbody><tr><td><strong>POURQUOI REJOINDRE LE SNALC&nbsp;?<\/strong><\/td><\/tr><\/tbody><\/table><\/figure>\n\n\n\n<figure class=\"wp-block-table\"><table><tbody><tr><td><img decoding=\"async\" src=\"https:\/\/syndicat-snalc.net\/AWURTSJ67\/9e6ddc209f1392fb4e74a82609409d7db2ec8759_ed5df3d865.jpg\" alt=\"\"><strong>AU MOINS 7 BONNES RAISONS<\/strong>1-L&rsquo;ind\u00e9pendance du SNALC2-La repr\u00e9sentativit\u00e9 du SNALC3-Au SNALC, pas de langue de bois4-Des ressources \u00e0 votre disposition5-Avantages SNALC&nbsp;: exclusif pour les adh\u00e9rents6-Une vraie assistance juridique avec l&rsquo;adh\u00e9sion7-Le syndicat le moins cher de l&rsquo;\u00c9ducation nationale <a href=\"https:\/\/snalc.fr\/7-bonnes-raisons\/\" target=\"_blank\" rel=\"noreferrer noopener\"><strong>Lire la suite<\/strong><\/a><\/td><\/tr><\/tbody><\/table><\/figure>\n\n\n\n<figure class=\"wp-block-table\"><table><tbody><tr><td><\/td><\/tr><\/tbody><\/table><\/figure>\n\n\n\n<figure class=\"wp-block-table\"><table><tbody><tr><td>L&rsquo;ADH\u00c9SION AU SNALC<br>Le syndicat <a href=\"https:\/\/snalc.fr\/wp-content\/uploads\/tarifs.pdf\" target=\"_blank\" rel=\"noreferrer noopener\">le moins cher<\/a> de l&rsquo;Education nationale<\/td><\/tr><\/tbody><\/table><\/figure>\n\n\n\n<figure class=\"wp-block-table\"><table><tbody><tr><td>90 \u20ac pour un an<\/td><\/tr><\/tbody><\/table><\/figure>\n\n\n\n<figure class=\"wp-block-table\"><table><tbody><tr><td>Assistance et <a href=\"https:\/\/snalc.fr\/gmf-protection-juridique\/\" target=\"_blank\" rel=\"noreferrer noopener\">protection juridiques<\/a> p\u00e9nales comprises (agressions, diffamation, harc\u00e8lement&#8230;). Dispositif exclusif d&rsquo;aide \u00e0 la mobilit\u00e9&nbsp;: <a href=\"https:\/\/snalc.fr\/mobi-snalc\/\" target=\"_blank\" rel=\"noreferrer noopener\">mobi-SNALC<\/a>. Tarifs n\u00e9goci\u00e9s aupr\u00e8s de nombreux partenaires&nbsp;: \u00ab\u00a0<a href=\"https:\/\/snalc.fr\/avantages-snalc\/\" target=\"_blank\" rel=\"noreferrer noopener\">Avantages-SNALC<\/a>\u00ab\u00a0.<\/td><\/tr><\/tbody><\/table><\/figure>\n\n\n\n<figure class=\"wp-block-table\"><table><tbody><tr><td><img decoding=\"async\" src=\"http:\/\/syndicat-snalc.net\/AWURTSJ67\/editedimg_361b042f34.jpg\" alt=\"\"><a href=\"https:\/\/snalc.fr\/adhesion-carte\/\" target=\"_blank\" rel=\"noreferrer noopener\">carte bancaire<\/a><img decoding=\"async\" src=\"http:\/\/syndicat-snalc.net\/AWURTSJ67\/adhesion_prelevements_0703b426ca.JPG\" alt=\"\"><a href=\"https:\/\/snalc.fr\/adhesion\/\" target=\"_blank\" rel=\"noreferrer noopener\">pr\u00e9l\u00e8vements mensuels<\/a><img decoding=\"async\" src=\"https:\/\/syndicat-snalc.net\/AWURTSJ67\/editedimg_c6a21d792d.png\" alt=\"\"><a href=\"https:\/\/snalc.fr\/adhesion-virement\/\" target=\"_blank\" rel=\"noreferrer noopener\">virement<\/a><img decoding=\"async\" src=\"http:\/\/syndicat-snalc.net\/AWURTSJ67\/adhesion_cheque_699976dc59.JPG\" alt=\"\"><a href=\"https:\/\/snalc.fr\/adhesion-cheque\/\" target=\"_blank\" rel=\"noreferrer noopener\">ch\u00e8que<\/a><\/td><\/tr><\/tbody><\/table><\/figure>\n\n\n\n<figure class=\"wp-block-table\"><table><tbody><tr><td>Le SNALC est totalement ind\u00e9pendant&nbsp;: les cotisations sont ses seules ressources. Il n&rsquo;a de compte \u00e0 rendre qu&rsquo;\u00e0 ses adh\u00e9rents.<br><a href=\"https:\/\/snalc.fr\/wp-content\/uploads\/Adhesion_zero_euro.pdf\" target=\"_blank\" rel=\"noreferrer noopener\">Adh\u00e9sion \u00e0 z\u00e9ro euro&nbsp;: c&rsquo;est le moment de d\u00e9couvrir le SNALC&nbsp;!<\/a><\/td><\/tr><\/tbody><\/table><\/figure>\n\n\n\n<figure class=\"wp-block-table\"><table><tbody><tr><td><img decoding=\"async\" src=\"https:\/\/syndicat-snalc.net\/AWURTSJ67\/SNALC2026_BLEU_507b4a5d6e.JPG\" alt=\"\"><\/td><\/tr><\/tbody><\/table><\/figure>\n\n\n\n<figure class=\"wp-block-table\"><table><tbody><tr><td><a href=\"https:\/\/snalc.fr\/contact\/\" target=\"_blank\" rel=\"noreferrer noopener\">Toutes nos coordonn\u00e9es<\/a><\/td><\/tr><\/tbody><\/table><\/figure>\n","protected":false},"excerpt":{"rendered":"<p>Lettre d&rsquo;information SNALC&nbsp;&#8211;&nbsp;31 mai 2023 PROFESSEURS DE LYC\u00c9E PROFESSIONNELNous contacter PACTE PLP&nbsp;:NON AU PI\u00c8GE DE LA SERVITUDE VOLONTAIRE&nbsp;! Le minist\u00e8re nous refuse une revalorisation indiciaire \u00e0 la hauteur de nos [&hellip;]<\/p>\n","protected":false},"author":1,"featured_media":0,"comment_status":"closed","ping_status":"closed","sticky":false,"template":"","format":"standard","meta":{"_lmt_disableupdate":"","_lmt_disable":"","site-sidebar-layout":"default","site-content-layout":"","ast-site-content-layout":"default","site-content-style":"default","site-sidebar-style":"default","ast-global-header-display":"","ast-banner-title-visibility":"","ast-main-header-display":"","ast-hfb-above-header-display":"","ast-hfb-below-header-display":"","ast-hfb-mobile-header-display":"","site-post-title":"","ast-breadcrumbs-content":"","ast-featured-img":"","footer-sml-layout":"","ast-disable-related-posts":"","theme-transparent-header-meta":"","adv-header-id-meta":"","stick-header-meta":"","header-above-stick-meta":"","header-main-stick-meta":"","header-below-stick-meta":"","astra-migrate-meta-layouts":"default","ast-page-background-enabled":"default","ast-page-background-meta":{"desktop":{"background-color":"var(--ast-global-color-4)","background-image":"","background-repeat":"repeat","background-position":"center center","background-size":"auto","background-attachment":"scroll","background-type":"","background-media":"","overlay-type":"","overlay-color":"","overlay-opacity":"","overlay-gradient":""},"tablet":{"background-color":"","background-image":"","background-repeat":"repeat","background-position":"center center","background-size":"auto","background-attachment":"scroll","background-type":"","background-media":"","overlay-type":"","overlay-color":"","overlay-opacity":"","overlay-gradient":""},"mobile":{"background-color":"","background-image":"","background-repeat":"repeat","background-position":"center center","background-size":"auto","background-attachment":"scroll","background-type":"","background-media":"","overlay-type":"","overlay-color":"","overlay-opacity":"","overlay-gradient":""}},"ast-content-background-meta":{"desktop":{"background-color":"var(--ast-global-color-5)","background-image":"","background-repeat":"repeat","background-position":"center center","background-size":"auto","background-attachment":"scroll","background-type":"","background-media":"","overlay-type":"","overlay-color":"","overlay-opacity":"","overlay-gradient":""},"tablet":{"background-color":"var(--ast-global-color-5)","background-image":"","background-repeat":"repeat","background-position":"center center","background-size":"auto","background-attachment":"scroll","background-type":"","background-media":"","overlay-type":"","overlay-color":"","overlay-opacity":"","overlay-gradient":""},"mobile":{"background-color":"var(--ast-global-color-5)","background-image":"","background-repeat":"repeat","background-position":"center center","background-size":"auto","background-attachment":"scroll","background-type":"","background-media":"","overlay-type":"","overlay-color":"","overlay-opacity":"","overlay-gradient":""}},"footnotes":""},"categories":[31],"tags":[],"class_list":["post-1530","post","type-post","status-publish","format-standard","hentry","category-actualites-2022-2023"],"modified_by":"slecourtier","_links":{"self":[{"href":"https:\/\/snalc.org\/snalc2023\/index.php?rest_route=\/wp\/v2\/posts\/1530","targetHints":{"allow":["GET"]}}],"collection":[{"href":"https:\/\/snalc.org\/snalc2023\/index.php?rest_route=\/wp\/v2\/posts"}],"about":[{"href":"https:\/\/snalc.org\/snalc2023\/index.php?rest_route=\/wp\/v2\/types\/post"}],"author":[{"embeddable":true,"href":"https:\/\/snalc.org\/snalc2023\/index.php?rest_route=\/wp\/v2\/users\/1"}],"replies":[{"embeddable":true,"href":"https:\/\/snalc.org\/snalc2023\/index.php?rest_route=%2Fwp%2Fv2%2Fcomments&post=1530"}],"version-history":[{"count":1,"href":"https:\/\/snalc.org\/snalc2023\/index.php?rest_route=\/wp\/v2\/posts\/1530\/revisions"}],"predecessor-version":[{"id":1531,"href":"https:\/\/snalc.org\/snalc2023\/index.php?rest_route=\/wp\/v2\/posts\/1530\/revisions\/1531"}],"wp:attachment":[{"href":"https:\/\/snalc.org\/snalc2023\/index.php?rest_route=%2Fwp%2Fv2%2Fmedia&parent=1530"}],"wp:term":[{"taxonomy":"category","embeddable":true,"href":"https:\/\/snalc.org\/snalc2023\/index.php?rest_route=%2Fwp%2Fv2%2Fcategories&post=1530"},{"taxonomy":"post_tag","embeddable":true,"href":"https:\/\/snalc.org\/snalc2023\/index.php?rest_route=%2Fwp%2Fv2%2Ftags&post=1530"}],"curies":[{"name":"wp","href":"https:\/\/api.w.org\/{rel}","templated":true}]}}