{"id":1561,"date":"2023-06-10T19:43:54","date_gmt":"2023-06-10T17:43:54","guid":{"rendered":"https:\/\/snalc.org\/snalc2023\/?p=1561"},"modified":"2023-06-10T19:43:56","modified_gmt":"2023-06-10T17:43:56","slug":"congres-national-du-snalc-a-strasbourg-un-franc-succes","status":"publish","type":"post","link":"https:\/\/snalc.org\/snalc2023\/?p=1561","title":{"rendered":"Congr\u00e8s national du SNALC \u00e0 Strasbourg : un franc succ\u00e8s"},"content":{"rendered":"\n<figure class=\"wp-block-image\"><img decoding=\"async\" src=\"https:\/\/snalc.fr\/wp-content\/uploads\/SNALC-Jean-Pierre-GAVRILOVIC-Photo-Philippe_Sautier.jpg\" alt=\"\"\/><figcaption class=\"wp-element-caption\">\u00a9 SNALC Jean Pierre GAVRILOVIC &#8211; Photo Philippe_Sautier<\/figcaption><\/figure>\n\n\n\n<h4 class=\"wp-block-heading\"><a href=\"https:\/\/snalc.fr\/congres-national-strasbourg-galerie\/\" target=\"_blank\" rel=\"noreferrer noopener\"><strong>Acc\u00e9der \u00e0 la galerie photo du congr\u00e8s national<\/strong><\/a><\/h4>\n\n\n\n<p><em>Acc\u00e8s r\u00e9serv\u00e9 aux adh\u00e9rents connect\u00e9s<\/em><\/p>\n\n\n\n<p><strong>Le&nbsp;<a href=\"https:\/\/snalc.fr\/100e-congres-national-le-snalc-en-confiance-elit-son-nouveau-bureau-national\/\">100<sup>\u00e8me<\/sup>&nbsp;congr\u00e8s national&nbsp;du&nbsp;SNALC&nbsp;<\/a>(Syndicat national des lyc\u00e9es, coll\u00e8ges, \u00e9coles et du sup\u00e9rieur), syndicat repr\u00e9sentatif de tous les personnels de l\u2019Education nationale s\u2019est d\u00e9roul\u00e9 \u00e0 Strasbourg du 22 au 26 mai 2023.<\/strong><\/p>\n\n\n\n<p>Plus de 200 congressistes issus de toute la France m\u00e9tropolitaine mais \u00e9galement une d\u00e9l\u00e9gation du SNALC DETOM fi\u00e8rement repr\u00e9sent\u00e9e par <strong>Fr\u00e9d\u00e9ric CHEULA<\/strong>&nbsp;de Martinique, responsable des DROM COM et&nbsp;<strong>Christophe GALLAIRE<\/strong>, venu tout droit de Madagascar, responsable des enseignants d\u00e9tach\u00e9s (AEFE et 29<sup>\u00e8me<\/sup>&nbsp;base) ont particip\u00e9 \u00e0 cet \u00e9v\u00e8nement, dans le cadre du renouvellement des instances nationales du&nbsp;<strong>SNALC<\/strong><\/p>\n\n\n\n<figure class=\"wp-block-image\"><img decoding=\"async\" src=\"https:\/\/snalc.fr\/wp-content\/uploads\/SNALC-congres-Strasbourg-mai-2023-Photo-Philippe-Sautier-5.jpg\" alt=\"\"\/><figcaption class=\"wp-element-caption\">SNALC &#8211; Photo Philippe Sautier<\/figcaption><\/figure>\n\n\n\n<figure class=\"wp-block-image\"><img decoding=\"async\" src=\"https:\/\/snalc.fr\/wp-content\/uploads\/SNALC-congres-Strasbourg-mai-2023-Photo-Philippe-Sautier-4-1024x683.jpg\" alt=\"\"\/><figcaption class=\"wp-element-caption\">SNALC &#8211; Photo Philippe Sautier<\/figcaption><\/figure>\n\n\n\n<p>A cette occasion, notre Pr\u00e9sident national depuis 2018,<strong>&nbsp;Jean-R\u00e9mi GIRARD<\/strong>, professeur agr\u00e9g\u00e9 de Lettres a \u00e9t\u00e9 r\u00e9\u00e9lu \u00e0 l\u2019unanimit\u00e9 et reconduit dans ses fonctions pour quatre ans.<\/p>\n\n\n\n<p>Il sera second\u00e9 par ses trois vice-pr\u00e9sidents&nbsp;:&nbsp;<strong>Marie-H\u00e9l\u00e8ne PIQUEMAL<\/strong>,&nbsp;<strong>Toufic KAYAL<\/strong>, reconduits dans leurs fonctions, ainsi que&nbsp;<strong>Maxime REPPERT<\/strong>, pr\u00e9sident du SNALC de Dijon, nouvellement \u00e9lu.<\/p>\n\n\n\n<figure class=\"wp-block-image\"><img decoding=\"async\" src=\"https:\/\/snalc.fr\/wp-content\/uploads\/Congres-SNALC-mai2023-Photo-Stephanie-Benoist-51-1024x682.jpg\" alt=\"\"\/><figcaption class=\"wp-element-caption\">SNALC &#8211; Photo St\u00e9phanie Benoist<\/figcaption><\/figure>\n\n\n\n<figure class=\"wp-block-image\"><img decoding=\"async\" src=\"https:\/\/snalc.fr\/wp-content\/uploads\/SNALC-congres-Strasbourg-mai-2023-Photo-Philippe-Sautier-34.jpg\" alt=\"\"\/><figcaption class=\"wp-element-caption\">SNALC &#8211; Photo Philippe Sautier<\/figcaption><\/figure>\n\n\n\n<figure class=\"wp-block-image\"><img decoding=\"async\" src=\"https:\/\/snalc.fr\/wp-content\/uploads\/SNALC-congres-Strasbourg-mai-2023-Photo-Philippe-Sautier-37.jpg\" alt=\"\"\/><figcaption class=\"wp-element-caption\">SNALC &#8211; Photo Philippe Sautier<\/figcaption><\/figure>\n\n\n\n<figure class=\"wp-block-image\"><img decoding=\"async\" src=\"https:\/\/snalc.fr\/wp-content\/uploads\/SNALC_BFMTV_Alsace_20230524-1024x574.jpg\" alt=\"\"\/><figcaption class=\"wp-element-caption\">SNALC &#8211; capture d&rsquo;\u00e9cran BFM TV Alsace<\/figcaption><\/figure>\n\n\n\n<p>Ce congr\u00e8s consacr\u00e9 principalement aux \u00e9lections du nouveau bureau national a \u00e9t\u00e9 \u00e9galement ponctu\u00e9 de temps d\u2019\u00e9changes avec les congressistes, de rencontres enrichissantes et de mises au point sur&nbsp; les r\u00e9formes \u00e0 l\u2019ordre du jour, notamment le Pacte, qui fait couler beaucoup d\u2019encre, la r\u00e9forme du bac en terminale , les suppressions de postes av\u00e9r\u00e9es par la baisse d\u00e9mographique (\u00e9mission sur <a href=\"https:\/\/snalc-strasbourg.fr\/bfm-alsace-recoit-jean-remi-girard-et-stephanie-hamm\/\">BFM TV&nbsp;ALSACE<\/a>&nbsp;: invit\u00e9s&nbsp;<strong>Jean-R\u00e9mi GIRARD <\/strong>et <strong>St\u00e9phanie HAMM<\/strong>)&nbsp; et plus g\u00e9n\u00e9ralement la crise du recrutement et des vocations.<\/p>\n\n\n\n<p>Il faut dire que ce congr\u00e8s avait \u00e9t\u00e9 soigneusement pr\u00e9par\u00e9 et dirig\u00e9 d\u2019une main de ma\u00eetre par&nbsp;<strong>Jean-Pierre GAVRILOVIC, Pr\u00e9sident acad\u00e9mique du SNALC Strasbourg&nbsp;<\/strong>qui a motiv\u00e9 ses troupes et tout mis en \u0153uvre pour que ce congr\u00e8s soit une r\u00e9ussite.<\/p>\n\n\n\n<p>&nbsp;La salle g\u00e9n\u00e9reusement mise \u00e0 disposition par le Proviseur du lyc\u00e9e Kl\u00e9ber&nbsp;:&nbsp;<strong>Sylvain LETHEUX<\/strong>&nbsp;second\u00e9 par&nbsp;<strong>St\u00e9phanie HAMM<\/strong>, proviseure adjointe, a \u00e9t\u00e9 d\u00e9cor\u00e9e de mani\u00e8re magistrale&nbsp;: la cath\u00e9drale de Strasbourg et son horloge astronomique, reconstitu\u00e9e pour l\u2019occasion, \u00e0 l\u2019aide de signets SNALC, les cigognes en bois, symboles de l\u2019Alsace, ornaient les murs, les \u00e9ditoriaux des quinzaines universitaires r\u00e9dig\u00e9s par Jean-R\u00e9mi GIRARD formaient un rideau multicolore en toile de fond, derri\u00e8re la tribune des intervenants, orn\u00e9e des drapeaux bleus SNALC et les lettres SNALC ALSACE tr\u00f4naient sur le mur du fond, pour rappeler notre identit\u00e9.<\/p>\n\n\n\n<figure class=\"wp-block-image\"><img decoding=\"async\" src=\"https:\/\/snalc.fr\/wp-content\/uploads\/SNALC-congres-Strasbourg-mai-2023-Photo-Philippe-Sautier-9.jpg\" alt=\"\"\/><\/figure>\n\n\n\n<figure class=\"wp-block-image\"><img decoding=\"async\" src=\"https:\/\/snalc.fr\/wp-content\/uploads\/Congres-SNALC-mai2023-Photo-Stephanie-Benoist-133.jpg\" alt=\"\"\/><figcaption class=\"wp-element-caption\">SNALC &#8211; Photo St\u00e9phanie Benoist<\/figcaption><\/figure>\n\n\n\n<figure class=\"wp-block-image\"><img decoding=\"async\" src=\"https:\/\/snalc.fr\/wp-content\/uploads\/SNALC-congres-Strasbourg-Photo-MHP-34.jpg\" alt=\"\"\/><\/figure>\n\n\n\n<p>Le lundi 22 a \u00e9t\u00e9 consacr\u00e9 \u00e0 l\u2019ouverture du congr\u00e8s et \u00e0 l\u2019accueil des congressistes de tous horizons, repr\u00e9sentatifs de toutes les cat\u00e9gories de personnels avec le mot de bienvenue du pr\u00e9sident acad\u00e9mique qui a pr\u00e9sent\u00e9 \u00e0 la fois le&nbsp;<strong>SNALC<\/strong>&nbsp;Alsace et la r\u00e9gion ALSACE et l\u2019intervention liminaire du Pr\u00e9sident&nbsp;:&nbsp;<strong>Jean-R\u00e9mi GIRARD<\/strong>, qui a f\u00e9licit\u00e9 l\u2019\u00e9quipe alsacienne pour son investissement.&nbsp;<\/p>\n\n\n\n<figure class=\"wp-block-image\"><img decoding=\"async\" src=\"https:\/\/snalc.fr\/wp-content\/uploads\/SNALC-congres-Strasbourg-mai-2023-Photo-Philippe-Sautier-16.jpg\" alt=\"\"\/><figcaption class=\"wp-element-caption\">SNALC &#8211; Photo Philippe Sautier<\/figcaption><\/figure>\n\n\n\n<p>Tout a \u00e9t\u00e9 mis en \u0153uvre pour accueillir le public dignement.<\/p>\n\n\n\n<p>L\u2019\u00e9quipe du <strong>SNALC<\/strong> Strasbourg a \u00e9t\u00e9 pr\u00e9sent\u00e9e aux congressistes, chaque membre de l\u2019\u00e9quipe avait pour mission de remettre un cadeau de bienvenue au repr\u00e9sentant de chaque acad\u00e9mie pr\u00e9sente, en musique et avec humour.&nbsp;<\/p>\n\n\n\n<p>Puis la r\u00e9gion Alsace et plus sp\u00e9cifiquement la ville de Strasbourg ont \u00e9t\u00e9 pr\u00e9sent\u00e9es de mani\u00e8re ludique sous forme de diaporama et de quiz pour une d\u00e9couverte plaisir de l\u2019histoire de la ville, de ses symboles et de ses artistes locaux. Les \u00e9lections du bureau national ont progressivement pris place, puis \u00e0 l\u2019issue de la journ\u00e9e, surprise ! Une chanteuse et un musicien ont cl\u00f4tur\u00e9 la soir\u00e9e par une \u00ab <a href=\"https:\/\/snalc-strasbourg.fr\/wp-content\/uploads\/sites\/15\/2023\/05\/cookie-dingler-SNALC-libere-22-mai-2023.pdf\">parodie syndicale<\/a>&nbsp;\u00bb de la chanson de Cookie DINGLER : \u00ab \u00catre une femme lib\u00e9r\u00e9e ! \u00bb, reprise en ch\u0153ur par les membres de l\u2019assembl\u00e9e.<\/p>\n\n\n\n<figure class=\"wp-block-image\"><img decoding=\"async\" src=\"https:\/\/snalc.fr\/wp-content\/uploads\/SNALC-congres-Strasbourg-mai-2023-Photo-Philippe-Sautier-50.jpg\" alt=\"\"\/><figcaption class=\"wp-element-caption\">SNALC &#8211; Photo Philippe Sautier<\/figcaption><\/figure>\n\n\n\n<p>La journ\u00e9e du mardi a \u00e9t\u00e9 d\u00e9di\u00e9e dans son ensemble \u00e0 l\u2019\u00e9lection des secr\u00e9taires nationaux.<\/p>\n\n\n\n<p>Le bureau national compte vingt et un membres&nbsp;; quatre nouveaux responsables, dont trois femmes ont \u00e9t\u00e9 \u00e9lus&nbsp;:&nbsp;<strong>Elise BOZEC BARET<\/strong>, responsable du CNED, sur le secteur des conditions de travail et du climat scolaire&nbsp;;&nbsp;<strong>Val\u00e9rie LEJEUNE LAMBERT<\/strong>, membre au CSE, pour l\u2019enseignement professionnel&nbsp;;&nbsp;<strong>Solange DE JESUS<\/strong>, pr\u00e9sidente du SNALC de Nancy-Metz, sur le secteur des Valeurs de la R\u00e9publique&nbsp;;&nbsp;<strong>Lucien BARBOLOSI<\/strong>, pr\u00e9sident du SNALC de Corse, pour les personnels BIATSS.<\/p>\n\n\n\n<figure class=\"wp-block-image\"><img decoding=\"async\" src=\"https:\/\/snalc.fr\/wp-content\/uploads\/SNALC-congres-Strasbourg-mai-2023-Photo-Philippe-Sautier-1.jpg\" alt=\"\"\/><figcaption class=\"wp-element-caption\">SNALC &#8211; Photo Philippe Sautier<\/figcaption><\/figure>\n\n\n\n<p>En soir\u00e9e, les participants ont \u00e9t\u00e9 convi\u00e9s \u00e0 une visite de la cath\u00e9drale avec mont\u00e9e des marches pour contempler la vue imprenable sur Strasbourg !<\/p>\n\n\n\n<figure class=\"wp-block-image\"><img decoding=\"async\" src=\"https:\/\/snalc.fr\/wp-content\/uploads\/SNALC-congres-national-mai2023-Cathedrale-1024x587.jpg\" alt=\"\"\/><figcaption class=\"wp-element-caption\">SNALC &#8211; Photo Patrick Buffet<\/figcaption><\/figure>\n\n\n\n<p>La journ\u00e9e du mercredi, quant \u00e0 elle, a \u00e9t\u00e9 consacr\u00e9e \u00e0 la r\u00e9union du bureau national nouvellement \u00e9lu et \u00e0 la soir\u00e9e de gala \u00e0 la maison Kammerzell, les participants ont \u00e9t\u00e9 chaleureusement convi\u00e9s \u00e0 d\u00e9guster un repas typiquement alsacien&nbsp;: la traditionnelle choucroute garnie, sp\u00e9cialit\u00e9 de la maison, g\u00e9n\u00e9reusement offerte aux adh\u00e9rents du&nbsp;<strong>SNALC<\/strong>.<\/p>\n\n\n\n<p>M\u00e9lanie, Jean-Pierre, Val\u00e9rie, Rapha\u00ebl, St\u00e9phanie, et Budimir officiaient en costume alsacien \u00e0 cette occasion, pour la plus grande joie des convives !<\/p>\n\n\n\n<figure class=\"wp-block-image\"><img decoding=\"async\" src=\"https:\/\/snalc.fr\/wp-content\/uploads\/Congres-SNALC-mai2023-Photo-Stephanie-Benoist-83-1024x682.jpg\" alt=\"\"\/><figcaption class=\"wp-element-caption\">SNALC &#8211; Photo St\u00e9phanie Benoist<\/figcaption><\/figure>\n\n\n\n<figure class=\"wp-block-image\"><img decoding=\"async\" src=\"https:\/\/snalc.fr\/wp-content\/uploads\/Dessin_EM_congres_Strasbourg-1-824x1024.jpg\" alt=\"\"\/><figcaption class=\"wp-element-caption\">SNALC &#8211; Dessin Estelle Meunier<\/figcaption><\/figure>\n\n\n\n<p>La journ\u00e9e du jeudi, d\u00e9di\u00e9e \u00e0 l\u2019\u00e9change avec l\u2019explicitation des r\u00e9formes en cours par notre Pr\u00e9sident national a remport\u00e9 un vif succ\u00e8s : les enjeux cach\u00e9s du pacte notamment, le SNALC a appel\u00e9 \u00e0 ne pas s\u2019engager dans ce dispositif (des HSE sont disponibles, nul besoin du pacte), les r\u00e9formes coll\u00e8ge\/lyc\u00e9e, la voie professionnelle, l\u2019\u00e9cole inclusive, la probl\u00e9matique des AESH, tous les sujets d\u2019actualit\u00e9 ont \u00e9t\u00e9 mis sur la table avec sinc\u00e9rit\u00e9 et authenticit\u00e9. Des interventions int\u00e9ressantes ont \u00e9maill\u00e9 le d\u00e9bat, comme celle du repr\u00e9sentant du cabinet d\u2019avocats, partenaire du&nbsp;<strong>SNALC<\/strong>&nbsp;sur la&nbsp;<a href=\"https:\/\/snalc-strasbourg.fr\/wp-content\/uploads\/sites\/15\/2023\/05\/Region-1.pdf\">judiciarisation pr\u00e9gnante de la soci\u00e9t\u00e9 pour pallier une faiblesse politique<\/a>.<\/p>\n\n\n\n<figure class=\"wp-block-image\"><img decoding=\"async\" src=\"https:\/\/snalc.fr\/wp-content\/uploads\/SNALC-congres-Strasbourg-Photo-MHP-82.jpg\" alt=\"\"\/><figcaption class=\"wp-element-caption\">SNALC &#8211; Photo MHP<\/figcaption><\/figure>\n\n\n\n<p>L\u2019apr\u00e8s-midi a c\u00e9d\u00e9 la place aux \u00e9changes individuels, aux rencontres, qui ont contribu\u00e9 \u00e0 renforcer la coh\u00e9sion du groupe, \u00e0 l\u2019aide des sorties propos\u00e9es : visites insolites de la ville de Strasbourg organis\u00e9es par M\u00e9lanie, Ghislaine et Val\u00e9rie qui nous ont servi de guides \u00e9m\u00e9rites.<\/p>\n\n\n\n<p>Pour ne rien g\u00e2cher, le beau temps \u00e9tait de la partie ! Un soleil radieux sublimait les fa\u00e7ades \u00e0 colombages de la Petite France ! Un vrai r\u00e9gal !<\/p>\n\n\n\n<figure class=\"wp-block-image\"><img decoding=\"async\" src=\"https:\/\/snalc.fr\/wp-content\/uploads\/SNALC-congres-Strasbourg-Photo-MHP-113-e1685974992626.jpg\" alt=\"\"\/><figcaption class=\"wp-element-caption\">SNALC &#8211; Photo MHP<\/figcaption><\/figure>\n\n\n\n<figure class=\"wp-block-image\"><img decoding=\"async\" src=\"https:\/\/snalc.fr\/wp-content\/uploads\/SNALC-congres-Strasbourg-mai-2023-Photo-Philippe-Sautier-26.jpg\" alt=\"\"\/><figcaption class=\"wp-element-caption\">SNALC &#8211; Photo Philippe Sautier<\/figcaption><\/figure>\n\n\n\n<p>Enfin, pour cl\u00f4turer le congr\u00e8s, notre Pr\u00e9sident&nbsp;<strong>Jean-R\u00e9mi GIRARD<\/strong>&nbsp;a pris la parole pour revenir sur les valeurs fondamentales du&nbsp;<strong>SNALC<\/strong>, son attachement \u00e0 l\u2019\u00e9cole r\u00e9publicaine, la transmission des savoirs et la garantie du respect de la libert\u00e9 p\u00e9dagogique des enseignants.<\/p>\n\n\n\n<p>En bref, un congr\u00e8s inoubliable, convivial, solidaire, riche en moments \u00e9mouvants (l\u2019allocution de&nbsp;<strong>Fr\u00e9d\u00e9ric ELEUCHE<\/strong>, \u00e9mu aux larmes) pour nous convaincre de poursuivre les luttes quotidiennes, au service de nos adh\u00e9rents.<\/p>\n\n\n\n<h4 class=\"wp-block-heading\"><a href=\"https:\/\/snalc.fr\/congres-national-strasbourg-galerie\/\" target=\"_blank\" rel=\"noreferrer noopener\"><strong>Acc\u00e9der \u00e0 la galerie photo du congr\u00e8s national<\/strong><\/a><\/h4>\n\n\n\n<p><em>Acc\u00e8s r\u00e9serv\u00e9 aux adh\u00e9rents connect\u00e9s<\/em><\/p>\n\n\n\n<figure class=\"wp-block-image\"><img decoding=\"async\" src=\"https:\/\/snalc.fr\/wp-content\/uploads\/Congres-Strasbourg-Mai2023-Photo-MHP-101-1024x473.jpg\" alt=\"\"\/><figcaption class=\"wp-element-caption\">SNALC -Photo MHP<\/figcaption><\/figure>\n","protected":false},"excerpt":{"rendered":"<p>Acc\u00e9der \u00e0 la galerie photo du congr\u00e8s national Acc\u00e8s r\u00e9serv\u00e9 aux adh\u00e9rents connect\u00e9s Le&nbsp;100\u00e8me&nbsp;congr\u00e8s national&nbsp;du&nbsp;SNALC&nbsp;(Syndicat national des lyc\u00e9es, coll\u00e8ges, \u00e9coles et du sup\u00e9rieur), syndicat repr\u00e9sentatif de tous les personnels de [&hellip;]<\/p>\n","protected":false},"author":1,"featured_media":0,"comment_status":"closed","ping_status":"closed","sticky":false,"template":"","format":"standard","meta":{"_lmt_disableupdate":"","_lmt_disable":"","site-sidebar-layout":"default","site-content-layout":"","ast-site-content-layout":"default","site-content-style":"default","site-sidebar-style":"default","ast-global-header-display":"","ast-banner-title-visibility":"","ast-main-header-display":"","ast-hfb-above-header-display":"","ast-hfb-below-header-display":"","ast-hfb-mobile-header-display":"","site-post-title":"","ast-breadcrumbs-content":"","ast-featured-img":"","footer-sml-layout":"","ast-disable-related-posts":"","theme-transparent-header-meta":"","adv-header-id-meta":"","stick-header-meta":"","header-above-stick-meta":"","header-main-stick-meta":"","header-below-stick-meta":"","astra-migrate-meta-layouts":"default","ast-page-background-enabled":"default","ast-page-background-meta":{"desktop":{"background-color":"var(--ast-global-color-4)","background-image":"","background-repeat":"repeat","background-position":"center center","background-size":"auto","background-attachment":"scroll","background-type":"","background-media":"","overlay-type":"","overlay-color":"","overlay-opacity":"","overlay-gradient":""},"tablet":{"background-color":"","background-image":"","background-repeat":"repeat","background-position":"center center","background-size":"auto","background-attachment":"scroll","background-type":"","background-media":"","overlay-type":"","overlay-color":"","overlay-opacity":"","overlay-gradient":""},"mobile":{"background-color":"","background-image":"","background-repeat":"repeat","background-position":"center center","background-size":"auto","background-attachment":"scroll","background-type":"","background-media":"","overlay-type":"","overlay-color":"","overlay-opacity":"","overlay-gradient":""}},"ast-content-background-meta":{"desktop":{"background-color":"var(--ast-global-color-5)","background-image":"","background-repeat":"repeat","background-position":"center center","background-size":"auto","background-attachment":"scroll","background-type":"","background-media":"","overlay-type":"","overlay-color":"","overlay-opacity":"","overlay-gradient":""},"tablet":{"background-color":"var(--ast-global-color-5)","background-image":"","background-repeat":"repeat","background-position":"center center","background-size":"auto","background-attachment":"scroll","background-type":"","background-media":"","overlay-type":"","overlay-color":"","overlay-opacity":"","overlay-gradient":""},"mobile":{"background-color":"var(--ast-global-color-5)","background-image":"","background-repeat":"repeat","background-position":"center center","background-size":"auto","background-attachment":"scroll","background-type":"","background-media":"","overlay-type":"","overlay-color":"","overlay-opacity":"","overlay-gradient":""}},"footnotes":""},"categories":[31],"tags":[],"class_list":["post-1561","post","type-post","status-publish","format-standard","hentry","category-actualites-2022-2023"],"modified_by":"slecourtier","_links":{"self":[{"href":"https:\/\/snalc.org\/snalc2023\/index.php?rest_route=\/wp\/v2\/posts\/1561","targetHints":{"allow":["GET"]}}],"collection":[{"href":"https:\/\/snalc.org\/snalc2023\/index.php?rest_route=\/wp\/v2\/posts"}],"about":[{"href":"https:\/\/snalc.org\/snalc2023\/index.php?rest_route=\/wp\/v2\/types\/post"}],"author":[{"embeddable":true,"href":"https:\/\/snalc.org\/snalc2023\/index.php?rest_route=\/wp\/v2\/users\/1"}],"replies":[{"embeddable":true,"href":"https:\/\/snalc.org\/snalc2023\/index.php?rest_route=%2Fwp%2Fv2%2Fcomments&post=1561"}],"version-history":[{"count":1,"href":"https:\/\/snalc.org\/snalc2023\/index.php?rest_route=\/wp\/v2\/posts\/1561\/revisions"}],"predecessor-version":[{"id":1562,"href":"https:\/\/snalc.org\/snalc2023\/index.php?rest_route=\/wp\/v2\/posts\/1561\/revisions\/1562"}],"wp:attachment":[{"href":"https:\/\/snalc.org\/snalc2023\/index.php?rest_route=%2Fwp%2Fv2%2Fmedia&parent=1561"}],"wp:term":[{"taxonomy":"category","embeddable":true,"href":"https:\/\/snalc.org\/snalc2023\/index.php?rest_route=%2Fwp%2Fv2%2Fcategories&post=1561"},{"taxonomy":"post_tag","embeddable":true,"href":"https:\/\/snalc.org\/snalc2023\/index.php?rest_route=%2Fwp%2Fv2%2Ftags&post=1561"}],"curies":[{"name":"wp","href":"https:\/\/api.w.org\/{rel}","templated":true}]}}