{"id":1585,"date":"2023-06-12T13:07:07","date_gmt":"2023-06-12T11:07:07","guid":{"rendered":"https:\/\/snalc.org\/snalc2023\/?p=1585"},"modified":"2023-06-12T13:07:09","modified_gmt":"2023-06-12T11:07:09","slug":"nos-eleves-ont-besoin-decole-pas-de-snu","status":"publish","type":"post","link":"https:\/\/snalc.org\/snalc2023\/?p=1585","title":{"rendered":"Nos \u00e9l\u00e8ves ont besoin d\u2019\u00c9cole, pas de SNU\u00a0!"},"content":{"rendered":"\n<figure class=\"wp-block-image\"><img decoding=\"async\" src=\"https:\/\/snalc.fr\/wp-content\/uploads\/eleves_istock_SDI-Productions-1012627802.jpg\" alt=\"\"\/><figcaption class=\"wp-element-caption\">\u00a9 istock_SDI-Productions-1012627802<\/figcaption><\/figure>\n\n\n\n<p><em>Communiqu\u00e9 intersyndical des organisations repr\u00e9sentatives de l\u2019Education nationale, avec des associations de parents et d\u2019\u00e9l\u00e8ves<\/em><\/p>\n\n\n\n<figure class=\"wp-block-image\"><img decoding=\"async\" src=\"https:\/\/snalc.fr\/wp-content\/uploads\/20230610_Compresse_IS_SNU_bandeau-1024x273.jpg\" alt=\"\"\/><\/figure>\n\n\n\n<p>Depuis son premier quinquennat, Emmanuel Macron a fait du SNU un \u00e9tendard de sa politique pour la jeunesse. En d\u00e9pit d\u2019une contestation forte dans la jeunesse et chez les personnels et une partie non n\u00e9gligeable des parents, et de faits graves lors de plusieurs s\u00e9jours SNU montrant la fragilit\u00e9 et le caract\u00e8re bancal de ce dispositif, le pr\u00e9sident de la R\u00e9publique s\u2019ent\u00eate&nbsp;! Derni\u00e8re piste en date&nbsp;: une g\u00e9n\u00e9ralisation progressive qui passerait, d\u00e8s l\u2019ann\u00e9e prochaine, par des s\u00e9jours SNU de 12 jours sur le temps scolaire, dans le cadre de \u00ab&nbsp;classes engagement&nbsp;\u00bb.<\/p>\n\n\n\n<p>Ainsi, le ministre de l\u2019\u00c9ducation nationale et la secr\u00e9taire d\u2019\u00c9tat \u00e0 la Jeunesse et aux Arm\u00e9es essayent de sauver le SNU en le raccrochant au temps scolaire, \u00e0&nbsp;travers des projets d\u2019\u00e9tablissements, en confiant de nouvelles missions aux personnels, y&nbsp;compris dans le cadre du \u00ab&nbsp;pacte enseignant&nbsp;\u00bb. Ils persistent \u00e0 faire du SNU un \u00e9l\u00e9ment de valorisation dans <em>Parcoursup<\/em> comme crit\u00e8re de s\u00e9lection.<\/p>\n\n\n\n<p>C\u2019est \u00e0 nouveau une baisse du nombre d\u2019heures consacr\u00e9es aux apprentissages et la remise en cause du cadre national des programmes, et ce, sans oublier les r\u00e9formes du lyc\u00e9e qui p\u00e8sent sur les parcours scolaires et d\u2019orientation des \u00e9l\u00e8ves. C\u2019est \u00e9galement une remise en cause du r\u00f4le des personnels de l\u2019\u00c9ducation nationale tout comme celui des personnels de Jeunesse et Sports, qui ne sont pas l\u00e0 pour participer \u00e0 un simulacre de s\u00e9jour militaire.<\/p>\n\n\n\n<p>Nos organisations d\u00e9noncent le co\u00fbt d\u2019un gadget pr\u00e9sidentiel d\u00e9connect\u00e9 de la r\u00e9alit\u00e9&nbsp;: plus de 2 milliards d\u2019euros par an en cas de g\u00e9n\u00e9ralisation selon un dernier rapport du S\u00e9nat, alors m\u00eame que notre service public d\u2019\u00c9ducation manque de tout&nbsp;! Elles d\u00e9noncent aussi l\u2019instrumentalisation de l\u2019argument de la mixit\u00e9 sociale&nbsp;: \u00e0 l\u2019heure o\u00f9 les annonces minist\u00e9rielles sur la mixit\u00e9 sociale \u00e0 l\u2019\u00c9cole ne sont pas \u00e0 la hauteur, notamment parce qu\u2019elles ne comportent aucune mesure contraignante pour le priv\u00e9, faire du SNU l\u2019alpha et l\u2019om\u00e9ga de la politique de mixit\u00e9 sociale rel\u00e8ve de l\u2019illusion, voire de la tromperie.<\/p>\n\n\n\n<p>Nos \u00e9l\u00e8ves ont besoin d\u2019\u00c9cole, pas de SNU!<\/p>\n\n\n\n<p>Pour l\u2019ensemble des personnels de l\u2019\u00c9ducation nationale, le fait que les \u00e9l\u00e8ves de lyc\u00e9e puissent relever \u00e0 la fois de l\u2019\u00c9ducation nationale et de l\u2019Arm\u00e9e va \u00e0 l\u2019encontre de leur travail quotidien de formation de citoyens libres disposant d\u2019un esprit critique, s\u2019appropriant les notions d\u2019engagement, de responsabilit\u00e9 et de solidarit\u00e9.&nbsp;<\/p>\n\n\n\n<p>Nos organisations revendiquent l\u2019abandon de la g\u00e9n\u00e9ralisation du SNU et de son d\u00e9ploiement sur le temps scolaire et r\u00e9clament dans l\u2019imm\u00e9diat le basculement de l\u2019enveloppe budg\u00e9taire du SNU dans l\u2019\u00c9ducation nationale, \u00e0 la Jeunesse et aux Sports. &nbsp;&nbsp;<\/p>\n\n\n\n<hr class=\"wp-block-separator has-alpha-channel-opacity\"\/>\n\n\n\n<p><em>Lire aussi : <a href=\"https:\/\/snalc.fr\/wp-admin\/post.php?post=28482&amp;action=edit\">Service national universel : Du temps !<\/a><\/em><em>&nbsp;(Article paru dans la revue du SNALC Quinzaine universitaire n\u00b01478 du 9 juin 2023)<\/em><\/p>\n","protected":false},"excerpt":{"rendered":"<p>Communiqu\u00e9 intersyndical des organisations repr\u00e9sentatives de l\u2019Education nationale, avec des associations de parents et d\u2019\u00e9l\u00e8ves Depuis son premier quinquennat, Emmanuel Macron a fait du SNU un \u00e9tendard de sa politique [&hellip;]<\/p>\n","protected":false},"author":1,"featured_media":0,"comment_status":"closed","ping_status":"closed","sticky":false,"template":"","format":"standard","meta":{"_lmt_disableupdate":"","_lmt_disable":"","site-sidebar-layout":"default","site-content-layout":"","ast-site-content-layout":"default","site-content-style":"default","site-sidebar-style":"default","ast-global-header-display":"","ast-banner-title-visibility":"","ast-main-header-display":"","ast-hfb-above-header-display":"","ast-hfb-below-header-display":"","ast-hfb-mobile-header-display":"","site-post-title":"","ast-breadcrumbs-content":"","ast-featured-img":"","footer-sml-layout":"","ast-disable-related-posts":"","theme-transparent-header-meta":"","adv-header-id-meta":"","stick-header-meta":"","header-above-stick-meta":"","header-main-stick-meta":"","header-below-stick-meta":"","astra-migrate-meta-layouts":"default","ast-page-background-enabled":"default","ast-page-background-meta":{"desktop":{"background-color":"var(--ast-global-color-4)","background-image":"","background-repeat":"repeat","background-position":"center center","background-size":"auto","background-attachment":"scroll","background-type":"","background-media":"","overlay-type":"","overlay-color":"","overlay-opacity":"","overlay-gradient":""},"tablet":{"background-color":"","background-image":"","background-repeat":"repeat","background-position":"center center","background-size":"auto","background-attachment":"scroll","background-type":"","background-media":"","overlay-type":"","overlay-color":"","overlay-opacity":"","overlay-gradient":""},"mobile":{"background-color":"","background-image":"","background-repeat":"repeat","background-position":"center center","background-size":"auto","background-attachment":"scroll","background-type":"","background-media":"","overlay-type":"","overlay-color":"","overlay-opacity":"","overlay-gradient":""}},"ast-content-background-meta":{"desktop":{"background-color":"var(--ast-global-color-5)","background-image":"","background-repeat":"repeat","background-position":"center center","background-size":"auto","background-attachment":"scroll","background-type":"","background-media":"","overlay-type":"","overlay-color":"","overlay-opacity":"","overlay-gradient":""},"tablet":{"background-color":"var(--ast-global-color-5)","background-image":"","background-repeat":"repeat","background-position":"center center","background-size":"auto","background-attachment":"scroll","background-type":"","background-media":"","overlay-type":"","overlay-color":"","overlay-opacity":"","overlay-gradient":""},"mobile":{"background-color":"var(--ast-global-color-5)","background-image":"","background-repeat":"repeat","background-position":"center center","background-size":"auto","background-attachment":"scroll","background-type":"","background-media":"","overlay-type":"","overlay-color":"","overlay-opacity":"","overlay-gradient":""}},"footnotes":""},"categories":[31],"tags":[],"class_list":["post-1585","post","type-post","status-publish","format-standard","hentry","category-actualites-2022-2023"],"modified_by":"slecourtier","_links":{"self":[{"href":"https:\/\/snalc.org\/snalc2023\/index.php?rest_route=\/wp\/v2\/posts\/1585","targetHints":{"allow":["GET"]}}],"collection":[{"href":"https:\/\/snalc.org\/snalc2023\/index.php?rest_route=\/wp\/v2\/posts"}],"about":[{"href":"https:\/\/snalc.org\/snalc2023\/index.php?rest_route=\/wp\/v2\/types\/post"}],"author":[{"embeddable":true,"href":"https:\/\/snalc.org\/snalc2023\/index.php?rest_route=\/wp\/v2\/users\/1"}],"replies":[{"embeddable":true,"href":"https:\/\/snalc.org\/snalc2023\/index.php?rest_route=%2Fwp%2Fv2%2Fcomments&post=1585"}],"version-history":[{"count":1,"href":"https:\/\/snalc.org\/snalc2023\/index.php?rest_route=\/wp\/v2\/posts\/1585\/revisions"}],"predecessor-version":[{"id":1586,"href":"https:\/\/snalc.org\/snalc2023\/index.php?rest_route=\/wp\/v2\/posts\/1585\/revisions\/1586"}],"wp:attachment":[{"href":"https:\/\/snalc.org\/snalc2023\/index.php?rest_route=%2Fwp%2Fv2%2Fmedia&parent=1585"}],"wp:term":[{"taxonomy":"category","embeddable":true,"href":"https:\/\/snalc.org\/snalc2023\/index.php?rest_route=%2Fwp%2Fv2%2Fcategories&post=1585"},{"taxonomy":"post_tag","embeddable":true,"href":"https:\/\/snalc.org\/snalc2023\/index.php?rest_route=%2Fwp%2Fv2%2Ftags&post=1585"}],"curies":[{"name":"wp","href":"https:\/\/api.w.org\/{rel}","templated":true}]}}