{"id":1587,"date":"2023-06-12T13:07:46","date_gmt":"2023-06-12T11:07:46","guid":{"rendered":"https:\/\/snalc.org\/snalc2023\/?p=1587"},"modified":"2023-06-12T13:07:48","modified_gmt":"2023-06-12T11:07:48","slug":"audience-multilaterale-sur-le-harcelement-scolaire-compte-rendu-du-snalc","status":"publish","type":"post","link":"https:\/\/snalc.org\/snalc2023\/?p=1587","title":{"rendered":"Audience multilat\u00e9rale sur le harc\u00e8lement scolaire : compte rendu du SNALC"},"content":{"rendered":"\n<figure class=\"wp-block-image\"><img decoding=\"async\" src=\"https:\/\/snalc.fr\/wp-content\/uploads\/harcelement_istock_FatCamera-1153541388.jpg\" alt=\"\"\/><\/figure>\n\n\n\n<h5 class=\"wp-block-heading\">Audience minist\u00e9riel multilat\u00e9rale consacr\u00e9e \u00e0 la question du harc\u00e8lement scolaire<\/h5>\n\n\n\n<p><strong>Compte rendu du SNALC<\/strong><\/p>\n\n\n\n<p>Lundi 12 juin 2023<\/p>\n\n\n\n<h2 class=\"wp-block-heading\">LE TH\u00c8ME<\/h2>\n\n\n\n<p>Suite aux graves affaires de harc\u00e8lement qui ont r\u00e9cemment eu lieu, notamment le suicide de Lindsay, le Ministre a re\u00e7u les organisations syndicales repr\u00e9sentatives.<\/p>\n\n\n\n<h2 class=\"wp-block-heading\">L&rsquo;ESSENTIEL<\/h2>\n\n\n\n<p>Le Ministre consid\u00e8re que le harc\u00e8lement scolaire doit mobiliser l\u2019ensemble de la communaut\u00e9 \u00e9ducative et veut prendre des mesures qui seront dans le prolongement du travail d\u00e9j\u00e0 entrepris.<\/p>\n\n\n\n<p>A court terme, cela se mat\u00e9rialisera par une heure consacr\u00e9e au cyberharc\u00e8lement, dans tous les coll\u00e8ges, organis\u00e9e dans les jours qui viennent.<\/p>\n\n\n\n<p>Sur le long terme, cela passera par&nbsp;:<\/p>\n\n\n\n<ul class=\"wp-block-list\">\n<li>Un renforcement du programme pHARe qui a d\u00e9j\u00e0 \u00e9t\u00e9 g\u00e9n\u00e9ralis\u00e9 \u00e0 tous les coll\u00e8ges et qui sera mis en place dans les lyc\u00e9es \u00e0 partir de la rentr\u00e9e 2023.<\/li>\n\n\n\n<li>L\u2019existence, dans tous les coll\u00e8ges, d\u2019un r\u00e9f\u00e9rent pHARe pour veiller \u00e0 la bonne mise en place du dispositif. Le Minist\u00e8re est conscient que <strong>la phase pr\u00e9vention<\/strong> et <strong>la phase prise en charge<\/strong> du dispositif doivent \u00eatre am\u00e9lior\u00e9es.<\/li>\n\n\n\n<li>Un renforcement des moyens allou\u00e9s aux associations qui g\u00e8rent les num\u00e9ros verts (3020 et 3018) car ils ont montr\u00e9 leur utilit\u00e9.<\/li>\n\n\n\n<li>Une am\u00e9lioration de la fluidit\u00e9 des relations entre l\u2019EN, la Police et la Justice<\/li>\n\n\n\n<li>Une implication des parents.<\/li>\n<\/ul>\n\n\n\n<p>C\u2019est un travail de longue haleine et le Ministre insiste sur le fait que l\u2019\u00e9cole ne peut pas tout.<\/p>\n\n\n\n<p>En parall\u00e8le de tout cela, le Ministre entend mieux prot\u00e9ger les personnels soumis \u00e0 des menaces, des propos injurieux ou haineux et de continuer \u00e0 accorder la protection fonctionnelle.<\/p>\n\n\n\n<h2 class=\"wp-block-heading\">LE SNALC A INSIST\u00c9 SUR\u2026<\/h2>\n\n\n\n<p>Une forte \u00e9motion existe suite au d\u00e9c\u00e8s de Lindsay. Le <strong>SNALC<\/strong> comprend donc la volont\u00e9 minist\u00e9rielle d\u2019agir et partage son objectif de construire quelque chose de plus efficace pour lutter contre le harc\u00e8lement.<\/p>\n\n\n\n<p>Par contre, l\u2019organisation d\u2019une heure sur le cyberharc\u00e8lement de mani\u00e8re tr\u00e8s rapide est contestable tant du point de vue p\u00e9dagogique que du point de vue de l\u2019efficacit\u00e9. Une telle intervention ne s\u2019improvise pas.<\/p>\n\n\n\n<p>Le <strong>SNALC<\/strong> a demand\u00e9 un Groupe de Travail sur pHARe afin d\u2019avoir un vrai bilan et de permettre d\u2019am\u00e9liorer le fonctionnement de la lutte contre le harc\u00e8lement \u00e0 l\u2019\u00c9cole. En effet, des remont\u00e9es nous parviennent montrant&nbsp;:<\/p>\n\n\n\n<ul class=\"wp-block-list\">\n<li>Une forme de saupoudrage qui n\u2019est en rien une marque d\u2019efficacit\u00e9,<\/li>\n\n\n\n<li>Des formations faibles notamment parce que fonctionnant en \u00ab&nbsp;autoformation&nbsp;\u00bb devant \u00e9cran,<\/li>\n\n\n\n<li>L\u2019absence d\u2019\u00e9changes entre pairs sur des situations v\u00e9cues, qui peuvent pourtant aider \u00e0 mieux comprendre des situations et \u00e0 trouver des rem\u00e9diations efficaces,<\/li>\n\n\n\n<li>Des r\u00e9f\u00e9rents qui n\u2019\u00e9taient pas forc\u00e9ment volontaires et se sont retrouv\u00e9s pris au d\u00e9pourvu,<\/li>\n\n\n\n<li>Un besoin de temps d\u00e9charg\u00e9 pour assurer les missions de r\u00e9f\u00e9rents,<\/li>\n\n\n\n<li>Une difficult\u00e9 pour lutter contre la part \u00ab&nbsp;cyber&nbsp;\u00bb du harc\u00e8lement,<\/li>\n<\/ul>\n\n\n\n<p>Le ministre a r\u00e9pondu positivement \u00e0 la demande du <strong>SNALC<\/strong> d\u2019organiser un groupe de travail sur le sujet du harc\u00e8lement.<\/p>\n\n\n\n<h2 class=\"wp-block-heading\">L&rsquo;AVIS DU SNALC<\/h2>\n\n\n\n<p>En plus du dispositif pHARe, il y a quelques incontournables pour lutter contre le harc\u00e8lement.<\/p>\n\n\n\n<p>Il faut sortir des \u00e9l\u00e9ments de langages que l\u2019on entend encore trop souvent de la part de certains encadrants consistant \u00e0 minimiser la port\u00e9e des actes de harceleurs (Ce ne sont que des mots d\u2019enfants, il faut laisser les jeunes r\u00e9gler leurs diff\u00e9rends\u2026)<\/p>\n\n\n\n<p>Les textes en pr\u00e9paration, sur le premier degr\u00e9, visant \u00e0 permettre le d\u00e9placement du ou des harceleurs suivent une logique int\u00e9ressante. De mani\u00e8re g\u00e9n\u00e9rale, il ne faut plus que les victimes soient celles qui sont oblig\u00e9es de partir.<\/p>\n\n\n\n<p>La volont\u00e9 du Minist\u00e8re d\u2019octroyer la protection fonctionnelle de mani\u00e8re automatique \u2013 ou facilit\u00e9e \u2013 est positive. En effet, dans des situations o\u00f9 le harc\u00e8lement n\u2019est pas av\u00e9r\u00e9, des coll\u00e8gues se sont retrouv\u00e9s livr\u00e9s \u00e0 la vindicte des m\u00e9dias.<\/p>\n\n\n\n<p>Enfin se pose la question des moyens humains \u00e0 l\u2019\u00c9cole, notamment chez les personnels des services sociaux. Ces coll\u00e8gues sont essentiels pour rep\u00e9rer les dysfonctionnements familiaux qui peuvent engendrer dans certains cas des pratiques de harc\u00e8lement. De mani\u00e8re g\u00e9n\u00e9rale, la fr\u00e9quence des situations et le poids m\u00e9diatique sur le sujet font reposer une charge importante sur les personnels de l\u2019\u00c9ducation nationale, qu\u2019il faut prendre en compte.<\/p>\n\n\n\n<p><a href=\"https:\/\/snalc.fr\/wp-content\/uploads\/SNALC_HARCELEMENT_CR_20230612.pdf\">T\u00e9l\u00e9charger<\/a><\/p>\n","protected":false},"excerpt":{"rendered":"<p>Audience minist\u00e9riel multilat\u00e9rale consacr\u00e9e \u00e0 la question du harc\u00e8lement scolaire Compte rendu du SNALC Lundi 12 juin 2023 LE TH\u00c8ME Suite aux graves affaires de harc\u00e8lement qui ont r\u00e9cemment eu [&hellip;]<\/p>\n","protected":false},"author":1,"featured_media":0,"comment_status":"closed","ping_status":"closed","sticky":false,"template":"","format":"standard","meta":{"_lmt_disableupdate":"","_lmt_disable":"","site-sidebar-layout":"default","site-content-layout":"","ast-site-content-layout":"default","site-content-style":"default","site-sidebar-style":"default","ast-global-header-display":"","ast-banner-title-visibility":"","ast-main-header-display":"","ast-hfb-above-header-display":"","ast-hfb-below-header-display":"","ast-hfb-mobile-header-display":"","site-post-title":"","ast-breadcrumbs-content":"","ast-featured-img":"","footer-sml-layout":"","ast-disable-related-posts":"","theme-transparent-header-meta":"","adv-header-id-meta":"","stick-header-meta":"","header-above-stick-meta":"","header-main-stick-meta":"","header-below-stick-meta":"","astra-migrate-meta-layouts":"default","ast-page-background-enabled":"default","ast-page-background-meta":{"desktop":{"background-color":"var(--ast-global-color-4)","background-image":"","background-repeat":"repeat","background-position":"center center","background-size":"auto","background-attachment":"scroll","background-type":"","background-media":"","overlay-type":"","overlay-color":"","overlay-opacity":"","overlay-gradient":""},"tablet":{"background-color":"","background-image":"","background-repeat":"repeat","background-position":"center center","background-size":"auto","background-attachment":"scroll","background-type":"","background-media":"","overlay-type":"","overlay-color":"","overlay-opacity":"","overlay-gradient":""},"mobile":{"background-color":"","background-image":"","background-repeat":"repeat","background-position":"center center","background-size":"auto","background-attachment":"scroll","background-type":"","background-media":"","overlay-type":"","overlay-color":"","overlay-opacity":"","overlay-gradient":""}},"ast-content-background-meta":{"desktop":{"background-color":"var(--ast-global-color-5)","background-image":"","background-repeat":"repeat","background-position":"center center","background-size":"auto","background-attachment":"scroll","background-type":"","background-media":"","overlay-type":"","overlay-color":"","overlay-opacity":"","overlay-gradient":""},"tablet":{"background-color":"var(--ast-global-color-5)","background-image":"","background-repeat":"repeat","background-position":"center center","background-size":"auto","background-attachment":"scroll","background-type":"","background-media":"","overlay-type":"","overlay-color":"","overlay-opacity":"","overlay-gradient":""},"mobile":{"background-color":"var(--ast-global-color-5)","background-image":"","background-repeat":"repeat","background-position":"center center","background-size":"auto","background-attachment":"scroll","background-type":"","background-media":"","overlay-type":"","overlay-color":"","overlay-opacity":"","overlay-gradient":""}},"footnotes":""},"categories":[31],"tags":[],"class_list":["post-1587","post","type-post","status-publish","format-standard","hentry","category-actualites-2022-2023"],"modified_by":"slecourtier","_links":{"self":[{"href":"https:\/\/snalc.org\/snalc2023\/index.php?rest_route=\/wp\/v2\/posts\/1587","targetHints":{"allow":["GET"]}}],"collection":[{"href":"https:\/\/snalc.org\/snalc2023\/index.php?rest_route=\/wp\/v2\/posts"}],"about":[{"href":"https:\/\/snalc.org\/snalc2023\/index.php?rest_route=\/wp\/v2\/types\/post"}],"author":[{"embeddable":true,"href":"https:\/\/snalc.org\/snalc2023\/index.php?rest_route=\/wp\/v2\/users\/1"}],"replies":[{"embeddable":true,"href":"https:\/\/snalc.org\/snalc2023\/index.php?rest_route=%2Fwp%2Fv2%2Fcomments&post=1587"}],"version-history":[{"count":1,"href":"https:\/\/snalc.org\/snalc2023\/index.php?rest_route=\/wp\/v2\/posts\/1587\/revisions"}],"predecessor-version":[{"id":1588,"href":"https:\/\/snalc.org\/snalc2023\/index.php?rest_route=\/wp\/v2\/posts\/1587\/revisions\/1588"}],"wp:attachment":[{"href":"https:\/\/snalc.org\/snalc2023\/index.php?rest_route=%2Fwp%2Fv2%2Fmedia&parent=1587"}],"wp:term":[{"taxonomy":"category","embeddable":true,"href":"https:\/\/snalc.org\/snalc2023\/index.php?rest_route=%2Fwp%2Fv2%2Fcategories&post=1587"},{"taxonomy":"post_tag","embeddable":true,"href":"https:\/\/snalc.org\/snalc2023\/index.php?rest_route=%2Fwp%2Fv2%2Ftags&post=1587"}],"curies":[{"name":"wp","href":"https:\/\/api.w.org\/{rel}","templated":true}]}}