{"id":1593,"date":"2023-06-12T15:50:13","date_gmt":"2023-06-12T13:50:13","guid":{"rendered":"https:\/\/snalc.org\/snalc2023\/?p=1593"},"modified":"2023-06-12T15:50:16","modified_gmt":"2023-06-12T13:50:16","slug":"formations-min-ash","status":"publish","type":"post","link":"https:\/\/snalc.org\/snalc2023\/?p=1593","title":{"rendered":"Formations MIN-ASH\u00a0:"},"content":{"rendered":"\n<figure class=\"wp-block-table\"><table><tbody><tr><td>Lettre d&rsquo;information AESH &#8211; 12&nbsp;juin 2023<\/td><\/tr><\/tbody><\/table><\/figure>\n\n\n\n<figure class=\"wp-block-table\"><table><tbody><tr><td><img decoding=\"async\" src=\"https:\/\/syndicat-snalc.net\/AWURTSJ67\/LOGO_SNALC_DE_L_ECOLE_AU_SUPERIEUR_RVB_340PX_1fd66ff7e3.png\" alt=\"\"><\/td><\/tr><\/tbody><\/table><\/figure>\n\n\n\n<figure class=\"wp-block-table\"><table><tbody><tr><td><br>AESH<br><br><a href=\"https:\/\/oxiforms.com\/?edlcA\" target=\"_blank\" rel=\"noreferrer noopener\">Nous contacter<\/a><\/td><\/tr><\/tbody><\/table><\/figure>\n\n\n\n<figure class=\"wp-block-table\"><table><tbody><tr><td><br>Formations MIN-ASH&nbsp;: les inscriptions, c\u2019est maintenant&nbsp;!<\/td><\/tr><\/tbody><\/table><\/figure>\n\n\n\n<figure class=\"wp-block-table\"><table><tbody><tr><td>Le minist\u00e8re de l\u2019\u00c9ducation nationale propose chaque ann\u00e9e des formations concernant le champ du handicap, particuli\u00e8rement riches et compl\u00e8tes. Elles concernent les AESH aussi bien que les enseignants. Il est important de conna\u00eetre ce dispositif qui n\u2019est pas mis en avant par l\u2019administration pour pouvoir postuler en temps et en heure.<br>Cette ann\u00e9e, la <a href=\"https:\/\/www.education.gouv.fr\/bo\/2023\/Hebdo23\/MENE2314409C\" target=\"_blank\" rel=\"noreferrer noopener\">circulaire<\/a> concernant les formations MIN-ASH a \u00e9t\u00e9 publi\u00e9e au bulletin officiel du 8 juin 2023.<br>Derri\u00e8re cet acronyme se cachent des \u00ab&nbsp;modules de formation d\u2019initiative nationale dans le domaine de l\u2019adaptation scolaire et de la scolarisation des \u00e9l\u00e8ves en situation de handicap&nbsp;\u00bb.<br>Ces formations sont organis\u00e9es \u00e0 l\u2019intention des AESH mais aussi des enseignants sp\u00e9cialis\u00e9s, des enseignants non sp\u00e9cialis\u00e9s et des autres personnels (personnels de direction, psychologues de l\u2019\u00e9ducation nationale, conseillers principaux d\u2019\u00e9ducation\u2026).<br>Il s\u2019agit de stages qui durent en g\u00e9n\u00e9ral une semaine. Les th\u00e8mes propos\u00e9s sont assez vari\u00e9s.<br>Ainsi, pour 2023-2024, vous pouvez postuler, entre autres, pour&nbsp;:<br>L\u2019apport des sciences cognitives au service des apprentissagesEnseigner en tenant compte des besoins li\u00e9s aux troubles du spectre de l&rsquo;autismeEnseigner en tenant compte des besoins li\u00e9s aux difficult\u00e9s \u00e0 expression comportementaleEnseigner en tenant compte des besoins li\u00e9s aux troubles neuro-d\u00e9veloppementauxCoop\u00e9ration enseignants\/AESHEnseigner \u00e0 des \u00e9l\u00e8ves en tenant compte de leurs besoins \u00e9ducatifs particuliers avec l&rsquo;appui d&rsquo;outils et ressources num\u00e9riquesEnseigner en tenant compte des besoins li\u00e9s aux situations de polyhandicapLangue des Signes Fran\u00e7aise niveau initiation\/A1\/A2\/B1\/B2\/C1<br>Sachez que ces formations se tiennent sur tout le territoire et sur le temps de travail. Certaines sont \u00e9galement propos\u00e9es en distanciel ou en parcours hybride (pr\u00e9sentiel et distanciel).<br>Si vous souhaitez postuler sur une formation qui ne se tient pas dans votre secteur c\u2019est possible. Une fois votre candidature retenue, vous recevrez une convocation qui ouvrira normalement droit \u00e0 des frais d\u2019h\u00e9bergement et de transport. Il conviendra, le moment venu, de v\u00e9rifier sur votre convocation que ces dispositions sont bien mentionn\u00e9es sur la convocation. Il faut \u00e9galement garder \u00e0 l\u2019esprit que vous devrez avancer ces frais, les remboursements n\u2019intervenant souvent qu\u2019avec plusieurs mois de retard.<br>Ce sont les recteurs d\u2019acad\u00e9mie et les IA-DASEN qui sont charg\u00e9s de d\u00e9signer les candidats retenus pour suivre les formations.<br><br>Pour cette ann\u00e9e, vous devez d\u00e9poser votre candidature tr\u00e8s rapidement, les noms des candidats devant \u00eatre renvoy\u00e9s \u00e0 l\u2019administration centrale pour le 30 juin. G\u00e9n\u00e9ralement, il est possible de trouver les formulaires ad\u00e9quats en saisissant dans votre moteur de recherche \u00ab&nbsp;formation MIN-ASH acad\u00e9mie (+ nom de votre acad\u00e9mie)&nbsp;\u00bb ou sur le site de la DSDEN.<strong>Toutefois, le SNALC vous conseille de demander les modalit\u00e9s d\u2019inscription dans votre acad\u00e9mie \u00e0 votre interlocuteur habituel \u00e0 la DSDEN ou au rectorat. Par ailleurs, n\u2019h\u00e9sitez pas \u00e0 recueillir des informations sur ces formations MIN-ASH aupr\u00e8s d\u2019autres interlocuteurs&nbsp;: coordonnateur de votre PIAL, pilote de votre PIAL, r\u00e9f\u00e9rent(e) AESH.<\/strong><br>Enfin, si ces formations sont tr\u00e8s riches, le SNALC regrette que l\u2019offre faite en particulier aux AESH soit de 68 stages seulement sur 124 stages propos\u00e9s en tout&nbsp;!<br><strong>Par ailleurs, au SNALC nous pensons que si les AESH \u00e9taient mieux inform\u00e9s par leur employeur de l\u2019existence de ce dispositif, et que si les d\u00e9lais d\u2019inscription \u00e9taient plus longs, ils seraient bien plus nombreux \u00e0 postuler et \u00e0 pouvoir en profiter. N\u2019h\u00e9sitez donc pas \u00e0 faire votre demande de participation aux stages MIN-ASH et \u00e0 en parler \u00e0 vos coll\u00e8gues.<\/strong><br><strong>Le SNALC pourra vous accompagner pour le d\u00e9p\u00f4t de votre demande et le suivi de votre dossier. Retrouvez toutes les coordonn\u00e9es de votre section acad\u00e9mique en suivant ce <a href=\"https:\/\/snalc.fr\/contact\/\" target=\"_blank\" rel=\"noreferrer noopener\">lien<\/a>.<\/strong><\/td><\/tr><\/tbody><\/table><\/figure>\n\n\n\n<figure class=\"wp-block-table\"><table><tbody><tr><td><strong>Sylvie Morante Cazaux,<\/strong>secteur AESH du SNALC<\/td><\/tr><\/tbody><\/table><\/figure>\n\n\n\n<figure class=\"wp-block-table\"><table><tbody><tr><td><a href=\"https:\/\/snalc.fr\/%EF%BF%BC-formations-min-ash-les-inscriptions-cest-maintenant\/\" target=\"_blank\" rel=\"noreferrer noopener\">Site national<\/a><\/td><\/tr><\/tbody><\/table><\/figure>\n\n\n\n<figure class=\"wp-block-table\"><table><tbody><tr><td><img decoding=\"async\" src=\"https:\/\/syndicat-snalc.net\/AWURTSJ67\/formation_congres_itsock_skynesher_65563b70de.jpg\" alt=\"\"><\/td><\/tr><\/tbody><\/table><\/figure>\n\n\n\n<figure class=\"wp-block-table\"><table><tbody><tr><td><br><br>Un vrai statut, un vrai salaire pour les AESH&nbsp;: maintenant&nbsp;!<\/td><\/tr><\/tbody><\/table><\/figure>\n\n\n\n<figure class=\"wp-block-table\"><table><tbody><tr><td><img decoding=\"async\" src=\"https:\/\/syndicat-snalc.net\/AWURTSJ67\/editedimg_d561719fcb.png\" alt=\"\"><\/td><\/tr><\/tbody><\/table><\/figure>\n\n\n\n<figure class=\"wp-block-table\"><table><tbody><tr><td><a href=\"https:\/\/snalc.fr\/un-vrai-statut-un-vrai-salaire-pour-les-aesh-maintenant\/\" target=\"_blank\" rel=\"noreferrer noopener\">Tous en gr\u00e8ve pour les droits des AESH le 13 juin<\/a><\/td><\/tr><\/tbody><\/table><\/figure>\n\n\n\n<figure class=\"wp-block-table\"><table><tbody><tr><td><a href=\"https:\/\/snalc.fr\/un-vrai-statut-un-vrai-salaire-pour-les-aesh-maintenant\/\" target=\"_blank\" rel=\"noreferrer noopener\">En savoir plus<\/a><\/td><\/tr><\/tbody><\/table><\/figure>\n\n\n\n<figure class=\"wp-block-table\"><table><tbody><tr><td><\/td><\/tr><\/tbody><\/table><\/figure>\n\n\n\n<figure class=\"wp-block-table\"><table><tbody><tr><td>GUIDE AESH<\/td><\/tr><\/tbody><\/table><\/figure>\n\n\n\n<figure class=\"wp-block-table\"><table><tbody><tr><td><img decoding=\"async\" src=\"https:\/\/syndicat-snalc.net\/AWURTSJ67\/guide_aesh_2021_fbf63d76ab.jpg\" alt=\"\">Le guide AESH du SNALC, n\u00b04, est en ligne sur son site.<br><strong>Au sommaire&nbsp;:<\/strong>\uf0fc -Les conditions d\u2019emploi \uf0fc -L&rsquo;acc\u00e8s au CDI et la mobilit\u00e9 de l&rsquo;AESH en CDI\uf0fc -L\u2019exercice des fonctions\uf0fc -La r\u00e9mun\u00e9ration\uf0fc -L\u2019action sociale\uf0fc -Les droits et les obligations\uf0fc -La formation professionnelle\uf0fc -Les cong\u00e9s de maladie\uf0fc -Les autres cong\u00e9s\uf0fc -Les autorisations d\u2019absence\uf0fc -La suspension et la proc\u00e9dure disciplinaire\uf0fc -La fin de fonction<a href=\"https:\/\/snalc.fr\/guide-de-laesh\/\" target=\"_blank\" rel=\"noreferrer noopener\">Acc\u00e9der au guide<\/a><\/td><\/tr><\/tbody><\/table><\/figure>\n\n\n\n<figure class=\"wp-block-table\"><table><tbody><tr><td><br>L&rsquo;ADH\u00c9SION AU SNALC&nbsp;: 30 \u20ac<\/td><\/tr><\/tbody><\/table><\/figure>\n\n\n\n<figure class=\"wp-block-table\"><table><tbody><tr><td><strong>30 \u20ac&nbsp;<\/strong><strong> Le SNALC est le syndicat le moins cher de l&rsquo;\u00c9ducation nationale.<\/strong><strong>Adh\u00e9sion \u00e0 vie&nbsp;: vous ne payez qu&rsquo;une fois<\/strong><br>L&rsquo;adh\u00e9sion comprend&nbsp;: l&rsquo;assistance et la protection juridiques p\u00e9nales (agressions, diffamation, harc\u00e8lement&#8230;), le dispositif exclusif d&rsquo;aide \u00e0 la mobilit\u00e9&nbsp;: <a href=\"https:\/\/snalc.fr\/mobi-snalc-presentation-et-acces\/\" target=\"_blank\" rel=\"noreferrer noopener\">mobi-SNALC<\/a>&nbsp;et des tarifs n\u00e9goci\u00e9s aupr\u00e8s de nombreux partenaires&nbsp;: <a href=\"https:\/\/snalc.fr\/avantages-snalc\/\" target=\"_blank\" rel=\"noreferrer noopener\">avantages-SNALC<\/a>.<\/td><\/tr><\/tbody><\/table><\/figure>\n\n\n\n<figure class=\"wp-block-table\"><table><tbody><tr><td><img decoding=\"async\" src=\"http:\/\/syndicat-snalc.net\/AWURTSJ67\/editedimg_361b042f34.jpg\" alt=\"\"><a href=\"https:\/\/www.snalc.fr\/adhesion-carte\/\" target=\"_blank\" rel=\"noreferrer noopener\">carte bancaire<\/a><img decoding=\"async\" src=\"http:\/\/syndicat-snalc.net\/AWURTSJ67\/adhesion_prelevements_0703b426ca.JPG\" alt=\"\"><a href=\"https:\/\/www.snalc.fr\/adhesion\/\" target=\"_blank\" rel=\"noreferrer noopener\">pr\u00e9l\u00e8vements mensuels<\/a><img decoding=\"async\" src=\"https:\/\/syndicat-snalc.net\/AWURTSJ67\/editedimg_c6a21d792d.png\" alt=\"\"><a href=\"https:\/\/www.snalc.fr\/adhesion-virement\/\" target=\"_blank\" rel=\"noreferrer noopener\">virement<\/a><img decoding=\"async\" src=\"http:\/\/syndicat-snalc.net\/AWURTSJ67\/adhesion_cheque_699976dc59.JPG\" alt=\"\"><a href=\"https:\/\/www.snalc.fr\/uploads\/bulletin.pdf\" target=\"_blank\" rel=\"noreferrer noopener\">ch\u00e8que<\/a><\/td><\/tr><\/tbody><\/table><\/figure>\n\n\n\n<figure class=\"wp-block-table\"><table><tbody><tr><td><a href=\"https:\/\/snalc.fr\/contact\/\" target=\"_blank\" rel=\"noreferrer noopener\">\u00c9crire au SNALC<\/a><\/td><\/tr><\/tbody><\/table><\/figure>\n","protected":false},"excerpt":{"rendered":"<p>Lettre d&rsquo;information AESH &#8211; 12&nbsp;juin 2023 AESH Nous contacter Formations MIN-ASH&nbsp;: les inscriptions, c\u2019est maintenant&nbsp;! Le minist\u00e8re de l\u2019\u00c9ducation nationale propose chaque ann\u00e9e des formations concernant le champ du handicap, [&hellip;]<\/p>\n","protected":false},"author":1,"featured_media":0,"comment_status":"closed","ping_status":"closed","sticky":false,"template":"","format":"standard","meta":{"_lmt_disableupdate":"","_lmt_disable":"","site-sidebar-layout":"default","site-content-layout":"","ast-site-content-layout":"default","site-content-style":"default","site-sidebar-style":"default","ast-global-header-display":"","ast-banner-title-visibility":"","ast-main-header-display":"","ast-hfb-above-header-display":"","ast-hfb-below-header-display":"","ast-hfb-mobile-header-display":"","site-post-title":"","ast-breadcrumbs-content":"","ast-featured-img":"","footer-sml-layout":"","ast-disable-related-posts":"","theme-transparent-header-meta":"","adv-header-id-meta":"","stick-header-meta":"","header-above-stick-meta":"","header-main-stick-meta":"","header-below-stick-meta":"","astra-migrate-meta-layouts":"default","ast-page-background-enabled":"default","ast-page-background-meta":{"desktop":{"background-color":"var(--ast-global-color-4)","background-image":"","background-repeat":"repeat","background-position":"center center","background-size":"auto","background-attachment":"scroll","background-type":"","background-media":"","overlay-type":"","overlay-color":"","overlay-opacity":"","overlay-gradient":""},"tablet":{"background-color":"","background-image":"","background-repeat":"repeat","background-position":"center center","background-size":"auto","background-attachment":"scroll","background-type":"","background-media":"","overlay-type":"","overlay-color":"","overlay-opacity":"","overlay-gradient":""},"mobile":{"background-color":"","background-image":"","background-repeat":"repeat","background-position":"center center","background-size":"auto","background-attachment":"scroll","background-type":"","background-media":"","overlay-type":"","overlay-color":"","overlay-opacity":"","overlay-gradient":""}},"ast-content-background-meta":{"desktop":{"background-color":"var(--ast-global-color-5)","background-image":"","background-repeat":"repeat","background-position":"center center","background-size":"auto","background-attachment":"scroll","background-type":"","background-media":"","overlay-type":"","overlay-color":"","overlay-opacity":"","overlay-gradient":""},"tablet":{"background-color":"var(--ast-global-color-5)","background-image":"","background-repeat":"repeat","background-position":"center center","background-size":"auto","background-attachment":"scroll","background-type":"","background-media":"","overlay-type":"","overlay-color":"","overlay-opacity":"","overlay-gradient":""},"mobile":{"background-color":"var(--ast-global-color-5)","background-image":"","background-repeat":"repeat","background-position":"center center","background-size":"auto","background-attachment":"scroll","background-type":"","background-media":"","overlay-type":"","overlay-color":"","overlay-opacity":"","overlay-gradient":""}},"footnotes":""},"categories":[31,13],"tags":[],"class_list":["post-1593","post","type-post","status-publish","format-standard","hentry","category-actualites-2022-2023","category-aesh"],"modified_by":"slecourtier","_links":{"self":[{"href":"https:\/\/snalc.org\/snalc2023\/index.php?rest_route=\/wp\/v2\/posts\/1593","targetHints":{"allow":["GET"]}}],"collection":[{"href":"https:\/\/snalc.org\/snalc2023\/index.php?rest_route=\/wp\/v2\/posts"}],"about":[{"href":"https:\/\/snalc.org\/snalc2023\/index.php?rest_route=\/wp\/v2\/types\/post"}],"author":[{"embeddable":true,"href":"https:\/\/snalc.org\/snalc2023\/index.php?rest_route=\/wp\/v2\/users\/1"}],"replies":[{"embeddable":true,"href":"https:\/\/snalc.org\/snalc2023\/index.php?rest_route=%2Fwp%2Fv2%2Fcomments&post=1593"}],"version-history":[{"count":1,"href":"https:\/\/snalc.org\/snalc2023\/index.php?rest_route=\/wp\/v2\/posts\/1593\/revisions"}],"predecessor-version":[{"id":1594,"href":"https:\/\/snalc.org\/snalc2023\/index.php?rest_route=\/wp\/v2\/posts\/1593\/revisions\/1594"}],"wp:attachment":[{"href":"https:\/\/snalc.org\/snalc2023\/index.php?rest_route=%2Fwp%2Fv2%2Fmedia&parent=1593"}],"wp:term":[{"taxonomy":"category","embeddable":true,"href":"https:\/\/snalc.org\/snalc2023\/index.php?rest_route=%2Fwp%2Fv2%2Fcategories&post=1593"},{"taxonomy":"post_tag","embeddable":true,"href":"https:\/\/snalc.org\/snalc2023\/index.php?rest_route=%2Fwp%2Fv2%2Ftags&post=1593"}],"curies":[{"name":"wp","href":"https:\/\/api.w.org\/{rel}","templated":true}]}}