{"id":1597,"date":"2023-06-13T14:27:57","date_gmt":"2023-06-13T12:27:57","guid":{"rendered":"https:\/\/snalc.org\/snalc2023\/?p=1597"},"modified":"2023-06-13T14:27:59","modified_gmt":"2023-06-13T12:27:59","slug":"csa-ministeriel-du-13-juin-2023-declaration-du-snalc","status":"publish","type":"post","link":"https:\/\/snalc.org\/snalc2023\/?p=1597","title":{"rendered":"CSA minist\u00e9riel du 13 juin 2023 : d\u00e9claration du SNALC"},"content":{"rendered":"\n<figure class=\"wp-block-image\"><img decoding=\"async\" src=\"https:\/\/snalc.fr\/wp-content\/uploads\/csa_istock_piranka-1207360622.jpg\" alt=\"\"\/><figcaption class=\"wp-element-caption\">\u00a9 istock_piranka-1207360622<\/figcaption><\/figure>\n\n\n\n<p>Monsieur le Ministre, Mesdames et Messieurs les repr\u00e9sentants de l\u2019administration, Mesdames et Messieurs les membres \u00e9lus du comit\u00e9,<\/p>\n\n\n\n<p>Le SNALC fera court, contrairement au minist\u00e8re qui a produit un <a href=\"https:\/\/snalc.fr\/wp-content\/uploads\/PACTE_diaporama_MEN.pdf\" target=\"_blank\" rel=\"noreferrer noopener\">diaporama de 55 diapositives<\/a> sur le pacte pour tenter d\u2019en expliquer le fonctionnement. Il n\u2019y a aujourd\u2019hui aucune prise de conscience par le gouvernement de l\u2019\u00e9tat r\u00e9el de l\u2019\u00c9ducation nationale et de ses personnels. Il n\u2019y a aucune priorit\u00e9 donn\u00e9e \u00e0 l\u2019\u00c9cole, ni budg\u00e9taire, ni humaine. Il n\u2019y a aucune revalorisation de nos m\u00e9tiers, puisque la majorit\u00e9 d\u2019entre nous, \u00e0 travail constant, allons perdre en pouvoir d\u2019achat. On fait passer les professeurs, CPE et psychologues pour des feignants qui pourraient quand m\u00eame en faire davantage&nbsp;; on charge encore la barque des directions d\u2019\u00e9cole&nbsp;; on maltraite les AESH et les AED en les pla\u00e7ant dans une pr\u00e9carit\u00e9 forc\u00e9e.<\/p>\n\n\n\n<p>Qu\u2019on arr\u00eate l\u2019enfumage communicationnel, et que le gouvernement et le pr\u00e9sident de la R\u00e9publique pr\u00e9sentent leur politique pour ce qu\u2019elle est : une politique du \u00ab travailler plus pour gagner plus \u00bb, une politique qui aggrave la crise des recrutements, une politique anti-humaniste et d\u00e9connect\u00e9e. Une politique qui ne se demande jamais ce qu\u2019elle peut faire pour l\u2019\u00c9cole. Une politique qui a fini par vider de son sens le mot \u00ab politique \u00bb.<\/p>\n\n\n\n<p><a href=\"https:\/\/snalc.fr\/wp-content\/uploads\/CSAM_decla_SNALC_20230613.pdf\">T\u00e9l\u00e9charger<\/a><\/p>\n","protected":false},"excerpt":{"rendered":"<p>Monsieur le Ministre, Mesdames et Messieurs les repr\u00e9sentants de l\u2019administration, Mesdames et Messieurs les membres \u00e9lus du comit\u00e9, Le SNALC fera court, contrairement au minist\u00e8re qui a produit un diaporama [&hellip;]<\/p>\n","protected":false},"author":1,"featured_media":0,"comment_status":"closed","ping_status":"closed","sticky":false,"template":"","format":"standard","meta":{"_lmt_disableupdate":"","_lmt_disable":"","site-sidebar-layout":"default","site-content-layout":"","ast-site-content-layout":"default","site-content-style":"default","site-sidebar-style":"default","ast-global-header-display":"","ast-banner-title-visibility":"","ast-main-header-display":"","ast-hfb-above-header-display":"","ast-hfb-below-header-display":"","ast-hfb-mobile-header-display":"","site-post-title":"","ast-breadcrumbs-content":"","ast-featured-img":"","footer-sml-layout":"","ast-disable-related-posts":"","theme-transparent-header-meta":"","adv-header-id-meta":"","stick-header-meta":"","header-above-stick-meta":"","header-main-stick-meta":"","header-below-stick-meta":"","astra-migrate-meta-layouts":"default","ast-page-background-enabled":"default","ast-page-background-meta":{"desktop":{"background-color":"var(--ast-global-color-4)","background-image":"","background-repeat":"repeat","background-position":"center center","background-size":"auto","background-attachment":"scroll","background-type":"","background-media":"","overlay-type":"","overlay-color":"","overlay-opacity":"","overlay-gradient":""},"tablet":{"background-color":"","background-image":"","background-repeat":"repeat","background-position":"center center","background-size":"auto","background-attachment":"scroll","background-type":"","background-media":"","overlay-type":"","overlay-color":"","overlay-opacity":"","overlay-gradient":""},"mobile":{"background-color":"","background-image":"","background-repeat":"repeat","background-position":"center center","background-size":"auto","background-attachment":"scroll","background-type":"","background-media":"","overlay-type":"","overlay-color":"","overlay-opacity":"","overlay-gradient":""}},"ast-content-background-meta":{"desktop":{"background-color":"var(--ast-global-color-5)","background-image":"","background-repeat":"repeat","background-position":"center center","background-size":"auto","background-attachment":"scroll","background-type":"","background-media":"","overlay-type":"","overlay-color":"","overlay-opacity":"","overlay-gradient":""},"tablet":{"background-color":"var(--ast-global-color-5)","background-image":"","background-repeat":"repeat","background-position":"center center","background-size":"auto","background-attachment":"scroll","background-type":"","background-media":"","overlay-type":"","overlay-color":"","overlay-opacity":"","overlay-gradient":""},"mobile":{"background-color":"var(--ast-global-color-5)","background-image":"","background-repeat":"repeat","background-position":"center center","background-size":"auto","background-attachment":"scroll","background-type":"","background-media":"","overlay-type":"","overlay-color":"","overlay-opacity":"","overlay-gradient":""}},"footnotes":""},"categories":[31],"tags":[],"class_list":["post-1597","post","type-post","status-publish","format-standard","hentry","category-actualites-2022-2023"],"modified_by":"slecourtier","_links":{"self":[{"href":"https:\/\/snalc.org\/snalc2023\/index.php?rest_route=\/wp\/v2\/posts\/1597","targetHints":{"allow":["GET"]}}],"collection":[{"href":"https:\/\/snalc.org\/snalc2023\/index.php?rest_route=\/wp\/v2\/posts"}],"about":[{"href":"https:\/\/snalc.org\/snalc2023\/index.php?rest_route=\/wp\/v2\/types\/post"}],"author":[{"embeddable":true,"href":"https:\/\/snalc.org\/snalc2023\/index.php?rest_route=\/wp\/v2\/users\/1"}],"replies":[{"embeddable":true,"href":"https:\/\/snalc.org\/snalc2023\/index.php?rest_route=%2Fwp%2Fv2%2Fcomments&post=1597"}],"version-history":[{"count":1,"href":"https:\/\/snalc.org\/snalc2023\/index.php?rest_route=\/wp\/v2\/posts\/1597\/revisions"}],"predecessor-version":[{"id":1598,"href":"https:\/\/snalc.org\/snalc2023\/index.php?rest_route=\/wp\/v2\/posts\/1597\/revisions\/1598"}],"wp:attachment":[{"href":"https:\/\/snalc.org\/snalc2023\/index.php?rest_route=%2Fwp%2Fv2%2Fmedia&parent=1597"}],"wp:term":[{"taxonomy":"category","embeddable":true,"href":"https:\/\/snalc.org\/snalc2023\/index.php?rest_route=%2Fwp%2Fv2%2Fcategories&post=1597"},{"taxonomy":"post_tag","embeddable":true,"href":"https:\/\/snalc.org\/snalc2023\/index.php?rest_route=%2Fwp%2Fv2%2Ftags&post=1597"}],"curies":[{"name":"wp","href":"https:\/\/api.w.org\/{rel}","templated":true}]}}