{"id":1624,"date":"2023-06-19T20:23:13","date_gmt":"2023-06-19T18:23:13","guid":{"rendered":"https:\/\/snalc.org\/snalc2023\/?p=1624"},"modified":"2023-06-19T20:23:17","modified_gmt":"2023-06-19T18:23:17","slug":"lettre-dinformation-du-snalc-19-juin-2023-personnels-biatss","status":"publish","type":"post","link":"https:\/\/snalc.org\/snalc2023\/?p=1624","title":{"rendered":"Lettre d&rsquo;information du SNALC &#8211; 19 juin 2023 &#8211; Personnels BIATSS"},"content":{"rendered":"\n<figure class=\"wp-block-table\"><table><tbody><tr><td>Lettre d&rsquo;information du SNALC &#8211; 19&nbsp;juin 2023<br>Personnels BIATSS<img decoding=\"async\" src=\"https:\/\/syndicat-snalc.net\/AWURTSJ67\/LOGO_SNALC_DE_L_ECOLE_AU_SUPERIEUR_RVB_340PX_1fd66ff7e3.png\" alt=\"Logo\">ACCORD-CADRE SUR LE T\u00c9L\u00c9TRAVAIL<img decoding=\"async\" src=\"https:\/\/snalc.fr\/wp-content\/uploads\/teletravail_iStock_damircudic.jpg\" alt=\"iStock\">Cet accord majoritaire a \u00e9t\u00e9 cosign\u00e9 par 5 organisations syndicales, dont le SNALC, sur les 7 repr\u00e9sentatives au sein du minist\u00e8re de l\u2019Education nationale, le lundi 12 juin 2023. Il entre en vigueur \u00e0 la date de la signature. Il s\u2019int\u00e8gre dans un texte \u00e0 la port\u00e9e plus large, sign\u00e9 le 13 juillet 2021 au niveau Fonction Publique, et r\u00e9pond \u00e0 une forte demande des agents de <strong>mieux concilier activit\u00e9 professionnelle et vie personnelle.<\/strong><br>L\u2019accord concerne les personnels affect\u00e9s en administration centrale, dans les rectorats, DSDEN, vice-rectorats, EPLE, CIO\u2026<br>Ce texte est tr\u00e8s important essentiellement pour les personnels administratifs en EPLE puisque, avec les personnels sociaux et de sant\u00e9, ils pourront d\u00e9sormais acc\u00e9der au t\u00e9l\u00e9travail (article 3 du texte).<br>Les enseignants (1er et 2d degr\u00e9) ainsi que les directeurs d\u2019\u00e9cole ne sont pas concern\u00e9s. En revanche, les personnels de direction des EPLE , les CPE , les personnels de sant\u00e9 peuvent en b\u00e9n\u00e9ficier sous forme de jours flottants uniquement, dans les p\u00e9riodes o\u00f9 les \u00e9l\u00e8ves ne sont pas pr\u00e9sents, ou si la pr\u00e9sence d\u2019un effectif d\u2019adultes est garanti dans l\u2019\u00e9tablissement.<br><strong>L\u2019exercice du t\u00e9l\u00e9travail est ouvert \u00e0 l\u2019ensemble des personnels<\/strong> fonctionnaires ou contractuels, exer\u00e7ant \u00e0 temps complet ou incomplet, temps plein ou temps partiel, ainsi qu\u2019aux agents en contrat d\u2019alternance et aux stagiaires sous certaines conditions (voir article 5 ).<br><strong>Il pourra se faire de mani\u00e8re r\u00e9guli\u00e8re ou ponctuelle<\/strong>, \u00e0 jours fixes ou flottants (\u00e0 demander 5 jours \u00e0 l\u2019avance).<br><strong>Le t\u00e9l\u00e9travail repose sur le principe du volontariat<\/strong> ; il doit faire l\u2019objet d\u2019une demande \u00e9crite de la part de l\u2019agent qui doit recevoir une autorisation \u00e9crite de l\u2019 \u00abautorit\u00e9 administrative comp\u00e9tente\u00bb&nbsp;: la personne qui exerce l\u2019autorit\u00e9 sur le personnel dans le service ou l\u2019\u00e9tablissement dans lequel il est en fonction.<br>Ce n\u2019est pas un droit, ni une obligation (hors circonstances exceptionnelles&nbsp;: pand\u00e9mie, catastrophe naturelle\u2026)<br><strong>Le t\u00e9l\u00e9travail est r\u00e9versible<\/strong>, \u00e0 l\u2019initiative de l\u2019une ou l\u2019autre des parties, avec un d\u00e9lai de pr\u00e9venance de 2 mois \u00e0 respecter, pouvant se r\u00e9duire ou dispara\u00eetre avec accord des deux parties.<br><strong>Le recours au t\u00e9l\u00e9travail sous forme de jours flottants est possible<\/strong> au sein de toutes les structures de l\u2019Education nationale mais 2 jours de pr\u00e9sence sur site minimum sont requis quelles que soient les modalit\u00e9s d\u2019organisation (jours fixes ou flottants), sauf d\u00e9rogation pour \u00e9tat de sant\u00e9, grossesse, handicap , situation de proche aidant ( article 17).<br><strong>Le droit \u00e0 la d\u00e9connexion est acquis \u00e0 tous les agents<\/strong> (en t\u00e9l\u00e9travail ou non)&nbsp;: c\u2019est un droit opposable \u00e0 ne pas subir de sollicitation pendant les heures et p\u00e9riodes non travaill\u00e9es.<br>Enfin l\u2019exercice en t\u00e9l\u00e9travail ne peut avoir de cons\u00e9quences sur l\u2019attribution d\u2019\u00e9l\u00e9ments variables de la r\u00e9mun\u00e9ration, sur la mobilit\u00e9, l\u2019avancement, la promotion, la formation et \u00e9galement sur l\u2019acc\u00e8s aux emplois de direction et d\u2019encadrement.<br><strong>Textes de r\u00e9f\u00e9rence<\/strong>&nbsp;:<a href=\"https:\/\/www.legifrance.gouv.fr\/codes\/article_lc\/LEGIARTI000044426132\" target=\"_blank\" rel=\"noreferrer noopener\">article L430-1 du code g\u00e9n\u00e9ral de la Fonction publique<\/a><a href=\"https:\/\/www.legifrance.gouv.fr\/loda\/id\/JORFTEXT000032036983\" target=\"_blank\" rel=\"noreferrer noopener\">d\u00e9cret 2016-151 du 11 f\u00e9vrier 2016<\/a><a href=\"https:\/\/www.legifrance.gouv.fr\/jorf\/id\/JORFTEXT000045464407\" target=\"_blank\" rel=\"noreferrer noopener\">accord Fonction publique du 13 juillet 2021<\/a><a href=\"https:\/\/www.legifrance.gouv.fr\/jorf\/id\/JORFTEXT000043985022\" target=\"_blank\" rel=\"noreferrer noopener\">d\u00e9cret 2021-1123 du 26 ao\u00fbt 2021<\/a>Paris, le 19 juin 2023<strong>Lucien BARBOLOSI<\/strong>Secr\u00e9taire national du SNALC charg\u00e9 des personnels BIATSS<a href=\"https:\/\/oxiforms.com\/?8CrEa\" target=\"_blank\" rel=\"noreferrer noopener\">Contact<\/a><img decoding=\"async\" src=\"https:\/\/snalc.fr\/wp-content\/uploads\/lucien_barbolosi_snalc.png\" alt=\"\">SUR LE SITE SNALC.FR<img decoding=\"async\" src=\"https:\/\/snalc.fr\/wp-content\/uploads\/entretien_istock_eggeeggjiew-1060599512.jpg\" alt=\"\"><strong>L&rsquo;entretien professionnel<\/strong><br>Cet entretien doit constituer un temps d\u2019\u00e9change constructif entre l\u2019agent et son sup\u00e9rieur direct. \u00c0 cette occasion, l\u2019agent a le droit d\u2019exposer sa conception du travail, d\u2019\u00e9voquer ses r\u00e9ussites et les difficult\u00e9s rencontr\u00e9es, ses projets ou souhaits en mati\u00e8re de d\u00e9roulement de carri\u00e8re, ses besoins de formation.&nbsp;<strong>[<a href=\"https:\/\/snalc.fr\/entretien-professionnel\/\" target=\"_blank\" rel=\"noreferrer noopener\">Lire la suite<\/a>]<\/strong><img decoding=\"async\" src=\"https:\/\/syndicat-snalc.net\/AWURTSJ67\/argent-grille_iStockGrafner_opt_b448c1e506.jpg\" alt=\"\"><strong>Cat\u00e9gorie B&nbsp;: modification des grilles de traitement et cons\u00e9quences<\/strong><br>Les d\u00e9crets du 31 aout 2022 ont modifi\u00e9 les grilles de traitement des cat\u00e9gories B (SAENES, TRF, BIBAS). Ces mesures, pr\u00e9sent\u00e9es \u00e0 l\u2019\u00e9poque comme un progr\u00e8s et une revalorisation, font apparaitre cependant de grosses lacunes&nbsp;<strong>[<a href=\"https:\/\/snalc.fr\/categorie-b-modification-des-grilles-de-traitement-et-consequences\/\" target=\"_blank\" rel=\"noreferrer noopener\">Lire la suite<\/a>]<\/strong><img decoding=\"async\" src=\"https:\/\/snalc.fr\/wp-content\/uploads\/argent_istock_BernardaSv-187403869.jpg\" alt=\"\"><strong>Revalorisation de l\u2019IFSE des personnels administratifs de cat\u00e9gorie C<\/strong><br>Pour 2023, l\u2019enveloppe est beaucoup plus restreinte et le choix a \u00e9t\u00e9 fait de cibler uniquement la cat\u00e9gorie C. Chaque agent recevra une augmentation de 675 euros brut\/an soit 56 euros mensuels (mesure \u00e0 effet r\u00e9troactif \u00e0 compter du 1er janvier 2023). <strong>[<a href=\"https:\/\/snalc.fr\/revalorisation-de-lifse-des-personnels-administratifs-de-categorie-c\/\" target=\"_blank\" rel=\"noreferrer noopener\">Lire la suite<\/a>]<\/strong><img decoding=\"async\" src=\"https:\/\/snalc.fr\/wp-content\/uploads\/argent_istock_drasa-1284097769.jpg\" alt=\"\"><strong>Cat\u00e9gorie C&nbsp;: les \u00ab&nbsp;smicards&nbsp;\u00bb au long cours<\/strong><br>Dans la p\u00e9riode d\u2019inflation galopante que subit le pays depuis plusieurs mois, le SMIC a connu plusieurs augmentations successives, ce qui a eu pour effet de rendre caduques, \u00e0 peine remani\u00e9es, les grilles de traitement des personnels de cat\u00e9gorie C (ADJAENES , magasiniers des biblioth\u00e8ques\u2026).&nbsp; <strong>[<a href=\"https:\/\/snalc.fr\/categorie-c-les-smicards-au-long-cours\/\" target=\"_blank\" rel=\"noreferrer noopener\">Lire la suite<\/a>]<\/strong>L&rsquo;ADH\u00c9SION AU SNALC<strong>Le syndicat repr\u00e9sentatif le moins cher de l&rsquo;Education nationale<\/strong> (<a href=\"https:\/\/snalc.fr\/wp-content\/uploads\/tarifs.pdf\" target=\"_blank\" rel=\"noreferrer noopener\">tarifs<\/a>)<br>Assistance et <a href=\"https:\/\/snalc.fr\/gmf-protection-juridique\/\" target=\"_blank\" rel=\"noreferrer noopener\">protection juridiques<\/a> p\u00e9nales comprises (agressions, diffamation, harc\u00e8lement&#8230;). Dispositif exclusif d&rsquo;aide \u00e0 la mobilit\u00e9&nbsp;: <a href=\"https:\/\/snalc.fr\/mobi-snalc\/\" target=\"_blank\" rel=\"noreferrer noopener\">mobi-SNALC<\/a>. Tarifs n\u00e9goci\u00e9s aupr\u00e8s de nombreux partenaires&nbsp;: \u00ab\u00a0<a href=\"https:\/\/snalc.fr\/avantages-snalc\/\" target=\"_blank\" rel=\"noreferrer noopener\">Avantages-SNALC<\/a>\u00ab\u00a0.<br><img decoding=\"async\" src=\"http:\/\/syndicat-snalc.net\/AWURTSJ67\/editedimg_361b042f34.jpg\" alt=\"\"><a href=\"https:\/\/snalc.fr\/adhesion-carte\/\" target=\"_blank\" rel=\"noreferrer noopener\">carte bancaire<\/a><img decoding=\"async\" src=\"http:\/\/syndicat-snalc.net\/AWURTSJ67\/adhesion_prelevements_0703b426ca.JPG\" alt=\"\"><a href=\"https:\/\/snalc.fr\/adhesion\/\" target=\"_blank\" rel=\"noreferrer noopener\">pr\u00e9l\u00e8vements mensuels<\/a><img decoding=\"async\" src=\"https:\/\/syndicat-snalc.net\/AWURTSJ67\/editedimg_c6a21d792d.png\" alt=\"\"><a href=\"https:\/\/snalc.fr\/adhesion-virement\/\" target=\"_blank\" rel=\"noreferrer noopener\">virement<\/a><img decoding=\"async\" src=\"http:\/\/syndicat-snalc.net\/AWURTSJ67\/adhesion_cheque_699976dc59.JPG\" alt=\"\"><a href=\"https:\/\/snalc.fr\/adhesion-cheque\/\" target=\"_blank\" rel=\"noreferrer noopener\">ch\u00e8que<\/a>Le SNALC est totalement ind\u00e9pendant&nbsp;: les cotisations sont ses seules ressources. Il n&rsquo;a de compte \u00e0 rendre qu&rsquo;\u00e0 ses adh\u00e9rents.<br><a href=\"https:\/\/snalc.fr\/wp-content\/uploads\/Adhesion_zero_euro.pdf\" target=\"_blank\" rel=\"noreferrer noopener\">Adh\u00e9sion \u00e0 z\u00e9ro euro&nbsp;: c&rsquo;est le moment de d\u00e9couvrir le SNALC&nbsp;!<\/a><a href=\"https:\/\/snalc.fr\/contact\/\" target=\"_blank\" rel=\"noreferrer noopener\">CONTACT<\/a><a href=\"https:\/\/www.facebook.com\/SNALCNational\/\" target=\"_blank\" rel=\"noreferrer noopener\"><\/a><a href=\"https:\/\/twitter.com\/snalc_national\" target=\"_blank\" rel=\"noreferrer noopener\"><\/a><a href=\"https:\/\/www.snalc.fr\/\" target=\"_blank\" rel=\"noreferrer noopener\"><\/a>Cr\u00e9dits images&nbsp; sur les articles en lien<\/td><\/tr><\/tbody><\/table><\/figure>\n\n\n\n<figure class=\"wp-block-table\"><table><tbody><tr><td>Ce message du SNALC est achemin\u00e9 vers votre bo\u00eete professionnelle par le minist\u00e8re via une liste aveugle de diffusion de fa\u00e7on conforme et r\u00e8glementaire, selon les termes du Bulletin officiel n\u00b038 du 17 octobre 2019. Aucun syndicat, pas m\u00eame le SNALC, n&rsquo;a la possibilit\u00e9 de d\u00e9sabonner de lui-m\u00eame un agent, m\u00eame \u00e0 sa demande. Seul le minist\u00e8re a acc\u00e8s \u00e0 la gestion des d\u00e9sabonnements. Vous pouvez choisir de vous d\u00e9sabonner des envois des organisations syndicales de votre choix uniquement&nbsp;\u00e0 l&rsquo;aide du lien ci-dessous.<\/td><\/tr><\/tbody><\/table><\/figure>\n","protected":false},"excerpt":{"rendered":"<p>Lettre d&rsquo;information du SNALC &#8211; 19&nbsp;juin 2023Personnels BIATSSACCORD-CADRE SUR LE T\u00c9L\u00c9TRAVAILCet accord majoritaire a \u00e9t\u00e9 cosign\u00e9 par 5 organisations syndicales, dont le SNALC, sur les 7 repr\u00e9sentatives au sein du [&hellip;]<\/p>\n","protected":false},"author":1,"featured_media":0,"comment_status":"closed","ping_status":"closed","sticky":false,"template":"","format":"standard","meta":{"_lmt_disableupdate":"","_lmt_disable":"","site-sidebar-layout":"default","site-content-layout":"","ast-site-content-layout":"default","site-content-style":"default","site-sidebar-style":"default","ast-global-header-display":"","ast-banner-title-visibility":"","ast-main-header-display":"","ast-hfb-above-header-display":"","ast-hfb-below-header-display":"","ast-hfb-mobile-header-display":"","site-post-title":"","ast-breadcrumbs-content":"","ast-featured-img":"","footer-sml-layout":"","ast-disable-related-posts":"","theme-transparent-header-meta":"","adv-header-id-meta":"","stick-header-meta":"","header-above-stick-meta":"","header-main-stick-meta":"","header-below-stick-meta":"","astra-migrate-meta-layouts":"default","ast-page-background-enabled":"default","ast-page-background-meta":{"desktop":{"background-color":"var(--ast-global-color-4)","background-image":"","background-repeat":"repeat","background-position":"center center","background-size":"auto","background-attachment":"scroll","background-type":"","background-media":"","overlay-type":"","overlay-color":"","overlay-opacity":"","overlay-gradient":""},"tablet":{"background-color":"","background-image":"","background-repeat":"repeat","background-position":"center center","background-size":"auto","background-attachment":"scroll","background-type":"","background-media":"","overlay-type":"","overlay-color":"","overlay-opacity":"","overlay-gradient":""},"mobile":{"background-color":"","background-image":"","background-repeat":"repeat","background-position":"center center","background-size":"auto","background-attachment":"scroll","background-type":"","background-media":"","overlay-type":"","overlay-color":"","overlay-opacity":"","overlay-gradient":""}},"ast-content-background-meta":{"desktop":{"background-color":"var(--ast-global-color-5)","background-image":"","background-repeat":"repeat","background-position":"center center","background-size":"auto","background-attachment":"scroll","background-type":"","background-media":"","overlay-type":"","overlay-color":"","overlay-opacity":"","overlay-gradient":""},"tablet":{"background-color":"var(--ast-global-color-5)","background-image":"","background-repeat":"repeat","background-position":"center center","background-size":"auto","background-attachment":"scroll","background-type":"","background-media":"","overlay-type":"","overlay-color":"","overlay-opacity":"","overlay-gradient":""},"mobile":{"background-color":"var(--ast-global-color-5)","background-image":"","background-repeat":"repeat","background-position":"center center","background-size":"auto","background-attachment":"scroll","background-type":"","background-media":"","overlay-type":"","overlay-color":"","overlay-opacity":"","overlay-gradient":""}},"footnotes":""},"categories":[31,16],"tags":[],"class_list":["post-1624","post","type-post","status-publish","format-standard","hentry","category-actualites-2022-2023","category-biatss"],"modified_by":"slecourtier","_links":{"self":[{"href":"https:\/\/snalc.org\/snalc2023\/index.php?rest_route=\/wp\/v2\/posts\/1624","targetHints":{"allow":["GET"]}}],"collection":[{"href":"https:\/\/snalc.org\/snalc2023\/index.php?rest_route=\/wp\/v2\/posts"}],"about":[{"href":"https:\/\/snalc.org\/snalc2023\/index.php?rest_route=\/wp\/v2\/types\/post"}],"author":[{"embeddable":true,"href":"https:\/\/snalc.org\/snalc2023\/index.php?rest_route=\/wp\/v2\/users\/1"}],"replies":[{"embeddable":true,"href":"https:\/\/snalc.org\/snalc2023\/index.php?rest_route=%2Fwp%2Fv2%2Fcomments&post=1624"}],"version-history":[{"count":1,"href":"https:\/\/snalc.org\/snalc2023\/index.php?rest_route=\/wp\/v2\/posts\/1624\/revisions"}],"predecessor-version":[{"id":1625,"href":"https:\/\/snalc.org\/snalc2023\/index.php?rest_route=\/wp\/v2\/posts\/1624\/revisions\/1625"}],"wp:attachment":[{"href":"https:\/\/snalc.org\/snalc2023\/index.php?rest_route=%2Fwp%2Fv2%2Fmedia&parent=1624"}],"wp:term":[{"taxonomy":"category","embeddable":true,"href":"https:\/\/snalc.org\/snalc2023\/index.php?rest_route=%2Fwp%2Fv2%2Fcategories&post=1624"},{"taxonomy":"post_tag","embeddable":true,"href":"https:\/\/snalc.org\/snalc2023\/index.php?rest_route=%2Fwp%2Fv2%2Ftags&post=1624"}],"curies":[{"name":"wp","href":"https:\/\/api.w.org\/{rel}","templated":true}]}}