{"id":1629,"date":"2023-06-21T16:23:14","date_gmt":"2023-06-21T14:23:14","guid":{"rendered":"https:\/\/snalc.org\/snalc2023\/?p=1629"},"modified":"2023-06-21T16:23:16","modified_gmt":"2023-06-21T14:23:16","slug":"lettre-dinformation-snalc-21-juin-2023-professeurs-des-ecoles","status":"publish","type":"post","link":"https:\/\/snalc.org\/snalc2023\/?p=1629","title":{"rendered":"Lettre d&rsquo;information SNALC &#8211; 21 juin 2023 &#8211; PROFESSEURS DES \u00c9COLES"},"content":{"rendered":"\n<figure class=\"wp-block-table\"><table><tbody><tr><td>Lettre d&rsquo;information SNALC&nbsp;&#8211; 21&nbsp;juin 2023<img decoding=\"async\" src=\"https:\/\/syndicat-snalc.net\/AWURTSJ67\/LOGO_SNALC_DE_L_ECOLE_AU_SUPERIEUR_RVB_340PX_1fd66ff7e3.png\" alt=\"\"><br>PROFESSEURS DES \u00c9COLES<a href=\"https:\/\/oxiforms.com\/form.php?f=3CCEA222-75AC-4C20-96A8-469DA72B26EF\" target=\"_blank\" rel=\"noreferrer noopener\">Nous contacter<\/a><br>ON VEUT NOUS FAIRE MARCHER AU PACTE\u2026Ces derniers temps, la temp\u00e9rature dans toute la France avoisine les 30 degr\u00e9s. Parce qu\u2019il est scientifiquement prouv\u00e9 que les fortes chaleurs entra\u00eenent une baisse des performances cognitives, j\u2019esp\u00e9rais qu\u2019elles puissent expliquer, justifier, excuser l\u2019incoh\u00e9rence voire parfois l\u2019absurdit\u00e9 des orientations, des d\u00e9cisions prises pour l\u2019\u00e9cole par le minist\u00e8re. Mais il n\u2019en est rien. Depuis quelques ann\u00e9es, le comportement obsessionnel de notre minist\u00e8re le pousse \u00e0 \u00e9prouver un besoin irr\u00e9pressible de changer, de compliquer, de d\u00e9truire en permanence l\u2019\u00e9cole publique.&nbsp; Il n\u2019y a pourtant ni de coup de chaud, ni de coup de folie rue de Grenelle&nbsp;: tout ce qui s\u2019y d\u00e9cide est bien et m\u00eame tr\u00e8s bien pens\u00e9 et calcul\u00e9.<br>Aussi, ne vous y trompez pas. Malgr\u00e9 la chaleur ambiante, gardez bien les id\u00e9es fra\u00eeches et claires quand on vous incitera ou que vous serez tent\u00e9s de signer LE Pacte. Rappelez-vous que tout ce qui vous est pr\u00e9sent\u00e9 depuis quelques temps comme une opportunit\u00e9, un plus, une avanc\u00e9e, est tr\u00e8s rarement pour ne pas dire JAMAIS \u00e0 l\u2019avantage de notre m\u00e9tier.<br>Comme toujours, le minist\u00e8re \u00e9voque une n\u00e9cessit\u00e9, une bonne raison en pr\u00e9textant une soi-disant reconnaissance qui nous serait due. Comme il est facile aujourd\u2019hui de proposer quelques euros \u00e0 des professeurs sous-pay\u00e9s en \u00e9change de la signature d\u2019un Pacte \u00ab&nbsp;surprise&nbsp;\u00bb. Comme il est facile de les convaincre, de les leurrer et de les app\u00e2ter quand on sait combien leur salaire est honteusement insuffisant. Et comme \u00e0 chaque fois, quelques mois apr\u00e8s le lancement du Pacte, le ministre constatera que l\u2019id\u00e9e est sensationnelle et que les effets sont l\u00e0, m\u00eame si rien n\u2019est vrai. La finalit\u00e9&nbsp;? Toujours la m\u00eame&nbsp;: \u00e9conomies et rentabilit\u00e9. Le Pacte aura alors prouv\u00e9 que le professeur des \u00e9coles est pr\u00eat \u00e0 travailler plus.<br>Ne tournons pas autour du pot. \u00c0 terme, on veut augmenter notre temps de travail et l\u2019annualiser pour en finir avec ce rythme \u00ab&nbsp;privil\u00e9gi\u00e9&nbsp;\u00bb de 24 heures d\u2019enseignement et de 36 semaines de classe.<br>Signer, c\u2019est prendre un engagement.&nbsp; Mais signer un ch\u00e8que en blanc ou un contrat d\u2019engagement de 12 mois sans aucun d\u00e9tail mentionnant les conditions de l\u2019offre, c\u2019est prendre des vessies pour des lanternes.Si ce n\u2019est d\u00e9j\u00e0 fait, le SNALC vous recommande de regarder <a href=\"https:\/\/www.youtube.com\/watch?v=8jRDqBDESI4\" target=\"_blank\" rel=\"noreferrer noopener\">cette vid\u00e9o<\/a> avant de le regretter.Christophe <strong>GRUSON<\/strong>secr\u00e9taire national premier degr\u00e9<br><img decoding=\"async\" src=\"https:\/\/syndicat-snalc.net\/AWURTSJ67\/hand-man-leg-finger-arm-aggression-639152-px_d3ac4fc308.jpg\" alt=\"\"><strong>VIOLENCES PLURIELLES ET <\/strong><strong>SOLUTIONS SINGULI\u00c8RES<\/strong><strong><br><\/strong>Le SNALC a vu se d\u00e9t\u00e9riorer le climat scolaire depuis des ann\u00e9es. Dans le viseur d\u00e8s le d\u00e9but de 2023, les violences \u00e0 l\u2019\u00e9cole, mises en lumi\u00e8re par l\u2019enqu\u00eate Sivis r\u00e9alis\u00e9e par la DEPP.<br><a href=\"https:\/\/snalc.fr\/violences-plurielles-et-solutions-singulieres\/\" target=\"_blank\" rel=\"noreferrer noopener\">[Lire la suite]<\/a><img decoding=\"async\" src=\"https:\/\/snalc.fr\/wp-content\/uploads\/eleve_istock_joey333-1026381110.jpg\" alt=\"\"><strong>\u00c9VALUATION DES \u00c9VALUATIONS D\u2019\u00c9COLE&nbsp;:DE QUI SE MOQUE-T-ON&nbsp;?<\/strong><strong><br><\/strong>Le Conseil d\u2019Evaluation de l\u2019Ecole (CEE) livre un premier bilan des \u00e9valuations d\u2019\u00e9cole. Le SNALC fait \u00e9galement le bilan de ces \u00e9valuations et ses constats ne sont pas concordants avec ceux du CEE.<br><a href=\"https:\/\/snalc.fr\/premier-degre-du-mepris-a-lescroquerie\/#evaldeval\" target=\"_blank\" rel=\"noreferrer noopener\">[Lire la suite]<\/a><img decoding=\"async\" src=\"https:\/\/syndicat-snalc.net\/AWURTSJ67\/girl-jewelry-manicure-card-vote-competition-_b49a08f2e8.jpg\" alt=\"\"><strong>NE NOTEZ PAS LES ENFANTS, VOUS SEREZ NOT\u00c9S PAR LEURS PARENTS&nbsp;!<\/strong><br>Tr\u00e8s tendance en 2023, les enseignants se voient not\u00e9s par des parents qui n\u2019acceptent, pour autant, plus depuis bien longtemps que leur douce prog\u00e9niture soit elle-m\u00eame not\u00e9e \u00ab&nbsp;\u00e0 l\u2019ancienne&nbsp;\u00bb par la ma\u00eetresse ou le ma\u00eetre. Le SNALC, s\u2019il n\u2019esp\u00e8re plus, douce utopie, que les parents d\u2019\u00e9l\u00e8ves reviennent \u00e0 la raison, souhaite en revanche plus que jamais que l\u2019institution puisse les y contraindre.<br>[<a href=\"https:\/\/snalc.fr\/ne-notez-pas-les-enfants-vous-serez-notes-par-leurs-parents\/\" target=\"_blank\" rel=\"noreferrer noopener\">Lire la suite<\/a>]<img decoding=\"async\" src=\"https:\/\/syndicat-snalc.net\/AWURTSJ67\/african-american-agency-american-analyzing-b_ad5b5e98af.jpg\" alt=\"\"><strong>FORMATIONS MIN-ASH, <\/strong><strong>NE TARDEZ PAS \u00c0 VOUS INSCRIRE&nbsp;!<\/strong><br>Le minist\u00e8re propose chaque ann\u00e9e des formations MIN-ASH, concernant le champ du handicap. Inscrivez-vous sans tarder&nbsp;!<br><a href=\"https:\/\/snalc.fr\/formations-min-ash-ne-tardez-pas-a-vous-inscrire\/\" target=\"_blank\" rel=\"noreferrer noopener\">[Lire la suite]<\/a>Et pendant ce temps\u2026<br><img decoding=\"async\" src=\"https:\/\/syndicat-snalc.net\/AWURTSJ67\/editedimg_18f058d191.png\" alt=\"\"><strong>Des dates de rentr\u00e9e scolaire 2023 diff\u00e9rentes selon les acad\u00e9mies<\/strong><br>Selon les acad\u00e9mies, la date de rentr\u00e9e des classes n\u2019est pas la m\u00eame. De m\u00eame, la pr\u00e9-rentr\u00e9e peut se faire, en fonction des dispositions locales, sur 1 ou 2 jours.<br>Le SNALC vous propose un tableau r\u00e9capitulatif des dates de pr\u00e9-rentr\u00e9e et de rentr\u00e9e des classes, qui peut s\u2019av\u00e9rer fort utile selon la mutation obtenue au mouvement interd\u00e9partemental. <a href=\"https:\/\/snalc.fr\/et-pendant-ce-temps-lettre-juin-2023\/\" target=\"_blank\" rel=\"noreferrer noopener\">[Lire la suite]<\/a><br><strong>Le rendez-vous de carri\u00e8re&nbsp;: serez-vous \u00e9ligible en 2023-2024&nbsp;?<\/strong><br>6, 8, 9&nbsp;? Quels sont les chanceux qui auront le bon num\u00e9ro d\u2019\u00e9chelon pour participer au grand tirage du rendez-vous de carri\u00e8re en 2023-2024&nbsp;? Voici le tierc\u00e9 gagnant&nbsp;: que vous soyez du 6\u00e8me, du 8\u00e8me ou du 9\u00e8me \u00e9chelon, c\u2019est d\u00e9but juillet que votre \u00ab&nbsp;participation&nbsp;\u00bb vous sera annonc\u00e9e pour la rentr\u00e9e prochaine.<br>Pour en savoir plus sur votre \u00e9ligibilit\u00e9, consultez cet article du SNALC&nbsp;:<a href=\"https:\/\/snalc.fr\/le-rendez-vous-de-carriere-serez-vous-eligible-en-2023-2024\/\" target=\"_blank\" rel=\"noreferrer noopener\">snalc.fr\/le-rendez-vous-de-carriere-serez-vous-eligible-en-2023-2024\/<br><\/a><br><strong>Exp\u00e9rimentation \u00ab&nbsp;\u00c9cole du futur&nbsp;\u00bb \u00e0 Marseille&nbsp;: quel bilan&nbsp;?<\/strong><br>Le 16 mai 2023, le SNALC, avec les autres syndicats repr\u00e9sentatifs, \u00e9tait auditionn\u00e9 par deux d\u00e9put\u00e9s de la commission des Affaires culturelles et de l\u2019\u00c9ducation, G\u00e9raldine Bannier (d\u00e9put\u00e9e Modem de Mayenne) et J\u00e9r\u00f4me Legavre (d\u00e9put\u00e9 LFI de Seine-Saint-Denis). Rapporteurs d\u2019une mission d\u2019\u00e9valuation sur la loi Blanquer, dite \u00ab&nbsp;\u00e9cole de la confiance&nbsp;\u00bb, ils souhaitaient en effet nous entendre sur l\u2019exp\u00e9rimentation en cours dans pr\u00e8s de 70 \u00e9coles marseillaises.<a href=\"https:\/\/snalc.fr\/experimentation-ecole-du-futur-a-marseille-quel-bilan\/\" target=\"_blank\" rel=\"noreferrer noopener\">snalc.fr\/experimentation-ecole-du-futur-a-marseille-quel-bilan\/<\/a><br>LES 10 RECOMMANDATIONS DU SNALC POUR \u00caTRE PLUS FORT AU TRAVAIL<img decoding=\"async\" src=\"https:\/\/syndicat-snalc.net\/AWURTSJ67\/Capture_d_ecran_2019-11-29_a_16.42.10_588ebd6952.png\" alt=\"\">M\u00eame si \u00ab&nbsp;cela n\u2019arrive qu\u2019aux autres&nbsp;\u00bb, nous vous invitons \u00e0 prendre connaissance des 10 recommandations du SNALC&nbsp;: autant d\u2019erreurs \u00e0 ne pas commettre, de conseils \u00e0 appliquer, de pi\u00e8ges \u00e0 rep\u00e9rer&#8230;<br><strong>[<\/strong><a href=\"https:\/\/snalc.fr\/10-recommandations-pour-etre-plus-fort-au-travail\/\" target=\"_blank\" rel=\"noreferrer noopener\"><strong>Lire la suite<\/strong><\/a><strong>]<\/strong><strong>POURQUOI REJOINDRE LE SNALC&nbsp;?<\/strong><img decoding=\"async\" src=\"https:\/\/syndicat-snalc.net\/AWURTSJ67\/9e6ddc209f1392fb4e74a82609409d7db2ec8759_ed5df3d865.jpg\" alt=\"\"><strong>AU MOINS 7 BONNES RAISONS<\/strong><br>1-L&rsquo;ind\u00e9pendance du SNALC2-La repr\u00e9sentativit\u00e9 du SNALC3-Au SNALC, pas de langue de bois4-Des ressources \u00e0 votre disposition5-Avantages SNALC&nbsp;: exclusif pour les adh\u00e9rents6-Une vraie assistance juridique avec l&rsquo;adh\u00e9sion7-Le syndicat le moins cher de l&rsquo;\u00c9ducation nationale<br><strong>[<\/strong><a href=\"https:\/\/snalc.fr\/7-bonnes-raisons\/\" target=\"_blank\" rel=\"noreferrer noopener\"><strong>Lire la suite<\/strong><\/a><strong>]<\/strong><br>L&rsquo;ADHESION AU SNALC<br>90 \u20ac pour un an<br><strong>Le syndicat repr\u00e9sentatif le moins cher de l&rsquo;Education nationale<\/strong> (<a href=\"https:\/\/snalc.fr\/wp-content\/uploads\/tarifs.pdf\" target=\"_blank\" rel=\"noreferrer noopener\">tarifs<\/a>)<br>Assistance et <a href=\"https:\/\/snalc.fr\/gmf-protection-juridique\/\" target=\"_blank\" rel=\"noreferrer noopener\">protection juridiques<\/a> p\u00e9nales comprises (agressions, diffamation, harc\u00e8lement&#8230;). Dispositif exclusif d&rsquo;aide \u00e0 la mobilit\u00e9&nbsp;: <a href=\"https:\/\/snalc.fr\/mobi-snalc\/\" target=\"_blank\" rel=\"noreferrer noopener\">mobi-SNALC<\/a>. Tarifs n\u00e9goci\u00e9s aupr\u00e8s de nombreux partenaires&nbsp;: \u00ab\u00a0<a href=\"https:\/\/snalc.fr\/avantages-snalc\/\" target=\"_blank\" rel=\"noreferrer noopener\">Avantages-SNALC<\/a>\u00ab\u00a0.<br><img decoding=\"async\" src=\"http:\/\/syndicat-snalc.net\/AWURTSJ67\/editedimg_361b042f34.jpg\" alt=\"\"><a href=\"https:\/\/snalc.fr\/adhesion-carte\/\" target=\"_blank\" rel=\"noreferrer noopener\">carte bancaire<\/a><img decoding=\"async\" src=\"http:\/\/syndicat-snalc.net\/AWURTSJ67\/adhesion_prelevements_0703b426ca.JPG\" alt=\"\"><a href=\"https:\/\/snalc.fr\/adhesion\/\" target=\"_blank\" rel=\"noreferrer noopener\">pr\u00e9l\u00e8vements mensuels<\/a><img decoding=\"async\" src=\"https:\/\/syndicat-snalc.net\/AWURTSJ67\/editedimg_c6a21d792d.png\" alt=\"\"><a href=\"https:\/\/snalc.fr\/adhesion-virement\/\" target=\"_blank\" rel=\"noreferrer noopener\">virement<\/a><img decoding=\"async\" src=\"http:\/\/syndicat-snalc.net\/AWURTSJ67\/adhesion_cheque_699976dc59.JPG\" alt=\"\"><a href=\"https:\/\/snalc.fr\/adhesion-cheque\/\" target=\"_blank\" rel=\"noreferrer noopener\">ch\u00e8que<\/a>Le SNALC est totalement ind\u00e9pendant&nbsp;: les cotisations sont ses seules ressources. Il n&rsquo;a de compte \u00e0 rendre qu&rsquo;\u00e0 ses adh\u00e9rents.<a href=\"https:\/\/snalc.fr\/contact\/\" target=\"_blank\" rel=\"noreferrer noopener\">CONTACT<\/a>Cr\u00e9dits sur les articles en lien<a href=\"https:\/\/www.facebook.com\/SNALCNational\/\" target=\"_blank\" rel=\"noreferrer noopener\"><\/a><a href=\"https:\/\/twitter.com\/snalc_national\" target=\"_blank\" rel=\"noreferrer noopener\"><\/a><a href=\"https:\/\/www.snalc.fr\/\" target=\"_blank\" rel=\"noreferrer noopener\"><\/a><\/td><\/tr><\/tbody><\/table><\/figure>\n\n\n\n<figure class=\"wp-block-table\"><table><tbody><tr><td>Ce message du SNALC est achemin\u00e9 vers votre bo\u00eete professionnelle par le minist\u00e8re via une liste aveugle de diffusion de fa\u00e7on conforme et r\u00e8glementaire, selon les termes du Bulletin officiel n\u00b038 du 17 octobre 2019. Aucun syndicat, pas m\u00eame le SNALC, n&rsquo;a la possibilit\u00e9 de d\u00e9sabonner de lui-m\u00eame un agent, m\u00eame \u00e0 sa demande. Seul le minist\u00e8re a acc\u00e8s \u00e0 la gestion des d\u00e9sabonnements. Vous pouvez choisir de vous d\u00e9sabonner des envois des organisations syndicales de votre choix en cliquant sur le lien ci-apr\u00e8s g\u00e9r\u00e9&nbsp;par le minist\u00e8re&nbsp;: https:\/\/desabonnement.syndicat.education.gouv.fr\/<\/td><\/tr><\/tbody><\/table><\/figure>\n","protected":false},"excerpt":{"rendered":"<p>Lettre d&rsquo;information SNALC&nbsp;&#8211; 21&nbsp;juin 2023PROFESSEURS DES \u00c9COLESNous contacterON VEUT NOUS FAIRE MARCHER AU PACTE\u2026Ces derniers temps, la temp\u00e9rature dans toute la France avoisine les 30 degr\u00e9s. Parce qu\u2019il est scientifiquement [&hellip;]<\/p>\n","protected":false},"author":1,"featured_media":0,"comment_status":"closed","ping_status":"closed","sticky":false,"template":"","format":"standard","meta":{"_lmt_disableupdate":"","_lmt_disable":"","site-sidebar-layout":"default","site-content-layout":"","ast-site-content-layout":"default","site-content-style":"default","site-sidebar-style":"default","ast-global-header-display":"","ast-banner-title-visibility":"","ast-main-header-display":"","ast-hfb-above-header-display":"","ast-hfb-below-header-display":"","ast-hfb-mobile-header-display":"","site-post-title":"","ast-breadcrumbs-content":"","ast-featured-img":"","footer-sml-layout":"","ast-disable-related-posts":"","theme-transparent-header-meta":"","adv-header-id-meta":"","stick-header-meta":"","header-above-stick-meta":"","header-main-stick-meta":"","header-below-stick-meta":"","astra-migrate-meta-layouts":"default","ast-page-background-enabled":"default","ast-page-background-meta":{"desktop":{"background-color":"var(--ast-global-color-4)","background-image":"","background-repeat":"repeat","background-position":"center center","background-size":"auto","background-attachment":"scroll","background-type":"","background-media":"","overlay-type":"","overlay-color":"","overlay-opacity":"","overlay-gradient":""},"tablet":{"background-color":"","background-image":"","background-repeat":"repeat","background-position":"center center","background-size":"auto","background-attachment":"scroll","background-type":"","background-media":"","overlay-type":"","overlay-color":"","overlay-opacity":"","overlay-gradient":""},"mobile":{"background-color":"","background-image":"","background-repeat":"repeat","background-position":"center center","background-size":"auto","background-attachment":"scroll","background-type":"","background-media":"","overlay-type":"","overlay-color":"","overlay-opacity":"","overlay-gradient":""}},"ast-content-background-meta":{"desktop":{"background-color":"var(--ast-global-color-5)","background-image":"","background-repeat":"repeat","background-position":"center center","background-size":"auto","background-attachment":"scroll","background-type":"","background-media":"","overlay-type":"","overlay-color":"","overlay-opacity":"","overlay-gradient":""},"tablet":{"background-color":"var(--ast-global-color-5)","background-image":"","background-repeat":"repeat","background-position":"center center","background-size":"auto","background-attachment":"scroll","background-type":"","background-media":"","overlay-type":"","overlay-color":"","overlay-opacity":"","overlay-gradient":""},"mobile":{"background-color":"var(--ast-global-color-5)","background-image":"","background-repeat":"repeat","background-position":"center center","background-size":"auto","background-attachment":"scroll","background-type":"","background-media":"","overlay-type":"","overlay-color":"","overlay-opacity":"","overlay-gradient":""}},"footnotes":""},"categories":[31,23],"tags":[],"class_list":["post-1629","post","type-post","status-publish","format-standard","hentry","category-actualites-2022-2023","category-professeurs-1er-degre"],"modified_by":"slecourtier","_links":{"self":[{"href":"https:\/\/snalc.org\/snalc2023\/index.php?rest_route=\/wp\/v2\/posts\/1629","targetHints":{"allow":["GET"]}}],"collection":[{"href":"https:\/\/snalc.org\/snalc2023\/index.php?rest_route=\/wp\/v2\/posts"}],"about":[{"href":"https:\/\/snalc.org\/snalc2023\/index.php?rest_route=\/wp\/v2\/types\/post"}],"author":[{"embeddable":true,"href":"https:\/\/snalc.org\/snalc2023\/index.php?rest_route=\/wp\/v2\/users\/1"}],"replies":[{"embeddable":true,"href":"https:\/\/snalc.org\/snalc2023\/index.php?rest_route=%2Fwp%2Fv2%2Fcomments&post=1629"}],"version-history":[{"count":1,"href":"https:\/\/snalc.org\/snalc2023\/index.php?rest_route=\/wp\/v2\/posts\/1629\/revisions"}],"predecessor-version":[{"id":1630,"href":"https:\/\/snalc.org\/snalc2023\/index.php?rest_route=\/wp\/v2\/posts\/1629\/revisions\/1630"}],"wp:attachment":[{"href":"https:\/\/snalc.org\/snalc2023\/index.php?rest_route=%2Fwp%2Fv2%2Fmedia&parent=1629"}],"wp:term":[{"taxonomy":"category","embeddable":true,"href":"https:\/\/snalc.org\/snalc2023\/index.php?rest_route=%2Fwp%2Fv2%2Fcategories&post=1629"},{"taxonomy":"post_tag","embeddable":true,"href":"https:\/\/snalc.org\/snalc2023\/index.php?rest_route=%2Fwp%2Fv2%2Ftags&post=1629"}],"curies":[{"name":"wp","href":"https:\/\/api.w.org\/{rel}","templated":true}]}}