{"id":1634,"date":"2023-06-22T07:22:21","date_gmt":"2023-06-22T05:22:21","guid":{"rendered":"https:\/\/snalc.org\/snalc2023\/?p=1634"},"modified":"2023-06-22T07:22:24","modified_gmt":"2023-06-22T05:22:24","slug":"retraite-point-dinformation-du-csa-du-20-juin","status":"publish","type":"post","link":"https:\/\/snalc.org\/snalc2023\/?p=1634","title":{"rendered":"Retraite : point d\u2019information du CSA du 20 juin"},"content":{"rendered":"\n<ul class=\"wp-block-list\">\n<li><a href=\"https:\/\/snalc.fr\/category\/parcours-carriere\/retraite\/\"><\/a><\/li>\n<\/ul>\n\n\n\n<figure class=\"wp-block-image\"><img decoding=\"async\" src=\"https:\/\/snalc.fr\/wp-content\/uploads\/argent_istock_Dobrila-Vignjevic-1250538359.jpg\" alt=\"\"\/><figcaption class=\"wp-element-caption\">\u00a9 istock_Dobrila-Vignjevic-1250538359<\/figcaption><\/figure>\n\n\n\n<p><strong>Point d\u2019information sur la r\u00e9forme des retraites pr\u00e9sent\u00e9 par le minist\u00e8re ce mardi 20 juin 2023 au CSA minist\u00e9riel.<\/strong><\/p>\n\n\n\n<p>\u00c0 retenir&nbsp;:<\/p>\n\n\n\n<ul class=\"wp-block-list\">\n<li>Les PE pourront partir \u00e0 leur date anniversaire ;<\/li>\n\n\n\n<li>Possibilit\u00e9 pour les enseignants atteints&nbsp;par la limite d\u2019\u00e2ge de terminer l\u2019ann\u00e9e scolaire.&nbsp;<\/li>\n\n\n\n<li>L\u2019agent qui avait des trimestres pour&nbsp;enfants qui \u00abn\u2019ouvraient pas de droits suppl\u00e9mentaires \u00bb pourront d\u00e9sormais b\u00e9n\u00e9ficier d\u2019une surcote de fa\u00e7on d\u00e9rogatoire.<\/li>\n\n\n\n<li>Retraite progressive&nbsp;: on attend encore le texte, un nouveau point d\u2019information sera&nbsp;fait \u00e0 cette occasion. Il est probable que les gens aujourd\u2019hui \u00e0 temps partiel et&nbsp;relevant des conditions de la retraite progressive (150 trimestres, &gt;60 ans et 3 mois)&nbsp;pourront basculer en retraite progressive (s\u2019ils en font la demande). Le calibrage de la&nbsp;mesure \u00e0 terme devrait \u00eatre entre 7000 et 8000 personnes.&nbsp;<\/li>\n<\/ul>\n\n\n\n<p>L\u2019avis du SNALC :<\/p>\n\n\n\n<ul class=\"wp-block-list\">\n<li>Le SNALC a rappel\u00e9 sa position sur la r\u00e9forme des retraites tant dans le contenu que sur la m\u00e9thode et a pos\u00e9 beaucoup de questions sur la retraite progressive&nbsp;: date de mise en \u0153uvre, capacit\u00e9 \u00e0&nbsp;l\u2019octroyer massivement dans un contexte de crise des recrutements\u2026&nbsp;<\/li>\n\n\n\n<li>Le SNALC rappelle&nbsp;sa demande du retour de la cessation progressive d\u2019activit\u00e9 (CPA).&nbsp;<\/li>\n<\/ul>\n\n\n\n<p><em><strong>Contenu du diaporama pr\u00e9sent\u00e9 par le minist\u00e8re en s\u00e9ance du du CSA du 20 juin 2023<\/strong><\/em><\/p>\n\n\n\n<figure class=\"wp-block-image\"><img decoding=\"async\" src=\"https:\/\/snalc.fr\/wp-content\/uploads\/Logo_education_jeunesse_sports_enseignement-793x1024.jpg\" alt=\"\"\/><\/figure>\n\n\n\n<figure class=\"wp-block-image\"><img decoding=\"async\" src=\"https:\/\/snalc.fr\/wp-content\/uploads\/csa_istock_piranka-1207360622-1024x472.jpg\" alt=\"\"\/><\/figure>\n\n\n\n<h2 class=\"wp-block-heading\">Sommaire<\/h2>\n\n\n\n<h2 class=\"wp-block-heading\">I \u2013 Mise en \u0153uvre de la r\u00e9forme des retraites<\/h2>\n\n\n\n<p>Avec la publication de la loi n\u00b0 2023-270 du 14 avril 2023 de financement rectificative de la s\u00e9curit\u00e9 sociale pour 2023 et de ses premiers textes d\u2019application, de nombreuses mesures vont concerner les personnels de l\u2019\u00e9ducation en mati\u00e8re de retraites.<\/p>\n\n\n\n<p>Il faut distinguer les <strong>mesures d\u2019application directe<\/strong> (1) et les <strong>mesures n\u00e9cessitant un texte d\u2019application<\/strong> (2). La loi pr\u00e9voit de nombreuses mesures d\u2019application qui vont \u00eatre regroup\u00e9es en plusieurs d\u00e9crets.<\/p>\n\n\n\n<p>Les deux premiers d\u00e9crets transversaux viennent d\u2019\u00eatre publi\u00e9s (d\u00e9crets n\u00b0 2023-435 et n\u00b0 2023-436 du 3 juin 2023). Ils transposent dans le code des pensions civiles et militaires de retraite les principales mesures d\u2019\u00e2ge et de dur\u00e9e d\u2019assurance, les d\u00e9parts anticip\u00e9s et le d\u00e9lai de demande de r\u00e9vision de la pension.<\/p>\n\n\n\n<p>En juillet, sont pr\u00e9vus les textes relatifs \u00e0 la retraite progressive et la surcote anticip\u00e9e.<\/p>\n\n\n\n<p>Un <strong>webinaire<\/strong> \u00e0 destination des services acad\u00e9miques sera organis\u00e9 avant la fin du mois de juin.<\/p>\n\n\n\n<h2 class=\"wp-block-heading\">II \u2013 Les principales mesures d\u2019\u00e2ge (tableaux d\u00e9taill\u00e9s en annexe)<\/h2>\n\n\n\n<p>L\u2019\u00e2ge l\u00e9gal \u00e0 partir duquel il est possible de partir \u00e0 la retraite est progressivement relev\u00e9 \u00e0 compter du 1er septembre 2023, \u00e0 raison de 3 mois par ann\u00e9e de naissance.<\/p>\n\n\n\n<p>Le d\u00e9calage de l\u2019\u00e2ge l\u00e9gal s\u2019appliquera \u00e9galement aux cat\u00e9gories actives et notamment aux instituteurs et anciens instituteurs qui ont 17 ans de services actifs.<\/p>\n\n\n\n<p>Pour b\u00e9n\u00e9ficier d\u2019une retraite \u00e0 taux plein, la dur\u00e9e de cotisations n\u00e9cessaire passera progressivement de 42 \u00e0 43 ans, sur un rythme d\u2019un trimestre suppl\u00e9mentaire jusqu\u2019en 2027.<\/p>\n\n\n\n<p>Pour rappel, les agents n\u00e9s avant le 1er septembre 1961 ne sont pas concern\u00e9s par ces rel\u00e8vements. Leurs conditions d\u2019\u00e2ge de d\u00e9part et de dur\u00e9e de cotisation restent inchang\u00e9es.<\/p>\n\n\n\n<p>Les r\u00e8gles applicables pour le calcul de la surcote et de la d\u00e9cote ne changent pas sauf pour certains parents. Les \u00e2ges d\u2019annulation de la d\u00e9cote qui permettent de partir \u00e0 taux plein restent \u00e0 67 ans pour les fonctionnaires de cat\u00e9gorie s\u00e9dentaire et 62 ans pour les cat\u00e9gories actives.<\/p>\n\n\n\n<p><strong>Application aux situations en cours<\/strong><\/p>\n\n\n\n<p>Certains agents qui avaient d\u00e9j\u00e0 fait leur demande de d\u00e9part \u00e0 la retraite sont directement concern\u00e9s par ces mesures d\u2019\u00e2ge. Leur situation a \u00e9t\u00e9 identifi\u00e9e et ils seront contact\u00e9s par les services acad\u00e9miques.<\/p>\n\n\n\n<p>Le simulateur du site&nbsp;<em><a href=\"https:\/\/www.info-retraite.fr\/portail-info\/home.html\">Info-retraite<\/a><\/em>a \u00e9t\u00e9 mis \u00e0 jour et permet \u00e0 chacun de simuler l\u2019effet de la r\u00e9forme sur sa pension future. Il sera enrichi dans les prochaines semaines en int\u00e9grant la retraite progressive, la retraite anticip\u00e9e pour handicap, le cumul emploi-retraite et ajout des nouveaux droits li\u00e9s \u00e0 ce dispositif.<\/p>\n\n\n\n<p>De fa\u00e7on g\u00e9n\u00e9rale, les agents ayant demand\u00e9 leur pension avant la publication de la loi et dont la pension prend effet <strong>apr\u00e8s le 31 ao\u00fbt <\/strong>2023 b\u00e9n\u00e9ficient, sur leur demande, d\u2019une <strong>annulation de leur pension ou de leur demande de pension<\/strong>. Les demandes doivent \u00eatre transmises avant le 31 octobre 2023.<\/p>\n\n\n\n<h2 class=\"wp-block-heading\">III \u2013 Carri\u00e8res longues<\/h2>\n\n\n\n<p>Les agents qui ont commenc\u00e9 \u00e0 travailler t\u00f4t pourront b\u00e9n\u00e9ficier d\u2019une retraite anticip\u00e9e pour carri\u00e8re longue (RACL). Deux nouveaux \u00e2ges sont introduits pour les personnes ayant valid\u00e9 leurs trimestres \u00e0 18 et \u00e0 21 ans.<\/p>\n\n\n\n<p>En fonction de leur dur\u00e9e d\u2019assurance requise (DAR) et de l\u2019\u00e2ge auquel ils auront valid\u00e9 5 trimestres*, ces agents pourront ainsi b\u00e9n\u00e9ficier du versement de leur pension de retraite d\u00e8s l\u2019\u00e2ge de 58, 60, 62 ou 63 ans. <strong>Tableaux d\u00e9taill\u00e9s <\/strong>en annexe 3.<\/p>\n\n\n\n<p>Ces nouvelles dispositions s\u2019appliqueront aux pensions prenant effet \u00e0 compter du 1er septembre 2023.<\/p>\n\n\n\n<p>Toutefois, une <strong>clause de sauvegarde <\/strong>est pr\u00e9vue au b\u00e9n\u00e9fice des agents n\u00e9s entre le 1er&nbsp; septembre 1961 et le 31 d\u00e9cembre 1963,&nbsp; \u00e9ligibles au dispositif de d\u00e9part anticip\u00e9 carri\u00e8res longues avant le 1er septembre 2023. Ces personnes conserveront le b\u00e9n\u00e9fice des dispositions ant\u00e9rieures et leur dur\u00e9e d\u2019assurance ne sera pas modifi\u00e9e.<\/p>\n\n\n\n<p><em>* Ce nombre est ramen\u00e9 \u00e0 4&nbsp;trimestres pour les personnes n\u00e9es au cours du dernier trimestre de l\u2019ann\u00e9e civile.<\/em><\/p>\n\n\n\n<h2 class=\"wp-block-heading\">IV \u2013 Agents en situation de handicap, d\u2019inaptitude et d\u2019invalidit\u00e9<\/h2>\n\n\n\n<p>Le d\u00e9cret&nbsp;<a href=\"https:\/\/www.legifrance.gouv.fr\/jorf\/id\/JORFTEXT000047625782\">n\u00b0 2023-436<\/a>&nbsp;pr\u00e9cise les r\u00e8gles relatives aux&nbsp;<strong>assur\u00e9s en situation de handicap<\/strong>, en permettant toujours un d\u00e9part \u00e0 55 ans et assouplissant les conditions de d\u00e9part \u00e0 la retraite \u00e0 ce titre. La dur\u00e9e d\u2019assurance n\u00e9cessaire d\u2019augmente pas tandis que la double condition de trimestre valid\u00e9e et cotis\u00e9e est supprim\u00e9e, au profit du maintien de la seule condition de trimestres cotis\u00e9es.<\/p>\n\n\n\n<p>Le d\u00e9cret mat\u00e9rialise par ailleurs la cr\u00e9ation d\u2019un \u00e2ge d\u2019ouverture des droits \u00e0 la retraite des assur\u00e9s inaptes et des invalides \u00e0 62 ans.<\/p>\n\n\n\n<h2 class=\"wp-block-heading\">V \u2013 Remboursement de certaines cotisations pour les rachats de trimestres<\/h2>\n\n\n\n<p>Les agents n\u00e9s apr\u00e8s le 1er&nbsp;septembre 1961 peuvent demander le remboursement des cotisations vers\u00e9es au titre du rachat des ann\u00e9es d\u2019\u00e9tudes \u00e0 la condition qu\u2019ils n\u2019aient fait valoir aucun des droits aux pensions personnelles de retraite auxquels ils peuvent pr\u00e9tendre au titre des r\u00e9gimes de retraite de base et compl\u00e9mentaires l\u00e9galement obligatoires. Les demandes devront \u00eatre pr\u00e9sent\u00e9es dans le d\u00e9lai de deux ans \u00e0 compter du 15 avril 2023.<\/p>\n\n\n\n<p>Le SREN (service des retraites de l\u2019Education nationale) est l\u2019interlocuteur pour l\u2019instruction de ces demandes.<\/p>\n\n\n\n<h2 class=\"wp-block-heading\">VI \u2013 Transposition des mesures aux enseignants du secteur priv\u00e9<\/h2>\n\n\n\n<p>Le d\u00e9cret n\u00b0 <a href=\"https:\/\/www.legifrance.gouv.fr\/download\/file\/NeEGD3j3C28Edc8mzWGZeTj6UFbgHwXsc1xpBHveUmo=\/JOE_TEXTE\">2023-435<\/a> du 3 juin 2023 met en coh\u00e9rence les avantages temporaires de retraite dont b\u00e9n\u00e9ficient les enseignants du secteur priv\u00e9 et compl\u00e8te les r\u00e8gles de maintien en activit\u00e9 des maitres de l\u2019enseignement priv\u00e9 avec les nouvelles dispositions de la loi.<\/p>\n\n\n\n<h2 class=\"wp-block-heading\">Annexe 1 : cat\u00e9gorie s\u00e9dentaire<\/h2>\n\n\n\n<figure class=\"wp-block-image\"><img decoding=\"async\" src=\"https:\/\/snalc.fr\/wp-content\/uploads\/Retraite_diaporamaMEN_20230620_annexe1-1024x431.jpg\" alt=\"\"\/><\/figure>\n\n\n\n<h2 class=\"wp-block-heading\">Annexe 2 : cat\u00e9gorie active<\/h2>\n\n\n\n<figure class=\"wp-block-image\"><img decoding=\"async\" src=\"https:\/\/snalc.fr\/wp-content\/uploads\/Retraite_diaporamaMEN_20230620_annexe2-1024x437.jpg\" alt=\"\"\/><\/figure>\n\n\n\n<h2 class=\"wp-block-heading\">Annexe 3 : D\u00e9tail retraites anticip\u00e9es<\/h2>\n\n\n\n<figure class=\"wp-block-image\"><img decoding=\"async\" src=\"https:\/\/snalc.fr\/wp-content\/uploads\/Retraite_diaporamaMEN_20230620_annexe3-1024x621.jpg\" alt=\"\"\/><\/figure>\n","protected":false},"excerpt":{"rendered":"<p>Point d\u2019information sur la r\u00e9forme des retraites pr\u00e9sent\u00e9 par le minist\u00e8re ce mardi 20 juin 2023 au CSA minist\u00e9riel. \u00c0 retenir&nbsp;: L\u2019avis du SNALC : Contenu du diaporama pr\u00e9sent\u00e9 par [&hellip;]<\/p>\n","protected":false},"author":1,"featured_media":0,"comment_status":"closed","ping_status":"closed","sticky":false,"template":"","format":"standard","meta":{"_lmt_disableupdate":"","_lmt_disable":"","site-sidebar-layout":"default","site-content-layout":"","ast-site-content-layout":"default","site-content-style":"default","site-sidebar-style":"default","ast-global-header-display":"","ast-banner-title-visibility":"","ast-main-header-display":"","ast-hfb-above-header-display":"","ast-hfb-below-header-display":"","ast-hfb-mobile-header-display":"","site-post-title":"","ast-breadcrumbs-content":"","ast-featured-img":"","footer-sml-layout":"","ast-disable-related-posts":"","theme-transparent-header-meta":"","adv-header-id-meta":"","stick-header-meta":"","header-above-stick-meta":"","header-main-stick-meta":"","header-below-stick-meta":"","astra-migrate-meta-layouts":"default","ast-page-background-enabled":"default","ast-page-background-meta":{"desktop":{"background-color":"var(--ast-global-color-4)","background-image":"","background-repeat":"repeat","background-position":"center center","background-size":"auto","background-attachment":"scroll","background-type":"","background-media":"","overlay-type":"","overlay-color":"","overlay-opacity":"","overlay-gradient":""},"tablet":{"background-color":"","background-image":"","background-repeat":"repeat","background-position":"center center","background-size":"auto","background-attachment":"scroll","background-type":"","background-media":"","overlay-type":"","overlay-color":"","overlay-opacity":"","overlay-gradient":""},"mobile":{"background-color":"","background-image":"","background-repeat":"repeat","background-position":"center center","background-size":"auto","background-attachment":"scroll","background-type":"","background-media":"","overlay-type":"","overlay-color":"","overlay-opacity":"","overlay-gradient":""}},"ast-content-background-meta":{"desktop":{"background-color":"var(--ast-global-color-5)","background-image":"","background-repeat":"repeat","background-position":"center center","background-size":"auto","background-attachment":"scroll","background-type":"","background-media":"","overlay-type":"","overlay-color":"","overlay-opacity":"","overlay-gradient":""},"tablet":{"background-color":"var(--ast-global-color-5)","background-image":"","background-repeat":"repeat","background-position":"center center","background-size":"auto","background-attachment":"scroll","background-type":"","background-media":"","overlay-type":"","overlay-color":"","overlay-opacity":"","overlay-gradient":""},"mobile":{"background-color":"var(--ast-global-color-5)","background-image":"","background-repeat":"repeat","background-position":"center center","background-size":"auto","background-attachment":"scroll","background-type":"","background-media":"","overlay-type":"","overlay-color":"","overlay-opacity":"","overlay-gradient":""}},"footnotes":""},"categories":[31,24],"tags":[],"class_list":["post-1634","post","type-post","status-publish","format-standard","hentry","category-actualites-2022-2023","category-parcours-carriere"],"modified_by":"slecourtier","_links":{"self":[{"href":"https:\/\/snalc.org\/snalc2023\/index.php?rest_route=\/wp\/v2\/posts\/1634","targetHints":{"allow":["GET"]}}],"collection":[{"href":"https:\/\/snalc.org\/snalc2023\/index.php?rest_route=\/wp\/v2\/posts"}],"about":[{"href":"https:\/\/snalc.org\/snalc2023\/index.php?rest_route=\/wp\/v2\/types\/post"}],"author":[{"embeddable":true,"href":"https:\/\/snalc.org\/snalc2023\/index.php?rest_route=\/wp\/v2\/users\/1"}],"replies":[{"embeddable":true,"href":"https:\/\/snalc.org\/snalc2023\/index.php?rest_route=%2Fwp%2Fv2%2Fcomments&post=1634"}],"version-history":[{"count":1,"href":"https:\/\/snalc.org\/snalc2023\/index.php?rest_route=\/wp\/v2\/posts\/1634\/revisions"}],"predecessor-version":[{"id":1635,"href":"https:\/\/snalc.org\/snalc2023\/index.php?rest_route=\/wp\/v2\/posts\/1634\/revisions\/1635"}],"wp:attachment":[{"href":"https:\/\/snalc.org\/snalc2023\/index.php?rest_route=%2Fwp%2Fv2%2Fmedia&parent=1634"}],"wp:term":[{"taxonomy":"category","embeddable":true,"href":"https:\/\/snalc.org\/snalc2023\/index.php?rest_route=%2Fwp%2Fv2%2Fcategories&post=1634"},{"taxonomy":"post_tag","embeddable":true,"href":"https:\/\/snalc.org\/snalc2023\/index.php?rest_route=%2Fwp%2Fv2%2Ftags&post=1634"}],"curies":[{"name":"wp","href":"https:\/\/api.w.org\/{rel}","templated":true}]}}