{"id":1636,"date":"2023-06-22T07:27:37","date_gmt":"2023-06-22T05:27:37","guid":{"rendered":"https:\/\/snalc.org\/snalc2023\/?p=1636"},"modified":"2023-06-22T07:27:39","modified_gmt":"2023-06-22T05:27:39","slug":"formations-min-ash-les-inscriptions-cest-maintenant","status":"publish","type":"post","link":"https:\/\/snalc.org\/snalc2023\/?p=1636","title":{"rendered":"Formations MIN-ASH : les inscriptions, c\u2019est maintenant !\u00a0"},"content":{"rendered":"\n<p>Le minist\u00e8re de l\u2019\u00c9ducation nationale propose chaque ann\u00e9e des formations concernant le champ du handicap, particuli\u00e8rement riches et compl\u00e8tes. Elles concernent les AESH aussi bien que les enseignants. Il est important de conna\u00eetre ce dispositif qui n\u2019est pas mis en avant par l\u2019administration pour pouvoir postuler en temps et en heure.<\/p>\n\n\n\n<p>Cette ann\u00e9e, la&nbsp;<a href=\"https:\/\/www.education.gouv.fr\/bo\/2023\/Hebdo23\/MENE2314409C\">circulaire<\/a>&nbsp;concernant les formations MIN-ASH a \u00e9t\u00e9 publi\u00e9e au bulletin officiel du 8 juin 2023.<\/p>\n\n\n\n<p>Derri\u00e8re cet acronyme se cachent des \u00ab&nbsp;modules de formation d\u2019initiative nationale dans le domaine de l\u2019adaptation scolaire et de la scolarisation des \u00e9l\u00e8ves en situation de handicap&nbsp;\u00bb.<\/p>\n\n\n\n<p>Ces formations sont organis\u00e9es \u00e0 l\u2019intention des AESH mais aussi des enseignants sp\u00e9cialis\u00e9s, des enseignants non sp\u00e9cialis\u00e9s et des autres personnels (personnels de direction, psychologues de l\u2019\u00e9ducation nationale, conseillers principaux d\u2019\u00e9ducation\u2026).<\/p>\n\n\n\n<p>Il s\u2019agit de stages qui durent en g\u00e9n\u00e9ral une semaine. Les th\u00e8mes propos\u00e9s sont assez vari\u00e9s.<\/p>\n\n\n\n<p>Ainsi, pour 2023-2024, vous pouvez postuler, entre autres, pour&nbsp;:<\/p>\n\n\n\n<ul class=\"wp-block-list\">\n<li>L\u2019apport des sciences cognitives au service des apprentissages<\/li>\n\n\n\n<li>Enseigner en tenant compte des besoins li\u00e9s aux troubles du spectre de l\u2019autisme<\/li>\n\n\n\n<li>Enseigner en tenant compte des besoins li\u00e9s aux difficult\u00e9s \u00e0 expression comportementale<\/li>\n\n\n\n<li>Enseigner en tenant compte des besoins li\u00e9s aux troubles neuro-d\u00e9veloppementaux<\/li>\n\n\n\n<li>Coop\u00e9ration enseignants\/AESH<\/li>\n\n\n\n<li>Enseigner \u00e0 des \u00e9l\u00e8ves en tenant compte de leurs besoins \u00e9ducatifs particuliers avec l\u2019appui d\u2019outils et ressources num\u00e9riques<\/li>\n\n\n\n<li>Enseigner en tenant compte des besoins li\u00e9s aux situations de polyhandicap<\/li>\n\n\n\n<li>Langue des Signes Fran\u00e7aise niveau initiation\/A1\/A2\/B1\/B2\/C1<\/li>\n<\/ul>\n\n\n\n<p>Sachez que ces formations se tiennent sur tout le territoire et sur le temps de travail. Certaines sont \u00e9galement propos\u00e9es en distanciel ou en parcours hybride (pr\u00e9sentiel et distanciel).<\/p>\n\n\n\n<p>Si vous souhaitez postuler sur une formation qui ne se tient pas dans votre secteur c\u2019est possible. Une fois votre candidature retenue, vous recevrez une convocation qui ouvrira normalement droit \u00e0 des frais d\u2019h\u00e9bergement et de transport. Il conviendra, le moment venu, de v\u00e9rifier sur votre convocation que ces dispositions sont bien mentionn\u00e9es sur la convocation. Il faut \u00e9galement garder \u00e0 l\u2019esprit que vous devrez avancer ces frais, les remboursements n\u2019intervenant souvent qu\u2019avec plusieurs mois de retard.<\/p>\n\n\n\n<p>Ce sont les recteurs d\u2019acad\u00e9mie et les IA-DASEN qui sont charg\u00e9s de d\u00e9signer les candidats retenus pour suivre les formations.<\/p>\n\n\n\n<p>Pour cette ann\u00e9e, vous devez d\u00e9poser votre candidature tr\u00e8s rapidement, les noms des candidats devant \u00eatre renvoy\u00e9s \u00e0 l\u2019administration centrale pour le 30 juin. G\u00e9n\u00e9ralement, il est possible de trouver les formulaires ad\u00e9quats en saisissant dans votre moteur de recherche \u00ab&nbsp;formation MIN-ASH acad\u00e9mie (+ nom de votre acad\u00e9mie)&nbsp;\u00bb ou sur le site de la DSDEN.<\/p>\n\n\n\n<p><strong>Toutefois, le SNALC vous conseille de demander les modalit\u00e9s d\u2019inscription dans votre acad\u00e9mie \u00e0 votre interlocuteur habituel \u00e0 la DSDEN ou au rectorat. Par ailleurs, n\u2019h\u00e9sitez pas \u00e0 recueillir des informations sur ces formations MIN-ASH aupr\u00e8s d\u2019autres interlocuteurs&nbsp;: coordonnateur de votre PIAL, pilote de votre PIAL, r\u00e9f\u00e9rent(e) AESH.<\/strong><\/p>\n\n\n\n<p>Enfin, si ces formations sont tr\u00e8s riches, le SNALC regrette que l\u2019offre faite en particulier aux AESH soit de 68 stages seulement sur 124 stages propos\u00e9s en tout&nbsp;!<\/p>\n\n\n\n<p><strong>Par ailleurs, au SNALC nous pensons que si les AESH \u00e9taient mieux inform\u00e9s par leur employeur de l\u2019existence de ce dispositif, et que si les d\u00e9lais d\u2019inscription \u00e9taient plus longs, ils seraient bien plus nombreux \u00e0 postuler et \u00e0 pouvoir en profiter. N\u2019h\u00e9sitez donc pas \u00e0 faire votre demande de participation aux stages MIN-ASH et \u00e0 en parler \u00e0 vos coll\u00e8gues.<\/strong><\/p>\n\n\n\n<ul class=\"wp-block-list\">\n<li><a href=\"https:\/\/www.ac-aix-marseille.fr\/presentation-de-la-dsden-des-alpes-de-haute-provence-121890\">Alpes-de-Haute-Provence (DSDEN 04)<\/a><\/li>\n\n\n\n<li><a href=\"https:\/\/www.ac-aix-marseille.fr\/presentation-de-la-direction-des-services-departementaux-de-l-education-nationale-des-hautes-alpes-121909\">Hautes-Alpes (DSDEN 05)<\/a><\/li>\n\n\n\n<li><a href=\"https:\/\/www.ac-aix-marseille.fr\/presentation-de-la-direction-des-services-departementaux-de-l-education-nationale-des-bouches-du-121953\">Bouches-du-Rh\u00f4ne (DSDEN 13)<\/a><\/li>\n\n\n\n<li><a href=\"https:\/\/www.ac-aix-marseille.fr\/presentation-de-la-direction-des-services-departementaux-de-l-education-nationale-de-vaucluse-121986\">Vaucluse (DSDEN 84)<\/a><\/li>\n<\/ul>\n","protected":false},"excerpt":{"rendered":"<p>Le minist\u00e8re de l\u2019\u00c9ducation nationale propose chaque ann\u00e9e des formations concernant le champ du handicap, particuli\u00e8rement riches et compl\u00e8tes. Elles concernent les AESH aussi bien que les enseignants. Il est [&hellip;]<\/p>\n","protected":false},"author":1,"featured_media":0,"comment_status":"closed","ping_status":"closed","sticky":false,"template":"","format":"standard","meta":{"_lmt_disableupdate":"","_lmt_disable":"","site-sidebar-layout":"default","site-content-layout":"","ast-site-content-layout":"default","site-content-style":"default","site-sidebar-style":"default","ast-global-header-display":"","ast-banner-title-visibility":"","ast-main-header-display":"","ast-hfb-above-header-display":"","ast-hfb-below-header-display":"","ast-hfb-mobile-header-display":"","site-post-title":"","ast-breadcrumbs-content":"","ast-featured-img":"","footer-sml-layout":"","ast-disable-related-posts":"","theme-transparent-header-meta":"","adv-header-id-meta":"","stick-header-meta":"","header-above-stick-meta":"","header-main-stick-meta":"","header-below-stick-meta":"","astra-migrate-meta-layouts":"default","ast-page-background-enabled":"default","ast-page-background-meta":{"desktop":{"background-color":"var(--ast-global-color-4)","background-image":"","background-repeat":"repeat","background-position":"center center","background-size":"auto","background-attachment":"scroll","background-type":"","background-media":"","overlay-type":"","overlay-color":"","overlay-opacity":"","overlay-gradient":""},"tablet":{"background-color":"","background-image":"","background-repeat":"repeat","background-position":"center center","background-size":"auto","background-attachment":"scroll","background-type":"","background-media":"","overlay-type":"","overlay-color":"","overlay-opacity":"","overlay-gradient":""},"mobile":{"background-color":"","background-image":"","background-repeat":"repeat","background-position":"center center","background-size":"auto","background-attachment":"scroll","background-type":"","background-media":"","overlay-type":"","overlay-color":"","overlay-opacity":"","overlay-gradient":""}},"ast-content-background-meta":{"desktop":{"background-color":"var(--ast-global-color-5)","background-image":"","background-repeat":"repeat","background-position":"center center","background-size":"auto","background-attachment":"scroll","background-type":"","background-media":"","overlay-type":"","overlay-color":"","overlay-opacity":"","overlay-gradient":""},"tablet":{"background-color":"var(--ast-global-color-5)","background-image":"","background-repeat":"repeat","background-position":"center center","background-size":"auto","background-attachment":"scroll","background-type":"","background-media":"","overlay-type":"","overlay-color":"","overlay-opacity":"","overlay-gradient":""},"mobile":{"background-color":"var(--ast-global-color-5)","background-image":"","background-repeat":"repeat","background-position":"center center","background-size":"auto","background-attachment":"scroll","background-type":"","background-media":"","overlay-type":"","overlay-color":"","overlay-opacity":"","overlay-gradient":""}},"footnotes":""},"categories":[31,13],"tags":[],"class_list":["post-1636","post","type-post","status-publish","format-standard","hentry","category-actualites-2022-2023","category-aesh"],"modified_by":"slecourtier","_links":{"self":[{"href":"https:\/\/snalc.org\/snalc2023\/index.php?rest_route=\/wp\/v2\/posts\/1636","targetHints":{"allow":["GET"]}}],"collection":[{"href":"https:\/\/snalc.org\/snalc2023\/index.php?rest_route=\/wp\/v2\/posts"}],"about":[{"href":"https:\/\/snalc.org\/snalc2023\/index.php?rest_route=\/wp\/v2\/types\/post"}],"author":[{"embeddable":true,"href":"https:\/\/snalc.org\/snalc2023\/index.php?rest_route=\/wp\/v2\/users\/1"}],"replies":[{"embeddable":true,"href":"https:\/\/snalc.org\/snalc2023\/index.php?rest_route=%2Fwp%2Fv2%2Fcomments&post=1636"}],"version-history":[{"count":1,"href":"https:\/\/snalc.org\/snalc2023\/index.php?rest_route=\/wp\/v2\/posts\/1636\/revisions"}],"predecessor-version":[{"id":1637,"href":"https:\/\/snalc.org\/snalc2023\/index.php?rest_route=\/wp\/v2\/posts\/1636\/revisions\/1637"}],"wp:attachment":[{"href":"https:\/\/snalc.org\/snalc2023\/index.php?rest_route=%2Fwp%2Fv2%2Fmedia&parent=1636"}],"wp:term":[{"taxonomy":"category","embeddable":true,"href":"https:\/\/snalc.org\/snalc2023\/index.php?rest_route=%2Fwp%2Fv2%2Fcategories&post=1636"},{"taxonomy":"post_tag","embeddable":true,"href":"https:\/\/snalc.org\/snalc2023\/index.php?rest_route=%2Fwp%2Fv2%2Ftags&post=1636"}],"curies":[{"name":"wp","href":"https:\/\/api.w.org\/{rel}","templated":true}]}}