{"id":1641,"date":"2023-06-23T21:02:44","date_gmt":"2023-06-23T19:02:44","guid":{"rendered":"https:\/\/snalc.org\/snalc2023\/?p=1641"},"modified":"2023-06-23T21:02:46","modified_gmt":"2023-06-23T19:02:46","slug":"lettre-dinformation-du-snalc-23-juin-2023-chaires-superieures","status":"publish","type":"post","link":"https:\/\/snalc.org\/snalc2023\/?p=1641","title":{"rendered":"Lettre d&rsquo;information du SNALC &#8211; 23 juin 2023 &#8211; CHAIRES SUP\u00c9RIEURES"},"content":{"rendered":"\n<figure class=\"wp-block-table\"><table><tbody><tr><td>Lettre d&rsquo;information du SNALC &#8211;&nbsp;23&nbsp;juin 2023<br>CHAIRES SUP\u00c9RIEURES<img decoding=\"async\" src=\"https:\/\/syndicat-snalc.net\/AWURTSJ67\/LOGO_SNALC_DE_L_ECOLE_AU_SUPERIEUR_RVB_340PX_1fd66ff7e3.png\" alt=\"\">Lin\u00e9arisation de l\u2019\u00e9chelon sp\u00e9cial&nbsp;:pour une fois, le minist\u00e8re n\u2019oublie pas la chaire sup\u00e9rieure&nbsp;!<img decoding=\"async\" src=\"https:\/\/snalc.fr\/wp-content\/uploads\/montrer_istock_Yagi-Studio-515964910.jpg\" alt=\"iStock\"><em><strong>Le Comit\u00e9 social d\u2019administration minist\u00e9riel du 13 juin 2023 a examin\u00e9 le projet de d\u00e9cret modifiant certaines dispositions statutaires applicables aux corps enseignants, d\u2019\u00e9ducation et de psychologues de l\u2019\u00e9ducation nationale relevant du ministre charg\u00e9 de l\u2019\u00e9ducation nationale.<\/strong><\/em><em><strong><a href=\"https:\/\/snalc.fr\/wp-content\/uploads\/CSAM_SNALC_projet_decret_linearisation_echspe.pdf\" target=\"_blank\" rel=\"noreferrer noopener\">Ce projet<\/a> comporte notamment la lin\u00e9arisation de l\u2019acc\u00e8s \u00e0 l\u2019\u00e9chelon sp\u00e9cial de la classe exceptionnelle, mais aussi au dernier \u00e9chelon du corps des professeurs de chaire sup\u00e9rieure.<\/strong><\/em><br><br><strong>LIN\u00c9ARISATION DE L\u2019ACC\u00c8S \u00c0 L\u2019\u00c9CHELON SP\u00c9CIAL<\/strong><br>Le <strong>SNALC<\/strong> demandait cette lin\u00e9arisation&nbsp;: c\u2019est en effet l\u2019une des tr\u00e8s rares mesures qui concernent, pour une fois, les professeurs de chaire sup\u00e9rieure. Le <strong>SNALC<\/strong> a donc vot\u00e9 pour cette mesure.<br>Les mesures sur l\u2019\u00e9chelon sp\u00e9cial concernent d\u2019ores et d\u00e9j\u00e0 les avancements 2023 ; le nouveau syst\u00e8me qui entre en vigueur \u00e0 ce jour conserve les chevrons avec les m\u00eames dur\u00e9es et les m\u00eames indices.<br>Le <strong>SNALC<\/strong> a d\u00e9pos\u00e9 un amendement pour r\u00e9duire de 3,5 ans \u00e0 3 ans la dur\u00e9e du 5e \u00e9chelon pour les professeurs de chaire sup\u00e9rieure, qui n\u2019a pas \u00e9t\u00e9 repris par l\u2019administration malgr\u00e9 un vote majoritaire des syndicats repr\u00e9sentatifs.<br><strong>Le SNALC a demand\u00e9 un groupe de travail sp\u00e9cifique sur la carri\u00e8re des professeurs de chaire sup\u00e9rieure, afin de traiter les diff\u00e9rents points apparus lors de plusieurs amendements.<\/strong><br>Lors de <a href=\"https:\/\/snalc.fr\/audience-de-rentree-avec-le-ministre#agrchsup\" target=\"_blank\" rel=\"noreferrer noopener\">l\u2019audience de rentr\u00e9e<\/a> aupr\u00e8s du ministre de l\u2019\u00c9ducation nationale, le <strong>SNALC<\/strong> avait insist\u00e9 sur la n\u00e9cessit\u00e9 de mieux traiter les professeurs agr\u00e9g\u00e9s et les professeurs de chaire sup\u00e9rieure&nbsp;:<br><em>Trop souvent oubli\u00e9s des revalorisations et promotions, ils ont pass\u00e9 un concours exigeant. Le <strong>SNALC<\/strong> est le seul \u00e0 rappeler qu\u2019ils doivent \u00eatre inclus dans les r\u00e9flexions sur la revalorisation des personnels. Actuellement, plusieurs d\u2019entre eux renoncent au prestige de la chaire sup\u00e9rieure faute de pouvoir acc\u00e9der \u00e0 l\u2019\u00e9chelle HEB avant d\u2019avoir atteint la veille de la retraite, et s\u2019orientent par d\u00e9faut vers le corps des agr\u00e9g\u00e9s, lui-m\u00eame injustement trait\u00e9 voire oubli\u00e9 des revalorisations. Les classes pr\u00e9paratoires, qui fonctionnent bien (mixit\u00e9, proximit\u00e9\u2026) doivent \u00eatre entretenues, d\u00e9velopp\u00e9es, et non fragilis\u00e9es. (Extrait du compte rendu d\u2019audience du 5 septembre 2022)<\/em><br>Le ministre avait alors r\u00e9pondu au <strong>SNALC<\/strong> qu\u2019il \u00e9tait <em>\u00ab&nbsp;tr\u00e8s attach\u00e9&nbsp;\u00bb<\/em> aux agr\u00e9g\u00e9s et aux chaires sup\u00e9rieures, <em>\u00ab&nbsp;tr\u00e8s importants \u00e0 ses yeux&nbsp;\u00bb<\/em> \u2026 ajoutant qu\u2019il avait mentionn\u00e9 ces sujets avec les Inspecteurs G\u00e9n\u00e9raux.<br>Pourtant, nous l\u2019avons vu cette ann\u00e9e encore avec le Socle, une grande partie des enseignants exer\u00e7ant en post-bac sont purement et simplement ignor\u00e9s, alors que l\u2019inflation, elle, n\u2019ignore personne. Pour le <strong>SNALC<\/strong>, le moment est largement venu de montrer cet \u00ab&nbsp;attachement&nbsp;\u00bb par des actes et des d\u00e9cisions concr\u00e8tes en faveur de ces enseignants qui concourent \u00e0 l\u2019excellence des \u00e9l\u00e8ves.Paris, le&nbsp;23 juin 2023<br><strong>Jean-R\u00e9mi GIRARD<\/strong>pr\u00e9sident du SNALC<a href=\"mailto:president-national@snalc.fr\">president-national@snalc.fr<\/a><img decoding=\"async\" src=\"https:\/\/snalc.fr\/wp-content\/uploads\/SNALC-congres-Strasbourg-mai-2023-Photo-Philippe-Sautier-3-e1686317689865.jpg\" alt=\"\"><a href=\"https:\/\/snalc.fr\/wp-content\/uploads\/SNALC_LINEARISATION_ECH-SPE_20230623.pdf\" target=\"_blank\" rel=\"noreferrer noopener\">T\u00e9l\u00e9charger<\/a>Sur le site snalc.fr<img decoding=\"async\" src=\"https:\/\/snalc.fr\/wp-content\/uploads\/argent_istock_Dobrila-Vignjevic-1250538359.jpg\" alt=\"\"><a href=\"https:\/\/snalc.fr\/retraite-point-dinformation-du-csa-du-20-juin\/\" target=\"_blank\" rel=\"noreferrer noopener\">Retraite&nbsp;: point d\u2019information du CSA du 20 juin<\/a><img decoding=\"async\" src=\"https:\/\/syndicat-snalc.net\/AWURTSJ67\/editedimg_3d2f4c72b1.png\" alt=\"\"><a href=\"https:\/\/snalc.fr\/csa-ministeriel-du-13-juin-2023-declaration-du-snalc\/\" target=\"_blank\" rel=\"noreferrer noopener\">CSA du 13 juin&nbsp;: d\u00e9claration du SNALC<\/a><img decoding=\"async\" src=\"https:\/\/snalc.fr\/wp-content\/uploads\/argent_revalo_istock_Lena_Zajchikova-1142683493.jpg\" alt=\"\"><a href=\"https:\/\/snalc.fr\/revalorisation-des-enseignants-loin-du-compte-et-loin-des-10-promis\/\" target=\"_blank\" rel=\"noreferrer noopener\">\u00ab&nbsp;Revalorisation&nbsp;\u00bb des enseignants&nbsp;: loin du compte, et loin des 10 % promis<\/a><a href=\"https:\/\/snalc.fr\" target=\"_blank\" rel=\"noreferrer noopener\">D&rsquo;autres actualit\u00e9s sur le site du SNALC<\/a>L&rsquo;ADH\u00c9SION AU SNALC<strong>Le syndicat repr\u00e9sentatif le moins cher de l&rsquo;Education nationale<\/strong> (<a href=\"https:\/\/snalc.fr\/wp-content\/uploads\/tarifs.pdf\" target=\"_blank\" rel=\"noreferrer noopener\">tarifs<\/a>)<br>Assistance et <a href=\"https:\/\/snalc.fr\/gmf-protection-juridique\/\" target=\"_blank\" rel=\"noreferrer noopener\">protection juridiques<\/a> p\u00e9nales comprises (agressions, diffamation, harc\u00e8lement&#8230;). Dispositif exclusif d&rsquo;aide \u00e0 la mobilit\u00e9&nbsp;: <a href=\"https:\/\/snalc.fr\/mobi-snalc\/\" target=\"_blank\" rel=\"noreferrer noopener\">mobi-SNALC<\/a>. Tarifs n\u00e9goci\u00e9s aupr\u00e8s de nombreux partenaires&nbsp;: \u00ab\u00a0<a href=\"https:\/\/snalc.fr\/avantages-snalc\/\" target=\"_blank\" rel=\"noreferrer noopener\">Avantages-SNALC<\/a>\u00ab\u00a0.<br><img decoding=\"async\" src=\"http:\/\/syndicat-snalc.net\/AWURTSJ67\/editedimg_361b042f34.jpg\" alt=\"\"><a href=\"https:\/\/snalc.fr\/adhesion-carte\/\" target=\"_blank\" rel=\"noreferrer noopener\">carte bancaire<\/a><img decoding=\"async\" src=\"http:\/\/syndicat-snalc.net\/AWURTSJ67\/adhesion_prelevements_0703b426ca.JPG\" alt=\"\"><a href=\"https:\/\/snalc.fr\/adhesion\/\" target=\"_blank\" rel=\"noreferrer noopener\">pr\u00e9l\u00e8vements mensuels<\/a><img decoding=\"async\" src=\"https:\/\/syndicat-snalc.net\/AWURTSJ67\/editedimg_c6a21d792d.png\" alt=\"\"><a href=\"https:\/\/snalc.fr\/adhesion-virement\/\" target=\"_blank\" rel=\"noreferrer noopener\">virement<\/a><img decoding=\"async\" src=\"http:\/\/syndicat-snalc.net\/AWURTSJ67\/adhesion_cheque_699976dc59.JPG\" alt=\"\"><a href=\"https:\/\/snalc.fr\/adhesion-cheque\/\" target=\"_blank\" rel=\"noreferrer noopener\">ch\u00e8que<\/a>Le SNALC est totalement ind\u00e9pendant&nbsp;: les cotisations sont ses seules ressources. Il n&rsquo;a de compte \u00e0 rendre qu&rsquo;\u00e0 ses adh\u00e9rents.<br><a href=\"https:\/\/snalc.fr\/wp-content\/uploads\/Adhesion_zero_euro.pdf\" target=\"_blank\" rel=\"noreferrer noopener\">Adh\u00e9sion \u00e0 z\u00e9ro euro&nbsp;: c&rsquo;est le moment de d\u00e9couvrir le SNALC&nbsp;!<\/a><a href=\"https:\/\/snalc.fr\/contact\/\" target=\"_blank\" rel=\"noreferrer noopener\">CONTACT<\/a><a href=\"https:\/\/www.facebook.com\/SNALCNational\/\" target=\"_blank\" rel=\"noreferrer noopener\"><\/a><a href=\"https:\/\/twitter.com\/snalc_national\" target=\"_blank\" rel=\"noreferrer noopener\"><\/a><a href=\"https:\/\/www.snalc.fr\/\" target=\"_blank\" rel=\"noreferrer noopener\"><\/a>Cr\u00e9dits images&nbsp; sur les articles en lien<\/td><\/tr><\/tbody><\/table><\/figure>\n\n\n\n<figure class=\"wp-block-table\"><table><tbody><tr><td>Ce message du SNALC est achemin\u00e9 vers votre bo\u00eete professionnelle par le minist\u00e8re via une liste aveugle de diffusion de fa\u00e7on conforme et r\u00e8glementaire, selon les termes du Bulletin officiel n\u00b038 du 17 octobre 2019. Aucun syndicat, pas m\u00eame le SNALC, n&rsquo;a la possibilit\u00e9 de d\u00e9sabonner de lui-m\u00eame un agent, m\u00eame \u00e0 sa demande. Seul le minist\u00e8re a acc\u00e8s \u00e0 la gestion des d\u00e9sabonnements. Vous pouvez choisir de vous d\u00e9sabonner des envois des organisations syndicales de votre choix uniquement&nbsp;\u00e0 l&rsquo;aide du lien ci-dessous.<\/td><\/tr><\/tbody><\/table><\/figure>\n","protected":false},"excerpt":{"rendered":"<p>Lettre d&rsquo;information du SNALC &#8211;&nbsp;23&nbsp;juin 2023CHAIRES SUP\u00c9RIEURESLin\u00e9arisation de l\u2019\u00e9chelon sp\u00e9cial&nbsp;:pour une fois, le minist\u00e8re n\u2019oublie pas la chaire sup\u00e9rieure&nbsp;!Le Comit\u00e9 social d\u2019administration minist\u00e9riel du 13 juin 2023 a examin\u00e9 le [&hellip;]<\/p>\n","protected":false},"author":1,"featured_media":0,"comment_status":"closed","ping_status":"closed","sticky":false,"template":"","format":"standard","meta":{"_lmt_disableupdate":"","_lmt_disable":"","site-sidebar-layout":"default","site-content-layout":"","ast-site-content-layout":"default","site-content-style":"default","site-sidebar-style":"default","ast-global-header-display":"","ast-banner-title-visibility":"","ast-main-header-display":"","ast-hfb-above-header-display":"","ast-hfb-below-header-display":"","ast-hfb-mobile-header-display":"","site-post-title":"","ast-breadcrumbs-content":"","ast-featured-img":"","footer-sml-layout":"","ast-disable-related-posts":"","theme-transparent-header-meta":"","adv-header-id-meta":"","stick-header-meta":"","header-above-stick-meta":"","header-main-stick-meta":"","header-below-stick-meta":"","astra-migrate-meta-layouts":"default","ast-page-background-enabled":"default","ast-page-background-meta":{"desktop":{"background-color":"var(--ast-global-color-4)","background-image":"","background-repeat":"repeat","background-position":"center center","background-size":"auto","background-attachment":"scroll","background-type":"","background-media":"","overlay-type":"","overlay-color":"","overlay-opacity":"","overlay-gradient":""},"tablet":{"background-color":"","background-image":"","background-repeat":"repeat","background-position":"center center","background-size":"auto","background-attachment":"scroll","background-type":"","background-media":"","overlay-type":"","overlay-color":"","overlay-opacity":"","overlay-gradient":""},"mobile":{"background-color":"","background-image":"","background-repeat":"repeat","background-position":"center center","background-size":"auto","background-attachment":"scroll","background-type":"","background-media":"","overlay-type":"","overlay-color":"","overlay-opacity":"","overlay-gradient":""}},"ast-content-background-meta":{"desktop":{"background-color":"var(--ast-global-color-5)","background-image":"","background-repeat":"repeat","background-position":"center center","background-size":"auto","background-attachment":"scroll","background-type":"","background-media":"","overlay-type":"","overlay-color":"","overlay-opacity":"","overlay-gradient":""},"tablet":{"background-color":"var(--ast-global-color-5)","background-image":"","background-repeat":"repeat","background-position":"center center","background-size":"auto","background-attachment":"scroll","background-type":"","background-media":"","overlay-type":"","overlay-color":"","overlay-opacity":"","overlay-gradient":""},"mobile":{"background-color":"var(--ast-global-color-5)","background-image":"","background-repeat":"repeat","background-position":"center center","background-size":"auto","background-attachment":"scroll","background-type":"","background-media":"","overlay-type":"","overlay-color":"","overlay-opacity":"","overlay-gradient":""}},"footnotes":""},"categories":[31,12],"tags":[],"class_list":["post-1641","post","type-post","status-publish","format-standard","hentry","category-actualites-2022-2023","category-professeurs-cpge-superieur"],"modified_by":"slecourtier","_links":{"self":[{"href":"https:\/\/snalc.org\/snalc2023\/index.php?rest_route=\/wp\/v2\/posts\/1641","targetHints":{"allow":["GET"]}}],"collection":[{"href":"https:\/\/snalc.org\/snalc2023\/index.php?rest_route=\/wp\/v2\/posts"}],"about":[{"href":"https:\/\/snalc.org\/snalc2023\/index.php?rest_route=\/wp\/v2\/types\/post"}],"author":[{"embeddable":true,"href":"https:\/\/snalc.org\/snalc2023\/index.php?rest_route=\/wp\/v2\/users\/1"}],"replies":[{"embeddable":true,"href":"https:\/\/snalc.org\/snalc2023\/index.php?rest_route=%2Fwp%2Fv2%2Fcomments&post=1641"}],"version-history":[{"count":1,"href":"https:\/\/snalc.org\/snalc2023\/index.php?rest_route=\/wp\/v2\/posts\/1641\/revisions"}],"predecessor-version":[{"id":1642,"href":"https:\/\/snalc.org\/snalc2023\/index.php?rest_route=\/wp\/v2\/posts\/1641\/revisions\/1642"}],"wp:attachment":[{"href":"https:\/\/snalc.org\/snalc2023\/index.php?rest_route=%2Fwp%2Fv2%2Fmedia&parent=1641"}],"wp:term":[{"taxonomy":"category","embeddable":true,"href":"https:\/\/snalc.org\/snalc2023\/index.php?rest_route=%2Fwp%2Fv2%2Fcategories&post=1641"},{"taxonomy":"post_tag","embeddable":true,"href":"https:\/\/snalc.org\/snalc2023\/index.php?rest_route=%2Fwp%2Fv2%2Ftags&post=1641"}],"curies":[{"name":"wp","href":"https:\/\/api.w.org\/{rel}","templated":true}]}}