{"id":1676,"date":"2023-06-30T06:54:18","date_gmt":"2023-06-30T04:54:18","guid":{"rendered":"https:\/\/snalc.org\/snalc2023\/?p=1676"},"modified":"2023-06-30T06:54:20","modified_gmt":"2023-06-30T04:54:20","slug":"le-president-doit-arreter-son-stand-up-sur-lecole-2","status":"publish","type":"post","link":"https:\/\/snalc.org\/snalc2023\/?p=1676","title":{"rendered":"Le pr\u00e9sident doit arr\u00eater son stand-up sur l\u2019\u00c9cole"},"content":{"rendered":"\n<figure class=\"wp-block-image\"><img decoding=\"async\" src=\"https:\/\/snalc.fr\/wp-content\/uploads\/discours_istock_gorodenkoff-1226991785.jpg\" alt=\"\"\/><figcaption class=\"wp-element-caption\">\u00a9 istock_gorodenkoff-1226991785<\/figcaption><\/figure>\n\n\n\n<p>Le <strong>SNALC<\/strong> rappelle que l\u2019\u00c9cole, qui conna\u00eet actuellement une grave crise, est un sujet s\u00e9rieux et qui m\u00e9rite mieux que les coups de com\u2019 du pr\u00e9sident de la R\u00e9publique.<\/p>\n\n\n\n<p>Ce n\u2019est pas en lan\u00e7ant une annonce par jour, non concert\u00e9e, y compris visiblement avec le minist\u00e8re de l\u2019\u00c9ducation nationale, qu\u2019Emmanuel Macron va am\u00e9liorer un syst\u00e8me scolaire qu\u2019il a largement contribu\u00e9 \u00e0 d\u00e9grader depuis 2017.<\/p>\n\n\n\n<p>Accueil p\u00e9dagogique au coll\u00e8ge de 8h \u00e0 18h, r\u00e9duction des vacances d\u2019\u00e9t\u00e9, intervention des chambres de commerce et l\u2019industrie devant des \u00e9l\u00e8ves de 12 ans, hausse du taux de scolarisation en tr\u00e8s petite section juste en claquant des doigts&nbsp;: tout ce gloubi-boulga communicationnel parasite le travail que les acteurs de l\u2019\u00c9cole, \u00e0 commencer par un syndicat repr\u00e9sentatif comme le <strong>SNALC,<\/strong> m\u00e8nent pour essayer d\u2019\u00e9viter que notre syst\u00e8me \u00e9ducatif coule d\u00e9finitivement.<\/p>\n\n\n\n<p>Le <strong>SNALC<\/strong> rappelle donc quelques faits objectifs&nbsp;:<\/p>\n\n\n\n<ul class=\"wp-block-list\">\n<li>la crise des recrutements chez les enseignants s\u2019est aggrav\u00e9e depuis qu\u2019Emmanuel Macron est au pouvoir, et atteint ces derni\u00e8res ann\u00e9es un niveau jamais connu auparavant&nbsp;;<\/li>\n\n\n\n<li>les gouvernements successifs depuis 2017 ont supprim\u00e9 plus de 8000 postes d\u2019enseignants de coll\u00e8ge et de lyc\u00e9e, alors que le nombre d\u2019\u00e9l\u00e8ves a augment\u00e9 dans le second degr\u00e9&nbsp;;<\/li>\n\n\n\n<li>la France est dans la moyenne europ\u00e9enne concernant la dur\u00e9e des vacances d\u2019\u00e9t\u00e9<a href=\"https:\/\/snalc.fr\/le-president-doit-arreter-son-stand-up-sur-lecole\/#_ftn1\">[1]<\/a>;<\/li>\n\n\n\n<li>beaucoup de cours en juin ou en septembre se font actuellement dans des salles de classe o\u00f9 l\u2019on d\u00e9passe all\u00e8grement les 30\u00b0&nbsp;;<\/li>\n\n\n\n<li>le taux de scolarisation des moins de 3 ans a nettement diminu\u00e9 depuis 2017<a href=\"https:\/\/snalc.fr\/le-president-doit-arreter-son-stand-up-sur-lecole\/#_ftn2\">[2]<\/a>;<\/li>\n<\/ul>\n\n\n\n<p>Pour le <strong>SNALC,<\/strong> le pr\u00e9sident ne peut continuer ce mode de communication, o\u00f9 chaque nouvelle \u00ab&nbsp;bonne id\u00e9e&nbsp;\u00bb entra\u00eene la cr\u00e9ation d\u2019une nouvelle usine \u00e0 gaz par le minist\u00e8re de l\u2019\u00c9ducation nationale, qui transforme les annonces insens\u00e9es en politiques inapplicables et au mieux inutiles.<\/p>\n\n\n\n<p>Le <strong>SNALC<\/strong> rappelle que la premi\u00e8re des priorit\u00e9s est d\u2019am\u00e9liorer l\u2019attractivit\u00e9 de nos m\u00e9tiers par un rattrapage salarial d\u2019ampleur et une am\u00e9lioration significative de nos conditions de travail. Le pr\u00e9sident gagnerait \u00e0 \u00eatre moins devant le micro, et davantage en r\u00e9gie avec les techniciens, s\u2019il veut que le spectacle continue.<\/p>\n\n\n\n<hr class=\"wp-block-separator has-alpha-channel-opacity\"\/>\n\n\n\n<p><em><a href=\"https:\/\/snalc.fr\/le-president-doit-arreter-son-stand-up-sur-lecole\/#_ftnref1\">[1] <\/a><a href=\"https:\/\/fr.statista.com\/infographie\/5239\/duree-des-vacances-scolaires-ete-dans-les-pays-europeens\/\">https:\/\/fr.statista.com\/infographie\/5239\/duree-des-vacances-scolaires-ete-dans-les-pays-europeens\/&nbsp;<\/a><\/em><br><em><a href=\"https:\/\/snalc.fr\/le-president-doit-arreter-son-stand-up-sur-lecole\/#_ftnref2\">[2] <\/a>Rep\u00e8res et r\u00e9f\u00e9rences statistiques 2022, p.67<\/em><\/p>\n\n\n\n<p><a href=\"https:\/\/snalc.fr\/wp-content\/uploads\/20230627_compresse_president_standup.pdf\">T\u00e9l\u00e9charger<\/a><\/p>\n","protected":false},"excerpt":{"rendered":"<p>Le SNALC rappelle que l\u2019\u00c9cole, qui conna\u00eet actuellement une grave crise, est un sujet s\u00e9rieux et qui m\u00e9rite mieux que les coups de com\u2019 du pr\u00e9sident de la R\u00e9publique. Ce [&hellip;]<\/p>\n","protected":false},"author":1,"featured_media":0,"comment_status":"closed","ping_status":"closed","sticky":false,"template":"","format":"standard","meta":{"_lmt_disableupdate":"","_lmt_disable":"","site-sidebar-layout":"default","site-content-layout":"","ast-site-content-layout":"default","site-content-style":"default","site-sidebar-style":"default","ast-global-header-display":"","ast-banner-title-visibility":"","ast-main-header-display":"","ast-hfb-above-header-display":"","ast-hfb-below-header-display":"","ast-hfb-mobile-header-display":"","site-post-title":"","ast-breadcrumbs-content":"","ast-featured-img":"","footer-sml-layout":"","ast-disable-related-posts":"","theme-transparent-header-meta":"","adv-header-id-meta":"","stick-header-meta":"","header-above-stick-meta":"","header-main-stick-meta":"","header-below-stick-meta":"","astra-migrate-meta-layouts":"default","ast-page-background-enabled":"default","ast-page-background-meta":{"desktop":{"background-color":"var(--ast-global-color-4)","background-image":"","background-repeat":"repeat","background-position":"center center","background-size":"auto","background-attachment":"scroll","background-type":"","background-media":"","overlay-type":"","overlay-color":"","overlay-opacity":"","overlay-gradient":""},"tablet":{"background-color":"","background-image":"","background-repeat":"repeat","background-position":"center center","background-size":"auto","background-attachment":"scroll","background-type":"","background-media":"","overlay-type":"","overlay-color":"","overlay-opacity":"","overlay-gradient":""},"mobile":{"background-color":"","background-image":"","background-repeat":"repeat","background-position":"center center","background-size":"auto","background-attachment":"scroll","background-type":"","background-media":"","overlay-type":"","overlay-color":"","overlay-opacity":"","overlay-gradient":""}},"ast-content-background-meta":{"desktop":{"background-color":"var(--ast-global-color-5)","background-image":"","background-repeat":"repeat","background-position":"center center","background-size":"auto","background-attachment":"scroll","background-type":"","background-media":"","overlay-type":"","overlay-color":"","overlay-opacity":"","overlay-gradient":""},"tablet":{"background-color":"var(--ast-global-color-5)","background-image":"","background-repeat":"repeat","background-position":"center center","background-size":"auto","background-attachment":"scroll","background-type":"","background-media":"","overlay-type":"","overlay-color":"","overlay-opacity":"","overlay-gradient":""},"mobile":{"background-color":"var(--ast-global-color-5)","background-image":"","background-repeat":"repeat","background-position":"center center","background-size":"auto","background-attachment":"scroll","background-type":"","background-media":"","overlay-type":"","overlay-color":"","overlay-opacity":"","overlay-gradient":""}},"footnotes":""},"categories":[31],"tags":[],"class_list":["post-1676","post","type-post","status-publish","format-standard","hentry","category-actualites-2022-2023"],"modified_by":"slecourtier","_links":{"self":[{"href":"https:\/\/snalc.org\/snalc2023\/index.php?rest_route=\/wp\/v2\/posts\/1676","targetHints":{"allow":["GET"]}}],"collection":[{"href":"https:\/\/snalc.org\/snalc2023\/index.php?rest_route=\/wp\/v2\/posts"}],"about":[{"href":"https:\/\/snalc.org\/snalc2023\/index.php?rest_route=\/wp\/v2\/types\/post"}],"author":[{"embeddable":true,"href":"https:\/\/snalc.org\/snalc2023\/index.php?rest_route=\/wp\/v2\/users\/1"}],"replies":[{"embeddable":true,"href":"https:\/\/snalc.org\/snalc2023\/index.php?rest_route=%2Fwp%2Fv2%2Fcomments&post=1676"}],"version-history":[{"count":1,"href":"https:\/\/snalc.org\/snalc2023\/index.php?rest_route=\/wp\/v2\/posts\/1676\/revisions"}],"predecessor-version":[{"id":1677,"href":"https:\/\/snalc.org\/snalc2023\/index.php?rest_route=\/wp\/v2\/posts\/1676\/revisions\/1677"}],"wp:attachment":[{"href":"https:\/\/snalc.org\/snalc2023\/index.php?rest_route=%2Fwp%2Fv2%2Fmedia&parent=1676"}],"wp:term":[{"taxonomy":"category","embeddable":true,"href":"https:\/\/snalc.org\/snalc2023\/index.php?rest_route=%2Fwp%2Fv2%2Fcategories&post=1676"},{"taxonomy":"post_tag","embeddable":true,"href":"https:\/\/snalc.org\/snalc2023\/index.php?rest_route=%2Fwp%2Fv2%2Ftags&post=1676"}],"curies":[{"name":"wp","href":"https:\/\/api.w.org\/{rel}","templated":true}]}}