{"id":1686,"date":"2023-07-01T09:26:52","date_gmt":"2023-07-01T07:26:52","guid":{"rendered":"https:\/\/snalc.org\/snalc2023\/?p=1686"},"modified":"2023-07-01T09:26:56","modified_gmt":"2023-07-01T07:26:56","slug":"sqooltv-emmanuel-macron-a-marseille-que-retenir","status":"publish","type":"post","link":"https:\/\/snalc.org\/snalc2023\/?p=1686","title":{"rendered":"SQOOLTV : Emmanuel Macron \u00e0 Marseille : que retenir ?"},"content":{"rendered":"\n<ul class=\"wp-block-list\">\n<li><a href=\"https:\/\/snalc.fr\/category\/le-snalc\/medias\/\"><\/a><\/li>\n<\/ul>\n\n\n\n<figure class=\"wp-block-image\"><img decoding=\"async\" src=\"https:\/\/snalc.fr\/wp-content\/uploads\/Unowhy-Sqool-TV-chaine-television-imaginer-ecole-demain.jpg\" alt=\"\"\/><\/figure>\n\n\n\n<p>\u00ab&#8230;Nous aimerions que le pr\u00e9sident de la R\u00e9publique arr\u00eate de faire une sorte de stand-up sur l&rsquo;\u00e9cole, o\u00f9 il prend un micro \u00e0 la main et balance soudainement des annonces dont personne n&rsquo;a jamais entendu parler&#8230;\u00bb<\/p>\n\n\n\n<figure class=\"wp-block-image\"><img decoding=\"async\" src=\"https:\/\/snalc.fr\/wp-content\/uploads\/SNALC_Jean_Remi_GIRARD.jpg\" alt=\"\"\/><\/figure>\n\n\n\n<p>Jean-R\u00e9mi Girard<\/p>\n\n\n\n<p>Pr\u00e9sident du SNALC<\/p>\n\n\n\n<p><strong>Retour sur les annonces du pr\u00e9sident Macron \u00e0 Marseille, Jean-R\u00e9mi Girard explique la position du SNALC.<\/strong><\/p>\n\n\n\n<p>Jean-R\u00e9mi Girard, pr\u00e9sident du SNALC,&nbsp; r\u00e9pond aux questions sur <a href=\"https:\/\/www.sqooltv.com\/videos\/le-grand-jt-de-leducation-27-06-2023-emmanuel-macron-a-marseille-que-retenir\/\">SQOOL TV Le grand JT de l\u2019\u00e9ducation<\/a> le 27 juin 2023.<\/p>\n\n\n\n<p><strong>Virginie Guilhaume<\/strong><\/p>\n\n\n\n<p>Emmanuel Macron a donc parl\u00e9, a donc \u00e9videmment repris la parole. Je dis \u201c\u00e9videmment\u201d parce que c\u2019est assez quotidien. D\u2019ailleurs, je crois que vous venez de sortir un <a href=\"https:\/\/snalc.fr\/le-president-doit-arreter-son-stand-up-sur-lecole\/\">communiqu\u00e9 au SNALC<\/a> \u00e0 ce sujet, le titre est assez \u00e9vocateur, cher Jean-R\u00e9mi.<\/p>\n\n\n\n<p><strong>Jean-R\u00e9mi Girard<\/strong><\/p>\n\n\n\n<p>Nous aimerions que le pr\u00e9sident de la R\u00e9publique arr\u00eate de faire une sorte de stand-up sur l\u2019\u00e9cole, o\u00f9 il prend un micro \u00e0 la main et balance soudainement des annonces dont personne n\u2019a jamais entendu parler. Nous avons l\u2019impression parfois que m\u00eame le minist\u00e8re de l\u2019\u00c9ducation nationale lui-m\u00eame essaie de comprendre ce qu\u2019il a bien voulu dire, ce qui parasite compl\u00e8tement ce qui se passe et aggrave sans aucun doute la crise actuelle \u00e0 l\u2019\u00e9cole. On a de plus en plus de mal \u00e0 recruter des enseignants, c\u2019est de plus en plus compliqu\u00e9, et on annonce qu\u2019il va falloir garder les \u00e9l\u00e8ves jusqu\u2019\u00e0 18 h au coll\u00e8ge, r\u00e9duire les vacances d\u2019\u00e9t\u00e9, et ainsi de suite, sans r\u00e9flexion de fond, sans m\u00eame parfois de logique entre les diff\u00e9rentes annonces. D\u2019un c\u00f4t\u00e9, on dit que les \u00e9l\u00e8ves sont trop fatigu\u00e9s, et de l\u2019autre c\u00f4t\u00e9, il faut les garder jusqu\u2019\u00e0 18 h.<\/p>\n\n\n\n<p>[\u2026]<\/p>\n\n\n\n<p><strong>Virginie Guilhaume<\/strong><\/p>\n\n\n\n<p>Effectivement, nous ne sommes pas les seuls \u00e0 bien comprendre ce qui se passe. D\u2019ailleurs, m\u00eame Emmanuel Macron lui-m\u00eame, lors de son allocution, avait l\u2019air finalement de dire : \u201cJe me suis rendu compte que finalement les temps d\u2019absence des professeurs, des enseignants de moins de 2 semaines n\u2019\u00e9taient pas comptabilis\u00e9s\u201d, comme s\u2019il n\u2019\u00e9tait pas au courant. Et finalement, donc, il est revenu sur sa position, comme s\u2019il acceptait aussi de se tromper par moments. Est-ce que c\u2019est un sentiment que vous avez, Jean-R\u00e9mi Girard ?<\/p>\n\n\n\n<p><strong>Jean-R\u00e9mi Girard<\/strong><\/p>\n\n\n\n<p>Qu\u2019il se trompe, c\u2019est un sentiment qu\u2019on a. Clairement, c\u2019est tant mieux s\u2019il l\u2019accepte. Emmanuel Macron n\u2019est pas un sp\u00e9cialiste de l\u2019\u00e9ducation. Ce n\u2019est pas parce qu\u2019on lui demande, il est pr\u00e9sident de la R\u00e9publique, il n\u2019est pas ministre de l\u2019\u00c9ducation nationale, m\u00eame si parfois on confond un peu car il fait toutes les annonces sur l\u2019\u00e9ducation, ce qui n\u2019est pas tr\u00e8s sain d\u2019ailleurs. Le ministre de l\u2019\u00c9ducation nationale est derri\u00e8re du coup, ce n\u2019est pas lui qui porte finalement la politique \u00e9ducative qui est men\u00e9e au minist\u00e8re de l\u2019\u00c9ducation nationale. D\u2019apr\u00e8s notre analyse, il fait essentiellement de la politique et de la communication avec l\u2019\u00e9cole qui est un moyen pour lui de communiquer. Finalement, ce qu\u2019il dit ou ce qu\u2019il annonce est souvent compl\u00e8tement d\u00e9connect\u00e9 de la politique r\u00e9elle qui est men\u00e9e au minist\u00e8re de l\u2019\u00c9ducation nationale. On en parlait sur les tr\u00e8s petites sections, c\u2019est-\u00e0-dire la scolarisation en maternelle des moins de 3 ans. Le taux de scolarisation en tr\u00e8s petite section a diminu\u00e9 tr\u00e8s fortement depuis 2017, depuis qu\u2019il est au pouvoir. Et l\u00e0, il vient nous dire qu\u2019il va falloir que les enfants \u00e0 partir de 2 ans puissent aller \u00e0 l\u2019\u00e9cole. \u00c7a fait 6 ans qu\u2019il fait le contraire et on pourrait multiplier ce type d\u2019exemple. C\u2019est pour \u00e7a que c\u2019est \u00e9puisant pour les personnels de l\u2019\u00c9ducation nationale. \u00c0 un moment, nous avons un temps de travail qui augmente, les statistiques du minist\u00e8re le montrent, c\u2019est de plus en plus compliqu\u00e9, on a le moral de plus en plus dans les chaussettes et on a toutes ces annonces qui d\u00e9boulent.<\/p>\n\n\n\n<p>[\u2026]<\/p>\n\n\n\n<p><strong>Virginie Guilhaume<\/strong><\/p>\n\n\n\n<p>On a tous cette r\u00e9action de se dire, mais enfin, c\u2019est sa politique qui a men\u00e9 \u00e0 \u00e7a mais aussi avec les autres politiciens qui ont port\u00e9 les r\u00e9formes qui ont \u00e9t\u00e9 faites avant. On ne va quand m\u00eame pas tout expliquer, \u00e9videmment.<\/p>\n\n\n\n<p><strong>Jean-R\u00e9mi Girard<\/strong><\/p>\n\n\n\n<p>Il y a eu une histoire de l\u2019\u00c9ducation nationale avant Emmanuel Macron, on est d\u2019accord.<\/p>\n\n\n\n<p>Tout le monde est responsable.<\/p>\n\n\n\n<p><strong>Virginie Guilhaume<\/strong><\/p>\n\n\n\n<p>On se pose la question de savoir s\u2019il y aura suffisamment de professeurs \u00e0 la rentr\u00e9e 2023. Et encore plus s\u2019il y aura des professeurs pour pouvoir faire ces fameuses heures suppl\u00e9mentaires qui sont demand\u00e9es.<\/p>\n\n\n\n<p><strong>Jean-R\u00e9mi Girard<\/strong><\/p>\n\n\n\n<p>C\u2019est \u00e7a, on constate une paup\u00e9risation du m\u00e9tier, alors je ne suis pas en train de vous jouer Les Mis\u00e9rables de Victor Hugo. Mais tr\u00e8s clairement, c\u2019est une r\u00e9alit\u00e9. Il y a une perte incroyable de pouvoir d\u2019achat de la profession enseignante depuis une trentaine d\u2019ann\u00e9es, alors m\u00eame que le niveau d\u2019\u00e9tudes requis a augment\u00e9. Donc on a un m\u00e9tier qui est plus qualifi\u00e9 aujourd\u2019hui qu\u2019il ne l\u2019\u00e9tait il y a 30 ans sur le plan des \u00e9tudes, mais qui est beaucoup moins bien pay\u00e9, avec un pouvoir d\u2019achat en forte baisse et des conditions de travail qui se sont d\u00e9grad\u00e9es. Les enqu\u00eates du minist\u00e8re montrent que le temps de travail r\u00e9el augmente. Il y a une enqu\u00eate sur le bien-\u00eatre, qui aurait d\u00fb s\u2019appeler mal-\u00eatre probablement du coup, qui le montre. C\u2019est catastrophique, surtout pour une profession intellectuelle \u00e0 bac +5. Ce ne sont pas du tout les niveaux qu\u2019on devrait avoir.<\/p>\n\n\n\n<p><strong>Virginie Guilhaume<\/strong><\/p>\n\n\n\n<p>Emmanuel Macron le sait, le ministre Pap Ndaye aussi. On parle du chef de l\u2019\u00c9tat, donc en l\u2019occurrence l\u00e0, si ces annonces sont faites par Emmanuel Macron, notamment \u00e0 Marseille, quelles sont-elles ? Quel est le but, puisqu\u2019on sait pr\u00e9cis\u00e9ment qu\u2019on va manquer d\u2019enseignants ?<\/p>\n\n\n\n<p><strong>Jean-R\u00e9mi Girard<\/strong><\/p>\n\n\n\n<p>Le but est de parler aux Marseillaises et aux Marseillais qui sont l\u00e0 pour l\u2019\u00e9couter. En fait, c\u2019est vraiment de la communication politique. Sur le plan de Marseille, il y a un point qui est tr\u00e8s utile pour les \u00e9coles concern\u00e9es, c\u2019est que l\u2019\u00c9tat met la main \u00e0 la poche pour r\u00e9nover le b\u00e2ti scolaire des \u00e9coles, ce qui n\u2019est pas de la comp\u00e9tence de l\u2019\u00c9tat. C\u2019est les collectivit\u00e9s locales qui sont cens\u00e9es le faire. Sauf que la mairie de Marseille ne l\u2019a pas fait depuis tr\u00e8s longtemps. Donc effectivement, c\u2019est pour \u00e7a que le maire de Marseille accueille tr\u00e8s positivement, sans aucun doute, cette mesure. C\u2019est parce qu\u2019en fait, on lui donne de l\u2019argent. Enfin, on r\u00e9nove ses \u00e9coles, donc forc\u00e9ment, il est plut\u00f4t satisfait. Cela ne peut pas \u00eatre une politique nationale. Il ne va pas arriver demain en Seine-Saint-Denis en disant : \u201cAllez hop, le budget de l\u2019\u00c9tat, c\u2019est parti, on va r\u00e9nover toutes les \u00e9coles du 93\u201d. \u00c7a n\u2019arrivera pas !<\/p>\n\n\n\n<p>[\u2026]<\/p>\n\n\n\n<p><strong>Virginie Guilhaume<\/strong><\/p>\n\n\n\n<p>On a quand m\u00eame cr\u00e9\u00e9 des zones diff\u00e9rentes, donc des REP et qui m\u00e8nent \u00e0 l\u2019\u00e9ducation prioritaire.<\/p>\n\n\n\n<p><strong>Jean-R\u00e9mi Girard<\/strong><\/p>\n\n\n\n<p>Ce n\u2019est pas tout \u00e0 fait la m\u00eame chose, car l\u2019\u00e9ducation prioritaire est d\u00e9j\u00e0 une politique nationale. Il y a des crit\u00e8res qui sont parfois plus ou moins bien respect\u00e9s, dans certains cas, on est d\u2019accord, mais globalement, il y a des indicateurs. On dispose d\u2019un excellent service statistique au minist\u00e8re de l\u2019\u00c9ducation nationale qui fonctionne tr\u00e8s bien, et l\u00e0 je le dis sans aucune ironie, et donc on dispose d\u2019indicateurs assez pr\u00e9cis pour savoir quels \u00e9tablissements rencontrent les difficult\u00e9s les plus importantes. On est tout \u00e0 fait d\u2019accord que dans certains endroits, des classes plus r\u00e9duites peuvent avoir un impact positif et permettre aux enfants d\u2019apprendre. Mais ici, on n\u2019est pas du tout dans ce mod\u00e8le d\u2019une politique nationale qui donne davantage \u00e0 ceux qui ont moins. On est vraiment dans une approche du type \u201cFaites votre projet ? On verra s\u2019il nous pla\u00eet et si oui, on le finance.\u201d De plus, ce qui pourrait \u00e9ventuellement \u00eatre g\u00e9n\u00e9ralis\u00e9, ce n\u2019est pas la partie utile, ce n\u2019est pas la partie de la r\u00e9novation du b\u00e2ti scolaire, car cela n\u00e9cessite beaucoup d\u2019argent et ne rel\u00e8ve pas des comp\u00e9tences de l\u2019\u00c9tat. Il s\u2019agit plut\u00f4t de la partie o\u00f9 le recrutement se fait par le chef d\u2019\u00e9tablissement ou le directeur, c\u2019est-\u00e0-dire une sorte de gestion administrative qui, honn\u00eatement, ne sert pas \u00e0 grand-chose par rapport \u00e0 ce que vivent nos \u00e9l\u00e8ves aujourd\u2019hui. Les \u00e9coles v\u00e9tustes ne se trouvent pas seulement \u00e0 Marseille, et il est tr\u00e8s bien qu\u2019on r\u00e9nove les \u00e9coles v\u00e9tustes \u00e0 Marseille, mais je peux vous citer de nombreuses autres villes o\u00f9 les \u00e9coles sont \u00e9galement v\u00e9tustes et o\u00f9 rien n\u2019est fait.<\/p>\n\n\n\n<p>[\u2026]<\/p>\n\n\n\n<p><strong>Virginie Guilhaume<\/strong><\/p>\n\n\n\n<p>J\u2019imagine bien que le \u201cstand-up\u201d, comme vous dites, ne va pas cesser et donc les annonces vont continuer, et donc on pourra en discuter, notamment concernant les vacances scolaires qui pourraient peut-\u00eatre \u00eatre raccourcies.<\/p>\n\n\n\n<p><strong>Jean-R\u00e9mi Girard<\/strong><\/p>\n\n\n\n<p>Alors qu\u2019on est dans la moyenne europ\u00e9enne ! Il n\u2019y a aucune sp\u00e9cificit\u00e9 fran\u00e7aise concernant les vacances d\u2019\u00e9t\u00e9.<\/p>\n\n\n\n<p>\u00ab&#8230; D&rsquo;apr\u00e8s notre analyse, il fait essentiellement de la politique et de la communication avec l&rsquo;\u00e9cole qui est un moyen pour lui de communiquer. Finalement, ce qu&rsquo;il dit ou ce qu&rsquo;il annonce est souvent compl\u00e8tement d\u00e9connect\u00e9 de la politique r\u00e9elle qui est men\u00e9e au minist\u00e8re de l&rsquo;\u00c9ducation nationale. &#8230;\u00bb<\/p>\n\n\n\n<figure class=\"wp-block-image\"><img decoding=\"async\" src=\"https:\/\/snalc.fr\/wp-content\/uploads\/SNALC_Jean_Remi_GIRARD.jpg\" alt=\"\"\/><\/figure>\n\n\n\n<p>Jean-R\u00e9mi Girard<\/p>\n\n\n\n<p>Pr\u00e9sident du SNALC<\/p>\n\n\n\n<figure class=\"wp-block-image\"><img decoding=\"async\" src=\"https:\/\/snalc.fr\/wp-content\/uploads\/Capture-decran-2023-06-30-a-10.07.09-1024x568.png\" alt=\"\"\/><\/figure>\n\n\n\n<p><a href=\"https:\/\/snalc.fr\/contact\/\" target=\"_blank\" rel=\"noreferrer noopener\">Nous \u00e9crire<\/a><\/p>\n","protected":false},"excerpt":{"rendered":"<p>\u00ab&#8230;Nous aimerions que le pr\u00e9sident de la R\u00e9publique arr\u00eate de faire une sorte de stand-up sur l&rsquo;\u00e9cole, o\u00f9 il prend un micro \u00e0 la main et balance soudainement des annonces [&hellip;]<\/p>\n","protected":false},"author":1,"featured_media":0,"comment_status":"closed","ping_status":"closed","sticky":false,"template":"","format":"standard","meta":{"_lmt_disableupdate":"","_lmt_disable":"","site-sidebar-layout":"default","site-content-layout":"","ast-site-content-layout":"default","site-content-style":"default","site-sidebar-style":"default","ast-global-header-display":"","ast-banner-title-visibility":"","ast-main-header-display":"","ast-hfb-above-header-display":"","ast-hfb-below-header-display":"","ast-hfb-mobile-header-display":"","site-post-title":"","ast-breadcrumbs-content":"","ast-featured-img":"","footer-sml-layout":"","ast-disable-related-posts":"","theme-transparent-header-meta":"","adv-header-id-meta":"","stick-header-meta":"","header-above-stick-meta":"","header-main-stick-meta":"","header-below-stick-meta":"","astra-migrate-meta-layouts":"default","ast-page-background-enabled":"default","ast-page-background-meta":{"desktop":{"background-color":"var(--ast-global-color-4)","background-image":"","background-repeat":"repeat","background-position":"center center","background-size":"auto","background-attachment":"scroll","background-type":"","background-media":"","overlay-type":"","overlay-color":"","overlay-opacity":"","overlay-gradient":""},"tablet":{"background-color":"","background-image":"","background-repeat":"repeat","background-position":"center center","background-size":"auto","background-attachment":"scroll","background-type":"","background-media":"","overlay-type":"","overlay-color":"","overlay-opacity":"","overlay-gradient":""},"mobile":{"background-color":"","background-image":"","background-repeat":"repeat","background-position":"center center","background-size":"auto","background-attachment":"scroll","background-type":"","background-media":"","overlay-type":"","overlay-color":"","overlay-opacity":"","overlay-gradient":""}},"ast-content-background-meta":{"desktop":{"background-color":"var(--ast-global-color-5)","background-image":"","background-repeat":"repeat","background-position":"center center","background-size":"auto","background-attachment":"scroll","background-type":"","background-media":"","overlay-type":"","overlay-color":"","overlay-opacity":"","overlay-gradient":""},"tablet":{"background-color":"var(--ast-global-color-5)","background-image":"","background-repeat":"repeat","background-position":"center center","background-size":"auto","background-attachment":"scroll","background-type":"","background-media":"","overlay-type":"","overlay-color":"","overlay-opacity":"","overlay-gradient":""},"mobile":{"background-color":"var(--ast-global-color-5)","background-image":"","background-repeat":"repeat","background-position":"center center","background-size":"auto","background-attachment":"scroll","background-type":"","background-media":"","overlay-type":"","overlay-color":"","overlay-opacity":"","overlay-gradient":""}},"footnotes":""},"categories":[31],"tags":[],"class_list":["post-1686","post","type-post","status-publish","format-standard","hentry","category-actualites-2022-2023"],"modified_by":"slecourtier","_links":{"self":[{"href":"https:\/\/snalc.org\/snalc2023\/index.php?rest_route=\/wp\/v2\/posts\/1686","targetHints":{"allow":["GET"]}}],"collection":[{"href":"https:\/\/snalc.org\/snalc2023\/index.php?rest_route=\/wp\/v2\/posts"}],"about":[{"href":"https:\/\/snalc.org\/snalc2023\/index.php?rest_route=\/wp\/v2\/types\/post"}],"author":[{"embeddable":true,"href":"https:\/\/snalc.org\/snalc2023\/index.php?rest_route=\/wp\/v2\/users\/1"}],"replies":[{"embeddable":true,"href":"https:\/\/snalc.org\/snalc2023\/index.php?rest_route=%2Fwp%2Fv2%2Fcomments&post=1686"}],"version-history":[{"count":1,"href":"https:\/\/snalc.org\/snalc2023\/index.php?rest_route=\/wp\/v2\/posts\/1686\/revisions"}],"predecessor-version":[{"id":1687,"href":"https:\/\/snalc.org\/snalc2023\/index.php?rest_route=\/wp\/v2\/posts\/1686\/revisions\/1687"}],"wp:attachment":[{"href":"https:\/\/snalc.org\/snalc2023\/index.php?rest_route=%2Fwp%2Fv2%2Fmedia&parent=1686"}],"wp:term":[{"taxonomy":"category","embeddable":true,"href":"https:\/\/snalc.org\/snalc2023\/index.php?rest_route=%2Fwp%2Fv2%2Fcategories&post=1686"},{"taxonomy":"post_tag","embeddable":true,"href":"https:\/\/snalc.org\/snalc2023\/index.php?rest_route=%2Fwp%2Fv2%2Ftags&post=1686"}],"curies":[{"name":"wp","href":"https:\/\/api.w.org\/{rel}","templated":true}]}}