{"id":1688,"date":"2023-07-01T09:28:03","date_gmt":"2023-07-01T07:28:03","guid":{"rendered":"https:\/\/snalc.org\/snalc2023\/?p=1688"},"modified":"2023-07-01T09:28:06","modified_gmt":"2023-07-01T07:28:06","slug":"bsmart-des-ecoles-notees-sur-google","status":"publish","type":"post","link":"https:\/\/snalc.org\/snalc2023\/?p=1688","title":{"rendered":"BSMART : des \u00e9coles not\u00e9es sur Google !"},"content":{"rendered":"\n<figure class=\"wp-block-image\"><img decoding=\"async\" src=\"https:\/\/snalc.fr\/wp-content\/uploads\/B-SMART-noir-vert.png\" alt=\"\"\/><\/figure>\n\n\n\n<p>\u00ab Il existe des conseils de la vie lyc\u00e9enne et de la vie coll\u00e9gienne, et il est beaucoup plus constructif de faire entendre sa voix, que l&rsquo;on soit \u00e9l\u00e8ve ou parent, au sein de l&rsquo;\u00e9tablissement plut\u00f4t que de la porter sur Google. \u00bb<\/p>\n\n\n\n<figure class=\"wp-block-image\"><img decoding=\"async\" src=\"https:\/\/snalc.fr\/wp-content\/uploads\/JRG4X3.jpg\" alt=\"\"\/><\/figure>\n\n\n\n<p>Jean-R\u00e9mi Girard<\/p>\n\n\n\n<p>Pr\u00e9sident du SNALC<\/p>\n\n\n\n<p><strong>Retour des notations des \u00e9coles sur Google. Le service public doit-il c\u00e9der face au consum\u00e9risme ?<\/strong><\/p>\n\n\n\n<p>Jean-R\u00e9mi Girard, pr\u00e9sident du SNALC, r\u00e9agit sur <a href=\"https:\/\/www.bsmart.fr\/video\/20795-smart-education-emission-28-juin-2023\">B SMART<\/a> le mercredi 28 juin 2023.<\/p>\n\n\n\n<p><strong>SMART EDUCATION<\/strong><\/p>\n\n\n\n<p>Avez-vous \u00e9galement vu des commentaires Google sur Jean-R\u00e9mi Girard ?<\/p>\n\n\n\n<p><strong>Jean-R\u00e9mi Girard<\/strong><\/p>\n\n\n\n<p>Oui, bien s\u00fbr, j\u2019ai d\u00e9j\u00e0 regard\u00e9 ceux de mon \u00e9tablissement. On n\u2019est jamais mieux servi que par soi-m\u00eame. Certains remontent tr\u00e8s loin parfois, mais il y a effectivement une sorte de reprise r\u00e9cente. Ce n\u2019est pas \u00e9tonnant, cela arrive par vagues. La plupart sont positifs, tant mieux, mais nous sommes dans un syst\u00e8me qui n\u2019est globalement pas mod\u00e9r\u00e9, pas v\u00e9rifi\u00e9. On ne sait pas qui \u00e9crit, qu\u2019il s\u2019agisse d\u2019un \u00e9l\u00e8ve, d\u2019un parent ou de n\u2019importe qui, car il n\u2019y a aucun contr\u00f4le.<\/p>\n\n\n\n<p><strong>SMART EDUCATION<\/strong><\/p>\n\n\n\n<p>On voit \u00e0 l\u2019\u00e9cran ce clich\u00e9 et quelques commentaires. Vous dites que la plupart sont quand m\u00eame positifs.<\/p>\n\n\n\n<p><strong>Jean-R\u00e9mi Girard<\/strong><\/p>\n\n\n\n<p>C\u2019est assez rare dans ce type de commentaires, car g\u00e9n\u00e9ralement, on commente plut\u00f4t quand on n\u2019est pas content, que l\u2019inverse. Mais il peut arriver souvent que d\u2019anciens \u00e9l\u00e8ves viennent mettre un petit truc sympa. Mais au final, ce n\u2019est pas normal, car on voit un c\u00f4t\u00e9 tr\u00e8s \u201csoci\u00e9t\u00e9 de consommation\u201d et client\u00e9lisme.<\/p>\n\n\n\n<p><strong>SMART EDUCATION<\/strong><\/p>\n\n\n\n<p>On compare un \u00e9tablissement \u00e0 un restaurant ?<\/p>\n\n\n\n<p><strong>Jean-R\u00e9mi Girard<\/strong><\/p>\n\n\n\n<p>Oui, mais nous sommes quand m\u00eame dans une institution de la R\u00e9publique. Ce n\u2019est pas non plus quelque chose que l\u2019on est suppos\u00e9 pouvoir noter publiquement. Il y a des syst\u00e8mes internes au sein de l\u2019\u00e9tablissement. Il y a des syst\u00e8mes d\u2019\u00e9valuation, pas forc\u00e9ment formidables par ailleurs, mais dans tous les cas, cela n\u2019apporte clairement rien et n\u2019a strictement aucun int\u00e9r\u00eat. J\u2019esp\u00e8re bien qu\u2019aucun parent ne va regarder cela en se disant : \u201cJe vais choisir ce lyc\u00e9e plut\u00f4t que tel autre.\u201d D\u2019ailleurs, on ne choisit pas forc\u00e9ment son lyc\u00e9e non plus, et c\u2019est probablement avant tout une perte de temps qui augmente les tensions vis-\u00e0-vis de l\u2019\u00e9cole et, bien s\u00fbr, chez les personnels de l\u2019\u00c9ducation nationale.<\/p>\n\n\n\n<p>[\u2026]<\/p>\n\n\n\n<p><strong>SMART EDUCATION<\/strong><\/p>\n\n\n\n<p>Sur l\u2019int\u00e9r\u00eat de ces commentaires, selon vous, est-ce que les parents et les \u00e9l\u00e8ves les lisent ? Est-ce que cela peut r\u00e9ellement avoir un impact ?<\/p>\n\n\n\n<p><strong>Jean-R\u00e9mi Girard<\/strong><\/p>\n\n\n\n<p>Oui, bien s\u00fbr, c\u2019est une pratique courante. Non seulement les \u00e9l\u00e8ves, mais aussi la plupart des adultes sont pr\u00e9sents sur Internet et les r\u00e9seaux sociaux via leurs t\u00e9l\u00e9phones. L\u2019impact peut \u00eatre significatif. Cependant, il est important de faire la distinction entre les commentaires qui sont simplement des expressions d\u2019humeur et ceux qui peuvent potentiellement \u00eatre dangereux lorsqu\u2019ils nomment un enseignant. Dans de tels cas, nous conseillons de porter plainte et de demander la protection fonctionnelle.<\/p>\n\n\n\n<p><strong>SMART EDUCATION<\/strong><\/p>\n\n\n\n<p>Est-ce facile de faire supprimer ces posts ?<\/p>\n\n\n\n<p><strong>Jean-R\u00e9mi Girard<\/strong><\/p>\n\n\n\n<p>Il est tr\u00e8s compliqu\u00e9 de faire supprimer ce genre de choses. Nous sommes confront\u00e9s \u00e0 de grandes plateformes comme Google ou Twitter, dont les syst\u00e8mes de mod\u00e9ration sont difficiles \u00e0 atteindre pour un individu, du moins pas facilement ou sans passer par de nombreuses \u00e9tapes. Il est donc tr\u00e8s difficile de parvenir \u00e0 faire modifier ces commentaires. Dans le meilleur des cas, on peut y r\u00e9pondre, mais cela ne fait qu\u2019ajouter une couche suppl\u00e9mentaire. Par cons\u00e9quent, au SNALC, nous avons une proposition tr\u00e8s simple : \u00e9tant donn\u00e9 que l\u2019\u00c9ducation nationale a d\u00e9j\u00e0 conclu des partenariats avec certains des g\u00e9ants du num\u00e9rique (GAFAM), nous pensons qu\u2019il ne serait pas si compliqu\u00e9 de retirer les \u00e9tablissements scolaires de la liste des choses \u00e9valuables sur Google. Cela simplifierait un peu les choses.<\/p>\n\n\n\n<p>&nbsp;[\u2026]<\/p>\n\n\n\n<p><strong>SMART EDUCATION<\/strong><\/p>\n\n\n\n<p>Crise de confiance des Fran\u00e7ais envers l\u2019\u00e9cole, est-ce un facteur de plus ? Est-ce une preuve de plus ? Est-ce une cons\u00e9quence ? Tout est-il li\u00e9 ?<\/p>\n\n\n\n<p><strong>Jean-R\u00e9mi Girard<\/strong><\/p>\n\n\n\n<p>Oui, bien s\u00fbr, cela est li\u00e9 \u00e0 une forme de crise de confiance, non seulement envers l\u2019\u00e9cole, mais aussi envers les institutions en g\u00e9n\u00e9ral, y compris la politique. Nous sommes confront\u00e9s \u00e0 une crise, une crise au sein de l\u2019\u00c9ducation nationale o\u00f9 nous ne parvenons plus \u00e0 recruter suffisamment d\u2019enseignants, ce qui est un indicateur objectif d\u2019un probl\u00e8me grave. Lorsqu\u2019un parent d\u2019\u00e9l\u00e8ve allume sa t\u00e9l\u00e9vision et d\u00e9couvre un jobdating dans l\u2019Acad\u00e9mie de Versailles o\u00f9 l\u2019on explique le recrutement de professeurs en une demi-heure, des professeurs qui n\u2019ont jamais enseign\u00e9 de leur vie et qui seront plac\u00e9s face \u00e0 des \u00e9l\u00e8ves, cela peut l\u00e9gitimement cr\u00e9er une perte de confiance envers l\u2019\u00e9cole. Il y a un ph\u00e9nom\u00e8ne de consum\u00e9risme qui a atteint l\u2019\u00c9ducation nationale, o\u00f9 l\u2019on se dit : \u201cJe vais choisir mon \u00e9tablissement, je vais essayer de trouver le meilleur.\u201d Et si cela ne convient pas, je vais me plaindre.<\/p>\n\n\n\n<p><strong>SMART EDUCATION<\/strong><\/p>\n\n\n\n<p>Je joue l\u2019avocat du diable, ne serait-ce pas une bonne id\u00e9e de permettre aux \u00e9l\u00e8ves, d\u2019une certaine mani\u00e8re, de contribuer en donnant leur avis sur leur emploi du temps, la logistique, etc. en les faisant noter ?<\/p>\n\n\n\n<p><strong>Jean-R\u00e9mi Girard<\/strong><\/p>\n\n\n\n<p>Mais cela existe en interne dans les lyc\u00e9es. Nous avons des repr\u00e9sentants des \u00e9l\u00e8ves au Conseil d\u2019administration et des repr\u00e9sentants des parents \u00e9galement. Donc il y a tout de m\u00eame des m\u00e9canismes d\u00e9mocratiques au sein d\u2019un \u00e9tablissement scolaire. Il existe des conseils de la vie lyc\u00e9enne et de la vie coll\u00e9gienne, et il est beaucoup plus constructif de faire entendre sa voix, que l\u2019on soit \u00e9l\u00e8ve ou parent, au sein de l\u2019\u00e9tablissement plut\u00f4t que de la porter sur Google. Le dialogue interne est plus int\u00e9ressant pour les \u00e9l\u00e8ves, les enseignants et le personnel de l\u2019\u00c9ducation nationale afin de trouver collectivement des solutions face au climat d\u00e9t\u00e9rior\u00e9. Les enseignants et le personnel sont ouverts \u00e0 toutes les id\u00e9es constructives. Cependant, les enseignants eux-m\u00eames se sentent d\u00e9valoris\u00e9s, comme le montre une enqu\u00eate du minist\u00e8re, leur moral est au plus bas, et il n\u2019est pas judicieux d\u2019en rajouter en commentant n\u00e9gativement un lyc\u00e9e, comme si tout le monde avait eu la m\u00eame exp\u00e9rience n\u00e9gative avec tous les professeurs et assistants d\u2019\u00e9ducation. En fin de compte, cela n\u2019a aucun sens ! Je parle des lyc\u00e9es car je suis en lyc\u00e9e, mais nous recevons \u00e9galement beaucoup de retours des \u00e9coles primaires, o\u00f9 il y a beaucoup moins d\u2019adultes, ce qui rend les choses tr\u00e8s cibl\u00e9es. On peut tr\u00e8s rapidement identifier le ma\u00eetre ou la ma\u00eetresse de CM1, ce qui peut \u00eatre dangereux pour les coll\u00e8gues.<\/p>\n\n\n\n<figure class=\"wp-block-image\"><img decoding=\"async\" src=\"https:\/\/snalc.fr\/wp-content\/uploads\/Capture-decran-2023-06-29-a-07.36.47.jpeg\" alt=\"\"\/><\/figure>\n\n\n\n<p>\u00ab Je parle des lyc\u00e9es car je suis en lyc\u00e9e, mais nous recevons \u00e9galement beaucoup de retours des \u00e9coles primaires, o\u00f9 il y a beaucoup moins d&rsquo;adultes, ce qui rend les choses tr\u00e8s cibl\u00e9es. On peut tr\u00e8s rapidement identifier le ma\u00eetre ou la ma\u00eetresse de CM1, ce qui peut \u00eatre dangereux pour les coll\u00e8gues. \u00bb<\/p>\n\n\n\n<figure class=\"wp-block-image\"><img decoding=\"async\" src=\"https:\/\/snalc.fr\/wp-content\/uploads\/JRG4X3.jpg\" alt=\"\"\/><\/figure>\n\n\n\n<p>Jean-R\u00e9mi Girard<\/p>\n\n\n\n<p>Pr\u00e9sident du SNALC<\/p>\n","protected":false},"excerpt":{"rendered":"<p>\u00ab Il existe des conseils de la vie lyc\u00e9enne et de la vie coll\u00e9gienne, et il est beaucoup plus constructif de faire entendre sa voix, que l&rsquo;on soit \u00e9l\u00e8ve ou [&hellip;]<\/p>\n","protected":false},"author":1,"featured_media":0,"comment_status":"closed","ping_status":"closed","sticky":false,"template":"","format":"standard","meta":{"_lmt_disableupdate":"","_lmt_disable":"","site-sidebar-layout":"default","site-content-layout":"","ast-site-content-layout":"default","site-content-style":"default","site-sidebar-style":"default","ast-global-header-display":"","ast-banner-title-visibility":"","ast-main-header-display":"","ast-hfb-above-header-display":"","ast-hfb-below-header-display":"","ast-hfb-mobile-header-display":"","site-post-title":"","ast-breadcrumbs-content":"","ast-featured-img":"","footer-sml-layout":"","ast-disable-related-posts":"","theme-transparent-header-meta":"","adv-header-id-meta":"","stick-header-meta":"","header-above-stick-meta":"","header-main-stick-meta":"","header-below-stick-meta":"","astra-migrate-meta-layouts":"default","ast-page-background-enabled":"default","ast-page-background-meta":{"desktop":{"background-color":"var(--ast-global-color-4)","background-image":"","background-repeat":"repeat","background-position":"center center","background-size":"auto","background-attachment":"scroll","background-type":"","background-media":"","overlay-type":"","overlay-color":"","overlay-opacity":"","overlay-gradient":""},"tablet":{"background-color":"","background-image":"","background-repeat":"repeat","background-position":"center center","background-size":"auto","background-attachment":"scroll","background-type":"","background-media":"","overlay-type":"","overlay-color":"","overlay-opacity":"","overlay-gradient":""},"mobile":{"background-color":"","background-image":"","background-repeat":"repeat","background-position":"center center","background-size":"auto","background-attachment":"scroll","background-type":"","background-media":"","overlay-type":"","overlay-color":"","overlay-opacity":"","overlay-gradient":""}},"ast-content-background-meta":{"desktop":{"background-color":"var(--ast-global-color-5)","background-image":"","background-repeat":"repeat","background-position":"center center","background-size":"auto","background-attachment":"scroll","background-type":"","background-media":"","overlay-type":"","overlay-color":"","overlay-opacity":"","overlay-gradient":""},"tablet":{"background-color":"var(--ast-global-color-5)","background-image":"","background-repeat":"repeat","background-position":"center center","background-size":"auto","background-attachment":"scroll","background-type":"","background-media":"","overlay-type":"","overlay-color":"","overlay-opacity":"","overlay-gradient":""},"mobile":{"background-color":"var(--ast-global-color-5)","background-image":"","background-repeat":"repeat","background-position":"center center","background-size":"auto","background-attachment":"scroll","background-type":"","background-media":"","overlay-type":"","overlay-color":"","overlay-opacity":"","overlay-gradient":""}},"footnotes":""},"categories":[31],"tags":[],"class_list":["post-1688","post","type-post","status-publish","format-standard","hentry","category-actualites-2022-2023"],"modified_by":"slecourtier","_links":{"self":[{"href":"https:\/\/snalc.org\/snalc2023\/index.php?rest_route=\/wp\/v2\/posts\/1688","targetHints":{"allow":["GET"]}}],"collection":[{"href":"https:\/\/snalc.org\/snalc2023\/index.php?rest_route=\/wp\/v2\/posts"}],"about":[{"href":"https:\/\/snalc.org\/snalc2023\/index.php?rest_route=\/wp\/v2\/types\/post"}],"author":[{"embeddable":true,"href":"https:\/\/snalc.org\/snalc2023\/index.php?rest_route=\/wp\/v2\/users\/1"}],"replies":[{"embeddable":true,"href":"https:\/\/snalc.org\/snalc2023\/index.php?rest_route=%2Fwp%2Fv2%2Fcomments&post=1688"}],"version-history":[{"count":1,"href":"https:\/\/snalc.org\/snalc2023\/index.php?rest_route=\/wp\/v2\/posts\/1688\/revisions"}],"predecessor-version":[{"id":1689,"href":"https:\/\/snalc.org\/snalc2023\/index.php?rest_route=\/wp\/v2\/posts\/1688\/revisions\/1689"}],"wp:attachment":[{"href":"https:\/\/snalc.org\/snalc2023\/index.php?rest_route=%2Fwp%2Fv2%2Fmedia&parent=1688"}],"wp:term":[{"taxonomy":"category","embeddable":true,"href":"https:\/\/snalc.org\/snalc2023\/index.php?rest_route=%2Fwp%2Fv2%2Fcategories&post=1688"},{"taxonomy":"post_tag","embeddable":true,"href":"https:\/\/snalc.org\/snalc2023\/index.php?rest_route=%2Fwp%2Fv2%2Ftags&post=1688"}],"curies":[{"name":"wp","href":"https:\/\/api.w.org\/{rel}","templated":true}]}}