{"id":1703,"date":"2023-07-03T17:26:56","date_gmt":"2023-07-03T15:26:56","guid":{"rendered":"https:\/\/snalc.org\/snalc2023\/?p=1703"},"modified":"2023-07-03T17:26:58","modified_gmt":"2023-07-03T15:26:58","slug":"bac-et-terminale-gt-le-ministre-a-recu-le-snalc","status":"publish","type":"post","link":"https:\/\/snalc.org\/snalc2023\/?p=1703","title":{"rendered":"Bac et Terminale GT\u00a0: le ministre a re\u00e7u le SNALC"},"content":{"rendered":"\n<figure class=\"wp-block-image\"><img decoding=\"async\" src=\"https:\/\/snalc.fr\/wp-content\/uploads\/examen_istock_smolaw11-1047047834.jpg\" alt=\"\"\/><figcaption class=\"wp-element-caption\">\u00a9 istock_smolaw11-1047047834<\/figcaption><\/figure>\n\n\n\n<p>Le <strong>SNALC<\/strong> a \u00e9t\u00e9 re\u00e7u en audience bilat\u00e9rale vendredi 30 juin dernier par le ministre de l\u2019\u00c9ducation nationale. \u00c0 cette occasion, le <strong>SNALC<\/strong> a pr\u00e9sent\u00e9 les r\u00e9sultats de sa <a href=\"https:\/\/snalc.fr\/enquete-snalc-sur-les-epreuves-de-specialites\/\">grande enqu\u00eate<\/a><a href=\"https:\/\/snalc.fr\/bac-et-terminale-gt-le-ministre-a-recu-le-snalc\/#_ftn1\">[1]<\/a> sur le baccalaur\u00e9at et l\u2019ann\u00e9e de terminale g\u00e9n\u00e9rale et technologique, qui a recueilli plus de 4000 r\u00e9ponses.<\/p>\n\n\n\n<p>S\u2019ils constatent moins de <em>trifouillages<\/em> des notes dans le dos des correcteurs que l\u2019an dernier, les coll\u00e8gues nous ont tr\u00e8s majoritairement remont\u00e9 un absent\u00e9isme massif des \u00e9l\u00e8ves au troisi\u00e8me trimestre, apr\u00e8s la passation des \u00e9preuves de sp\u00e9cialit\u00e9s comme apr\u00e8s la communication des r\u00e9sultats de ces \u00e9preuves. Pour le <strong>SNALC<\/strong>, le bac Blanquer a compl\u00e8tement d\u00e9structur\u00e9 l\u2019ann\u00e9e de terminale, et est \u00e9galement cause de perte de nombreuses heures de cours, sans avoir le moins du monde permis la fameuse reconqu\u00eate du mois de juin.<\/p>\n\n\n\n<p>Le ministre a clairement partag\u00e9 les constats du <strong>SNALC<\/strong>. Il nous a pr\u00e9cis\u00e9 qu\u2019il n\u2019y aurait pas de statu quo et que des annonces auraient lieu avant la rentr\u00e9e prochaine. Le <strong>SNALC<\/strong> a expliqu\u00e9 que les b\u00e9n\u00e9fices absolument minimes d\u2019inscrire les 2 notes de sp\u00e9cialit\u00e9 dans <em>Parcoursup<\/em> \u00e9taient insignifiants au regard de la catastrophe p\u00e9dagogique que nous vivons dans nos lyc\u00e9es. C\u2019est la position que nous avons toujours d\u00e9fendue depuis le quinquennat pr\u00e9c\u00e9dent.<\/p>\n\n\n\n<p>Pour le <strong>SNALC<\/strong>, la seule mesure valable est de placer les \u00e9preuves de sp\u00e9cialit\u00e9 en juin. Toutes les autres hypoth\u00e8ses (modification des coefficients, tentatives de cacher les notes des sp\u00e9cialit\u00e9s aux \u00e9l\u00e8ves et aux familles jusqu\u2019en juillet, etc.) dissimuleraient un immobilisme inqui\u00e9tant et un refus d\u2019entendre la parole des personnels. Le <strong>SNALC<\/strong> a pu constater que le ministre semblait r\u00e9ceptif \u00e0 ses arguments, mais il jugera sur pi\u00e8ces.<\/p>\n\n\n\n<p>Le <strong>SNALC<\/strong> s\u2019est \u00e9galement fait le relais du d\u00e9sarroi des coll\u00e8gues de lettres, qui vivent un v\u00e9ritable calvaire depuis la mise en \u0153uvre des nouveaux programmes de fran\u00e7ais et des nouvelles modalit\u00e9s des \u00e9preuves anticip\u00e9es. Nous avons l\u00e0 aussi demand\u00e9 des changements structurels, notamment sur le programme de premi\u00e8re et le fonctionnement de l\u2019\u00e9preuve orale, qui aillent au-del\u00e0 de la seule diminution du nombre de textes attendus.<\/p>\n\n\n\n<p>Enfin, au-del\u00e0 des questions de calendrier, le <strong>SNALC<\/strong> continuera de se battre contre les probl\u00e8mes structurels de la r\u00e9forme Blanquer, \u00e0 commencer par les 40% de contr\u00f4le continu et par l\u2019abandon d\u2019une sp\u00e9cialit\u00e9 en fin de premi\u00e8re.<\/p>\n\n\n\n<hr class=\"wp-block-separator has-alpha-channel-opacity\"\/>\n\n\n\n<p><em><a href=\"https:\/\/snalc.fr\/bac-et-terminale-gt-le-ministre-a-recu-le-snalc\/#_ftnref1\">[1]<\/a>&nbsp; <a href=\"https:\/\/snalc.fr\/enquete-snalc-sur-les-epreuves-de-specialites\/\">https:\/\/snalc.fr\/enquete-snalc-sur-les-epreuves-de-specialites\/<\/a><\/em><\/p>\n\n\n\n<p><a href=\"https:\/\/snalc.fr\/wp-content\/uploads\/20230703_compresse_bac-Tle_ministre.pdf\">T\u00e9l\u00e9charger<\/a><\/p>\n","protected":false},"excerpt":{"rendered":"<p>Le SNALC a \u00e9t\u00e9 re\u00e7u en audience bilat\u00e9rale vendredi 30 juin dernier par le ministre de l\u2019\u00c9ducation nationale. \u00c0 cette occasion, le SNALC a pr\u00e9sent\u00e9 les r\u00e9sultats de sa grande [&hellip;]<\/p>\n","protected":false},"author":1,"featured_media":0,"comment_status":"closed","ping_status":"closed","sticky":false,"template":"","format":"standard","meta":{"_lmt_disableupdate":"","_lmt_disable":"","site-sidebar-layout":"default","site-content-layout":"","ast-site-content-layout":"default","site-content-style":"default","site-sidebar-style":"default","ast-global-header-display":"","ast-banner-title-visibility":"","ast-main-header-display":"","ast-hfb-above-header-display":"","ast-hfb-below-header-display":"","ast-hfb-mobile-header-display":"","site-post-title":"","ast-breadcrumbs-content":"","ast-featured-img":"","footer-sml-layout":"","ast-disable-related-posts":"","theme-transparent-header-meta":"","adv-header-id-meta":"","stick-header-meta":"","header-above-stick-meta":"","header-main-stick-meta":"","header-below-stick-meta":"","astra-migrate-meta-layouts":"default","ast-page-background-enabled":"default","ast-page-background-meta":{"desktop":{"background-color":"var(--ast-global-color-4)","background-image":"","background-repeat":"repeat","background-position":"center center","background-size":"auto","background-attachment":"scroll","background-type":"","background-media":"","overlay-type":"","overlay-color":"","overlay-opacity":"","overlay-gradient":""},"tablet":{"background-color":"","background-image":"","background-repeat":"repeat","background-position":"center center","background-size":"auto","background-attachment":"scroll","background-type":"","background-media":"","overlay-type":"","overlay-color":"","overlay-opacity":"","overlay-gradient":""},"mobile":{"background-color":"","background-image":"","background-repeat":"repeat","background-position":"center center","background-size":"auto","background-attachment":"scroll","background-type":"","background-media":"","overlay-type":"","overlay-color":"","overlay-opacity":"","overlay-gradient":""}},"ast-content-background-meta":{"desktop":{"background-color":"var(--ast-global-color-5)","background-image":"","background-repeat":"repeat","background-position":"center center","background-size":"auto","background-attachment":"scroll","background-type":"","background-media":"","overlay-type":"","overlay-color":"","overlay-opacity":"","overlay-gradient":""},"tablet":{"background-color":"var(--ast-global-color-5)","background-image":"","background-repeat":"repeat","background-position":"center center","background-size":"auto","background-attachment":"scroll","background-type":"","background-media":"","overlay-type":"","overlay-color":"","overlay-opacity":"","overlay-gradient":""},"mobile":{"background-color":"var(--ast-global-color-5)","background-image":"","background-repeat":"repeat","background-position":"center center","background-size":"auto","background-attachment":"scroll","background-type":"","background-media":"","overlay-type":"","overlay-color":"","overlay-opacity":"","overlay-gradient":""}},"footnotes":""},"categories":[31],"tags":[],"class_list":["post-1703","post","type-post","status-publish","format-standard","hentry","category-actualites-2022-2023"],"modified_by":"slecourtier","_links":{"self":[{"href":"https:\/\/snalc.org\/snalc2023\/index.php?rest_route=\/wp\/v2\/posts\/1703","targetHints":{"allow":["GET"]}}],"collection":[{"href":"https:\/\/snalc.org\/snalc2023\/index.php?rest_route=\/wp\/v2\/posts"}],"about":[{"href":"https:\/\/snalc.org\/snalc2023\/index.php?rest_route=\/wp\/v2\/types\/post"}],"author":[{"embeddable":true,"href":"https:\/\/snalc.org\/snalc2023\/index.php?rest_route=\/wp\/v2\/users\/1"}],"replies":[{"embeddable":true,"href":"https:\/\/snalc.org\/snalc2023\/index.php?rest_route=%2Fwp%2Fv2%2Fcomments&post=1703"}],"version-history":[{"count":1,"href":"https:\/\/snalc.org\/snalc2023\/index.php?rest_route=\/wp\/v2\/posts\/1703\/revisions"}],"predecessor-version":[{"id":1704,"href":"https:\/\/snalc.org\/snalc2023\/index.php?rest_route=\/wp\/v2\/posts\/1703\/revisions\/1704"}],"wp:attachment":[{"href":"https:\/\/snalc.org\/snalc2023\/index.php?rest_route=%2Fwp%2Fv2%2Fmedia&parent=1703"}],"wp:term":[{"taxonomy":"category","embeddable":true,"href":"https:\/\/snalc.org\/snalc2023\/index.php?rest_route=%2Fwp%2Fv2%2Fcategories&post=1703"},{"taxonomy":"post_tag","embeddable":true,"href":"https:\/\/snalc.org\/snalc2023\/index.php?rest_route=%2Fwp%2Fv2%2Ftags&post=1703"}],"curies":[{"name":"wp","href":"https:\/\/api.w.org\/{rel}","templated":true}]}}