{"id":1844,"date":"2023-08-05T10:03:11","date_gmt":"2023-08-05T08:03:11","guid":{"rendered":"https:\/\/snalc.org\/snalc2023\/?p=1844"},"modified":"2023-08-07T10:43:41","modified_gmt":"2023-08-07T08:43:41","slug":"decret-n-2023-720-du-4-aout-2023-chaire-sup-certifies-cpe-plp-peps-psyen-linearisation-de-lechelon-special-5e-echelon-ha","status":"publish","type":"post","link":"https:\/\/snalc.org\/snalc2023\/?p=1844","title":{"rendered":"D\u00e9cret n\u00b0 2023-720 du 4 ao\u00fbt 2023 &#8211; Chaire sup, Certifi\u00e9s, CPE, PLP, PEPS, PsyEn (lin\u00e9arisation de l&rsquo;\u00e9chelon sp\u00e9cial) + Acc\u00e8s \u00e0 la Classe Exceptionnelle"},"content":{"rendered":"\n<p class=\"has-luminous-vivid-orange-color has-text-color\"><strong>Entr\u00e9e en vigueur : l&rsquo;entr\u00e9e en vigueur de ces dispositions est pr\u00e9vue au lendemain de la publication du d\u00e9cret pour celles relatives \u00e0 la lin\u00e9arisation de l&rsquo;\u00e9chelon sp\u00e9cial et les dispositions statutaires diverses<\/strong>:<\/p>\n\n\n\n<p><strong>Chaire sup:<\/strong><\/p>\n\n\n\n<figure class=\"wp-block-table\"><table><tbody><tr><th><br>\u00c9CHELONS<\/th><th><br>DUR\u00c9E<\/th><\/tr><tr><td><br>7e \u00e9chelon<\/td><td><br>&#8211;<\/td><\/tr><tr><td><br>6e \u00e9chelon<\/td><td><br>3 ans et 6 mois<\/td><\/tr><tr><td><br>5e \u00e9chelon<\/td><td><br>3 ans et 6 mois<\/td><\/tr><tr><td><br>4e \u00e9chelon<\/td><td><br>2 ans<\/td><\/tr><tr><td><br>3e \u00e9chelon<\/td><td><br>2 ans<\/td><\/tr><tr><td><br>2e \u00e9chelon<\/td><td><br>2 ans<\/td><\/tr><tr><td><br>1er \u00e9chelon<\/td><td><br>2 ans<\/td><\/tr><\/tbody><\/table><\/figure>\n\n\n\n<p><strong>CPE, PLP, Certifi\u00e9s, PsyEn, PEPS -&gt; classe exceptionnelle<\/strong>:<\/p>\n\n\n\n<figure class=\"wp-block-table\"><table><tbody><tr><td>classe exceptionnelle<\/td><td>&nbsp;<\/td><td>&nbsp;<\/td><\/tr><tr><td>&nbsp;<\/td><td><br>5e \u00e9chelon<\/td><td><br>&#8211;<\/td><\/tr><tr><td>&nbsp;<\/td><td><br>4e \u00e9chelon<\/td><td><br>3 ans<\/td><\/tr><tr><td>&nbsp;<\/td><td><br>3e \u00e9chelon<\/td><td><br>2 ans et 6 mois<\/td><\/tr><tr><td>&nbsp;<\/td><td><br>2e \u00e9chelon<\/td><td><br>2 ans<\/td><\/tr><tr><td>&nbsp;<\/td><td><br>1er \u00e9chelon<\/td><td><br>2 ans<\/td><\/tr><\/tbody><\/table><\/figure>\n\n\n\n<h6 class=\"wp-block-heading has-luminous-vivid-orange-color has-text-color\">Dispositions entrant en vigueur le 1er septembre 2024<\/h6>\n\n\n\n<p><strong>PsyEn, CPE, PEPS, Certifi\u00e9s, PLP<\/strong>: Promouvables \u00e0 la\u00a0 classe exceptionnelle lorsqu\u2019ils ont atteint, au 31 ao\u00fbt de l\u2019ann\u00e9e au titre de laquelle le tableau d\u2019avancement est \u00e9tabli, au moins le <strong>5e \u00e9chelon de la hors classe<\/strong>.<br>\u00ab Le nombre maximum pouvant \u00eatre promus chaque ann\u00e9e \u00e0 la classe exceptionnelle est d\u00e9termin\u00e9 conform\u00e9ment aux dispositions du d\u00e9cret n\u00b0 2005-1090 du 1er septembre 2005 relatif \u00e0 l\u2019avancement de grade dans les corps des administrations de l\u2019Etat.<\/p>\n\n\n\n<p><strong>Les professeurs agr\u00e9g\u00e9s <\/strong>peuvent \u00eatre promus au grade de professeur agr\u00e9g\u00e9 de classe exceptionnelle lorsqu&rsquo;ils ont atteint, au 31 ao\u00fbt de l&rsquo;ann\u00e9e au titre de laquelle le tableau d&rsquo;avancement est \u00e9tabli, au moins <strong>le 4e \u00e9chelon de la hors classe<\/strong>.<br>\u00ab Le nombre maximum de professeurs agr\u00e9g\u00e9s pouvant \u00eatre promus chaque ann\u00e9e \u00e0 la classe exceptionnelle est d\u00e9termin\u00e9 conform\u00e9ment aux dispositions du d\u00e9cret n\u00b0 2005-1090 du 1er septembre 2005 relatif \u00e0 l&rsquo;avancement de grade dans les corps des administrations de l&rsquo;Etat.<br>\u00ab Selon les orientations d\u00e9finies par les lignes directrices de gestion, les professeurs agr\u00e9g\u00e9s sont inscrits, apr\u00e8s proposition des recteurs d&rsquo;acad\u00e9mie, sur un tableau d&rsquo;avancement, arr\u00eat\u00e9 chaque ann\u00e9e par le ministre charg\u00e9 de l&rsquo;\u00e9ducation nationale.<br>\u00ab Les promotions sont prononc\u00e9es dans l&rsquo;ordre d&rsquo;inscription au tableau annuel d&rsquo;avancement par le ministre.<br>\u00ab II. &#8211; D\u00e8s leur nomination, les professeurs agr\u00e9g\u00e9s de la classe exceptionnelle sont class\u00e9s, par le ministre charg\u00e9 de l&rsquo;\u00e9ducation nationale, \u00e0 l&rsquo;\u00e9chelon comportant un indice \u00e9gal ou, \u00e0 d\u00e9faut, imm\u00e9diatement sup\u00e9rieur \u00e0 celui dont ils b\u00e9n\u00e9ficiaient dans la hors-classe.<br>\u00ab Les professeurs agr\u00e9g\u00e9s ayant atteint le 4e \u00e9chelon de la hors-classe conservent l&rsquo;anciennet\u00e9 qu&rsquo;ils avaient acquise dans cet \u00e9chelon dans la limite du temps n\u00e9cessaire \u00e0 une promotion d&rsquo;\u00e9chelon dans la classe exceptionnelle. \u00bb<\/p>\n\n\n\n<p><a href=\"https:\/\/www.legifrance.gouv.fr\/download\/pdf?id=mHudUUP35MvdXll3UTPowygfuWpIQPdW-zhI49svUoE=\">https:\/\/www.legifrance.gouv.fr\/download\/pdf?id=mHudUUP35MvdXll3UTPowygfuWpIQPdW-zhI49svUoE=<\/a><\/p>\n\n\n\n<div data-wp-interactive=\"core\/file\" class=\"wp-block-file\"><object data-wp-bind--hidden=\"!state.hasPdfPreview\" hidden class=\"wp-block-file__embed\" data=\"https:\/\/snalc.org\/snalc2023\/wp-content\/uploads\/2023\/08\/joe_20230805_0180_0016.pdf\" type=\"application\/pdf\" style=\"width:100%;height:600px\" aria-label=\"Contenu embarqu\u00e9 joe_20230805_0180_0016.\"><\/object><a id=\"wp-block-file--media-df34be78-dc41-4d59-b5f1-ea8ebca45705\" href=\"https:\/\/snalc.org\/snalc2023\/wp-content\/uploads\/2023\/08\/joe_20230805_0180_0016.pdf\">joe_20230805_0180_0016<\/a><a href=\"https:\/\/snalc.org\/snalc2023\/wp-content\/uploads\/2023\/08\/joe_20230805_0180_0016.pdf\" class=\"wp-block-file__button wp-element-button\" download aria-describedby=\"wp-block-file--media-df34be78-dc41-4d59-b5f1-ea8ebca45705\">T\u00e9l\u00e9charger<\/a><\/div>\n","protected":false},"excerpt":{"rendered":"<p>Entr\u00e9e en vigueur : l&rsquo;entr\u00e9e en vigueur de ces dispositions est pr\u00e9vue au lendemain de la publication du d\u00e9cret pour celles relatives \u00e0 la lin\u00e9arisation de l&rsquo;\u00e9chelon sp\u00e9cial et les [&hellip;]<\/p>\n","protected":false},"author":1,"featured_media":0,"comment_status":"closed","ping_status":"closed","sticky":false,"template":"","format":"standard","meta":{"_lmt_disableupdate":"no","_lmt_disable":"","site-sidebar-layout":"default","site-content-layout":"","ast-site-content-layout":"default","site-content-style":"default","site-sidebar-style":"default","ast-global-header-display":"","ast-banner-title-visibility":"","ast-main-header-display":"","ast-hfb-above-header-display":"","ast-hfb-below-header-display":"","ast-hfb-mobile-header-display":"","site-post-title":"","ast-breadcrumbs-content":"","ast-featured-img":"","footer-sml-layout":"","ast-disable-related-posts":"","theme-transparent-header-meta":"","adv-header-id-meta":"","stick-header-meta":"","header-above-stick-meta":"","header-main-stick-meta":"","header-below-stick-meta":"","astra-migrate-meta-layouts":"default","ast-page-background-enabled":"default","ast-page-background-meta":{"desktop":{"background-color":"var(--ast-global-color-4)","background-image":"","background-repeat":"repeat","background-position":"center center","background-size":"auto","background-attachment":"scroll","background-type":"","background-media":"","overlay-type":"","overlay-color":"","overlay-opacity":"","overlay-gradient":""},"tablet":{"background-color":"","background-image":"","background-repeat":"repeat","background-position":"center center","background-size":"auto","background-attachment":"scroll","background-type":"","background-media":"","overlay-type":"","overlay-color":"","overlay-opacity":"","overlay-gradient":""},"mobile":{"background-color":"","background-image":"","background-repeat":"repeat","background-position":"center center","background-size":"auto","background-attachment":"scroll","background-type":"","background-media":"","overlay-type":"","overlay-color":"","overlay-opacity":"","overlay-gradient":""}},"ast-content-background-meta":{"desktop":{"background-color":"var(--ast-global-color-5)","background-image":"","background-repeat":"repeat","background-position":"center center","background-size":"auto","background-attachment":"scroll","background-type":"","background-media":"","overlay-type":"","overlay-color":"","overlay-opacity":"","overlay-gradient":""},"tablet":{"background-color":"var(--ast-global-color-5)","background-image":"","background-repeat":"repeat","background-position":"center center","background-size":"auto","background-attachment":"scroll","background-type":"","background-media":"","overlay-type":"","overlay-color":"","overlay-opacity":"","overlay-gradient":""},"mobile":{"background-color":"var(--ast-global-color-5)","background-image":"","background-repeat":"repeat","background-position":"center center","background-size":"auto","background-attachment":"scroll","background-type":"","background-media":"","overlay-type":"","overlay-color":"","overlay-opacity":"","overlay-gradient":""}},"footnotes":""},"categories":[38,24],"tags":[],"class_list":["post-1844","post","type-post","status-publish","format-standard","hentry","category-actualites-2023-2024","category-parcours-carriere"],"modified_by":"slecourtier","_links":{"self":[{"href":"https:\/\/snalc.org\/snalc2023\/index.php?rest_route=\/wp\/v2\/posts\/1844","targetHints":{"allow":["GET"]}}],"collection":[{"href":"https:\/\/snalc.org\/snalc2023\/index.php?rest_route=\/wp\/v2\/posts"}],"about":[{"href":"https:\/\/snalc.org\/snalc2023\/index.php?rest_route=\/wp\/v2\/types\/post"}],"author":[{"embeddable":true,"href":"https:\/\/snalc.org\/snalc2023\/index.php?rest_route=\/wp\/v2\/users\/1"}],"replies":[{"embeddable":true,"href":"https:\/\/snalc.org\/snalc2023\/index.php?rest_route=%2Fwp%2Fv2%2Fcomments&post=1844"}],"version-history":[{"count":7,"href":"https:\/\/snalc.org\/snalc2023\/index.php?rest_route=\/wp\/v2\/posts\/1844\/revisions"}],"predecessor-version":[{"id":1889,"href":"https:\/\/snalc.org\/snalc2023\/index.php?rest_route=\/wp\/v2\/posts\/1844\/revisions\/1889"}],"wp:attachment":[{"href":"https:\/\/snalc.org\/snalc2023\/index.php?rest_route=%2Fwp%2Fv2%2Fmedia&parent=1844"}],"wp:term":[{"taxonomy":"category","embeddable":true,"href":"https:\/\/snalc.org\/snalc2023\/index.php?rest_route=%2Fwp%2Fv2%2Fcategories&post=1844"},{"taxonomy":"post_tag","embeddable":true,"href":"https:\/\/snalc.org\/snalc2023\/index.php?rest_route=%2Fwp%2Fv2%2Ftags&post=1844"}],"curies":[{"name":"wp","href":"https:\/\/api.w.org\/{rel}","templated":true}]}}