{"id":1901,"date":"2023-08-09T17:15:23","date_gmt":"2023-08-09T15:15:23","guid":{"rendered":"https:\/\/snalc.org\/snalc2023\/?p=1901"},"modified":"2023-08-09T17:15:25","modified_gmt":"2023-08-09T15:15:25","slug":"decret-n-2023-733-du-8-aout-2023-relatif-aux-maitres-de-lenseignement-prive-remuneration-sanctions","status":"publish","type":"post","link":"https:\/\/snalc.org\/snalc2023\/?p=1901","title":{"rendered":"D\u00e9cret n\u00b0 2023-733 du 8 ao\u00fbt 2023 relatif aux ma\u00eetres de l&rsquo;enseignement priv\u00e9 (r\u00e9mun\u00e9ration + sanctions)"},"content":{"rendered":"\n<p><strong>Publics concern\u00e9s<\/strong> : <strong>les ma\u00eetres d\u00e9l\u00e9gu\u00e9s (agents non titulaires)<\/strong> des \u00e9tablissements sous contrat d&rsquo;association et des \u00e9tablissements sous contrat simple pour le cadre de gestion et les ma\u00eetres contractuels et agr\u00e9\u00e9s pour la modification des articles <a href=\"https:\/\/www.legifrance.gouv.fr\/affichCodeArticle.do?cidTexte=LEGITEXT000006071191&amp;idArticle=LEGIARTI000020055218&amp;dateTexte=29990101&amp;categorieLien=cid\">R. 914-100<\/a> et <a href=\"https:\/\/www.legifrance.gouv.fr\/affichCodeArticle.do?cidTexte=LEGITEXT000006071191&amp;idArticle=LEGIARTI000020055222&amp;dateTexte=29990101&amp;categorieLien=cid\">R. 914-102<\/a> du code de l&rsquo;\u00e9ducation.<br><strong>Objet :<\/strong> r\u00e9novation des conditions d&#8217;emploi et de <strong>r\u00e9mun\u00e9ration<\/strong> des ma\u00eetres d\u00e9l\u00e9gu\u00e9s exer\u00e7ant dans des \u00e9tablissements d&rsquo;enseignement priv\u00e9 sous contrat ainsi que r\u00e9vision des <strong>sanctions disciplinaires<\/strong> applicables aux ma\u00eetres contractuels et agr\u00e9\u00e9s.<br><strong>Entr\u00e9e en vigueur :<\/strong> le texte entre en vigueur le <strong>1er septembre 2023.<\/strong><br><strong>Notice :<\/strong> le d\u00e9cret permet de moderniser la partie r\u00e8glementaire du livre IX du code de l&rsquo;\u00e9ducation relative aux conditions de recrutement, d&#8217;emploi, d&rsquo;\u00e9valuation et de r\u00e9mun\u00e9ration des ma\u00eetres d\u00e9l\u00e9gu\u00e9s nomm\u00e9s en remplacement des ma\u00eetres contractuels ou agr\u00e9\u00e9s. Il ouvre \u00e9galement la possibilit\u00e9 d&rsquo;engagements en contrats \u00e0 dur\u00e9e ind\u00e9termin\u00e9e. Il harmonise le r\u00e9gime des sanctions disciplinaires des ma\u00eetres contractuels et agr\u00e9\u00e9s avec celui des fonctionnaires.<br>R\u00e9f\u00e9rences : le d\u00e9cret et le <a href=\"https:\/\/www.legifrance.gouv.fr\/affichCode.do?cidTexte=LEGITEXT000006071191&amp;dateTexte=29990101&amp;categorieLien=cid\">code de l&rsquo;\u00e9ducation<\/a> modifi\u00e9 par le pr\u00e9sent d\u00e9cret, dans sa r\u00e9daction issue de cette modification, peuvent \u00eatre consult\u00e9s sur le site internet L\u00e9gifrance (https:\/\/www.legifrance.gouv.fr).<\/p>\n\n\n\n<p>Article complet: <a href=\"https:\/\/www.legifrance.gouv.fr\/download\/pdf?id=GRqEXBtcolqqdSAistw5ZIdN4nZ8creyiY9Oib5-IYk=\" target=\"_blank\" rel=\"noreferrer noopener\">https:\/\/www.legifrance.gouv.fr\/download\/pdf?id=GRqEXBtcolqqdSAistw5ZIdN4nZ8creyiY9Oib5-IYk=<\/a><\/p>\n\n\n\n<div data-wp-interactive=\"core\/file\" class=\"wp-block-file\"><object data-wp-bind--hidden=\"!state.hasPdfPreview\" hidden class=\"wp-block-file__embed\" data=\"https:\/\/snalc.org\/snalc2023\/wp-content\/uploads\/2023\/08\/joe_20230809_0183_0014.pdf\" type=\"application\/pdf\" style=\"width:100%;height:600px\" aria-label=\"Contenu embarqu\u00e9 joe_20230809_0183_0014.\"><\/object><a id=\"wp-block-file--media-7d2ba177-5e91-4ccd-9c55-afe74914e482\" href=\"https:\/\/snalc.org\/snalc2023\/wp-content\/uploads\/2023\/08\/joe_20230809_0183_0014.pdf\">joe_20230809_0183_0014<\/a><a href=\"https:\/\/snalc.org\/snalc2023\/wp-content\/uploads\/2023\/08\/joe_20230809_0183_0014.pdf\" class=\"wp-block-file__button wp-element-button\" download aria-describedby=\"wp-block-file--media-7d2ba177-5e91-4ccd-9c55-afe74914e482\">T\u00e9l\u00e9charger<\/a><\/div>\n","protected":false},"excerpt":{"rendered":"<p>Publics concern\u00e9s : les ma\u00eetres d\u00e9l\u00e9gu\u00e9s (agents non titulaires) des \u00e9tablissements sous contrat d&rsquo;association et des \u00e9tablissements sous contrat simple pour le cadre de gestion et les ma\u00eetres contractuels et [&hellip;]<\/p>\n","protected":false},"author":1,"featured_media":0,"comment_status":"closed","ping_status":"closed","sticky":false,"template":"","format":"standard","meta":{"_lmt_disableupdate":"","_lmt_disable":"","site-sidebar-layout":"default","site-content-layout":"","ast-site-content-layout":"default","site-content-style":"default","site-sidebar-style":"default","ast-global-header-display":"","ast-banner-title-visibility":"","ast-main-header-display":"","ast-hfb-above-header-display":"","ast-hfb-below-header-display":"","ast-hfb-mobile-header-display":"","site-post-title":"","ast-breadcrumbs-content":"","ast-featured-img":"","footer-sml-layout":"","ast-disable-related-posts":"","theme-transparent-header-meta":"","adv-header-id-meta":"","stick-header-meta":"","header-above-stick-meta":"","header-main-stick-meta":"","header-below-stick-meta":"","astra-migrate-meta-layouts":"default","ast-page-background-enabled":"default","ast-page-background-meta":{"desktop":{"background-color":"var(--ast-global-color-4)","background-image":"","background-repeat":"repeat","background-position":"center center","background-size":"auto","background-attachment":"scroll","background-type":"","background-media":"","overlay-type":"","overlay-color":"","overlay-opacity":"","overlay-gradient":""},"tablet":{"background-color":"","background-image":"","background-repeat":"repeat","background-position":"center center","background-size":"auto","background-attachment":"scroll","background-type":"","background-media":"","overlay-type":"","overlay-color":"","overlay-opacity":"","overlay-gradient":""},"mobile":{"background-color":"","background-image":"","background-repeat":"repeat","background-position":"center center","background-size":"auto","background-attachment":"scroll","background-type":"","background-media":"","overlay-type":"","overlay-color":"","overlay-opacity":"","overlay-gradient":""}},"ast-content-background-meta":{"desktop":{"background-color":"var(--ast-global-color-5)","background-image":"","background-repeat":"repeat","background-position":"center center","background-size":"auto","background-attachment":"scroll","background-type":"","background-media":"","overlay-type":"","overlay-color":"","overlay-opacity":"","overlay-gradient":""},"tablet":{"background-color":"var(--ast-global-color-5)","background-image":"","background-repeat":"repeat","background-position":"center center","background-size":"auto","background-attachment":"scroll","background-type":"","background-media":"","overlay-type":"","overlay-color":"","overlay-opacity":"","overlay-gradient":""},"mobile":{"background-color":"var(--ast-global-color-5)","background-image":"","background-repeat":"repeat","background-position":"center center","background-size":"auto","background-attachment":"scroll","background-type":"","background-media":"","overlay-type":"","overlay-color":"","overlay-opacity":"","overlay-gradient":""}},"footnotes":""},"categories":[38,35],"tags":[],"class_list":["post-1901","post","type-post","status-publish","format-standard","hentry","category-actualites-2023-2024","category-professeurs-prive"],"modified_by":"slecourtier","_links":{"self":[{"href":"https:\/\/snalc.org\/snalc2023\/index.php?rest_route=\/wp\/v2\/posts\/1901","targetHints":{"allow":["GET"]}}],"collection":[{"href":"https:\/\/snalc.org\/snalc2023\/index.php?rest_route=\/wp\/v2\/posts"}],"about":[{"href":"https:\/\/snalc.org\/snalc2023\/index.php?rest_route=\/wp\/v2\/types\/post"}],"author":[{"embeddable":true,"href":"https:\/\/snalc.org\/snalc2023\/index.php?rest_route=\/wp\/v2\/users\/1"}],"replies":[{"embeddable":true,"href":"https:\/\/snalc.org\/snalc2023\/index.php?rest_route=%2Fwp%2Fv2%2Fcomments&post=1901"}],"version-history":[{"count":1,"href":"https:\/\/snalc.org\/snalc2023\/index.php?rest_route=\/wp\/v2\/posts\/1901\/revisions"}],"predecessor-version":[{"id":1903,"href":"https:\/\/snalc.org\/snalc2023\/index.php?rest_route=\/wp\/v2\/posts\/1901\/revisions\/1903"}],"wp:attachment":[{"href":"https:\/\/snalc.org\/snalc2023\/index.php?rest_route=%2Fwp%2Fv2%2Fmedia&parent=1901"}],"wp:term":[{"taxonomy":"category","embeddable":true,"href":"https:\/\/snalc.org\/snalc2023\/index.php?rest_route=%2Fwp%2Fv2%2Fcategories&post=1901"},{"taxonomy":"post_tag","embeddable":true,"href":"https:\/\/snalc.org\/snalc2023\/index.php?rest_route=%2Fwp%2Fv2%2Ftags&post=1901"}],"curies":[{"name":"wp","href":"https:\/\/api.w.org\/{rel}","templated":true}]}}